{"id":100471,"date":"2026-08-31T06:16:05","date_gmt":"2026-08-31T04:16:05","guid":{"rendered":"https:\/\/congopubonline.com\/?p=100471"},"modified":"2026-08-31T06:16:07","modified_gmt":"2026-08-31T04:16:07","slug":"universites-de-goma-et-bukavu-lesu-conditionne-la-reprise-des-activites-a-la-normalisation-de-la-situation","status":"publish","type":"post","link":"https:\/\/congopubonline.com\/?p=100471","title":{"rendered":"Universit\u00e9s de Goma et Bukavu : l\u2019ESU conditionne la reprise des activit\u00e9s \u00e0 la normalisation de la situation"},"content":{"rendered":"\n<p class=\"wp-block-paragraph\"><strong>La reprise des activit\u00e9s acad\u00e9miques et para-acad\u00e9miques dans les onze \u00e9tablissements publics d\u2019enseignement sup\u00e9rieur et universitaire de Goma et de Bukavu reste suspendue. Le gouvernement congolais conditionne leur r\u00e9ouverture \u00e0 une am\u00e9lioration de la situation dans ces deux villes du Nord-Kivu et du Sud-Kivu, actuellement sous contr\u00f4le de l\u2019AFC-M23.<\/strong><\/p>\n\n\n\n<p class=\"wp-block-paragraph\">Cette pr\u00e9cision a \u00e9t\u00e9 apport\u00e9e vendredi 28 ao\u00fbt 2026 par le secr\u00e9taire g\u00e9n\u00e9ral \u00e0 l\u2019Enseignement sup\u00e9rieur et universitaire (ESU), <strong>Pacifique Ilosyo Imonano<\/strong>, au cours d\u2019une mise au point consacr\u00e9e \u00e0 l\u2019application de l\u2019arr\u00eat\u00e9 minist\u00e9riel suspendant les activit\u00e9s dans les \u00e9tablissements concern\u00e9s.<\/p>\n\n\n\n<p class=\"wp-block-paragraph\">Selon le responsable de l\u2019administration de l\u2019ESU, la mesure n\u2019a pas vocation \u00e0 \u00eatre d\u00e9finitive. Son maintien ou sa lev\u00e9e d\u00e9pendra de l\u2019\u00e9volution de la situation sur le terrain et de la possibilit\u00e9 de r\u00e9tablir des conditions normales de fonctionnement.<\/p>\n\n\n\n<blockquote class=\"wp-block-quote is-layout-flow wp-block-quote-is-layout-flow\">\n<p class=\"wp-block-paragraph\">\u00ab Seule une \u00e9volution vers la normalisation permettra d\u2019\u00e9valuer l\u2019opportunit\u00e9 d\u2019une lev\u00e9e de ces mesures et d\u2019envisager la reprise des activit\u00e9s acad\u00e9miques et para-acad\u00e9miques \u00bb, a d\u00e9clar\u00e9 Pacifique Ilosyo Imonano.<\/p>\n<\/blockquote>\n\n\n\n<h2 id=\"h-une-suspension-et-non-une-fermeture\" class=\"wp-block-heading\"><strong>Une suspension, et non une fermeture<\/strong><\/h2>\n\n\n\n<p class=\"wp-block-paragraph\">Le secr\u00e9taire g\u00e9n\u00e9ral a \u00e9galement tenu \u00e0 clarifier la port\u00e9e de l\u2019arr\u00eat\u00e9 minist\u00e9riel. Contrairement \u00e0 certaines interpr\u00e9tations, celui-ci ne pr\u00e9voit pas la fermeture administrative des universit\u00e9s et instituts concern\u00e9s.<\/p>\n\n\n\n<p class=\"wp-block-paragraph\">La mesure porte plut\u00f4t sur la suspension des principales activit\u00e9s acad\u00e9miques, notamment les <strong>inscriptions, r\u00e9inscriptions, enseignements, \u00e9valuations et d\u00e9lib\u00e9rations<\/strong>.<\/p>\n\n\n\n<blockquote class=\"wp-block-quote is-layout-flow wp-block-quote-is-layout-flow\">\n<p class=\"wp-block-paragraph\">\u00ab Il s\u2019agit d\u2019une suspension des activit\u00e9s d\u2019inscription, de r\u00e9inscription, d\u2019enseignement, d\u2019\u00e9valuation et de d\u00e9lib\u00e9ration, et non d\u2019une fermeture des \u00e9tablissements concern\u00e9s \u00bb, a-t-il pr\u00e9cis\u00e9.<\/p>\n<\/blockquote>\n\n\n\n<p class=\"wp-block-paragraph\">L\u2019ESU justifie cette d\u00e9cision par la n\u00e9cessit\u00e9 de pr\u00e9server la r\u00e9gularit\u00e9 des parcours universitaires et la validit\u00e9 des dipl\u00f4mes d\u00e9livr\u00e9s dans le pays.<\/p>\n\n\n\n<h2 id=\"h-la-question-de-la-reconnaissance-des-diplomes-au-centre-des-preoccupations\" class=\"wp-block-heading\"><strong>La question de la reconnaissance des dipl\u00f4mes au centre des pr\u00e9occupations<\/strong><\/h2>\n\n\n\n<p class=\"wp-block-paragraph\">Pour l\u2019administration de l\u2019ESU, le fonctionnement des \u00e9tablissements en dehors du cadre l\u00e9gal pourrait avoir des cons\u00e9quences directes sur les \u00e9tudiants.<\/p>\n\n\n\n<p class=\"wp-block-paragraph\">Le secr\u00e9taire g\u00e9n\u00e9ral estime notamment que le non-respect des normes r\u00e9gissant l\u2019organisation des \u00e9tudes et la d\u00e9livrance des titres acad\u00e9miques pourrait compromettre la reconnaissance des dipl\u00f4mes et, par cons\u00e9quent, la mobilit\u00e9 acad\u00e9mique et professionnelle des \u00e9tudiants concern\u00e9s.<\/p>\n\n\n\n<blockquote class=\"wp-block-quote is-layout-flow wp-block-quote-is-layout-flow\">\n<p class=\"wp-block-paragraph\">\u00ab Tout \u00e9cart par rapport aux exigences l\u00e9gales en mati\u00e8re de d\u00e9livrance des dipl\u00f4mes risque de compromettre la mobilit\u00e9 acad\u00e9mique et l\u2019employabilit\u00e9 des \u00e9tudiants \u00bb, a-t-il averti.<\/p>\n<\/blockquote>\n\n\n\n<p class=\"wp-block-paragraph\">Cette position intervient alors que la gestion des \u00e9tablissements universitaires dans les zones contr\u00f4l\u00e9es par l\u2019AFC-M23 fait l\u2019objet de controverses. L\u2019ESU entend ainsi rappeler que les institutions d\u2019enseignement sup\u00e9rieur doivent continuer \u00e0 fonctionner dans le respect des textes l\u00e9gaux et r\u00e9glementaires en vigueur en R\u00e9publique d\u00e9mocratique du Congo.<\/p>\n\n\n\n<h2 id=\"h-l-administration-des-etablissements-egalement-concernee\" class=\"wp-block-heading\"><strong>L\u2019administration des \u00e9tablissements \u00e9galement concern\u00e9e<\/strong><\/h2>\n\n\n\n<p class=\"wp-block-paragraph\">Pacifique Ilosyo Imonano a par ailleurs \u00e9voqu\u00e9 la situation administrative des institutions vis\u00e9es par la suspension.<\/p>\n\n\n\n<p class=\"wp-block-paragraph\">Selon lui, la r\u00e9gularit\u00e9 de la gestion universitaire ne concerne pas uniquement l\u2019organisation des cours et des examens. Elle implique \u00e9galement que les responsables plac\u00e9s \u00e0 la t\u00eate des \u00e9tablissements disposent d\u2019une qualit\u00e9 reconnue conform\u00e9ment aux textes en vigueur.<\/p>\n\n\n\n<blockquote class=\"wp-block-quote is-layout-flow wp-block-quote-is-layout-flow\">\n<p class=\"wp-block-paragraph\">\u00ab Il n\u2019est pas acceptable que des \u00e9tablissements soient pilot\u00e9s par des responsables dont la qualit\u00e9 n\u2019est pas reconnue, au d\u00e9triment de la carri\u00e8re et des droits du personnel \u00bb, a-t-il d\u00e9clar\u00e9.<\/p>\n<\/blockquote>\n\n\n\n<p class=\"wp-block-paragraph\">L\u2019administration de l\u2019ESU pr\u00e9sente donc la suspension comme une mesure destin\u00e9e \u00e0 pr\u00e9server \u00e0 la fois la r\u00e9gularit\u00e9 institutionnelle, les droits du personnel et les int\u00e9r\u00eats acad\u00e9miques des \u00e9tudiants.<\/p>\n\n\n\n<h2 id=\"h-onze-etablissements-concernes-a-goma-et-bukavu\" class=\"wp-block-heading\"><strong>Onze \u00e9tablissements concern\u00e9s \u00e0 Goma et Bukavu<\/strong><\/h2>\n\n\n\n<p class=\"wp-block-paragraph\">L\u2019arr\u00eat\u00e9 minist\u00e9riel concerne <strong>onze \u00e9tablissements publics<\/strong> r\u00e9partis entre les deux principales villes du Sud-Kivu et du Nord-Kivu.<\/p>\n\n\n\n<p class=\"wp-block-paragraph\"><strong>Cinq \u00e9tablissements situ\u00e9s \u00e0 Goma et six \u00e0 Bukavu<\/strong> sont concern\u00e9s par la suspension pour l\u2019ann\u00e9e acad\u00e9mique 2026-2027.<\/p>\n\n\n\n<p class=\"wp-block-paragraph\">Les activit\u00e9s suspendues comprennent notamment les inscriptions et r\u00e9inscriptions, les enseignements, les \u00e9valuations ainsi que les d\u00e9lib\u00e9rations.<\/p>\n\n\n\n<p class=\"wp-block-paragraph\">Une d\u00e9rogation est toutefois pr\u00e9vue pour les <strong>\u00e9tudiants finalistes de l\u2019ann\u00e9e acad\u00e9mique 2025-2026<\/strong> dont le cursus n\u2019a pas encore pu \u00eatre achev\u00e9.<\/p>\n\n\n\n<h2 id=\"h-une-decision-au-coeur-d-un-debat-politique\" class=\"wp-block-heading\"><strong>Une d\u00e9cision au c\u0153ur d\u2019un d\u00e9bat politique<\/strong><\/h2>\n\n\n\n<p class=\"wp-block-paragraph\">La clarification de l\u2019ESU intervient dans un contexte o\u00f9 la suspension des activit\u00e9s universitaires \u00e0 Goma et Bukavu suscite de nombreuses r\u00e9actions politiques et sociales.<\/p>\n\n\n\n<p class=\"wp-block-paragraph\">Des opposants et plusieurs personnalit\u00e9s publiques ont d\u00e9nonc\u00e9 les cons\u00e9quences de la mesure sur les \u00e9tudiants et y voient une d\u00e9cision susceptible d\u2019accentuer le sentiment d\u2019abandon des populations de l\u2019Est.<\/p>\n\n\n\n<p class=\"wp-block-paragraph\">Le gouvernement, de son c\u00f4t\u00e9, maintient qu\u2019il s\u2019agit avant tout d\u2019une mesure li\u00e9e aux conditions de s\u00e9curit\u00e9, au respect du cadre l\u00e9gal de l\u2019enseignement sup\u00e9rieur et \u00e0 la n\u00e9cessit\u00e9 de garantir la valeur des dipl\u00f4mes d\u00e9livr\u00e9s en RDC.<\/p>\n\n\n\n<p class=\"wp-block-paragraph\">La question demeure d\u00e9sormais de savoir <strong>\u00e0 <\/strong>quelles conditions concr\u00e8tes la situation pourra \u00eatre consid\u00e9r\u00e9e comme suffisamment normalis\u00e9e pour permettre la reprise des activit\u00e9s.<\/p>\n\n\n\n<p class=\"wp-block-paragraph\">Pour l\u2019ESU, une chose est toutefois claire : la suspension n\u2019est pas pr\u00e9sent\u00e9e comme une rupture d\u00e9finitive avec les \u00e9tablissements concern\u00e9s, mais comme une mesure conditionn\u00e9e par l\u2019\u00e9volution de la situation sur le terrain.<\/p>\n\n\n\n<p class=\"wp-block-paragraph\"><strong>Par Marius Bopenga<br>CONGO PUB Online<\/strong><\/p>\n\n\n\n<p class=\"wp-block-paragraph\"><\/p>\n<div class='epvc-post-count'><span class='epvc-eye'><\/span>  <span class=\"epvc-count\"> 11<\/span><span class='epvc-label'> Vues<\/span><\/div>","protected":false},"excerpt":{"rendered":"<p>La reprise des activit\u00e9s acad\u00e9miques et para-acad\u00e9miques dans les onze \u00e9tablissements publics d\u2019enseignement sup\u00e9rieur et universitaire de Goma et de Bukavu reste suspendue. Le gouvernement congolais conditionne leur r\u00e9ouverture \u00e0&hellip;<\/p>\n","protected":false},"author":1,"featured_media":100472,"comment_status":"closed","ping_status":"closed","sticky":false,"template":"","format":"standard","meta":{"content-type":"","_monsterinsights_skip_tracking":false,"_lmt_disableupdate":"","_lmt_disable":"","footnotes":""},"categories":[844,62],"tags":[],"class_list":["post-100471","post","type-post","status-publish","format-standard","has-post-thumbnail","hentry","category-a-la-une","category-societe"],"yoast_head":"<!-- This site is optimized with the Yoast SEO Premium plugin v25.4 (Yoast SEO v28.3) - https:\/\/yoast.com\/product\/yoast-seo-premium-wordpress\/ -->\n<title>Universit\u00e9s de Goma et Bukavu : l\u2019ESU conditionne la reprise des activit\u00e9s \u00e0 la normalisation de la situation - Congo Pub Online<\/title>\n<meta name=\"description\" content=\"Universit\u00e9s de Goma et Bukavu : l\u2019ESU conditionne la reprise des activit\u00e9s \u00e0 la normalisation de la situation \u00c0 la Une\" \/>\n<meta name=\"robots\" content=\"index, follow, max-snippet:-1, max-image-preview:large, max-video-preview:-1\" \/>\n<link rel=\"canonical\" href=\"https:\/\/congopubonline.com\/?p=100471\" \/>\n<meta property=\"og:locale\" content=\"fr_FR\" \/>\n<meta property=\"og:type\" content=\"article\" \/>\n<meta property=\"og:title\" content=\"Universit\u00e9s de Goma et Bukavu : l\u2019ESU conditionne la reprise des activit\u00e9s \u00e0 la normalisation de la situation\" \/>\n<meta property=\"og:description\" content=\"Universit\u00e9s de Goma et Bukavu : l\u2019ESU conditionne la reprise des activit\u00e9s \u00e0 la normalisation de la situation \u00c0 la Une\" \/>\n<meta property=\"og:url\" content=\"https:\/\/congopubonline.com\/?p=100471\" \/>\n<meta property=\"og:site_name\" content=\"Congo Pub Online\" \/>\n<meta property=\"article:publisher\" content=\"https:\/\/web.facebook.com\/Congopubonline\" \/>\n<meta property=\"article:published_time\" content=\"2026-08-31T04:16:05+00:00\" \/>\n<meta property=\"article:modified_time\" content=\"2026-08-31T04:16:07+00:00\" \/>\n<meta property=\"og:image\" content=\"https:\/\/congopubonline.com\/wp-content\/uploads\/2026\/08\/IMG-20260828-WA0590_0.jpg\" \/>\n\t<meta property=\"og:image:width\" content=\"1125\" \/>\n\t<meta property=\"og:image:height\" content=\"800\" \/>\n\t<meta property=\"og:image:type\" content=\"image\/jpeg\" \/>\n<meta name=\"author\" content=\"admin9775\" \/>\n<meta name=\"twitter:card\" content=\"summary_large_image\" \/>\n<meta name=\"twitter:creator\" content=\"@CONGOPUBOnline\" \/>\n<meta name=\"twitter:site\" content=\"@CONGOPUBOnline\" \/>\n<meta name=\"twitter:label1\" content=\"\u00c9crit par\" \/>\n\t<meta name=\"twitter:data1\" content=\"admin9775\" \/>\n\t<meta name=\"twitter:label2\" content=\"Dur\u00e9e de lecture estim\u00e9e\" \/>\n\t<meta name=\"twitter:data2\" content=\"4 minutes\" \/>\n<script type=\"application\/ld+json\" class=\"yoast-schema-graph\">{\"@context\":\"https:\\\/\\\/schema.org\",\"@graph\":[{\"@type\":\"Article\",\"@id\":\"https:\\\/\\\/congopubonline.com\\\/?p=100471#article\",\"isPartOf\":{\"@id\":\"https:\\\/\\\/congopubonline.com\\\/?p=100471\"},\"author\":{\"name\":\"admin9775\",\"@id\":\"https:\\\/\\\/congopubonline.com\\\/#\\\/schema\\\/person\\\/d2f3a940be2e9c1a0e4f8831e203f3cc\"},\"headline\":\"Universit\u00e9s de Goma et Bukavu : l\u2019ESU conditionne la reprise des activit\u00e9s \u00e0 la normalisation de la situation\",\"datePublished\":\"2026-08-31T04:16:05+00:00\",\"dateModified\":\"2026-08-31T04:16:07+00:00\",\"mainEntityOfPage\":{\"@id\":\"https:\\\/\\\/congopubonline.com\\\/?p=100471\"},\"wordCount\":961,\"publisher\":{\"@id\":\"https:\\\/\\\/congopubonline.com\\\/#organization\"},\"image\":{\"@id\":\"https:\\\/\\\/congopubonline.com\\\/?p=100471#primaryimage\"},\"thumbnailUrl\":\"https:\\\/\\\/congopubonline.com\\\/wp-content\\\/uploads\\\/2026\\\/08\\\/IMG-20260828-WA0590_0.jpg\",\"articleSection\":[\"\u00c0 la Une\",\"Soci\u00e9t\u00e9\"],\"inLanguage\":\"fr-FR\"},{\"@type\":\"WebPage\",\"@id\":\"https:\\\/\\\/congopubonline.com\\\/?p=100471\",\"url\":\"https:\\\/\\\/congopubonline.com\\\/?p=100471\",\"name\":\"Universit\u00e9s de Goma et Bukavu : l\u2019ESU conditionne la reprise des activit\u00e9s \u00e0 la normalisation de la situation - Congo Pub Online\",\"isPartOf\":{\"@id\":\"https:\\\/\\\/congopubonline.com\\\/#website\"},\"primaryImageOfPage\":{\"@id\":\"https:\\\/\\\/congopubonline.com\\\/?p=100471#primaryimage\"},\"image\":{\"@id\":\"https:\\\/\\\/congopubonline.com\\\/?p=100471#primaryimage\"},\"thumbnailUrl\":\"https:\\\/\\\/congopubonline.com\\\/wp-content\\\/uploads\\\/2026\\\/08\\\/IMG-20260828-WA0590_0.jpg\",\"datePublished\":\"2026-08-31T04:16:05+00:00\",\"dateModified\":\"2026-08-31T04:16:07+00:00\",\"description\":\"Universit\u00e9s de Goma et Bukavu : l\u2019ESU conditionne la reprise des activit\u00e9s \u00e0 la normalisation de la situation \u00c0 la Une\",\"breadcrumb\":{\"@id\":\"https:\\\/\\\/congopubonline.com\\\/?p=100471#breadcrumb\"},\"inLanguage\":\"fr-FR\",\"potentialAction\":[{\"@type\":\"ReadAction\",\"target\":[\"https:\\\/\\\/congopubonline.com\\\/?p=100471\"]}]},{\"@type\":\"ImageObject\",\"inLanguage\":\"fr-FR\",\"@id\":\"https:\\\/\\\/congopubonline.com\\\/?p=100471#primaryimage\",\"url\":\"https:\\\/\\\/congopubonline.com\\\/wp-content\\\/uploads\\\/2026\\\/08\\\/IMG-20260828-WA0590_0.jpg\",\"contentUrl\":\"https:\\\/\\\/congopubonline.com\\\/wp-content\\\/uploads\\\/2026\\\/08\\\/IMG-20260828-WA0590_0.jpg\",\"width\":1125,\"height\":800},{\"@type\":\"BreadcrumbList\",\"@id\":\"https:\\\/\\\/congopubonline.com\\\/?p=100471#breadcrumb\",\"itemListElement\":[{\"@type\":\"ListItem\",\"position\":1,\"name\":\"Accueil\",\"item\":\"https:\\\/\\\/congopubonline.com\\\/\"},{\"@type\":\"ListItem\",\"position\":2,\"name\":\"Universit\u00e9s de Goma et Bukavu : l\u2019ESU conditionne la reprise des activit\u00e9s \u00e0 la normalisation de la situation\"}]},{\"@type\":\"WebSite\",\"@id\":\"https:\\\/\\\/congopubonline.com\\\/#website\",\"url\":\"https:\\\/\\\/congopubonline.com\\\/\",\"name\":\"Congo Pub Online\",\"description\":\"Votre site d&#039;actualit\u00e9\",\"publisher\":{\"@id\":\"https:\\\/\\\/congopubonline.com\\\/#organization\"},\"alternateName\":\"Marketing 3.0\",\"potentialAction\":[{\"@type\":\"SearchAction\",\"target\":{\"@type\":\"EntryPoint\",\"urlTemplate\":\"https:\\\/\\\/congopubonline.com\\\/?s={search_term_string}\"},\"query-input\":{\"@type\":\"PropertyValueSpecification\",\"valueRequired\":true,\"valueName\":\"search_term_string\"}}],\"inLanguage\":\"fr-FR\"},{\"@type\":\"Organization\",\"@id\":\"https:\\\/\\\/congopubonline.com\\\/#organization\",\"name\":\"Congo Pub Online\",\"url\":\"https:\\\/\\\/congopubonline.com\\\/\",\"logo\":{\"@type\":\"ImageObject\",\"inLanguage\":\"fr-FR\",\"@id\":\"https:\\\/\\\/congopubonline.com\\\/#\\\/schema\\\/logo\\\/image\\\/\",\"url\":\"https:\\\/\\\/congopubonline.com\\\/wp-content\\\/uploads\\\/2022\\\/09\\\/LOGO_CONGO-PUB-Online_Version-2.jpg\",\"contentUrl\":\"https:\\\/\\\/congopubonline.com\\\/wp-content\\\/uploads\\\/2022\\\/09\\\/LOGO_CONGO-PUB-Online_Version-2.jpg\",\"width\":374,\"height\":223,\"caption\":\"Congo Pub Online\"},\"image\":{\"@id\":\"https:\\\/\\\/congopubonline.com\\\/#\\\/schema\\\/logo\\\/image\\\/\"},\"sameAs\":[\"https:\\\/\\\/web.facebook.com\\\/Congopubonline\",\"https:\\\/\\\/x.com\\\/CONGOPUBOnline\"]},{\"@type\":\"Person\",\"@id\":\"https:\\\/\\\/congopubonline.com\\\/#\\\/schema\\\/person\\\/d2f3a940be2e9c1a0e4f8831e203f3cc\",\"name\":\"admin9775\",\"sameAs\":[\"http:\\\/\\\/congopubonline.com\"],\"url\":\"https:\\\/\\\/congopubonline.com\\\/?author=1\"}]}<\/script>\n<!-- \/ Yoast SEO Premium plugin. -->","yoast_head_json":{"title":"Universit\u00e9s de Goma et Bukavu : l\u2019ESU conditionne la reprise des activit\u00e9s \u00e0 la normalisation de la situation - Congo Pub Online","description":"Universit\u00e9s de Goma et Bukavu : l\u2019ESU conditionne la reprise des activit\u00e9s \u00e0 la normalisation de la situation \u00c0 la Une","robots":{"index":"index","follow":"follow","max-snippet":"max-snippet:-1","max-image-preview":"max-image-preview:large","max-video-preview":"max-video-preview:-1"},"canonical":"https:\/\/congopubonline.com\/?p=100471","og_locale":"fr_FR","og_type":"article","og_title":"Universit\u00e9s de Goma et Bukavu : l\u2019ESU conditionne la reprise des activit\u00e9s \u00e0 la normalisation de la situation","og_description":"Universit\u00e9s de Goma et Bukavu : l\u2019ESU conditionne la reprise des activit\u00e9s \u00e0 la normalisation de la situation \u00c0 la Une","og_url":"https:\/\/congopubonline.com\/?p=100471","og_site_name":"Congo Pub Online","article_publisher":"https:\/\/web.facebook.com\/Congopubonline","article_published_time":"2026-08-31T04:16:05+00:00","article_modified_time":"2026-08-31T04:16:07+00:00","og_image":[{"width":1125,"height":800,"url":"https:\/\/congopubonline.com\/wp-content\/uploads\/2026\/08\/IMG-20260828-WA0590_0.jpg","type":"image\/jpeg"}],"author":"admin9775","twitter_card":"summary_large_image","twitter_creator":"@CONGOPUBOnline","twitter_site":"@CONGOPUBOnline","twitter_misc":{"\u00c9crit par":"admin9775","Dur\u00e9e de lecture estim\u00e9e":"4 minutes"},"schema":{"@context":"https:\/\/schema.org","@graph":[{"@type":"Article","@id":"https:\/\/congopubonline.com\/?p=100471#article","isPartOf":{"@id":"https:\/\/congopubonline.com\/?p=100471"},"author":{"name":"admin9775","@id":"https:\/\/congopubonline.com\/#\/schema\/person\/d2f3a940be2e9c1a0e4f8831e203f3cc"},"headline":"Universit\u00e9s de Goma et Bukavu : l\u2019ESU conditionne la reprise des activit\u00e9s \u00e0 la normalisation de la situation","datePublished":"2026-08-31T04:16:05+00:00","dateModified":"2026-08-31T04:16:07+00:00","mainEntityOfPage":{"@id":"https:\/\/congopubonline.com\/?p=100471"},"wordCount":961,"publisher":{"@id":"https:\/\/congopubonline.com\/#organization"},"image":{"@id":"https:\/\/congopubonline.com\/?p=100471#primaryimage"},"thumbnailUrl":"https:\/\/congopubonline.com\/wp-content\/uploads\/2026\/08\/IMG-20260828-WA0590_0.jpg","articleSection":["\u00c0 la Une","Soci\u00e9t\u00e9"],"inLanguage":"fr-FR"},{"@type":"WebPage","@id":"https:\/\/congopubonline.com\/?p=100471","url":"https:\/\/congopubonline.com\/?p=100471","name":"Universit\u00e9s de Goma et Bukavu : l\u2019ESU conditionne la reprise des activit\u00e9s \u00e0 la normalisation de la situation - Congo Pub Online","isPartOf":{"@id":"https:\/\/congopubonline.com\/#website"},"primaryImageOfPage":{"@id":"https:\/\/congopubonline.com\/?p=100471#primaryimage"},"image":{"@id":"https:\/\/congopubonline.com\/?p=100471#primaryimage"},"thumbnailUrl":"https:\/\/congopubonline.com\/wp-content\/uploads\/2026\/08\/IMG-20260828-WA0590_0.jpg","datePublished":"2026-08-31T04:16:05+00:00","dateModified":"2026-08-31T04:16:07+00:00","description":"Universit\u00e9s de Goma et Bukavu : l\u2019ESU conditionne la reprise des activit\u00e9s \u00e0 la normalisation de la situation \u00c0 la Une","breadcrumb":{"@id":"https:\/\/congopubonline.com\/?p=100471#breadcrumb"},"inLanguage":"fr-FR","potentialAction":[{"@type":"ReadAction","target":["https:\/\/congopubonline.com\/?p=100471"]}]},{"@type":"ImageObject","inLanguage":"fr-FR","@id":"https:\/\/congopubonline.com\/?p=100471#primaryimage","url":"https:\/\/congopubonline.com\/wp-content\/uploads\/2026\/08\/IMG-20260828-WA0590_0.jpg","contentUrl":"https:\/\/congopubonline.com\/wp-content\/uploads\/2026\/08\/IMG-20260828-WA0590_0.jpg","width":1125,"height":800},{"@type":"BreadcrumbList","@id":"https:\/\/congopubonline.com\/?p=100471#breadcrumb","itemListElement":[{"@type":"ListItem","position":1,"name":"Accueil","item":"https:\/\/congopubonline.com\/"},{"@type":"ListItem","position":2,"name":"Universit\u00e9s de Goma et Bukavu : l\u2019ESU conditionne la reprise des activit\u00e9s \u00e0 la normalisation de la situation"}]},{"@type":"WebSite","@id":"https:\/\/congopubonline.com\/#website","url":"https:\/\/congopubonline.com\/","name":"Congo Pub Online","description":"Votre site d&#039;actualit\u00e9","publisher":{"@id":"https:\/\/congopubonline.com\/#organization"},"alternateName":"Marketing 3.0","potentialAction":[{"@type":"SearchAction","target":{"@type":"EntryPoint","urlTemplate":"https:\/\/congopubonline.com\/?s={search_term_string}"},"query-input":{"@type":"PropertyValueSpecification","valueRequired":true,"valueName":"search_term_string"}}],"inLanguage":"fr-FR"},{"@type":"Organization","@id":"https:\/\/congopubonline.com\/#organization","name":"Congo Pub Online","url":"https:\/\/congopubonline.com\/","logo":{"@type":"ImageObject","inLanguage":"fr-FR","@id":"https:\/\/congopubonline.com\/#\/schema\/logo\/image\/","url":"https:\/\/congopubonline.com\/wp-content\/uploads\/2022\/09\/LOGO_CONGO-PUB-Online_Version-2.jpg","contentUrl":"https:\/\/congopubonline.com\/wp-content\/uploads\/2022\/09\/LOGO_CONGO-PUB-Online_Version-2.jpg","width":374,"height":223,"caption":"Congo Pub Online"},"image":{"@id":"https:\/\/congopubonline.com\/#\/schema\/logo\/image\/"},"sameAs":["https:\/\/web.facebook.com\/Congopubonline","https:\/\/x.com\/CONGOPUBOnline"]},{"@type":"Person","@id":"https:\/\/congopubonline.com\/#\/schema\/person\/d2f3a940be2e9c1a0e4f8831e203f3cc","name":"admin9775","sameAs":["http:\/\/congopubonline.com"],"url":"https:\/\/congopubonline.com\/?author=1"}]}},"_links":{"self":[{"href":"https:\/\/congopubonline.com\/index.php?rest_route=\/wp\/v2\/posts\/100471","targetHints":{"allow":["GET"]}}],"collection":[{"href":"https:\/\/congopubonline.com\/index.php?rest_route=\/wp\/v2\/posts"}],"about":[{"href":"https:\/\/congopubonline.com\/index.php?rest_route=\/wp\/v2\/types\/post"}],"author":[{"embeddable":true,"href":"https:\/\/congopubonline.com\/index.php?rest_route=\/wp\/v2\/users\/1"}],"replies":[{"embeddable":true,"href":"https:\/\/congopubonline.com\/index.php?rest_route=%2Fwp%2Fv2%2Fcomments&post=100471"}],"version-history":[{"count":2,"href":"https:\/\/congopubonline.com\/index.php?rest_route=\/wp\/v2\/posts\/100471\/revisions"}],"predecessor-version":[{"id":100474,"href":"https:\/\/congopubonline.com\/index.php?rest_route=\/wp\/v2\/posts\/100471\/revisions\/100474"}],"wp:featuredmedia":[{"embeddable":true,"href":"https:\/\/congopubonline.com\/index.php?rest_route=\/wp\/v2\/media\/100472"}],"wp:attachment":[{"href":"https:\/\/congopubonline.com\/index.php?rest_route=%2Fwp%2Fv2%2Fmedia&parent=100471"}],"wp:term":[{"taxonomy":"category","embeddable":true,"href":"https:\/\/congopubonline.com\/index.php?rest_route=%2Fwp%2Fv2%2Fcategories&post=100471"},{"taxonomy":"post_tag","embeddable":true,"href":"https:\/\/congopubonline.com\/index.php?rest_route=%2Fwp%2Fv2%2Ftags&post=100471"}],"curies":[{"name":"wp","href":"https:\/\/api.w.org\/{rel}","templated":true}]}}