{"id":100507,"date":"2026-09-01T09:14:20","date_gmt":"2026-09-01T07:14:20","guid":{"rendered":"https:\/\/congopubonline.com\/?p=100507"},"modified":"2026-09-01T09:14:22","modified_gmt":"2026-09-01T07:14:22","slug":"france-lancien-premier-ministre-edouard-balladur-est-mort","status":"publish","type":"post","link":"https:\/\/congopubonline.com\/?p=100507","title":{"rendered":"France: l&rsquo;ancien Premier ministre \u00c9douard Balladur est mort"},"content":{"rendered":"\n<p class=\"wp-block-paragraph\">L\u2019ex-Premier ministre fran\u00e7ais (1993-1995) s\u2019est \u00e9teint ce 31 ao\u00fbt 2026 \u00e0 l\u2019\u00e2ge de 97 ans. Sa carri\u00e8re a d\u00e9but\u00e9 en 1964, lorsqu&rsquo;il devient le collaborateur de Georges Pompidou, alors chef du gouvernement. Elle s&rsquo;ach\u00e8ve \u00e0 la fin des ann\u00e9es 2000, lorsqu&rsquo;il se retire peu \u00e0 peu de la vie politique. Ce que laisse \u00c9douard Balladur, c&rsquo;est d&rsquo;abord le souvenir d&rsquo;un chef de gouvernement.<\/p>\n\n\n\n<p class=\"wp-block-paragraph\"><\/p>\n\n\n\n<figure class=\"wp-block-image is-resized\"><img decoding=\"async\" src=\"https:\/\/s.rfi.fr\/media\/display\/9db343f8-a56b-11f1-9741-005056a90284\/w:1024\/p:16x9\/000-A94L6CV.jpg\" alt=\"L'ancien Premier ministre fran\u00e7ais \u00c9douard Balladur assiste \u00e0 un d\u00e9fil\u00e9 militaire marquant le bapt\u00eame du grand amphith\u00e9\u00e2tre du minist\u00e8re des Arm\u00e9es du nom de Pierre Messmer, aux Invalides \u00e0 Paris, le 27 avril 2026.\" style=\"width:817px;height:auto\"\/><figcaption class=\"wp-element-caption\">L&rsquo;ancien Premier ministre fran\u00e7ais \u00c9douard Balladur assiste \u00e0 un d\u00e9fil\u00e9 militaire marquant le bapt\u00eame du grand amphith\u00e9\u00e2tre du minist\u00e8re des Arm\u00e9es du nom de Pierre Messmer, aux Invalides \u00e0 Paris, le 27 avril 2026. \u00a9 THOMAS SAMSON \/ AFP<\/figcaption><\/figure>\n\n\n\n<p class=\"wp-block-paragraph\"><\/p>\n\n\n\n<p class=\"wp-block-paragraph\">\u00c9douard Balladur est entr\u00e9 tardivement dans l\u2019ar\u00e8ne politique. Fid\u00e8le conseiller de Georges Pompidou, homme de cabinet, devenu secr\u00e9taire g\u00e9n\u00e9ral de l\u2019\u00c9lys\u00e9e en 1973, c\u2019est un inconnu des Fran\u00e7ais qui est \u00e9lu d\u00e9put\u00e9 de Paris \u00e0 la proportionnelle sous l\u2019\u00e9tiquette RPR, aux l\u00e9gislatives de mars 1986. Le primo-\u00e9lu du palais Bourbon (il a alors 57 ans) aime \u00e0 dire qu\u2019il est \u00ab <em>l\u2019un des plus jeunes hommes politiques de France<\/em>&nbsp;\u00bb. Une arriv\u00e9e sur le tard, mais qui le m\u00e8ne directement vers les plus hauts centres de d\u00e9cision : il participe comme ministre des Finances au premier gouvernement de cohabitation form\u00e9 par Jacques Chirac, sous pr\u00e9sidence mitterrandienne. Unique ministre d\u2019\u00c9tat du gouvernement Chirac, aux attributions \u00e9largies \u2013 les pouvoirs d\u2019arbitrage budg\u00e9taire du Premier ministre lui ont \u00e9t\u00e9 octroy\u00e9s&nbsp;\u2013&nbsp;il devient l\u2019artisan des privatisations, de Rh\u00f4ne-Poulenc \u00e0 TF1 en passant par Total et la SEITA.<\/p>\n\n\n\n<p class=\"wp-block-paragraph\">Trente ans plus tard, l\u2019ancien grand argentier demeurait convaincu du bien-fond\u00e9 de la politique de privatisations entreprise par le gouvernement auquel il appartenait. \u00ab <em>Cela a \u00e9t\u00e9 un grand succ\u00e8s, le nombre d\u2019actionnaires est pass\u00e9 de 500 000 \u00e0 six millions. C\u2019est all\u00e9 plus vite et plus loin que ce qu\u2019avait fait dans la m\u00eame dur\u00e9e Margaret Thatcher qui aujourd\u2019hui sert de r\u00e9f\u00e9rence \u00e0 quelques-uns<\/em>&nbsp;\u00bb, confiait-il en juillet 2016 \u00e0 <em>L\u2019Opinion<\/em>. Mais celui qui revendiquait d\u2019\u00eatre all\u00e9 plus loin que l\u2019ultra-lib\u00e9rale dame de fer pr\u00e9conisait aussi un \u00ab <em>lib\u00e9ralisme ordonn\u00e9 et partag\u00e9<\/em> \u00bb, affirmant au passage que \u00ab <em>laisser libre cours au march\u00e9, ce n\u2019est pas renoncer \u00e0 toute r\u00e9glementation<\/em> \u00bb. Ainsi, en 1986, l\u2019abrogation de l\u2019ordonnance de 1945, qui eut pour effet de lib\u00e9rer les prix, avait \u00e9t\u00e9 accompagn\u00e9e par la mise en place d\u2019un Conseil de la concurrence, visant \u00e0 \u00e9viter les \u00e9ventuels abus et \u00e0 pr\u00e9server une croissance saine.<\/p>\n\n\n\n<h2 id=\"h-theoricien-d-une-cohabitation-pacifiee\" class=\"wp-block-heading\">Th\u00e9oricien d\u2019une cohabitation pacifi\u00e9e<\/h2>\n\n\n\n<p class=\"wp-block-paragraph\">Autre fait d\u2019armes notoire du passage d\u2019\u00c9douard Balladur aux Finances, la suppression de l\u2019IGF (imp\u00f4t sur les grandes fortunes) en 1987. Bien des ann\u00e9es plus tard, et apr\u00e8s le r\u00e9tablissement de la taxation du patrimoine par Michel Rocard d\u00e8s 1988 avec l\u2019ISF (imp\u00f4t de solidarit\u00e9 sur la fortune), l\u2019ex-ministre d\u2019\u00c9tat de l\u2019\u00c9conomie et des Finances continuait de recevoir encore \u00ab <em>des lettres de contempteurs ou d&rsquo;admirateurs<\/em> \u00bb, glissait-il \u00e0 <em>L\u2019Express<\/em> en 2006. L\u2019homme n\u2019\u00e9prouva \u2013 ou n\u2019avoua \u2013 en fin de compte qu\u2019un seul vrai regret dans son minist\u00e8re, celui de ne pas \u00eatre parvenu \u00e0 mettre en place une grande politique de participation des salari\u00e9s. \u00ab <em>Je n\u2019ai pas r\u00e9ussi \u00e0 me faire comprendre<\/em> \u00bb, expliquait-il pour mieux masquer son amertume.<\/p>\n\n\n\n<p class=\"wp-block-paragraph\">R\u00e9\u00e9lu d\u00e9put\u00e9 en juin 1988, apr\u00e8s la d\u00e9faite de Jacques Chirac au second tour de la pr\u00e9sidentielle face \u00e0 Fran\u00e7ois Mitterrand, \u00c9douard Balladur n\u2019en sera pas moins l\u2019un des premiers t\u00e9nors de la droite \u00e0 soutenir ouvertement le trait\u00e9 de Maastricht en 1992. L\u2019ann\u00e9e suivante, l\u2019opposition de droite obtient une majorit\u00e9 sans pr\u00e9c\u00e9dent \u00e0 l\u2019Assembl\u00e9e nationale en remportant 84&nbsp;% des si\u00e8ges. Th\u00e9oricien d\u2019une cohabitation pacifi\u00e9e dans laquelle l\u2019opposition au pr\u00e9sident demeure respectueuse, \u00c9douard Balladur incarne alors aux yeux de Fran\u00e7ois Mitterrand un Premier ministrable de choix, et surtout une v\u00e9ritable alternative au retour de Chirac \u00e0 Matignon. Il apprend d\u2019ailleurs sa nomination de fa\u00e7on singuli\u00e8re, Fran\u00e7ois Mitterrand l\u2019ayant annonc\u00e9e \u00e0 la t\u00e9l\u00e9vision sans avoir pr\u00e9alablement pr\u00e9venu l\u2019int\u00e9ress\u00e9. \u00ab <em>Il m\u2019accueillit<\/em> [\u00e0 l\u2019\u00c9lys\u00e9e, ndlr] <em>en me disant :<\/em>&nbsp;\u00ab\u00a0Bonsoir, monsieur le Premier ministre\u00a0\u00bb ; <em>dans son esprit, je n\u2019avais pas \u00e0 accepter ou \u00e0 refuser sa d\u00e9cision, elle \u00e9tait acquise<\/em> \u00bb, racontait \u00c9douard Balladur dans <em>Le pouvoir ne se partage pas : Conversations avec Fran\u00e7ois Mitterrand<\/em> (Fayard), publi\u00e9 en 2009.<\/p>\n\n\n\n<h2 id=\"h-l-entreprise-de-charme-de-mitterrand-sur-balladur\" class=\"wp-block-heading\">L&rsquo;entreprise de charme de Mitterrand sur Balladur<\/h2>\n\n\n\n<p class=\"wp-block-paragraph\">Bien que de convictions et d\u2019int\u00e9r\u00eats oppos\u00e9s, le Premier ministre Balladur et le pr\u00e9sident Mitterrand ont entretenu des relations courtoises pendant les deux ann\u00e9es que dura la \u00ab&nbsp;cohabitation de velours \u00bb, chacun des deux hommes s\u2019employant \u00e0 \u00e9viter soigneusement toute vexation ou provocation. \u00ab <em>Sans la politique, nous aurions pu \u00eatre amis, compte tenu de ce que je sais de vous et de ce que je suis<\/em> \u00bb, sugg\u00e9ra Fran\u00e7ois Mitterrand \u00e0 \u00c9douard Balladur lors de leur premi\u00e8re rencontre \u00e0 l\u2019\u00c9lys\u00e9e. \u00ab <em>Je ne r\u00e9pondis pas. L\u2019entreprise de charme commen\u00e7ait ; elle allait durer plus d\u2019un an<\/em> \u00bb, relatait le nouvel occupant de Matignon.<\/p>\n\n\n\n<p class=\"wp-block-paragraph\">Chef du gouvernement, \u00c9douard Balladur se donne un objectif, notamment, le \u00ab&nbsp;<em>retour \u00e0 la croissance<\/em> \u00bb. Pour redresser les finances du pays, il r\u00e9forme entre autres les retraites et lance une nouvelle s\u00e9rie de privatisations d\u2019entreprises publiques. Un grand emprunt d\u2019\u00c9tat est lanc\u00e9 d\u00e8s 1993. Le portefeuille du Budget est d\u00e9tenu par un proche du Premier ministre, Nicolas Sarkozy.<\/p>\n\n\n\n<p class=\"wp-block-paragraph\">\u00c0 peine install\u00e9 rue de Varenne, le Premier ministre doit se prononcer sur le d\u00e9sengagement de la France dans son assistance militaire au Rwanda [retrait du contingent Noro\u00eet, ndlr]. \u00ab <em>Une de mes premi\u00e8res d\u00e9cisions \u00e0 Matignon a \u00e9t\u00e9 de r\u00e9duire consid\u00e9rablement la pr\u00e9sence de nos forces militaires au Rwanda<\/em> (\u2026) <em>et de quasi supprimer toutes les fournitures d\u2019armes<\/em> \u00bb, d\u00e9clarait \u00c9douard Balladur en 2006 sur l\u2019antenne de RFI, interrog\u00e9 au sujet des <a href=\"http:\/\/www.assemblee-nationale.fr\/11\/dossiers\/rwanda\/auditi01.asp#BALLADURLEOTARDJUPPEROUSSIN\" target=\"_blank\" rel=\"noopener\"><strong>responsabilit\u00e9s de la France dans le g\u00e9nocide rwandais<\/strong><\/a>. \u00ab <em>C\u2019est un mauvais proc\u00e8s que fait le Rwanda \u00e0 la France, car la France a eu un seul objectif, mettre fin au g\u00e9nocide et sauver le plus de victimes possibles<\/em> \u00bb, ajoutait l\u2019ex-Premier ministre, qui a toujours affirm\u00e9 avoir autoris\u00e9 l\u2019op\u00e9ration Turquoise pour sa seule dimension humanitaire. Dans une lettre adress\u00e9e \u00e0 Fran\u00e7ois Mitterrand le 21 avril 1994, il pr\u00e9cisait que la r\u00e9ussite de l\u2019op\u00e9ration impliquait de \u00ab <em>limiter les op\u00e9rations \u00e0 des actions humanitaires et de ne pas nous laisser aller \u00e0 ce qui serait consid\u00e9r\u00e9 comme une exp\u00e9dition coloniale au c\u0153ur m\u00eame du territoire du Rwanda<\/em> \u00bb.<\/p>\n\n\n\n<h2 id=\"h-chirac-l-ami-de-30-ans\" class=\"wp-block-heading\">Chirac, \u00ab l&rsquo;ami de 30 ans \u00bb<\/h2>\n\n\n\n<p class=\"wp-block-paragraph\">Balladur et l\u2019Afrique, ce f\u00fbt aussi la d\u00e9valuation de moiti\u00e9 de la valeur du franc CFA, d\u00e9cid\u00e9e le 11 janvier 1994. Un <a href=\"http:\/\/www1.rfi.fr\/actufr\/articles\/049\/article_26180.asp\" target=\"_blank\" rel=\"noopener\"><strong>s\u00e9isme pour les Africains<\/strong><\/a> qui voient du jour au lendemain leur pouvoir d\u2019achat fondre de moiti\u00e9. Interrog\u00e9 dix ans plus tard sur les ondes de RFI par Christophe Boisbouvier, \u00c9douard Balladur justifia ce choix, admettant au passage qu\u2019il est impossible de r\u00e9soudre tous les probl\u00e8mes d\u2019un pays par une op\u00e9ration mon\u00e9taire : \u00ab <em>Si on n\u2019avait pas d\u00e9cid\u00e9 ce qui a \u00e9t\u00e9 d\u00e9cid\u00e9 dans des conditions d\u2019ailleurs difficiles en janvier 1994, la situation des pays de la zone franc serait quasiment d\u00e9sesp\u00e9r\u00e9e [\u2026]. Une d\u00e9cision prise avec l\u2019accord de tous les pays, il n\u2019y a pas eu de protestations<\/em> \u00bb.<\/p>\n\n\n\n<p class=\"wp-block-paragraph\">\u00c0 l&rsquo;international, on retiendra l&rsquo;une des principales r\u00e9alisation de son gouvernement : l&rsquo;entr\u00e9e en vigueur de la convention de Schengen qui ouvre la voie \u00e0 la libre circulation des citoyens dans l&rsquo;espace europ\u00e9en. Une mesure symbole qui t\u00e9moigne de l&rsquo;engagement d&rsquo;un Europ\u00e9en convaincu, estime Benjamin Morel, constitutionnaliste et ma\u00eetre de conf\u00e9rence \u00e0 Paris Panth\u00e9on Assas.&nbsp;<\/p>\n\n\n\n<blockquote class=\"wp-block-quote is-layout-flow wp-block-quote-is-layout-flow\">\n<p class=\"wp-block-paragraph\">Il y a clairement une vision europ\u00e9enne de Balladur.<\/p>\n<\/blockquote>\n\n\n\n<p class=\"wp-block-paragraph\">Benjamin Morel, constitutionnalisteNicolas Feldmann<\/p>\n\n\n\n<p class=\"wp-block-paragraph\">\u00c9douard Balladur s\u2019\u00e9tait d\u00e9clar\u00e9 favorable au principe de la cohabitation d\u00e8s le d\u00e9but des ann\u00e9es 1980. Devenu le proche conseiller du chef du RPR apr\u00e8s une parenth\u00e8se au Conseil d\u2019\u00c9tat et dans le priv\u00e9 suivant le d\u00e9c\u00e8s du pr\u00e9sident Pompidou, il s\u2019emploie \u00e0 convaincre un Jacques Chirac jusque-l\u00e0 plut\u00f4t sceptique sur le sujet. \u00ab <em>L&rsquo;Assembl\u00e9e ne renoncerait pas plus \u00e0 son droit de renverser le Gouvernement que le pr\u00e9sident \u00e0 celui de dissoudre l&rsquo;Assembl\u00e9e. Mais, avant d&rsquo;en arriver l\u00e0, ils exploreraient, l&rsquo;un et l&rsquo;autre, les possibilit\u00e9s d&rsquo;une certaine vie en commun<\/em> \u00bb, \u00e9crivait-il dans une tribune libre publi\u00e9e par <em>Le Monde<\/em> le 16 septembre 1983, intitul\u00e9e Th\u00e9orie de la cohabitation. En 1990, il sugg\u00e8re m\u00eame un concept de \u00ab <em>nouvelle cohabitation<\/em> \u00bb pour 1993, avec un Premier ministre d\u00e9nu\u00e9 de toute ambition \u00e9lys\u00e9enne : une id\u00e9e manifestement rel\u00e9gu\u00e9e aux oubliettes, quand en 1995, sous les ors de l\u2019h\u00f4tel Matignon, il annon\u00e7ait sa candidature \u00e0 la fonction pr\u00e9sidentielle\u2026<\/p>\n\n\n\n<h2 id=\"h-president-dans-les-sondages\" class=\"wp-block-heading\">Pr\u00e9sident dans les sondages<\/h2>\n\n\n\n<p class=\"wp-block-paragraph\">La tentative de r\u00e9vision de la loi Falloux retoqu\u00e9e par le Conseil constitutionnel et le recul du gouvernement sur la mise en place d\u2019un contrat jeune (le Contrat d\u2019insertion professionnelle, CIP) apr\u00e8s d\u2019importantes et violentes manifestations, n\u2019ont pas \u00e9corn\u00e9 l\u2019image du Premier ministre aupr\u00e8s des Fran\u00e7ais. Fort d\u2019une c\u00f4te de popularit\u00e9 qui ne descend pas en dessous de 60%, \u00c9douard Balladur est d\u00e9j\u00e0 pr\u00e9sident, mais seulement dans les sondages qui le cr\u00e9ditent de 29 % des intentions de vote au premier tour, contre 17% \u00e0 son \u00ab <em>ami de 30 ans<\/em> \u00bb Jacques Chirac. \u00ab <em>Un accord politique, ayant aussi valeur de contrat moral, \u00e9tait scell\u00e9 entre nous pour les deux ann\u00e9es \u00e0 venir [\u2026]. \u00c9douard Balladur dirigeant le gouvernement pendant que je me consacrerais \u00e0 la pr\u00e9paration de l\u2019\u00e9lection pr\u00e9sidentielle. Et je ne croyais pas devoir douter de sa parole<\/em> \u00bb, observe Chirac dans ses <em>M\u00e9moires,<\/em> non sans une \u00e9trange na\u00efvet\u00e9. Car l\u2019\u00e9minence grise de Pompidou avait manifestement faite sienne la phrase d\u00e9gain\u00e9e par son ex-mentor \u00e0 qui l\u2019on demandait quand il avait pour la premi\u00e8re fois pens\u00e9 \u00e0 l\u2019\u00c9lys\u00e9e. R\u00e9ponse de Pompidou : \u00ab&nbsp;<em>La minute o\u00f9 j&rsquo;ai franchi le seuil de Matignon<\/em> \u00bb.<\/p>\n\n\n\n<p class=\"wp-block-paragraph\">Tous les commentateurs politiques de l\u2019\u00e9poque jouent le m\u00eame disque ray\u00e9, r\u00e9p\u00e9tant \u00e0 l\u2019unisson que \u00ab <em>l\u2019\u00e9lection pr\u00e9sidentielle est d\u00e9j\u00e0 jou\u00e9e<\/em> \u00bb. Le porte-parole de la campagne du candidat Balladur, Nicolas Sarkozy, se permet m\u00eame d\u2019\u00e9voquer publiquement une possible victoire d\u00e8s le 1er tour. Les uns apr\u00e8s les autres, les chiraquiens rejoignent le camp de celui que tous d\u00e9signent comme le futur pr\u00e9sident de la R\u00e9publique. Mais au soir du 1er tour, le 23 avril 1995, Chirac devance Balladur avec 20,8% contre 18,6%. Devant les cam\u00e9ras, la mine d\u00e9confite, le Premier ministre sortant et candidat battu appelle \u00e0 voter Chirac, d\u00e9clenchant les lazzis de ses partisans, auxquels il ass\u00e8ne le d\u00e9sormais culte : \u00ab <em>Je vous demande de vous arr\u00eater&nbsp;!<\/em>&nbsp;\u00bb.<\/p>\n\n\n\n<h2 id=\"h-edouard-balladur-dans-l-etau-judiciaire\" class=\"wp-block-heading\">\u00c9douard Balladur dans l&rsquo;\u00e9tau judiciaire<\/h2>\n\n\n\n<p class=\"wp-block-paragraph\">Lui-m\u00eame stopp\u00e9 net par le retour triomphal de Chirac dans l\u2019opinion, \u00c9douard Balladur retrouve son si\u00e8ge de d\u00e9put\u00e9 de Paris, qu\u2019il a conserv\u00e9 jusqu\u2019en 2007. Il pr\u00e9side aussi la Commission des Affaires \u00e9trang\u00e8res de l\u2019Assembl\u00e9e. Retrait\u00e9 du palais Bourbon, il est bombard\u00e9 pr\u00e9sident du Comit\u00e9 de r\u00e9flexion sur la modernisation et le r\u00e9\u00e9quilibrage des institutions par Nicolas Sarkozy, qui vient fra\u00eechement de s\u2019installer \u00e0 l\u2019\u00c9lys\u00e9e. L\u2019ann\u00e9e suivante, en 2008, il endosse la pr\u00e9sidence du Comit\u00e9 pour la r\u00e9forme des collectivit\u00e9s locales. Mais ce sont surtout les ennuis avec la justice qui ont pris le dessus \u00e0 la fin de sa carri\u00e8re. En 2011, les juges Renaud van Ruymbeke et Roger Le Loire soup\u00e7onnent un financement occulte de sa campagne pr\u00e9sidentielle en 1995, dans le volet financier de l\u2019affaire Karachi. Ce que l&rsquo;ancien Premier ministre a toujours d\u00e9menti. En 2016, la Cour de justice de la R\u00e9publique (CJR) s\u2019est prononc\u00e9e sur la non-prescription des faits reproch\u00e9s \u00e0 \u00c9douard Balladur.<\/p>\n\n\n\n<p class=\"wp-block-paragraph\"><a href=\"https:\/\/www.rfi.fr\/fr\/france\/20140612-affaire-karachi-proches-balladur-renvoyes-correctionnelle\"><strong>L\u2019\u00e9tau judiciaire s\u2019est progressivement resserr\u00e9<\/strong><\/a> autour d\u2019\u00c9douard Balladur, avec la mise en examen de son chef de cabinet \u00e0 Matignon, de son directeur de campagne, et du tr\u00e9sorier de cette derni\u00e8re. Jusqu&rsquo;\u00e0 sa propre mise en examen par la Cour de justice de la R\u00e9publique (CJR), intervenue le 30 mai 2017, pour \u00ab&nbsp;complicit\u00e9 d&rsquo;abus de biens sociaux et recel&nbsp;\u00bb. Une d\u00e9cision imm\u00e9diatement contest\u00e9e devant la Cour de cassation par les avocats d&rsquo;\u00c9douard Balladur, car elle \u00ab&nbsp;<em>ne tire aucune cons\u00e9quence de la validation du compte de campagne par le Conseil constitutionnel en octobre 1995, non plus que de l&rsquo;anciennet\u00e9 des faits, vieux de vingt-trois ans<\/em>&nbsp;\u00bb.&nbsp;Il est finalement relax\u00e9 en 2021 mais pas son ex-ministre de la D\u00e9fense Fran\u00e7ois L\u00e9otard, aujourd&rsquo;hui d\u00e9c\u00e9d\u00e9, qui est condamn\u00e9 \u00e0 deux de prison avec sursis.<\/p>\n\n\n\n<p class=\"wp-block-paragraph\">\u00c9douard Balladur est revenu en 2013 sur sa relation avec Chirac, dans <em>La trag\u00e9die du pouvoir<\/em>, un livre sur les derniers mois de George Pompidou \u00e0 l\u2019Elys\u00e9e dont l\u2019auteur fut le secr\u00e9taire g\u00e9n\u00e9ral, tandis que Chirac officiait place Beauvau au minist\u00e8re de l\u2019Int\u00e9rieur. \u00ab <em>Pas encombr\u00e9 par les convictions<\/em> \u00bb, Balladur dresse le portrait d\u2019une girouette politique, \u00ab <em>tour \u00e0 tour dirigiste, social-d\u00e9mocrate, lib\u00e9ral, antieurop\u00e9en, pro-europ\u00e9en, productiviste, \u00e9cologiste, antiam\u00e9ricain, pro-am\u00e9ricain, nationaliste, tiers-mondiste, ap\u00f4tre des droits de l\u2019homme, ami des despotes d\u2019Afrique ou d\u2019Asie \u00e0 la r\u00e9putation sulfureuse<\/em> \u00bb. Des propos vengeurs qui donnent la tonalit\u00e9 de la pr\u00e9tendue r\u00e9conciliation intervenue entre les deux hommes.<\/p>\n\n\n\n<p class=\"wp-block-paragraph\">Veuf depuis le d\u00e9c\u00e8s de son \u00e9pouse Marie-Jos\u00e8phe le 31 d\u00e9cembre 2025, il avait f\u00eat\u00e9 son 97<sup>e<\/sup> anniversaire le 2 mai 2026. Sans celle qui aura pass\u00e9 pr\u00e8s de 70 ans \u00e0 ses c\u00f4t\u00e9s.<\/p>\n\n\n\n<p class=\"wp-block-paragraph\">Avec cet apparent d\u00e9tachement et la nonchalance de celui qui voit les choses de loin, ses mani\u00e8res polic\u00e9es et cet air toujours un peu las, \u00c9douard Balladur laisse l\u2019image d\u2019un homme courtois aux propos toujours m\u00fbrement r\u00e9fl\u00e9chis. Une mani\u00e8re peut-\u00eatre d\u2019\u00e9viter de se retrouver en situation de faiblesse, en gommant soigneusement \u00e9motions et fantaisies. Aux antipodes des bateleurs et des show-men de la politique, celui qui longtemps demeura dans l\u2019ombre avait plus la pr\u00e9occupation de convaincre que celle de s\u00e9duire.<\/p>\n\n\n\n<figure class=\"wp-block-image is-resized\"><img decoding=\"async\" src=\"https:\/\/s.rfi.fr\/media\/display\/dbc55b74-9d31-11eb-a995-005056a964fe\/w:1024\/Balladur%20Vignette%202.jpg\" alt=\"Edouard Balladur, ancien Premier ministre fran\u00e7ais (1993 \u2013 1995), le 14 avril 2021 dans les studios de France m\u00e9dias monde.\" style=\"width:800px;height:auto\"\/><figcaption class=\"wp-element-caption\">Edouard Balladur, ancien Premier ministre fran\u00e7ais (1993 \u2013 1995), le 14 avril 2021 dans les studios de France m\u00e9dias monde. \u00a9 RFI\/France24<\/figcaption><\/figure>\n\n\n\n<p class=\"wp-block-paragraph\"><strong>\u00c9douard Balladur en 10 dates<\/strong><\/p>\n\n\n\n<p class=\"wp-block-paragraph\">\u2022 <strong>1929 :<\/strong> Naissance \u00e0 Smyrne (l\u2019actuelle Izmir en Turquie)<\/p>\n\n\n\n<p class=\"wp-block-paragraph\">\u2022 <strong>1934<\/strong> : La famille Balladur s\u2019installe \u00e0 Marseille au 227 boulevard Chave<\/p>\n\n\n\n<p class=\"wp-block-paragraph\">\u2022 <strong>1946 :<\/strong> Pensionnaire chez les maristes de la rue Vaugirard \u00e0 Paris, comme Fran\u00e7ois Mitterrand<\/p>\n\n\n\n<p class=\"wp-block-paragraph\">\u2022 <strong>1950 :<\/strong> Dipl\u00f4m\u00e9 de Science Po<\/p>\n\n\n\n<p class=\"wp-block-paragraph\">\u2022 <strong>1957 :<\/strong> Class\u00e9 cinqui\u00e8me au concours de sortie de l\u2019ENA (promotion France-Afrique)<\/p>\n\n\n\n<p class=\"wp-block-paragraph\">\u2022 <strong>1957 :<\/strong> Mariage avec Marie-Jos\u00e8phe Delacour avec qui il aura quatre fils<\/p>\n\n\n\n<p class=\"wp-block-paragraph\">\u2022 <strong>1964 :<\/strong> \u00c9douard Balladur entre au cabinet du Premier ministre George Pompidou<\/p>\n\n\n\n<p class=\"wp-block-paragraph\">\u2022 <strong>1968 :<\/strong> Conseiller \u00e9conomique \u00e0 Matignon, il est l\u2019un des acteurs-cl\u00e9s des accords de Grenelle<\/p>\n\n\n\n<p class=\"wp-block-paragraph\">\u2022 <strong>1986 :<\/strong> Ministre d\u2019\u00c9tat, charg\u00e9 de l&rsquo;\u00c9conomie, des Finances et de la Privatisation<\/p>\n\n\n\n<p class=\"wp-block-paragraph\">\u2022 <strong>1993 :<\/strong> Premier ministre<\/p>\n<div class='epvc-post-count'><span class='epvc-eye'><\/span>  <span class=\"epvc-count\"> 10<\/span><span class='epvc-label'> Vues<\/span><\/div>","protected":false},"excerpt":{"rendered":"<p>L\u2019ex-Premier ministre fran\u00e7ais (1993-1995) s\u2019est \u00e9teint ce 31 ao\u00fbt 2026 \u00e0 l\u2019\u00e2ge de 97 ans. Sa carri\u00e8re a d\u00e9but\u00e9 en 1964, lorsqu&rsquo;il devient le collaborateur de Georges Pompidou, alors chef&hellip;<\/p>\n","protected":false},"author":1,"featured_media":100509,"comment_status":"closed","ping_status":"closed","sticky":false,"template":"","format":"standard","meta":{"content-type":"","_monsterinsights_skip_tracking":false,"_lmt_disableupdate":"","_lmt_disable":"","footnotes":""},"categories":[48],"tags":[],"class_list":["post-100507","post","type-post","status-publish","format-standard","has-post-thumbnail","hentry","category-communiques-necrologiques"],"yoast_head":"<!-- This site is optimized with the Yoast SEO Premium plugin v25.4 (Yoast SEO v28.3) - https:\/\/yoast.com\/product\/yoast-seo-premium-wordpress\/ -->\n<title>France: l&#039;ancien Premier ministre \u00c9douard Balladur est mort - Congo Pub Online<\/title>\n<meta name=\"description\" content=\"France: l&#039;ancien Premier ministre \u00c9douard Balladur est mort Nouvelles n\u00e9crologiques\" \/>\n<meta name=\"robots\" content=\"index, follow, max-snippet:-1, max-image-preview:large, max-video-preview:-1\" \/>\n<link rel=\"canonical\" href=\"https:\/\/congopubonline.com\/?p=100507\" \/>\n<meta property=\"og:locale\" content=\"fr_FR\" \/>\n<meta property=\"og:type\" content=\"article\" \/>\n<meta property=\"og:title\" content=\"France: l&#039;ancien Premier ministre \u00c9douard Balladur est mort\" \/>\n<meta property=\"og:description\" content=\"France: l&#039;ancien Premier ministre \u00c9douard Balladur est mort Nouvelles n\u00e9crologiques\" \/>\n<meta property=\"og:url\" content=\"https:\/\/congopubonline.com\/?p=100507\" \/>\n<meta property=\"og:site_name\" content=\"Congo Pub Online\" \/>\n<meta property=\"article:publisher\" content=\"https:\/\/web.facebook.com\/Congopubonline\" \/>\n<meta property=\"article:published_time\" content=\"2026-09-01T07:14:20+00:00\" \/>\n<meta property=\"article:modified_time\" content=\"2026-09-01T07:14:22+00:00\" \/>\n<meta property=\"og:image\" content=\"https:\/\/congopubonline.com\/wp-content\/uploads\/2026\/09\/balladur.png\" \/>\n\t<meta property=\"og:image:width\" content=\"773\" \/>\n\t<meta property=\"og:image:height\" content=\"447\" \/>\n\t<meta property=\"og:image:type\" content=\"image\/png\" \/>\n<meta name=\"author\" content=\"admin9775\" \/>\n<meta name=\"twitter:card\" content=\"summary_large_image\" \/>\n<meta name=\"twitter:creator\" content=\"@CONGOPUBOnline\" \/>\n<meta name=\"twitter:site\" content=\"@CONGOPUBOnline\" \/>\n<meta name=\"twitter:label1\" content=\"\u00c9crit par\" \/>\n\t<meta name=\"twitter:data1\" content=\"admin9775\" \/>\n\t<meta name=\"twitter:label2\" content=\"Dur\u00e9e de lecture estim\u00e9e\" \/>\n\t<meta name=\"twitter:data2\" content=\"13 minutes\" \/>\n<script type=\"application\/ld+json\" class=\"yoast-schema-graph\">{\"@context\":\"https:\\\/\\\/schema.org\",\"@graph\":[{\"@type\":\"Article\",\"@id\":\"https:\\\/\\\/congopubonline.com\\\/?p=100507#article\",\"isPartOf\":{\"@id\":\"https:\\\/\\\/congopubonline.com\\\/?p=100507\"},\"author\":{\"name\":\"admin9775\",\"@id\":\"https:\\\/\\\/congopubonline.com\\\/#\\\/schema\\\/person\\\/d2f3a940be2e9c1a0e4f8831e203f3cc\"},\"headline\":\"France: l&rsquo;ancien Premier ministre \u00c9douard Balladur est mort\",\"datePublished\":\"2026-09-01T07:14:20+00:00\",\"dateModified\":\"2026-09-01T07:14:22+00:00\",\"mainEntityOfPage\":{\"@id\":\"https:\\\/\\\/congopubonline.com\\\/?p=100507\"},\"wordCount\":2610,\"publisher\":{\"@id\":\"https:\\\/\\\/congopubonline.com\\\/#organization\"},\"image\":{\"@id\":\"https:\\\/\\\/congopubonline.com\\\/?p=100507#primaryimage\"},\"thumbnailUrl\":\"https:\\\/\\\/congopubonline.com\\\/wp-content\\\/uploads\\\/2026\\\/09\\\/balladur.png\",\"articleSection\":[\"Nouvelles n\u00e9crologiques\"],\"inLanguage\":\"fr-FR\"},{\"@type\":\"WebPage\",\"@id\":\"https:\\\/\\\/congopubonline.com\\\/?p=100507\",\"url\":\"https:\\\/\\\/congopubonline.com\\\/?p=100507\",\"name\":\"France: l'ancien Premier ministre \u00c9douard Balladur est mort - Congo Pub Online\",\"isPartOf\":{\"@id\":\"https:\\\/\\\/congopubonline.com\\\/#website\"},\"primaryImageOfPage\":{\"@id\":\"https:\\\/\\\/congopubonline.com\\\/?p=100507#primaryimage\"},\"image\":{\"@id\":\"https:\\\/\\\/congopubonline.com\\\/?p=100507#primaryimage\"},\"thumbnailUrl\":\"https:\\\/\\\/congopubonline.com\\\/wp-content\\\/uploads\\\/2026\\\/09\\\/balladur.png\",\"datePublished\":\"2026-09-01T07:14:20+00:00\",\"dateModified\":\"2026-09-01T07:14:22+00:00\",\"description\":\"France: l'ancien Premier ministre \u00c9douard Balladur est mort Nouvelles n\u00e9crologiques\",\"breadcrumb\":{\"@id\":\"https:\\\/\\\/congopubonline.com\\\/?p=100507#breadcrumb\"},\"inLanguage\":\"fr-FR\",\"potentialAction\":[{\"@type\":\"ReadAction\",\"target\":[\"https:\\\/\\\/congopubonline.com\\\/?p=100507\"]}]},{\"@type\":\"ImageObject\",\"inLanguage\":\"fr-FR\",\"@id\":\"https:\\\/\\\/congopubonline.com\\\/?p=100507#primaryimage\",\"url\":\"https:\\\/\\\/congopubonline.com\\\/wp-content\\\/uploads\\\/2026\\\/09\\\/balladur.png\",\"contentUrl\":\"https:\\\/\\\/congopubonline.com\\\/wp-content\\\/uploads\\\/2026\\\/09\\\/balladur.png\",\"width\":773,\"height\":447},{\"@type\":\"BreadcrumbList\",\"@id\":\"https:\\\/\\\/congopubonline.com\\\/?p=100507#breadcrumb\",\"itemListElement\":[{\"@type\":\"ListItem\",\"position\":1,\"name\":\"Accueil\",\"item\":\"https:\\\/\\\/congopubonline.com\\\/\"},{\"@type\":\"ListItem\",\"position\":2,\"name\":\"France: l&rsquo;ancien Premier ministre \u00c9douard Balladur est mort\"}]},{\"@type\":\"WebSite\",\"@id\":\"https:\\\/\\\/congopubonline.com\\\/#website\",\"url\":\"https:\\\/\\\/congopubonline.com\\\/\",\"name\":\"Congo Pub Online\",\"description\":\"Votre site d&#039;actualit\u00e9\",\"publisher\":{\"@id\":\"https:\\\/\\\/congopubonline.com\\\/#organization\"},\"alternateName\":\"Marketing 3.0\",\"potentialAction\":[{\"@type\":\"SearchAction\",\"target\":{\"@type\":\"EntryPoint\",\"urlTemplate\":\"https:\\\/\\\/congopubonline.com\\\/?s={search_term_string}\"},\"query-input\":{\"@type\":\"PropertyValueSpecification\",\"valueRequired\":true,\"valueName\":\"search_term_string\"}}],\"inLanguage\":\"fr-FR\"},{\"@type\":\"Organization\",\"@id\":\"https:\\\/\\\/congopubonline.com\\\/#organization\",\"name\":\"Congo Pub Online\",\"url\":\"https:\\\/\\\/congopubonline.com\\\/\",\"logo\":{\"@type\":\"ImageObject\",\"inLanguage\":\"fr-FR\",\"@id\":\"https:\\\/\\\/congopubonline.com\\\/#\\\/schema\\\/logo\\\/image\\\/\",\"url\":\"https:\\\/\\\/congopubonline.com\\\/wp-content\\\/uploads\\\/2022\\\/09\\\/LOGO_CONGO-PUB-Online_Version-2.jpg\",\"contentUrl\":\"https:\\\/\\\/congopubonline.com\\\/wp-content\\\/uploads\\\/2022\\\/09\\\/LOGO_CONGO-PUB-Online_Version-2.jpg\",\"width\":374,\"height\":223,\"caption\":\"Congo Pub Online\"},\"image\":{\"@id\":\"https:\\\/\\\/congopubonline.com\\\/#\\\/schema\\\/logo\\\/image\\\/\"},\"sameAs\":[\"https:\\\/\\\/web.facebook.com\\\/Congopubonline\",\"https:\\\/\\\/x.com\\\/CONGOPUBOnline\"]},{\"@type\":\"Person\",\"@id\":\"https:\\\/\\\/congopubonline.com\\\/#\\\/schema\\\/person\\\/d2f3a940be2e9c1a0e4f8831e203f3cc\",\"name\":\"admin9775\",\"sameAs\":[\"http:\\\/\\\/congopubonline.com\"],\"url\":\"https:\\\/\\\/congopubonline.com\\\/?author=1\"}]}<\/script>\n<!-- \/ Yoast SEO Premium plugin. -->","yoast_head_json":{"title":"France: l'ancien Premier ministre \u00c9douard Balladur est mort - Congo Pub Online","description":"France: l'ancien Premier ministre \u00c9douard Balladur est mort Nouvelles n\u00e9crologiques","robots":{"index":"index","follow":"follow","max-snippet":"max-snippet:-1","max-image-preview":"max-image-preview:large","max-video-preview":"max-video-preview:-1"},"canonical":"https:\/\/congopubonline.com\/?p=100507","og_locale":"fr_FR","og_type":"article","og_title":"France: l'ancien Premier ministre \u00c9douard Balladur est mort","og_description":"France: l'ancien Premier ministre \u00c9douard Balladur est mort Nouvelles n\u00e9crologiques","og_url":"https:\/\/congopubonline.com\/?p=100507","og_site_name":"Congo Pub Online","article_publisher":"https:\/\/web.facebook.com\/Congopubonline","article_published_time":"2026-09-01T07:14:20+00:00","article_modified_time":"2026-09-01T07:14:22+00:00","og_image":[{"width":773,"height":447,"url":"https:\/\/congopubonline.com\/wp-content\/uploads\/2026\/09\/balladur.png","type":"image\/png"}],"author":"admin9775","twitter_card":"summary_large_image","twitter_creator":"@CONGOPUBOnline","twitter_site":"@CONGOPUBOnline","twitter_misc":{"\u00c9crit par":"admin9775","Dur\u00e9e de lecture estim\u00e9e":"13 minutes"},"schema":{"@context":"https:\/\/schema.org","@graph":[{"@type":"Article","@id":"https:\/\/congopubonline.com\/?p=100507#article","isPartOf":{"@id":"https:\/\/congopubonline.com\/?p=100507"},"author":{"name":"admin9775","@id":"https:\/\/congopubonline.com\/#\/schema\/person\/d2f3a940be2e9c1a0e4f8831e203f3cc"},"headline":"France: l&rsquo;ancien Premier ministre \u00c9douard Balladur est mort","datePublished":"2026-09-01T07:14:20+00:00","dateModified":"2026-09-01T07:14:22+00:00","mainEntityOfPage":{"@id":"https:\/\/congopubonline.com\/?p=100507"},"wordCount":2610,"publisher":{"@id":"https:\/\/congopubonline.com\/#organization"},"image":{"@id":"https:\/\/congopubonline.com\/?p=100507#primaryimage"},"thumbnailUrl":"https:\/\/congopubonline.com\/wp-content\/uploads\/2026\/09\/balladur.png","articleSection":["Nouvelles n\u00e9crologiques"],"inLanguage":"fr-FR"},{"@type":"WebPage","@id":"https:\/\/congopubonline.com\/?p=100507","url":"https:\/\/congopubonline.com\/?p=100507","name":"France: l'ancien Premier ministre \u00c9douard Balladur est mort - Congo Pub Online","isPartOf":{"@id":"https:\/\/congopubonline.com\/#website"},"primaryImageOfPage":{"@id":"https:\/\/congopubonline.com\/?p=100507#primaryimage"},"image":{"@id":"https:\/\/congopubonline.com\/?p=100507#primaryimage"},"thumbnailUrl":"https:\/\/congopubonline.com\/wp-content\/uploads\/2026\/09\/balladur.png","datePublished":"2026-09-01T07:14:20+00:00","dateModified":"2026-09-01T07:14:22+00:00","description":"France: l'ancien Premier ministre \u00c9douard Balladur est mort Nouvelles n\u00e9crologiques","breadcrumb":{"@id":"https:\/\/congopubonline.com\/?p=100507#breadcrumb"},"inLanguage":"fr-FR","potentialAction":[{"@type":"ReadAction","target":["https:\/\/congopubonline.com\/?p=100507"]}]},{"@type":"ImageObject","inLanguage":"fr-FR","@id":"https:\/\/congopubonline.com\/?p=100507#primaryimage","url":"https:\/\/congopubonline.com\/wp-content\/uploads\/2026\/09\/balladur.png","contentUrl":"https:\/\/congopubonline.com\/wp-content\/uploads\/2026\/09\/balladur.png","width":773,"height":447},{"@type":"BreadcrumbList","@id":"https:\/\/congopubonline.com\/?p=100507#breadcrumb","itemListElement":[{"@type":"ListItem","position":1,"name":"Accueil","item":"https:\/\/congopubonline.com\/"},{"@type":"ListItem","position":2,"name":"France: l&rsquo;ancien Premier ministre \u00c9douard Balladur est mort"}]},{"@type":"WebSite","@id":"https:\/\/congopubonline.com\/#website","url":"https:\/\/congopubonline.com\/","name":"Congo Pub Online","description":"Votre site d&#039;actualit\u00e9","publisher":{"@id":"https:\/\/congopubonline.com\/#organization"},"alternateName":"Marketing 3.0","potentialAction":[{"@type":"SearchAction","target":{"@type":"EntryPoint","urlTemplate":"https:\/\/congopubonline.com\/?s={search_term_string}"},"query-input":{"@type":"PropertyValueSpecification","valueRequired":true,"valueName":"search_term_string"}}],"inLanguage":"fr-FR"},{"@type":"Organization","@id":"https:\/\/congopubonline.com\/#organization","name":"Congo Pub Online","url":"https:\/\/congopubonline.com\/","logo":{"@type":"ImageObject","inLanguage":"fr-FR","@id":"https:\/\/congopubonline.com\/#\/schema\/logo\/image\/","url":"https:\/\/congopubonline.com\/wp-content\/uploads\/2022\/09\/LOGO_CONGO-PUB-Online_Version-2.jpg","contentUrl":"https:\/\/congopubonline.com\/wp-content\/uploads\/2022\/09\/LOGO_CONGO-PUB-Online_Version-2.jpg","width":374,"height":223,"caption":"Congo Pub Online"},"image":{"@id":"https:\/\/congopubonline.com\/#\/schema\/logo\/image\/"},"sameAs":["https:\/\/web.facebook.com\/Congopubonline","https:\/\/x.com\/CONGOPUBOnline"]},{"@type":"Person","@id":"https:\/\/congopubonline.com\/#\/schema\/person\/d2f3a940be2e9c1a0e4f8831e203f3cc","name":"admin9775","sameAs":["http:\/\/congopubonline.com"],"url":"https:\/\/congopubonline.com\/?author=1"}]}},"_links":{"self":[{"href":"https:\/\/congopubonline.com\/index.php?rest_route=\/wp\/v2\/posts\/100507","targetHints":{"allow":["GET"]}}],"collection":[{"href":"https:\/\/congopubonline.com\/index.php?rest_route=\/wp\/v2\/posts"}],"about":[{"href":"https:\/\/congopubonline.com\/index.php?rest_route=\/wp\/v2\/types\/post"}],"author":[{"embeddable":true,"href":"https:\/\/congopubonline.com\/index.php?rest_route=\/wp\/v2\/users\/1"}],"replies":[{"embeddable":true,"href":"https:\/\/congopubonline.com\/index.php?rest_route=%2Fwp%2Fv2%2Fcomments&post=100507"}],"version-history":[{"count":1,"href":"https:\/\/congopubonline.com\/index.php?rest_route=\/wp\/v2\/posts\/100507\/revisions"}],"predecessor-version":[{"id":100510,"href":"https:\/\/congopubonline.com\/index.php?rest_route=\/wp\/v2\/posts\/100507\/revisions\/100510"}],"wp:featuredmedia":[{"embeddable":true,"href":"https:\/\/congopubonline.com\/index.php?rest_route=\/wp\/v2\/media\/100509"}],"wp:attachment":[{"href":"https:\/\/congopubonline.com\/index.php?rest_route=%2Fwp%2Fv2%2Fmedia&parent=100507"}],"wp:term":[{"taxonomy":"category","embeddable":true,"href":"https:\/\/congopubonline.com\/index.php?rest_route=%2Fwp%2Fv2%2Fcategories&post=100507"},{"taxonomy":"post_tag","embeddable":true,"href":"https:\/\/congopubonline.com\/index.php?rest_route=%2Fwp%2Fv2%2Ftags&post=100507"}],"curies":[{"name":"wp","href":"https:\/\/api.w.org\/{rel}","templated":true}]}}