{"id":100517,"date":"2026-09-01T22:39:56","date_gmt":"2026-09-01T20:39:56","guid":{"rendered":"https:\/\/congopubonline.com\/?p=100517"},"modified":"2026-09-01T22:39:57","modified_gmt":"2026-09-01T20:39:57","slug":"rdc-jean-jacques-lumumba-et-carbone-beni-lancent-lalliance-pour-la-patrie-pour-defendre-la-souverainete-nationale","status":"publish","type":"post","link":"https:\/\/congopubonline.com\/?p=100517","title":{"rendered":"RDC : Jean-Jacques Lumumba et Carbone Beni lancent l\u2019Alliance pour la Patrie pour d\u00e9fendre la souverainet\u00e9 nationale"},"content":{"rendered":"\n<p class=\"wp-block-paragraph\">Une nouvelle plateforme de la soci\u00e9t\u00e9 civile, <strong>l\u2019Alliance pour la Patrie (AP)<\/strong>, a officiellement \u00e9t\u00e9 lanc\u00e9e ce lundi 31 ao\u00fbt 2026 \u00e0 Kinshasa. Initi\u00e9e notamment par <strong>Jean-Jacques Lumumba<\/strong> et <strong>Carbone Beni<\/strong>, cette structure entend f\u00e9d\u00e9rer les mouvements citoyens et les organisations de la soci\u00e9t\u00e9 civile autour de la d\u00e9fense de la souverainet\u00e9 et de l\u2019int\u00e9grit\u00e9 territoriale de la R\u00e9publique d\u00e9mocratique du Congo.<\/p>\n\n\n\n<p class=\"wp-block-paragraph\">L\u2019Alliance pour la Patrie affiche \u00e9galement parmi ses objectifs la promotion de la paix, de la coh\u00e9sion nationale et de la bonne gouvernance. Pour Carbone Beni, la gravit\u00e9 de la situation actuelle impose \u00e0 la soci\u00e9t\u00e9 civile de revoir ses m\u00e9thodes d\u2019action et de renforcer son unit\u00e9.<\/p>\n\n\n\n<blockquote class=\"wp-block-quote is-layout-flow wp-block-quote-is-layout-flow\">\n<p class=\"wp-block-paragraph\">\u00ab Nous nous sommes dit qu\u2019il fallait simplement changer de m\u00e9thode, changer de tact, mettre en place une strat\u00e9gie qui pourrait nous rassembler \u00bb, a-t-il expliqu\u00e9, appelant les Congolais \u00e0 agir afin de \u00ab ne pas \u00eatre responsables de la balkanisation de notre pays \u00bb.<\/p>\n<\/blockquote>\n\n\n\n<h3 id=\"h-un-soutien-au-dialogue-national\" class=\"wp-block-heading\"><strong>Un soutien au dialogue national<\/strong><\/h3>\n\n\n\n<p class=\"wp-block-paragraph\">L\u2019Alliance pour la Patrie se prononce par ailleurs en faveur du dialogue national annonc\u00e9 par le chef de l\u2019\u00c9tat. La plateforme souhaite toutefois que ce processus soit v\u00e9ritablement inclusif et qu\u2019il s\u2019attaque aux causes profondes des crises qui affectent le pays.<\/p>\n\n\n\n<p class=\"wp-block-paragraph\">La gouvernance, la s\u00e9curit\u00e9 et les r\u00e9formes institutionnelles figurent notamment parmi les questions que l\u2019AP souhaite voir abord\u00e9es dans le cadre de ce dialogue.<\/p>\n\n\n\n<h3 id=\"h-lumumba-appelle-a-combattre-la-corruption\" class=\"wp-block-heading\"><strong>Lumumba appelle \u00e0 combattre la corruption<\/strong><\/h3>\n\n\n\n<figure class=\"wp-block-image size-large is-resized\"><img fetchpriority=\"high\" decoding=\"async\" width=\"1024\" height=\"683\" src=\"https:\/\/congopubonline.com\/wp-content\/uploads\/2026\/09\/image-5-1024x683.png\" alt=\"\" class=\"wp-image-100520\" style=\"aspect-ratio:1.4992860651486386;width:729px;height:auto\" srcset=\"https:\/\/congopubonline.com\/wp-content\/uploads\/2026\/09\/image-5-1024x683.png 1024w, https:\/\/congopubonline.com\/wp-content\/uploads\/2026\/09\/image-5-300x200.png 300w, https:\/\/congopubonline.com\/wp-content\/uploads\/2026\/09\/image-5-768x512.png 768w, https:\/\/congopubonline.com\/wp-content\/uploads\/2026\/09\/image-5-585x390.png 585w, https:\/\/congopubonline.com\/wp-content\/uploads\/2026\/09\/image-5-263x175.png 263w, https:\/\/congopubonline.com\/wp-content\/uploads\/2026\/09\/image-5.png 1080w\" sizes=\"(max-width: 1024px) 100vw, 1024px\" \/><\/figure>\n\n\n\n<p class=\"wp-block-paragraph\"><\/p>\n\n\n\n<p class=\"wp-block-paragraph\">Prenant \u00e9galement la parole lors du lancement, Jean-Jacques Lumumba a insist\u00e9 sur la n\u00e9cessit\u00e9 d\u2019un engagement citoyen plus fort contre la corruption et la pr\u00e9dation des ressources publiques.<\/p>\n\n\n\n<blockquote class=\"wp-block-quote is-layout-flow wp-block-quote-is-layout-flow\">\n<p class=\"wp-block-paragraph\">\u00ab Le patriotisme voudrait aussi que chacun d\u2019entre nous [\u2026] se l\u00e8ve contre le mal qui d\u00e9truit le Congo \u00bb, a-t-il d\u00e9clar\u00e9.<\/p>\n<\/blockquote>\n\n\n\n<p class=\"wp-block-paragraph\">Pour les initiateurs de l\u2019AP, la d\u00e9fense de la patrie ne doit donc pas se limiter aux questions s\u00e9curitaires ou territoriales, mais doit \u00e9galement passer par l\u2019am\u00e9lioration de la gouvernance et la lutte contre les pratiques qui fragilisent l\u2019\u00c9tat.<\/p>\n\n\n\n<h3 id=\"h-un-cahier-citoyen-en-preparation\" class=\"wp-block-heading\"><strong>Un \u00ab cahier citoyen \u00bb en pr\u00e9paration<\/strong><\/h3>\n\n\n\n<figure class=\"wp-block-image size-large is-resized\"><img decoding=\"async\" width=\"1024\" height=\"681\" src=\"https:\/\/congopubonline.com\/wp-content\/uploads\/2026\/09\/image-4-1024x681.png\" alt=\"\" class=\"wp-image-100519\" style=\"aspect-ratio:1.5036695933603486;width:745px;height:auto\" srcset=\"https:\/\/congopubonline.com\/wp-content\/uploads\/2026\/09\/image-4-1024x681.png 1024w, https:\/\/congopubonline.com\/wp-content\/uploads\/2026\/09\/image-4-300x199.png 300w, https:\/\/congopubonline.com\/wp-content\/uploads\/2026\/09\/image-4-768x511.png 768w, https:\/\/congopubonline.com\/wp-content\/uploads\/2026\/09\/image-4-585x389.png 585w, https:\/\/congopubonline.com\/wp-content\/uploads\/2026\/09\/image-4-263x175.png 263w, https:\/\/congopubonline.com\/wp-content\/uploads\/2026\/09\/image-4.png 1080w\" sizes=\"(max-width: 1024px) 100vw, 1024px\" \/><\/figure>\n\n\n\n<p class=\"wp-block-paragraph\"><\/p>\n\n\n\n<p class=\"wp-block-paragraph\">Parmi les premi\u00e8res initiatives annonc\u00e9es figure l\u2019\u00e9laboration d\u2019un <strong>\u00ab cahier citoyen \u00bb<\/strong>, qui devrait rassembler des propositions destin\u00e9es aux autorit\u00e9s sur les principaux d\u00e9fis auxquels le pays est confront\u00e9.<\/p>\n\n\n\n<p class=\"wp-block-paragraph\">La plateforme pr\u00e9voit \u00e9galement de mener diff\u00e9rentes actions de plaidoyer aupr\u00e8s des institutions et de l\u2019opinion publique.<\/p>\n\n\n\n<p class=\"wp-block-paragraph\">Se pr\u00e9sentant comme citoyenne, nationale, ind\u00e9pendante et non partisane, l\u2019Alliance pour la Patrie entend ainsi se positionner comme un espace de mobilisation et de r\u00e9flexion autour des enjeux majeurs de la RDC.<\/p>\n\n\n\n<p class=\"wp-block-paragraph\">Sa devise r\u00e9sume cette ambition : <strong>\u00ab La Patrie nous unit, sa responsabilit\u00e9 nous engage. \u00bb<\/strong><\/p>\n\n\n\n<p class=\"wp-block-paragraph\"><strong>Par Marius Bopenga<br>CONGO PUB Online<\/strong><\/p>\n\n\n\n<p class=\"wp-block-paragraph\"><\/p>\n<div class='epvc-post-count'><span class='epvc-eye'><\/span>  <span class=\"epvc-count\"> 12<\/span><span class='epvc-label'> Vues<\/span><\/div>","protected":false},"excerpt":{"rendered":"<p>Une nouvelle plateforme de la soci\u00e9t\u00e9 civile, l\u2019Alliance pour la Patrie (AP), a officiellement \u00e9t\u00e9 lanc\u00e9e ce lundi 31 ao\u00fbt 2026 \u00e0 Kinshasa. Initi\u00e9e notamment par Jean-Jacques Lumumba et Carbone&hellip;<\/p>\n","protected":false},"author":1,"featured_media":100518,"comment_status":"closed","ping_status":"closed","sticky":false,"template":"","format":"standard","meta":{"content-type":"","_monsterinsights_skip_tracking":false,"_lmt_disableupdate":"","_lmt_disable":"","footnotes":""},"categories":[844,58],"tags":[],"class_list":["post-100517","post","type-post","status-publish","format-standard","has-post-thumbnail","hentry","category-a-la-une","category-politiques"],"yoast_head":"<!-- This site is optimized with the Yoast SEO Premium plugin v25.4 (Yoast SEO v28.3) - https:\/\/yoast.com\/product\/yoast-seo-premium-wordpress\/ -->\n<title>RDC : Jean-Jacques Lumumba et Carbone Beni lancent l\u2019Alliance pour la Patrie pour d\u00e9fendre la souverainet\u00e9 nationale - Congo Pub Online<\/title>\n<meta name=\"description\" content=\"RDC : Jean-Jacques Lumumba et Carbone Beni lancent l\u2019Alliance pour la Patrie pour d\u00e9fendre la souverainet\u00e9 nationale \u00c0 la Une\" \/>\n<meta name=\"robots\" content=\"index, follow, max-snippet:-1, max-image-preview:large, max-video-preview:-1\" \/>\n<link rel=\"canonical\" href=\"https:\/\/congopubonline.com\/?p=100517\" \/>\n<meta property=\"og:locale\" content=\"fr_FR\" \/>\n<meta property=\"og:type\" content=\"article\" \/>\n<meta property=\"og:title\" content=\"RDC : Jean-Jacques Lumumba et Carbone Beni lancent l\u2019Alliance pour la Patrie pour d\u00e9fendre la souverainet\u00e9 nationale\" \/>\n<meta property=\"og:description\" content=\"RDC : Jean-Jacques Lumumba et Carbone Beni lancent l\u2019Alliance pour la Patrie pour d\u00e9fendre la souverainet\u00e9 nationale \u00c0 la Une\" \/>\n<meta property=\"og:url\" content=\"https:\/\/congopubonline.com\/?p=100517\" \/>\n<meta property=\"og:site_name\" content=\"Congo Pub Online\" \/>\n<meta property=\"article:publisher\" content=\"https:\/\/web.facebook.com\/Congopubonline\" \/>\n<meta property=\"article:published_time\" content=\"2026-09-01T20:39:56+00:00\" \/>\n<meta property=\"article:modified_time\" content=\"2026-09-01T20:39:57+00:00\" \/>\n<meta property=\"og:image\" content=\"https:\/\/congopubonline.com\/wp-content\/uploads\/2026\/09\/HRE01a1WQAACCJI.jpg\" \/>\n\t<meta property=\"og:image:width\" content=\"1080\" \/>\n\t<meta property=\"og:image:height\" content=\"718\" \/>\n\t<meta property=\"og:image:type\" content=\"image\/jpeg\" \/>\n<meta name=\"author\" content=\"admin9775\" \/>\n<meta name=\"twitter:card\" content=\"summary_large_image\" \/>\n<meta name=\"twitter:creator\" content=\"@CONGOPUBOnline\" \/>\n<meta name=\"twitter:site\" content=\"@CONGOPUBOnline\" \/>\n<meta name=\"twitter:label1\" content=\"\u00c9crit par\" \/>\n\t<meta name=\"twitter:data1\" content=\"admin9775\" \/>\n\t<meta name=\"twitter:label2\" content=\"Dur\u00e9e de lecture estim\u00e9e\" \/>\n\t<meta name=\"twitter:data2\" content=\"3 minutes\" \/>\n<script type=\"application\/ld+json\" class=\"yoast-schema-graph\">{\"@context\":\"https:\\\/\\\/schema.org\",\"@graph\":[{\"@type\":\"Article\",\"@id\":\"https:\\\/\\\/congopubonline.com\\\/?p=100517#article\",\"isPartOf\":{\"@id\":\"https:\\\/\\\/congopubonline.com\\\/?p=100517\"},\"author\":{\"name\":\"admin9775\",\"@id\":\"https:\\\/\\\/congopubonline.com\\\/#\\\/schema\\\/person\\\/d2f3a940be2e9c1a0e4f8831e203f3cc\"},\"headline\":\"RDC : Jean-Jacques Lumumba et Carbone Beni lancent l\u2019Alliance pour la Patrie pour d\u00e9fendre la souverainet\u00e9 nationale\",\"datePublished\":\"2026-09-01T20:39:56+00:00\",\"dateModified\":\"2026-09-01T20:39:57+00:00\",\"mainEntityOfPage\":{\"@id\":\"https:\\\/\\\/congopubonline.com\\\/?p=100517\"},\"wordCount\":483,\"publisher\":{\"@id\":\"https:\\\/\\\/congopubonline.com\\\/#organization\"},\"image\":{\"@id\":\"https:\\\/\\\/congopubonline.com\\\/?p=100517#primaryimage\"},\"thumbnailUrl\":\"https:\\\/\\\/congopubonline.com\\\/wp-content\\\/uploads\\\/2026\\\/09\\\/HRE01a1WQAACCJI.jpg\",\"articleSection\":[\"\u00c0 la Une\",\"Politique\"],\"inLanguage\":\"fr-FR\"},{\"@type\":\"WebPage\",\"@id\":\"https:\\\/\\\/congopubonline.com\\\/?p=100517\",\"url\":\"https:\\\/\\\/congopubonline.com\\\/?p=100517\",\"name\":\"RDC : Jean-Jacques Lumumba et Carbone Beni lancent l\u2019Alliance pour la Patrie pour d\u00e9fendre la souverainet\u00e9 nationale - Congo Pub Online\",\"isPartOf\":{\"@id\":\"https:\\\/\\\/congopubonline.com\\\/#website\"},\"primaryImageOfPage\":{\"@id\":\"https:\\\/\\\/congopubonline.com\\\/?p=100517#primaryimage\"},\"image\":{\"@id\":\"https:\\\/\\\/congopubonline.com\\\/?p=100517#primaryimage\"},\"thumbnailUrl\":\"https:\\\/\\\/congopubonline.com\\\/wp-content\\\/uploads\\\/2026\\\/09\\\/HRE01a1WQAACCJI.jpg\",\"datePublished\":\"2026-09-01T20:39:56+00:00\",\"dateModified\":\"2026-09-01T20:39:57+00:00\",\"description\":\"RDC : Jean-Jacques Lumumba et Carbone Beni lancent l\u2019Alliance pour la Patrie pour d\u00e9fendre la souverainet\u00e9 nationale \u00c0 la Une\",\"breadcrumb\":{\"@id\":\"https:\\\/\\\/congopubonline.com\\\/?p=100517#breadcrumb\"},\"inLanguage\":\"fr-FR\",\"potentialAction\":[{\"@type\":\"ReadAction\",\"target\":[\"https:\\\/\\\/congopubonline.com\\\/?p=100517\"]}]},{\"@type\":\"ImageObject\",\"inLanguage\":\"fr-FR\",\"@id\":\"https:\\\/\\\/congopubonline.com\\\/?p=100517#primaryimage\",\"url\":\"https:\\\/\\\/congopubonline.com\\\/wp-content\\\/uploads\\\/2026\\\/09\\\/HRE01a1WQAACCJI.jpg\",\"contentUrl\":\"https:\\\/\\\/congopubonline.com\\\/wp-content\\\/uploads\\\/2026\\\/09\\\/HRE01a1WQAACCJI.jpg\",\"width\":1080,\"height\":718},{\"@type\":\"BreadcrumbList\",\"@id\":\"https:\\\/\\\/congopubonline.com\\\/?p=100517#breadcrumb\",\"itemListElement\":[{\"@type\":\"ListItem\",\"position\":1,\"name\":\"Accueil\",\"item\":\"https:\\\/\\\/congopubonline.com\\\/\"},{\"@type\":\"ListItem\",\"position\":2,\"name\":\"RDC : Jean-Jacques Lumumba et Carbone Beni lancent l\u2019Alliance pour la Patrie pour d\u00e9fendre la souverainet\u00e9 nationale\"}]},{\"@type\":\"WebSite\",\"@id\":\"https:\\\/\\\/congopubonline.com\\\/#website\",\"url\":\"https:\\\/\\\/congopubonline.com\\\/\",\"name\":\"Congo Pub Online\",\"description\":\"Votre site d&#039;actualit\u00e9\",\"publisher\":{\"@id\":\"https:\\\/\\\/congopubonline.com\\\/#organization\"},\"alternateName\":\"Marketing 3.0\",\"potentialAction\":[{\"@type\":\"SearchAction\",\"target\":{\"@type\":\"EntryPoint\",\"urlTemplate\":\"https:\\\/\\\/congopubonline.com\\\/?s={search_term_string}\"},\"query-input\":{\"@type\":\"PropertyValueSpecification\",\"valueRequired\":true,\"valueName\":\"search_term_string\"}}],\"inLanguage\":\"fr-FR\"},{\"@type\":\"Organization\",\"@id\":\"https:\\\/\\\/congopubonline.com\\\/#organization\",\"name\":\"Congo Pub Online\",\"url\":\"https:\\\/\\\/congopubonline.com\\\/\",\"logo\":{\"@type\":\"ImageObject\",\"inLanguage\":\"fr-FR\",\"@id\":\"https:\\\/\\\/congopubonline.com\\\/#\\\/schema\\\/logo\\\/image\\\/\",\"url\":\"https:\\\/\\\/congopubonline.com\\\/wp-content\\\/uploads\\\/2022\\\/09\\\/LOGO_CONGO-PUB-Online_Version-2.jpg\",\"contentUrl\":\"https:\\\/\\\/congopubonline.com\\\/wp-content\\\/uploads\\\/2022\\\/09\\\/LOGO_CONGO-PUB-Online_Version-2.jpg\",\"width\":374,\"height\":223,\"caption\":\"Congo Pub Online\"},\"image\":{\"@id\":\"https:\\\/\\\/congopubonline.com\\\/#\\\/schema\\\/logo\\\/image\\\/\"},\"sameAs\":[\"https:\\\/\\\/web.facebook.com\\\/Congopubonline\",\"https:\\\/\\\/x.com\\\/CONGOPUBOnline\"]},{\"@type\":\"Person\",\"@id\":\"https:\\\/\\\/congopubonline.com\\\/#\\\/schema\\\/person\\\/d2f3a940be2e9c1a0e4f8831e203f3cc\",\"name\":\"admin9775\",\"sameAs\":[\"http:\\\/\\\/congopubonline.com\"],\"url\":\"https:\\\/\\\/congopubonline.com\\\/?author=1\"}]}<\/script>\n<!-- \/ Yoast SEO Premium plugin. -->","yoast_head_json":{"title":"RDC : Jean-Jacques Lumumba et Carbone Beni lancent l\u2019Alliance pour la Patrie pour d\u00e9fendre la souverainet\u00e9 nationale - Congo Pub Online","description":"RDC : Jean-Jacques Lumumba et Carbone Beni lancent l\u2019Alliance pour la Patrie pour d\u00e9fendre la souverainet\u00e9 nationale \u00c0 la Une","robots":{"index":"index","follow":"follow","max-snippet":"max-snippet:-1","max-image-preview":"max-image-preview:large","max-video-preview":"max-video-preview:-1"},"canonical":"https:\/\/congopubonline.com\/?p=100517","og_locale":"fr_FR","og_type":"article","og_title":"RDC : Jean-Jacques Lumumba et Carbone Beni lancent l\u2019Alliance pour la Patrie pour d\u00e9fendre la souverainet\u00e9 nationale","og_description":"RDC : Jean-Jacques Lumumba et Carbone Beni lancent l\u2019Alliance pour la Patrie pour d\u00e9fendre la souverainet\u00e9 nationale \u00c0 la Une","og_url":"https:\/\/congopubonline.com\/?p=100517","og_site_name":"Congo Pub Online","article_publisher":"https:\/\/web.facebook.com\/Congopubonline","article_published_time":"2026-09-01T20:39:56+00:00","article_modified_time":"2026-09-01T20:39:57+00:00","og_image":[{"width":1080,"height":718,"url":"https:\/\/congopubonline.com\/wp-content\/uploads\/2026\/09\/HRE01a1WQAACCJI.jpg","type":"image\/jpeg"}],"author":"admin9775","twitter_card":"summary_large_image","twitter_creator":"@CONGOPUBOnline","twitter_site":"@CONGOPUBOnline","twitter_misc":{"\u00c9crit par":"admin9775","Dur\u00e9e de lecture estim\u00e9e":"3 minutes"},"schema":{"@context":"https:\/\/schema.org","@graph":[{"@type":"Article","@id":"https:\/\/congopubonline.com\/?p=100517#article","isPartOf":{"@id":"https:\/\/congopubonline.com\/?p=100517"},"author":{"name":"admin9775","@id":"https:\/\/congopubonline.com\/#\/schema\/person\/d2f3a940be2e9c1a0e4f8831e203f3cc"},"headline":"RDC : Jean-Jacques Lumumba et Carbone Beni lancent l\u2019Alliance pour la Patrie pour d\u00e9fendre la souverainet\u00e9 nationale","datePublished":"2026-09-01T20:39:56+00:00","dateModified":"2026-09-01T20:39:57+00:00","mainEntityOfPage":{"@id":"https:\/\/congopubonline.com\/?p=100517"},"wordCount":483,"publisher":{"@id":"https:\/\/congopubonline.com\/#organization"},"image":{"@id":"https:\/\/congopubonline.com\/?p=100517#primaryimage"},"thumbnailUrl":"https:\/\/congopubonline.com\/wp-content\/uploads\/2026\/09\/HRE01a1WQAACCJI.jpg","articleSection":["\u00c0 la Une","Politique"],"inLanguage":"fr-FR"},{"@type":"WebPage","@id":"https:\/\/congopubonline.com\/?p=100517","url":"https:\/\/congopubonline.com\/?p=100517","name":"RDC : Jean-Jacques Lumumba et Carbone Beni lancent l\u2019Alliance pour la Patrie pour d\u00e9fendre la souverainet\u00e9 nationale - Congo Pub Online","isPartOf":{"@id":"https:\/\/congopubonline.com\/#website"},"primaryImageOfPage":{"@id":"https:\/\/congopubonline.com\/?p=100517#primaryimage"},"image":{"@id":"https:\/\/congopubonline.com\/?p=100517#primaryimage"},"thumbnailUrl":"https:\/\/congopubonline.com\/wp-content\/uploads\/2026\/09\/HRE01a1WQAACCJI.jpg","datePublished":"2026-09-01T20:39:56+00:00","dateModified":"2026-09-01T20:39:57+00:00","description":"RDC : Jean-Jacques Lumumba et Carbone Beni lancent l\u2019Alliance pour la Patrie pour d\u00e9fendre la souverainet\u00e9 nationale \u00c0 la Une","breadcrumb":{"@id":"https:\/\/congopubonline.com\/?p=100517#breadcrumb"},"inLanguage":"fr-FR","potentialAction":[{"@type":"ReadAction","target":["https:\/\/congopubonline.com\/?p=100517"]}]},{"@type":"ImageObject","inLanguage":"fr-FR","@id":"https:\/\/congopubonline.com\/?p=100517#primaryimage","url":"https:\/\/congopubonline.com\/wp-content\/uploads\/2026\/09\/HRE01a1WQAACCJI.jpg","contentUrl":"https:\/\/congopubonline.com\/wp-content\/uploads\/2026\/09\/HRE01a1WQAACCJI.jpg","width":1080,"height":718},{"@type":"BreadcrumbList","@id":"https:\/\/congopubonline.com\/?p=100517#breadcrumb","itemListElement":[{"@type":"ListItem","position":1,"name":"Accueil","item":"https:\/\/congopubonline.com\/"},{"@type":"ListItem","position":2,"name":"RDC : Jean-Jacques Lumumba et Carbone Beni lancent l\u2019Alliance pour la Patrie pour d\u00e9fendre la souverainet\u00e9 nationale"}]},{"@type":"WebSite","@id":"https:\/\/congopubonline.com\/#website","url":"https:\/\/congopubonline.com\/","name":"Congo Pub Online","description":"Votre site d&#039;actualit\u00e9","publisher":{"@id":"https:\/\/congopubonline.com\/#organization"},"alternateName":"Marketing 3.0","potentialAction":[{"@type":"SearchAction","target":{"@type":"EntryPoint","urlTemplate":"https:\/\/congopubonline.com\/?s={search_term_string}"},"query-input":{"@type":"PropertyValueSpecification","valueRequired":true,"valueName":"search_term_string"}}],"inLanguage":"fr-FR"},{"@type":"Organization","@id":"https:\/\/congopubonline.com\/#organization","name":"Congo Pub Online","url":"https:\/\/congopubonline.com\/","logo":{"@type":"ImageObject","inLanguage":"fr-FR","@id":"https:\/\/congopubonline.com\/#\/schema\/logo\/image\/","url":"https:\/\/congopubonline.com\/wp-content\/uploads\/2022\/09\/LOGO_CONGO-PUB-Online_Version-2.jpg","contentUrl":"https:\/\/congopubonline.com\/wp-content\/uploads\/2022\/09\/LOGO_CONGO-PUB-Online_Version-2.jpg","width":374,"height":223,"caption":"Congo Pub Online"},"image":{"@id":"https:\/\/congopubonline.com\/#\/schema\/logo\/image\/"},"sameAs":["https:\/\/web.facebook.com\/Congopubonline","https:\/\/x.com\/CONGOPUBOnline"]},{"@type":"Person","@id":"https:\/\/congopubonline.com\/#\/schema\/person\/d2f3a940be2e9c1a0e4f8831e203f3cc","name":"admin9775","sameAs":["http:\/\/congopubonline.com"],"url":"https:\/\/congopubonline.com\/?author=1"}]}},"_links":{"self":[{"href":"https:\/\/congopubonline.com\/index.php?rest_route=\/wp\/v2\/posts\/100517","targetHints":{"allow":["GET"]}}],"collection":[{"href":"https:\/\/congopubonline.com\/index.php?rest_route=\/wp\/v2\/posts"}],"about":[{"href":"https:\/\/congopubonline.com\/index.php?rest_route=\/wp\/v2\/types\/post"}],"author":[{"embeddable":true,"href":"https:\/\/congopubonline.com\/index.php?rest_route=\/wp\/v2\/users\/1"}],"replies":[{"embeddable":true,"href":"https:\/\/congopubonline.com\/index.php?rest_route=%2Fwp%2Fv2%2Fcomments&post=100517"}],"version-history":[{"count":1,"href":"https:\/\/congopubonline.com\/index.php?rest_route=\/wp\/v2\/posts\/100517\/revisions"}],"predecessor-version":[{"id":100521,"href":"https:\/\/congopubonline.com\/index.php?rest_route=\/wp\/v2\/posts\/100517\/revisions\/100521"}],"wp:featuredmedia":[{"embeddable":true,"href":"https:\/\/congopubonline.com\/index.php?rest_route=\/wp\/v2\/media\/100518"}],"wp:attachment":[{"href":"https:\/\/congopubonline.com\/index.php?rest_route=%2Fwp%2Fv2%2Fmedia&parent=100517"}],"wp:term":[{"taxonomy":"category","embeddable":true,"href":"https:\/\/congopubonline.com\/index.php?rest_route=%2Fwp%2Fv2%2Fcategories&post=100517"},{"taxonomy":"post_tag","embeddable":true,"href":"https:\/\/congopubonline.com\/index.php?rest_route=%2Fwp%2Fv2%2Ftags&post=100517"}],"curies":[{"name":"wp","href":"https:\/\/api.w.org\/{rel}","templated":true}]}}