{"id":100599,"date":"2026-09-03T12:54:08","date_gmt":"2026-09-03T10:54:08","guid":{"rendered":"https:\/\/congopubonline.com\/?p=100599"},"modified":"2026-09-03T12:54:10","modified_gmt":"2026-09-03T10:54:10","slug":"foot-pierre-emerick-aubameyang-ne-veut-plus-jouer-avec-le-gabon","status":"publish","type":"post","link":"https:\/\/congopubonline.com\/?p=100599","title":{"rendered":"Foot: Pierre-Emerick Aubameyang ne veut plus jouer avec le Gabon"},"content":{"rendered":"\n<p class=\"wp-block-paragraph\">Le capitaine des Panth\u00e8res du Gabon Pierre-Emerick Aubameyang a annonc\u00e9 sa mise en retrait de l&rsquo;\u00e9quipe nationale, s&rsquo;estimant \u00ab\u00a0<em>humili\u00e9\u00a0<\/em>\u00bb par son exclusion puis sa r\u00e9int\u00e9gration apr\u00e8s l&rsquo;\u00e9chec \u00e0 la CAN 2025 au Maroc.<\/p>\n\n\n\n<p class=\"wp-block-paragraph\">\u00ab\u00a0<em>Ils m&rsquo;ont humili\u00e9 et sali alors que j&rsquo;avais jou\u00e9 la CAN en \u00e9tant bless\u00e9<\/em>\u00a0\u00bb, a d\u00e9nonc\u00e9 le capitaine gabonais dans une interview. \u00ab<em>\u00a0C&rsquo;est la goutte d&rsquo;eau qui a fait d\u00e9border le vase et je pr\u00e9f\u00e8re m&rsquo;arr\u00eater l\u00e0<\/em>.\u00a0\u00bb Le meilleur buteur de l&rsquo;histoire des Panth\u00e8res du Gabon garde un go\u00fbt amer apr\u00e8s avoir \u00e9t\u00e9 d\u00e9sign\u00e9 responsable de l&rsquo;\u00e9chec \u00e0 la Coupe d&rsquo;Afrique des nations\u00a02025 par le gouvernement gabonais.<\/p>\n\n\n\n<p class=\"wp-block-paragraph\">Le Gabon avait \u00e9t\u00e9 sorti de la comp\u00e9tition d\u00e8s la phase de groupes apr\u00e8s trois d\u00e9faites, dont une derni\u00e8re contre la C\u00f4te d&rsquo;Ivoire (3-2). \u00ab<em>&nbsp;C&rsquo;est une part de l&rsquo;identit\u00e9 nationale qui s&rsquo;en trouve fragilis\u00e9e&nbsp;<\/em>\u00bb, avait alors comment\u00e9 le pr\u00e9sident gabonais Brice Clotaire Oligui Nguema.<\/p>\n\n\n\n<h2 id=\"h-nbsp-je-pense-que-les-problemes-de-l-equipe-sont-bien-plus-profonds-que-la-petite-personne-que-je-suis-nbsp\" class=\"wp-block-heading\">\u00ab&nbsp;<em>Je pense que les probl\u00e8mes de l&rsquo;\u00e9quipe sont bien plus profonds que la petite personne que je suis<\/em>&nbsp;\u00bb<\/h2>\n\n\n\n<p class=\"wp-block-paragraph\">En r\u00e9action, le gouvernement avait d\u00e9cid\u00e9 la dissolution du staff technique, la suspension de l&rsquo;\u00e9quipe nationale jusqu&rsquo;\u00e0 nouvel ordre, ainsi que la mise \u00e0 l&rsquo;\u00e9cart de Pierre-Emerick Aubameyang (37 ans) et Bruno Ecuele Manga (38 ans). La suspension de ces cadres v\u00e9t\u00e9rans de la s\u00e9lection avait suscit\u00e9 une vague d&rsquo;indignation parmi les supporters gabonais. \u00ab\u00a0<em>Je pense que les probl\u00e8mes de l&rsquo;\u00e9quipe sont bien plus profonds que la petite personne que je suis<\/em>\u00a0\u00bb, avait r\u00e9agi Aubameyang.<\/p>\n\n\n\n<p class=\"wp-block-paragraph\">Le buteur gabonais s&rsquo;est lanc\u00e9 un probable dernier d\u00e9fi en Europe en quittant l&rsquo;OM &#8211; une deuxi\u00e8me fois &#8211; pour rejoindre le Deportivo La Corogne, qui retrouve l&rsquo;\u00e9lite espagnole apr\u00e8s une longue travers\u00e9e du d\u00e9sert. Il a d\u00e9j\u00e0 inscrit trois buts pour sa nouvelle \u00e9quipe.<\/p>\n\n\n\n<p class=\"wp-block-paragraph\">Le nouveau s\u00e9lectionneur national du Gabon, S\u00e9bastien Mign\u00e9, devra composer avec le retrait de son capitaine alors que l&rsquo;\u00e9quipe pr\u00e9pare les prochaines \u00e9ch\u00e9ances des \u00e9liminatoires de la CAN. Absent du Mondial 2026, le Gabon aura pour objectif de se qualifier pour la prochaine CAN, pr\u00e9vue au Kenya, en Tanzanie et en Ouganda, du 19 juin au 17 juillet 2027.<\/p>\n\n\n\n<p class=\"wp-block-paragraph\"><strong><em>RFI<\/em><\/strong><\/p>\n\n\n\n<p class=\"wp-block-paragraph\"><\/p>\n<div class='epvc-post-count'><span class='epvc-eye'><\/span>  <span class=\"epvc-count\"> 24<\/span><span class='epvc-label'> Vues<\/span><\/div>","protected":false},"excerpt":{"rendered":"<p>Le capitaine des Panth\u00e8res du Gabon Pierre-Emerick Aubameyang a annonc\u00e9 sa mise en retrait de l&rsquo;\u00e9quipe nationale, s&rsquo;estimant \u00ab\u00a0humili\u00e9\u00a0\u00bb par son exclusion puis sa r\u00e9int\u00e9gration apr\u00e8s l&rsquo;\u00e9chec \u00e0 la CAN&hellip;<\/p>\n","protected":false},"author":1,"featured_media":100600,"comment_status":"closed","ping_status":"closed","sticky":false,"template":"","format":"standard","meta":{"content-type":"","_monsterinsights_skip_tracking":false,"_lmt_disableupdate":"","_lmt_disable":"","footnotes":""},"categories":[844,63],"tags":[],"class_list":["post-100599","post","type-post","status-publish","format-standard","has-post-thumbnail","hentry","category-a-la-une","category-bimber-sport"],"yoast_head":"<!-- This site is optimized with the Yoast SEO Premium plugin v25.4 (Yoast SEO v28.3) - https:\/\/yoast.com\/product\/yoast-seo-premium-wordpress\/ -->\n<title>Foot: Pierre-Emerick Aubameyang ne veut plus jouer avec le Gabon - Congo Pub Online<\/title>\n<meta name=\"description\" content=\"Foot: Pierre-Emerick Aubameyang ne veut plus jouer avec le Gabon \u00c0 la Une\" \/>\n<meta name=\"robots\" content=\"index, follow, max-snippet:-1, max-image-preview:large, max-video-preview:-1\" \/>\n<link rel=\"canonical\" href=\"https:\/\/congopubonline.com\/?p=100599\" \/>\n<meta property=\"og:locale\" content=\"fr_FR\" \/>\n<meta property=\"og:type\" content=\"article\" \/>\n<meta property=\"og:title\" content=\"Foot: Pierre-Emerick Aubameyang ne veut plus jouer avec le Gabon\" \/>\n<meta property=\"og:description\" content=\"Foot: Pierre-Emerick Aubameyang ne veut plus jouer avec le Gabon \u00c0 la Une\" \/>\n<meta property=\"og:url\" content=\"https:\/\/congopubonline.com\/?p=100599\" \/>\n<meta property=\"og:site_name\" content=\"Congo Pub Online\" \/>\n<meta property=\"article:publisher\" content=\"https:\/\/web.facebook.com\/Congopubonline\" \/>\n<meta property=\"article:published_time\" content=\"2026-09-03T10:54:08+00:00\" \/>\n<meta property=\"article:modified_time\" content=\"2026-09-03T10:54:10+00:00\" \/>\n<meta property=\"og:image\" content=\"https:\/\/congopubonline.com\/wp-content\/uploads\/2026\/09\/aubaueyang.png\" \/>\n\t<meta property=\"og:image:width\" content=\"718\" \/>\n\t<meta property=\"og:image:height\" content=\"439\" \/>\n\t<meta property=\"og:image:type\" content=\"image\/png\" \/>\n<meta name=\"author\" content=\"admin9775\" \/>\n<meta name=\"twitter:card\" content=\"summary_large_image\" \/>\n<meta name=\"twitter:creator\" content=\"@CONGOPUBOnline\" \/>\n<meta name=\"twitter:site\" content=\"@CONGOPUBOnline\" \/>\n<meta name=\"twitter:label1\" content=\"\u00c9crit par\" \/>\n\t<meta name=\"twitter:data1\" content=\"admin9775\" \/>\n\t<meta name=\"twitter:label2\" content=\"Dur\u00e9e de lecture estim\u00e9e\" \/>\n\t<meta name=\"twitter:data2\" content=\"2 minutes\" \/>\n<script type=\"application\/ld+json\" class=\"yoast-schema-graph\">{\"@context\":\"https:\\\/\\\/schema.org\",\"@graph\":[{\"@type\":\"Article\",\"@id\":\"https:\\\/\\\/congopubonline.com\\\/?p=100599#article\",\"isPartOf\":{\"@id\":\"https:\\\/\\\/congopubonline.com\\\/?p=100599\"},\"author\":{\"name\":\"admin9775\",\"@id\":\"https:\\\/\\\/congopubonline.com\\\/#\\\/schema\\\/person\\\/d2f3a940be2e9c1a0e4f8831e203f3cc\"},\"headline\":\"Foot: Pierre-Emerick Aubameyang ne veut plus jouer avec le Gabon\",\"datePublished\":\"2026-09-03T10:54:08+00:00\",\"dateModified\":\"2026-09-03T10:54:10+00:00\",\"mainEntityOfPage\":{\"@id\":\"https:\\\/\\\/congopubonline.com\\\/?p=100599\"},\"wordCount\":410,\"publisher\":{\"@id\":\"https:\\\/\\\/congopubonline.com\\\/#organization\"},\"image\":{\"@id\":\"https:\\\/\\\/congopubonline.com\\\/?p=100599#primaryimage\"},\"thumbnailUrl\":\"https:\\\/\\\/congopubonline.com\\\/wp-content\\\/uploads\\\/2026\\\/09\\\/aubaueyang.png\",\"articleSection\":[\"\u00c0 la Une\",\"Sport\"],\"inLanguage\":\"fr-FR\"},{\"@type\":\"WebPage\",\"@id\":\"https:\\\/\\\/congopubonline.com\\\/?p=100599\",\"url\":\"https:\\\/\\\/congopubonline.com\\\/?p=100599\",\"name\":\"Foot: Pierre-Emerick Aubameyang ne veut plus jouer avec le Gabon - Congo Pub Online\",\"isPartOf\":{\"@id\":\"https:\\\/\\\/congopubonline.com\\\/#website\"},\"primaryImageOfPage\":{\"@id\":\"https:\\\/\\\/congopubonline.com\\\/?p=100599#primaryimage\"},\"image\":{\"@id\":\"https:\\\/\\\/congopubonline.com\\\/?p=100599#primaryimage\"},\"thumbnailUrl\":\"https:\\\/\\\/congopubonline.com\\\/wp-content\\\/uploads\\\/2026\\\/09\\\/aubaueyang.png\",\"datePublished\":\"2026-09-03T10:54:08+00:00\",\"dateModified\":\"2026-09-03T10:54:10+00:00\",\"description\":\"Foot: Pierre-Emerick Aubameyang ne veut plus jouer avec le Gabon \u00c0 la Une\",\"breadcrumb\":{\"@id\":\"https:\\\/\\\/congopubonline.com\\\/?p=100599#breadcrumb\"},\"inLanguage\":\"fr-FR\",\"potentialAction\":[{\"@type\":\"ReadAction\",\"target\":[\"https:\\\/\\\/congopubonline.com\\\/?p=100599\"]}]},{\"@type\":\"ImageObject\",\"inLanguage\":\"fr-FR\",\"@id\":\"https:\\\/\\\/congopubonline.com\\\/?p=100599#primaryimage\",\"url\":\"https:\\\/\\\/congopubonline.com\\\/wp-content\\\/uploads\\\/2026\\\/09\\\/aubaueyang.png\",\"contentUrl\":\"https:\\\/\\\/congopubonline.com\\\/wp-content\\\/uploads\\\/2026\\\/09\\\/aubaueyang.png\",\"width\":718,\"height\":439},{\"@type\":\"BreadcrumbList\",\"@id\":\"https:\\\/\\\/congopubonline.com\\\/?p=100599#breadcrumb\",\"itemListElement\":[{\"@type\":\"ListItem\",\"position\":1,\"name\":\"Accueil\",\"item\":\"https:\\\/\\\/congopubonline.com\\\/\"},{\"@type\":\"ListItem\",\"position\":2,\"name\":\"Foot: Pierre-Emerick Aubameyang ne veut plus jouer avec le Gabon\"}]},{\"@type\":\"WebSite\",\"@id\":\"https:\\\/\\\/congopubonline.com\\\/#website\",\"url\":\"https:\\\/\\\/congopubonline.com\\\/\",\"name\":\"Congo Pub Online\",\"description\":\"Votre site d&#039;actualit\u00e9\",\"publisher\":{\"@id\":\"https:\\\/\\\/congopubonline.com\\\/#organization\"},\"alternateName\":\"Marketing 3.0\",\"potentialAction\":[{\"@type\":\"SearchAction\",\"target\":{\"@type\":\"EntryPoint\",\"urlTemplate\":\"https:\\\/\\\/congopubonline.com\\\/?s={search_term_string}\"},\"query-input\":{\"@type\":\"PropertyValueSpecification\",\"valueRequired\":true,\"valueName\":\"search_term_string\"}}],\"inLanguage\":\"fr-FR\"},{\"@type\":\"Organization\",\"@id\":\"https:\\\/\\\/congopubonline.com\\\/#organization\",\"name\":\"Congo Pub Online\",\"url\":\"https:\\\/\\\/congopubonline.com\\\/\",\"logo\":{\"@type\":\"ImageObject\",\"inLanguage\":\"fr-FR\",\"@id\":\"https:\\\/\\\/congopubonline.com\\\/#\\\/schema\\\/logo\\\/image\\\/\",\"url\":\"https:\\\/\\\/congopubonline.com\\\/wp-content\\\/uploads\\\/2022\\\/09\\\/LOGO_CONGO-PUB-Online_Version-2.jpg\",\"contentUrl\":\"https:\\\/\\\/congopubonline.com\\\/wp-content\\\/uploads\\\/2022\\\/09\\\/LOGO_CONGO-PUB-Online_Version-2.jpg\",\"width\":374,\"height\":223,\"caption\":\"Congo Pub Online\"},\"image\":{\"@id\":\"https:\\\/\\\/congopubonline.com\\\/#\\\/schema\\\/logo\\\/image\\\/\"},\"sameAs\":[\"https:\\\/\\\/web.facebook.com\\\/Congopubonline\",\"https:\\\/\\\/x.com\\\/CONGOPUBOnline\"]},{\"@type\":\"Person\",\"@id\":\"https:\\\/\\\/congopubonline.com\\\/#\\\/schema\\\/person\\\/d2f3a940be2e9c1a0e4f8831e203f3cc\",\"name\":\"admin9775\",\"sameAs\":[\"http:\\\/\\\/congopubonline.com\"],\"url\":\"https:\\\/\\\/congopubonline.com\\\/?author=1\"}]}<\/script>\n<!-- \/ Yoast SEO Premium plugin. -->","yoast_head_json":{"title":"Foot: Pierre-Emerick Aubameyang ne veut plus jouer avec le Gabon - Congo Pub Online","description":"Foot: Pierre-Emerick Aubameyang ne veut plus jouer avec le Gabon \u00c0 la Une","robots":{"index":"index","follow":"follow","max-snippet":"max-snippet:-1","max-image-preview":"max-image-preview:large","max-video-preview":"max-video-preview:-1"},"canonical":"https:\/\/congopubonline.com\/?p=100599","og_locale":"fr_FR","og_type":"article","og_title":"Foot: Pierre-Emerick Aubameyang ne veut plus jouer avec le Gabon","og_description":"Foot: Pierre-Emerick Aubameyang ne veut plus jouer avec le Gabon \u00c0 la Une","og_url":"https:\/\/congopubonline.com\/?p=100599","og_site_name":"Congo Pub Online","article_publisher":"https:\/\/web.facebook.com\/Congopubonline","article_published_time":"2026-09-03T10:54:08+00:00","article_modified_time":"2026-09-03T10:54:10+00:00","og_image":[{"width":718,"height":439,"url":"https:\/\/congopubonline.com\/wp-content\/uploads\/2026\/09\/aubaueyang.png","type":"image\/png"}],"author":"admin9775","twitter_card":"summary_large_image","twitter_creator":"@CONGOPUBOnline","twitter_site":"@CONGOPUBOnline","twitter_misc":{"\u00c9crit par":"admin9775","Dur\u00e9e de lecture estim\u00e9e":"2 minutes"},"schema":{"@context":"https:\/\/schema.org","@graph":[{"@type":"Article","@id":"https:\/\/congopubonline.com\/?p=100599#article","isPartOf":{"@id":"https:\/\/congopubonline.com\/?p=100599"},"author":{"name":"admin9775","@id":"https:\/\/congopubonline.com\/#\/schema\/person\/d2f3a940be2e9c1a0e4f8831e203f3cc"},"headline":"Foot: Pierre-Emerick Aubameyang ne veut plus jouer avec le Gabon","datePublished":"2026-09-03T10:54:08+00:00","dateModified":"2026-09-03T10:54:10+00:00","mainEntityOfPage":{"@id":"https:\/\/congopubonline.com\/?p=100599"},"wordCount":410,"publisher":{"@id":"https:\/\/congopubonline.com\/#organization"},"image":{"@id":"https:\/\/congopubonline.com\/?p=100599#primaryimage"},"thumbnailUrl":"https:\/\/congopubonline.com\/wp-content\/uploads\/2026\/09\/aubaueyang.png","articleSection":["\u00c0 la Une","Sport"],"inLanguage":"fr-FR"},{"@type":"WebPage","@id":"https:\/\/congopubonline.com\/?p=100599","url":"https:\/\/congopubonline.com\/?p=100599","name":"Foot: Pierre-Emerick Aubameyang ne veut plus jouer avec le Gabon - Congo Pub Online","isPartOf":{"@id":"https:\/\/congopubonline.com\/#website"},"primaryImageOfPage":{"@id":"https:\/\/congopubonline.com\/?p=100599#primaryimage"},"image":{"@id":"https:\/\/congopubonline.com\/?p=100599#primaryimage"},"thumbnailUrl":"https:\/\/congopubonline.com\/wp-content\/uploads\/2026\/09\/aubaueyang.png","datePublished":"2026-09-03T10:54:08+00:00","dateModified":"2026-09-03T10:54:10+00:00","description":"Foot: Pierre-Emerick Aubameyang ne veut plus jouer avec le Gabon \u00c0 la Une","breadcrumb":{"@id":"https:\/\/congopubonline.com\/?p=100599#breadcrumb"},"inLanguage":"fr-FR","potentialAction":[{"@type":"ReadAction","target":["https:\/\/congopubonline.com\/?p=100599"]}]},{"@type":"ImageObject","inLanguage":"fr-FR","@id":"https:\/\/congopubonline.com\/?p=100599#primaryimage","url":"https:\/\/congopubonline.com\/wp-content\/uploads\/2026\/09\/aubaueyang.png","contentUrl":"https:\/\/congopubonline.com\/wp-content\/uploads\/2026\/09\/aubaueyang.png","width":718,"height":439},{"@type":"BreadcrumbList","@id":"https:\/\/congopubonline.com\/?p=100599#breadcrumb","itemListElement":[{"@type":"ListItem","position":1,"name":"Accueil","item":"https:\/\/congopubonline.com\/"},{"@type":"ListItem","position":2,"name":"Foot: Pierre-Emerick Aubameyang ne veut plus jouer avec le Gabon"}]},{"@type":"WebSite","@id":"https:\/\/congopubonline.com\/#website","url":"https:\/\/congopubonline.com\/","name":"Congo Pub Online","description":"Votre site d&#039;actualit\u00e9","publisher":{"@id":"https:\/\/congopubonline.com\/#organization"},"alternateName":"Marketing 3.0","potentialAction":[{"@type":"SearchAction","target":{"@type":"EntryPoint","urlTemplate":"https:\/\/congopubonline.com\/?s={search_term_string}"},"query-input":{"@type":"PropertyValueSpecification","valueRequired":true,"valueName":"search_term_string"}}],"inLanguage":"fr-FR"},{"@type":"Organization","@id":"https:\/\/congopubonline.com\/#organization","name":"Congo Pub Online","url":"https:\/\/congopubonline.com\/","logo":{"@type":"ImageObject","inLanguage":"fr-FR","@id":"https:\/\/congopubonline.com\/#\/schema\/logo\/image\/","url":"https:\/\/congopubonline.com\/wp-content\/uploads\/2022\/09\/LOGO_CONGO-PUB-Online_Version-2.jpg","contentUrl":"https:\/\/congopubonline.com\/wp-content\/uploads\/2022\/09\/LOGO_CONGO-PUB-Online_Version-2.jpg","width":374,"height":223,"caption":"Congo Pub Online"},"image":{"@id":"https:\/\/congopubonline.com\/#\/schema\/logo\/image\/"},"sameAs":["https:\/\/web.facebook.com\/Congopubonline","https:\/\/x.com\/CONGOPUBOnline"]},{"@type":"Person","@id":"https:\/\/congopubonline.com\/#\/schema\/person\/d2f3a940be2e9c1a0e4f8831e203f3cc","name":"admin9775","sameAs":["http:\/\/congopubonline.com"],"url":"https:\/\/congopubonline.com\/?author=1"}]}},"_links":{"self":[{"href":"https:\/\/congopubonline.com\/index.php?rest_route=\/wp\/v2\/posts\/100599","targetHints":{"allow":["GET"]}}],"collection":[{"href":"https:\/\/congopubonline.com\/index.php?rest_route=\/wp\/v2\/posts"}],"about":[{"href":"https:\/\/congopubonline.com\/index.php?rest_route=\/wp\/v2\/types\/post"}],"author":[{"embeddable":true,"href":"https:\/\/congopubonline.com\/index.php?rest_route=\/wp\/v2\/users\/1"}],"replies":[{"embeddable":true,"href":"https:\/\/congopubonline.com\/index.php?rest_route=%2Fwp%2Fv2%2Fcomments&post=100599"}],"version-history":[{"count":1,"href":"https:\/\/congopubonline.com\/index.php?rest_route=\/wp\/v2\/posts\/100599\/revisions"}],"predecessor-version":[{"id":100601,"href":"https:\/\/congopubonline.com\/index.php?rest_route=\/wp\/v2\/posts\/100599\/revisions\/100601"}],"wp:featuredmedia":[{"embeddable":true,"href":"https:\/\/congopubonline.com\/index.php?rest_route=\/wp\/v2\/media\/100600"}],"wp:attachment":[{"href":"https:\/\/congopubonline.com\/index.php?rest_route=%2Fwp%2Fv2%2Fmedia&parent=100599"}],"wp:term":[{"taxonomy":"category","embeddable":true,"href":"https:\/\/congopubonline.com\/index.php?rest_route=%2Fwp%2Fv2%2Fcategories&post=100599"},{"taxonomy":"post_tag","embeddable":true,"href":"https:\/\/congopubonline.com\/index.php?rest_route=%2Fwp%2Fv2%2Ftags&post=100599"}],"curies":[{"name":"wp","href":"https:\/\/api.w.org\/{rel}","templated":true}]}}