{"id":100684,"date":"2026-09-05T10:00:28","date_gmt":"2026-09-05T08:00:28","guid":{"rendered":"https:\/\/congopubonline.com\/?p=100684"},"modified":"2026-09-05T10:00:30","modified_gmt":"2026-09-05T08:00:30","slug":"rdc-deo-bizibu-defend-le-bilan-de-tshisekedi-et-appelle-a-mettre-lennemi-dehors","status":"publish","type":"post","link":"https:\/\/congopubonline.com\/?p=100684","title":{"rendered":"RDC : D\u00e9o Bizibu d\u00e9fend le bilan de Tshisekedi et appelle \u00e0 \u00ab mettre l\u2019ennemi dehors \u00bb"},"content":{"rendered":"\n<p class=\"wp-block-paragraph\">Le secr\u00e9taire g\u00e9n\u00e9ral adjoint de l\u2019UDPS\/Tshisekedi, <strong>D\u00e9o Bizibu<\/strong>, assume une lecture essentiellement s\u00e9curitaire de la crise congolaise. Invit\u00e9 jeudi du Space live anim\u00e9 par le journaliste <strong>Stanis Bujakera Tshiamala<\/strong>, il a appel\u00e9 \u00e0 l\u2019unit\u00e9 nationale face \u00e0 ce qu\u2019il qualifie d\u2019\u00ab agression rwandaise \u00bb, tout en rejetant l\u2019id\u00e9e que la d\u00e9gradation de la situation dans l\u2019Est puisse \u00eatre imput\u00e9e au seul pouvoir de F\u00e9lix Tshisekedi.<\/p>\n\n\n\n<h3 id=\"h-d-abord-l-ennemi-dehors\" class=\"wp-block-heading\"><strong>\u00ab D\u2019abord l\u2019ennemi dehors \u00bb<\/strong><\/h3>\n\n\n\n<p class=\"wp-block-paragraph\">Pour D\u00e9o Bizibu, la priorit\u00e9 du moment ne r\u00e9side pas dans les querelles politiques internes, mais dans la d\u00e9fense du territoire national.<\/p>\n\n\n\n<blockquote class=\"wp-block-quote is-layout-flow wp-block-quote-is-layout-flow\">\n<p class=\"wp-block-paragraph\">\u00ab Il faut d\u2019abord mettre l\u2019ennemi dehors. Toutes les divergences qui existeraient entre nous doivent s\u2019effacer devant la d\u00e9fense de la m\u00e8re patrie \u00bb, a-t-il d\u00e9clar\u00e9.<\/p>\n<\/blockquote>\n\n\n\n<p class=\"wp-block-paragraph\">Le dirigeant de l\u2019UDPS inscrit la crise actuelle dans une histoire s\u00e9curitaire qu\u2019il fait remonter \u00e0 pr\u00e8s de trois d\u00e9cennies. Il accuse notamment le Rwanda d\u2019avoir jou\u00e9 un r\u00f4le majeur dans les diff\u00e9rents conflits ayant affect\u00e9 la RDC et appelle la communaut\u00e9 internationale, particuli\u00e8rement les \u00c9tats-Unis, \u00e0 reconna\u00eetre ce qu\u2019il consid\u00e8re comme une agression contre le pays.<\/p>\n\n\n\n<p class=\"wp-block-paragraph\">Il avance par ailleurs le chiffre d\u2019environ <strong>dix millions de morts<\/strong> li\u00e9s \u00e0 la guerre, une estimation r\u00e9guli\u00e8rement \u00e9voqu\u00e9e dans le d\u00e9bat public congolais mais qui fait l\u2019objet de controverses sur son origine et sa m\u00e9thodologie.<\/p>\n\n\n\n<h3 id=\"h-de-1996-a-aujourd-hui-une-comparaison-pour-defendre-le-regime\" class=\"wp-block-heading\"><strong>De 1996 \u00e0 aujourd\u2019hui, une comparaison pour d\u00e9fendre le r\u00e9gime<\/strong><\/h3>\n\n\n\n<p class=\"wp-block-paragraph\">Pour \u00e9tayer son argumentaire, D\u00e9o Bizibu s\u2019est livr\u00e9 \u00e0 une lecture historique des guerres congolaises.<\/p>\n\n\n\n<p class=\"wp-block-paragraph\">Il a notamment rappel\u00e9 l\u2019offensive de 1996-1997 qui avait conduit \u00e0 la chute du r\u00e9gime de Mobutu en quelques mois, avant d\u2019\u00e9voquer la rupture entre Laurent-D\u00e9sir\u00e9 Kabila et ses anciens alli\u00e9s rwandais, suivie d&rsquo;une nouvelle r\u00e9bellion.<\/p>\n\n\n\n<p class=\"wp-block-paragraph\">Selon lui, la situation actuelle serait diff\u00e9rente : malgr\u00e9 plusieurs ann\u00e9es de conflit, l\u2019avanc\u00e9e des forces de l\u2019AFC\/M23 n\u2019aurait pas atteint l\u2019ampleur territoriale observ\u00e9e lors des pr\u00e9c\u00e9dentes guerres.<\/p>\n\n\n\n<p class=\"wp-block-paragraph\">Le responsable de l\u2019UDPS attribue cette diff\u00e9rence \u00e0 une r\u00e9sistance qu\u2019il juge plus ferme sous F\u00e9lix Tshisekedi. Il critique, en revanche, les politiques de <strong>\u00ab brassage \u00bb et de \u00ab mixage \u00bb<\/strong> des forces arm\u00e9es mises en \u0153uvre par les r\u00e9gimes pr\u00e9c\u00e9dents, qu\u2019il accuse d\u2019avoir favoris\u00e9 l\u2019infiltration des services de s\u00e9curit\u00e9.<\/p>\n\n\n\n<h3 id=\"h-trente-ans-de-destruction-ne-se-reparent-pas-en-huit-ans\" class=\"wp-block-heading\"><strong>\u00ab Trente ans de destruction ne se r\u00e9parent pas en huit ans \u00bb<\/strong><\/h3>\n\n\n\n<p class=\"wp-block-paragraph\">Face aux critiques visant directement le pouvoir actuel apr\u00e8s la prise de <strong>Goma et de Bukavu par l\u2019AFC\/M23<\/strong>, D\u00e9o Bizibu refuse de consid\u00e9rer ces revers comme la preuve d\u2019un \u00e9chec du r\u00e9gime.<\/p>\n\n\n\n<blockquote class=\"wp-block-quote is-layout-flow wp-block-quote-is-layout-flow\">\n<p class=\"wp-block-paragraph\">\u00ab Vous pensez qu\u2019en huit ans, on peut tout r\u00e9parer ? Absolument pas \u00bb, a-t-il r\u00e9pondu.<\/p>\n<\/blockquote>\n\n\n\n<p class=\"wp-block-paragraph\">Pour lui, l\u2019\u00e9tat actuel des forces arm\u00e9es est d\u2019abord le r\u00e9sultat d\u2019une longue d\u00e9gradation institutionnelle et militaire. Il affirme n\u00e9anmoins que l\u2019arm\u00e9e congolaise dispose aujourd\u2019hui de moyens qu\u2019elle n\u2019aurait pas eus sous les gouvernements pr\u00e9c\u00e9dents.<\/p>\n\n\n\n<p class=\"wp-block-paragraph\">Cette d\u00e9fense place l\u2019UDPS face \u00e0 une question r\u00e9currente : jusqu\u2019o\u00f9 peut-on invoquer l\u2019h\u00e9ritage des d\u00e9cennies pr\u00e9c\u00e9dentes pour expliquer les difficult\u00e9s rencontr\u00e9es apr\u00e8s pr\u00e8s de huit ans de pouvoir ?<\/p>\n\n\n\n<h3 id=\"h-le-bilan-economique-et-social-mis-en-avant\" class=\"wp-block-heading\"><strong>Le bilan \u00e9conomique et social mis en avant<\/strong><\/h3>\n\n\n\n<p class=\"wp-block-paragraph\">Relanc\u00e9 sur cette question, D\u00e9o Bizibu a choisi de d\u00e9fendre le bilan g\u00e9n\u00e9ral du gouvernement plut\u00f4t que de limiter son argumentaire \u00e0 la situation s\u00e9curitaire.<\/p>\n\n\n\n<p class=\"wp-block-paragraph\">Il a cit\u00e9 plusieurs r\u00e9alisations infrastructurelles, notamment dans le secteur de l\u2019eau \u00e0 Kinshasa, \u00e9voquant la desserte de communes telles que Ndjili, Selembao et certaines zones de Bandalungwa et Ngaliema, ainsi que la mise en service d\u2019une nouvelle usine de production d\u2019eau.<\/p>\n\n\n\n<p class=\"wp-block-paragraph\">Il a \u00e9galement \u00e9voqu\u00e9 des investissements dans le secteur universitaire, citant notamment le r\u00e8glement d\u2019un conflit foncier \u00e0 l\u2019Universit\u00e9 de Bunia, ainsi que des travaux d\u2019infrastructures a\u00e9roportuaires \u00e0 Kananga et Mbuji-Mayi.<\/p>\n\n\n\n<p class=\"wp-block-paragraph\">Ces exemples constituent, dans son argumentaire, la preuve que le bilan du pouvoir ne saurait \u00eatre r\u00e9duit aux difficult\u00e9s s\u00e9curitaires dans l\u2019Est.<\/p>\n\n\n\n<h3 id=\"h-entre-heritage-du-passe-et-responsabilite-du-present\" class=\"wp-block-heading\"><strong>Entre h\u00e9ritage du pass\u00e9 et responsabilit\u00e9 du pr\u00e9sent<\/strong><\/h3>\n\n\n\n<p class=\"wp-block-paragraph\">La ligne d\u00e9fendue par D\u00e9o Bizibu repose ainsi sur un double argument : la guerre actuelle serait le produit d\u2019une crise s\u00e9curitaire ancienne, tandis que le pouvoir Tshisekedi aurait engag\u00e9 un processus de redressement dont les r\u00e9sultats doivent \u00eatre \u00e9valu\u00e9s sur le long terme.<\/p>\n\n\n\n<p class=\"wp-block-paragraph\">Mais cette lecture se heurte \u00e0 une r\u00e9alit\u00e9 politique : apr\u00e8s pr\u00e8s de huit ann\u00e9es au pouvoir, l\u2019UDPS ne peut plus totalement dissocier son bilan de l\u2019\u00e9volution de la situation s\u00e9curitaire nationale.<\/p>\n\n\n\n<p class=\"wp-block-paragraph\">C\u2019est pr\u00e9cis\u00e9ment sur cette question que l\u2019\u00e9change s\u2019est tendu. Invit\u00e9 \u00e0 pr\u00e9ciser \u00e0 quel moment le parti au pouvoir entendrait pleinement assumer sa propre part de responsabilit\u00e9 plut\u00f4t que de renvoyer syst\u00e9matiquement au pass\u00e9 ou \u00e0 l\u2019action du Rwanda, D\u00e9o Bizibu a amorc\u00e9 une comparaison avec le discours de Mobutu sur le <strong>\u00ab mal za\u00efrois \u00bb<\/strong> en 1978.<\/p>\n\n\n\n<p class=\"wp-block-paragraph\">L\u2019\u00e9change s\u2019est toutefois interrompu avant qu\u2019il puisse d\u00e9velopper cette comparaison.<\/p>\n\n\n\n<p class=\"wp-block-paragraph\">Au-del\u00e0 des divergences d\u2019interpr\u00e9tation, son intervention traduit une ligne politique claire : face \u00e0 la guerre, l\u2019UDPS veut placer la d\u00e9fense du territoire au-dessus des divisions internes et pr\u00e9senter le bilan de F\u00e9lix Tshisekedi \u00e0 l\u2019aune d\u2019un pays qu\u2019elle estime avoir h\u00e9rit\u00e9 d\u2019un appareil s\u00e9curitaire profond\u00e9ment affaibli. La question demeure toutefois enti\u00e8re : comment articuler cet h\u00e9ritage avec la responsabilit\u00e9 du pouvoir en place sur les r\u00e9sultats obtenus apr\u00e8s huit ann\u00e9es de gouvernance ?<\/p>\n\n\n\n<p class=\"wp-block-paragraph\"><\/p>\n\n\n\n<p class=\"wp-block-paragraph\"><strong>Par Pascal Kabeya<br>CONGO PUB Online<\/strong><\/p>\n<div class='epvc-post-count'><span class='epvc-eye'><\/span>  <span class=\"epvc-count\"> 7<\/span><span class='epvc-label'> Vues<\/span><\/div>","protected":false},"excerpt":{"rendered":"<p>Le secr\u00e9taire g\u00e9n\u00e9ral adjoint de l\u2019UDPS\/Tshisekedi, D\u00e9o Bizibu, assume une lecture essentiellement s\u00e9curitaire de la crise congolaise. Invit\u00e9 jeudi du Space live anim\u00e9 par le journaliste Stanis Bujakera Tshiamala, il&hellip;<\/p>\n","protected":false},"author":1,"featured_media":100686,"comment_status":"closed","ping_status":"closed","sticky":false,"template":"","format":"standard","meta":{"content-type":"","_monsterinsights_skip_tracking":false,"_lmt_disableupdate":"","_lmt_disable":"","footnotes":""},"categories":[844,58],"tags":[],"class_list":["post-100684","post","type-post","status-publish","format-standard","has-post-thumbnail","hentry","category-a-la-une","category-politiques"],"yoast_head":"<!-- This site is optimized with the Yoast SEO Premium plugin v25.4 (Yoast SEO v28.3) - https:\/\/yoast.com\/product\/yoast-seo-premium-wordpress\/ -->\n<title>RDC : D\u00e9o Bizibu d\u00e9fend le bilan de Tshisekedi et appelle \u00e0 \u00ab mettre l\u2019ennemi dehors \u00bb - Congo Pub Online<\/title>\n<meta name=\"description\" content=\"RDC : D\u00e9o Bizibu d\u00e9fend le bilan de Tshisekedi et appelle \u00e0 \u00ab mettre l\u2019ennemi dehors \u00bb \u00c0 la Une\" \/>\n<meta name=\"robots\" content=\"index, follow, max-snippet:-1, max-image-preview:large, max-video-preview:-1\" \/>\n<link rel=\"canonical\" href=\"https:\/\/congopubonline.com\/?p=100684\" \/>\n<meta property=\"og:locale\" content=\"fr_FR\" \/>\n<meta property=\"og:type\" content=\"article\" \/>\n<meta property=\"og:title\" content=\"RDC : D\u00e9o Bizibu d\u00e9fend le bilan de Tshisekedi et appelle \u00e0 \u00ab mettre l\u2019ennemi dehors \u00bb\" \/>\n<meta property=\"og:description\" content=\"RDC : D\u00e9o Bizibu d\u00e9fend le bilan de Tshisekedi et appelle \u00e0 \u00ab mettre l\u2019ennemi dehors \u00bb \u00c0 la Une\" \/>\n<meta property=\"og:url\" content=\"https:\/\/congopubonline.com\/?p=100684\" \/>\n<meta property=\"og:site_name\" content=\"Congo Pub Online\" \/>\n<meta property=\"article:publisher\" content=\"https:\/\/web.facebook.com\/Congopubonline\" \/>\n<meta property=\"article:published_time\" content=\"2026-09-05T08:00:28+00:00\" \/>\n<meta property=\"article:modified_time\" content=\"2026-09-05T08:00:30+00:00\" \/>\n<meta property=\"og:image\" content=\"https:\/\/congopubonline.com\/wp-content\/uploads\/2026\/09\/UDPS-Bizibu-se-rebelle-contre-le-chef-1024x636-1.jpg\" \/>\n\t<meta property=\"og:image:width\" content=\"1024\" \/>\n\t<meta property=\"og:image:height\" content=\"636\" \/>\n\t<meta property=\"og:image:type\" content=\"image\/jpeg\" \/>\n<meta name=\"author\" content=\"admin9775\" \/>\n<meta name=\"twitter:card\" content=\"summary_large_image\" \/>\n<meta name=\"twitter:creator\" content=\"@CONGOPUBOnline\" \/>\n<meta name=\"twitter:site\" content=\"@CONGOPUBOnline\" \/>\n<meta name=\"twitter:label1\" content=\"\u00c9crit par\" \/>\n\t<meta name=\"twitter:data1\" content=\"admin9775\" \/>\n\t<meta name=\"twitter:label2\" content=\"Dur\u00e9e de lecture estim\u00e9e\" \/>\n\t<meta name=\"twitter:data2\" content=\"5 minutes\" \/>\n<script type=\"application\/ld+json\" class=\"yoast-schema-graph\">{\"@context\":\"https:\\\/\\\/schema.org\",\"@graph\":[{\"@type\":\"Article\",\"@id\":\"https:\\\/\\\/congopubonline.com\\\/?p=100684#article\",\"isPartOf\":{\"@id\":\"https:\\\/\\\/congopubonline.com\\\/?p=100684\"},\"author\":{\"name\":\"admin9775\",\"@id\":\"https:\\\/\\\/congopubonline.com\\\/#\\\/schema\\\/person\\\/d2f3a940be2e9c1a0e4f8831e203f3cc\"},\"headline\":\"RDC : D\u00e9o Bizibu d\u00e9fend le bilan de Tshisekedi et appelle \u00e0 \u00ab mettre l\u2019ennemi dehors \u00bb\",\"datePublished\":\"2026-09-05T08:00:28+00:00\",\"dateModified\":\"2026-09-05T08:00:30+00:00\",\"mainEntityOfPage\":{\"@id\":\"https:\\\/\\\/congopubonline.com\\\/?p=100684\"},\"wordCount\":993,\"publisher\":{\"@id\":\"https:\\\/\\\/congopubonline.com\\\/#organization\"},\"image\":{\"@id\":\"https:\\\/\\\/congopubonline.com\\\/?p=100684#primaryimage\"},\"thumbnailUrl\":\"https:\\\/\\\/congopubonline.com\\\/wp-content\\\/uploads\\\/2026\\\/09\\\/UDPS-Bizibu-se-rebelle-contre-le-chef-1024x636-1.jpg\",\"articleSection\":[\"\u00c0 la Une\",\"Politique\"],\"inLanguage\":\"fr-FR\"},{\"@type\":\"WebPage\",\"@id\":\"https:\\\/\\\/congopubonline.com\\\/?p=100684\",\"url\":\"https:\\\/\\\/congopubonline.com\\\/?p=100684\",\"name\":\"RDC : D\u00e9o Bizibu d\u00e9fend le bilan de Tshisekedi et appelle \u00e0 \u00ab mettre l\u2019ennemi dehors \u00bb - Congo Pub Online\",\"isPartOf\":{\"@id\":\"https:\\\/\\\/congopubonline.com\\\/#website\"},\"primaryImageOfPage\":{\"@id\":\"https:\\\/\\\/congopubonline.com\\\/?p=100684#primaryimage\"},\"image\":{\"@id\":\"https:\\\/\\\/congopubonline.com\\\/?p=100684#primaryimage\"},\"thumbnailUrl\":\"https:\\\/\\\/congopubonline.com\\\/wp-content\\\/uploads\\\/2026\\\/09\\\/UDPS-Bizibu-se-rebelle-contre-le-chef-1024x636-1.jpg\",\"datePublished\":\"2026-09-05T08:00:28+00:00\",\"dateModified\":\"2026-09-05T08:00:30+00:00\",\"description\":\"RDC : D\u00e9o Bizibu d\u00e9fend le bilan de Tshisekedi et appelle \u00e0 \u00ab mettre l\u2019ennemi dehors \u00bb \u00c0 la Une\",\"breadcrumb\":{\"@id\":\"https:\\\/\\\/congopubonline.com\\\/?p=100684#breadcrumb\"},\"inLanguage\":\"fr-FR\",\"potentialAction\":[{\"@type\":\"ReadAction\",\"target\":[\"https:\\\/\\\/congopubonline.com\\\/?p=100684\"]}]},{\"@type\":\"ImageObject\",\"inLanguage\":\"fr-FR\",\"@id\":\"https:\\\/\\\/congopubonline.com\\\/?p=100684#primaryimage\",\"url\":\"https:\\\/\\\/congopubonline.com\\\/wp-content\\\/uploads\\\/2026\\\/09\\\/UDPS-Bizibu-se-rebelle-contre-le-chef-1024x636-1.jpg\",\"contentUrl\":\"https:\\\/\\\/congopubonline.com\\\/wp-content\\\/uploads\\\/2026\\\/09\\\/UDPS-Bizibu-se-rebelle-contre-le-chef-1024x636-1.jpg\",\"width\":1024,\"height\":636},{\"@type\":\"BreadcrumbList\",\"@id\":\"https:\\\/\\\/congopubonline.com\\\/?p=100684#breadcrumb\",\"itemListElement\":[{\"@type\":\"ListItem\",\"position\":1,\"name\":\"Accueil\",\"item\":\"https:\\\/\\\/congopubonline.com\\\/\"},{\"@type\":\"ListItem\",\"position\":2,\"name\":\"RDC : D\u00e9o Bizibu d\u00e9fend le bilan de Tshisekedi et appelle \u00e0 \u00ab mettre l\u2019ennemi dehors \u00bb\"}]},{\"@type\":\"WebSite\",\"@id\":\"https:\\\/\\\/congopubonline.com\\\/#website\",\"url\":\"https:\\\/\\\/congopubonline.com\\\/\",\"name\":\"Congo Pub Online\",\"description\":\"Votre site d&#039;actualit\u00e9\",\"publisher\":{\"@id\":\"https:\\\/\\\/congopubonline.com\\\/#organization\"},\"alternateName\":\"Marketing 3.0\",\"potentialAction\":[{\"@type\":\"SearchAction\",\"target\":{\"@type\":\"EntryPoint\",\"urlTemplate\":\"https:\\\/\\\/congopubonline.com\\\/?s={search_term_string}\"},\"query-input\":{\"@type\":\"PropertyValueSpecification\",\"valueRequired\":true,\"valueName\":\"search_term_string\"}}],\"inLanguage\":\"fr-FR\"},{\"@type\":\"Organization\",\"@id\":\"https:\\\/\\\/congopubonline.com\\\/#organization\",\"name\":\"Congo Pub Online\",\"url\":\"https:\\\/\\\/congopubonline.com\\\/\",\"logo\":{\"@type\":\"ImageObject\",\"inLanguage\":\"fr-FR\",\"@id\":\"https:\\\/\\\/congopubonline.com\\\/#\\\/schema\\\/logo\\\/image\\\/\",\"url\":\"https:\\\/\\\/congopubonline.com\\\/wp-content\\\/uploads\\\/2022\\\/09\\\/LOGO_CONGO-PUB-Online_Version-2.jpg\",\"contentUrl\":\"https:\\\/\\\/congopubonline.com\\\/wp-content\\\/uploads\\\/2022\\\/09\\\/LOGO_CONGO-PUB-Online_Version-2.jpg\",\"width\":374,\"height\":223,\"caption\":\"Congo Pub Online\"},\"image\":{\"@id\":\"https:\\\/\\\/congopubonline.com\\\/#\\\/schema\\\/logo\\\/image\\\/\"},\"sameAs\":[\"https:\\\/\\\/web.facebook.com\\\/Congopubonline\",\"https:\\\/\\\/x.com\\\/CONGOPUBOnline\"]},{\"@type\":\"Person\",\"@id\":\"https:\\\/\\\/congopubonline.com\\\/#\\\/schema\\\/person\\\/d2f3a940be2e9c1a0e4f8831e203f3cc\",\"name\":\"admin9775\",\"sameAs\":[\"http:\\\/\\\/congopubonline.com\"],\"url\":\"https:\\\/\\\/congopubonline.com\\\/?author=1\"}]}<\/script>\n<!-- \/ Yoast SEO Premium plugin. -->","yoast_head_json":{"title":"RDC : D\u00e9o Bizibu d\u00e9fend le bilan de Tshisekedi et appelle \u00e0 \u00ab mettre l\u2019ennemi dehors \u00bb - Congo Pub Online","description":"RDC : D\u00e9o Bizibu d\u00e9fend le bilan de Tshisekedi et appelle \u00e0 \u00ab mettre l\u2019ennemi dehors \u00bb \u00c0 la Une","robots":{"index":"index","follow":"follow","max-snippet":"max-snippet:-1","max-image-preview":"max-image-preview:large","max-video-preview":"max-video-preview:-1"},"canonical":"https:\/\/congopubonline.com\/?p=100684","og_locale":"fr_FR","og_type":"article","og_title":"RDC : D\u00e9o Bizibu d\u00e9fend le bilan de Tshisekedi et appelle \u00e0 \u00ab mettre l\u2019ennemi dehors \u00bb","og_description":"RDC : D\u00e9o Bizibu d\u00e9fend le bilan de Tshisekedi et appelle \u00e0 \u00ab mettre l\u2019ennemi dehors \u00bb \u00c0 la Une","og_url":"https:\/\/congopubonline.com\/?p=100684","og_site_name":"Congo Pub Online","article_publisher":"https:\/\/web.facebook.com\/Congopubonline","article_published_time":"2026-09-05T08:00:28+00:00","article_modified_time":"2026-09-05T08:00:30+00:00","og_image":[{"width":1024,"height":636,"url":"https:\/\/congopubonline.com\/wp-content\/uploads\/2026\/09\/UDPS-Bizibu-se-rebelle-contre-le-chef-1024x636-1.jpg","type":"image\/jpeg"}],"author":"admin9775","twitter_card":"summary_large_image","twitter_creator":"@CONGOPUBOnline","twitter_site":"@CONGOPUBOnline","twitter_misc":{"\u00c9crit par":"admin9775","Dur\u00e9e de lecture estim\u00e9e":"5 minutes"},"schema":{"@context":"https:\/\/schema.org","@graph":[{"@type":"Article","@id":"https:\/\/congopubonline.com\/?p=100684#article","isPartOf":{"@id":"https:\/\/congopubonline.com\/?p=100684"},"author":{"name":"admin9775","@id":"https:\/\/congopubonline.com\/#\/schema\/person\/d2f3a940be2e9c1a0e4f8831e203f3cc"},"headline":"RDC : D\u00e9o Bizibu d\u00e9fend le bilan de Tshisekedi et appelle \u00e0 \u00ab mettre l\u2019ennemi dehors \u00bb","datePublished":"2026-09-05T08:00:28+00:00","dateModified":"2026-09-05T08:00:30+00:00","mainEntityOfPage":{"@id":"https:\/\/congopubonline.com\/?p=100684"},"wordCount":993,"publisher":{"@id":"https:\/\/congopubonline.com\/#organization"},"image":{"@id":"https:\/\/congopubonline.com\/?p=100684#primaryimage"},"thumbnailUrl":"https:\/\/congopubonline.com\/wp-content\/uploads\/2026\/09\/UDPS-Bizibu-se-rebelle-contre-le-chef-1024x636-1.jpg","articleSection":["\u00c0 la Une","Politique"],"inLanguage":"fr-FR"},{"@type":"WebPage","@id":"https:\/\/congopubonline.com\/?p=100684","url":"https:\/\/congopubonline.com\/?p=100684","name":"RDC : D\u00e9o Bizibu d\u00e9fend le bilan de Tshisekedi et appelle \u00e0 \u00ab mettre l\u2019ennemi dehors \u00bb - Congo Pub Online","isPartOf":{"@id":"https:\/\/congopubonline.com\/#website"},"primaryImageOfPage":{"@id":"https:\/\/congopubonline.com\/?p=100684#primaryimage"},"image":{"@id":"https:\/\/congopubonline.com\/?p=100684#primaryimage"},"thumbnailUrl":"https:\/\/congopubonline.com\/wp-content\/uploads\/2026\/09\/UDPS-Bizibu-se-rebelle-contre-le-chef-1024x636-1.jpg","datePublished":"2026-09-05T08:00:28+00:00","dateModified":"2026-09-05T08:00:30+00:00","description":"RDC : D\u00e9o Bizibu d\u00e9fend le bilan de Tshisekedi et appelle \u00e0 \u00ab mettre l\u2019ennemi dehors \u00bb \u00c0 la Une","breadcrumb":{"@id":"https:\/\/congopubonline.com\/?p=100684#breadcrumb"},"inLanguage":"fr-FR","potentialAction":[{"@type":"ReadAction","target":["https:\/\/congopubonline.com\/?p=100684"]}]},{"@type":"ImageObject","inLanguage":"fr-FR","@id":"https:\/\/congopubonline.com\/?p=100684#primaryimage","url":"https:\/\/congopubonline.com\/wp-content\/uploads\/2026\/09\/UDPS-Bizibu-se-rebelle-contre-le-chef-1024x636-1.jpg","contentUrl":"https:\/\/congopubonline.com\/wp-content\/uploads\/2026\/09\/UDPS-Bizibu-se-rebelle-contre-le-chef-1024x636-1.jpg","width":1024,"height":636},{"@type":"BreadcrumbList","@id":"https:\/\/congopubonline.com\/?p=100684#breadcrumb","itemListElement":[{"@type":"ListItem","position":1,"name":"Accueil","item":"https:\/\/congopubonline.com\/"},{"@type":"ListItem","position":2,"name":"RDC : D\u00e9o Bizibu d\u00e9fend le bilan de Tshisekedi et appelle \u00e0 \u00ab mettre l\u2019ennemi dehors \u00bb"}]},{"@type":"WebSite","@id":"https:\/\/congopubonline.com\/#website","url":"https:\/\/congopubonline.com\/","name":"Congo Pub Online","description":"Votre site d&#039;actualit\u00e9","publisher":{"@id":"https:\/\/congopubonline.com\/#organization"},"alternateName":"Marketing 3.0","potentialAction":[{"@type":"SearchAction","target":{"@type":"EntryPoint","urlTemplate":"https:\/\/congopubonline.com\/?s={search_term_string}"},"query-input":{"@type":"PropertyValueSpecification","valueRequired":true,"valueName":"search_term_string"}}],"inLanguage":"fr-FR"},{"@type":"Organization","@id":"https:\/\/congopubonline.com\/#organization","name":"Congo Pub Online","url":"https:\/\/congopubonline.com\/","logo":{"@type":"ImageObject","inLanguage":"fr-FR","@id":"https:\/\/congopubonline.com\/#\/schema\/logo\/image\/","url":"https:\/\/congopubonline.com\/wp-content\/uploads\/2022\/09\/LOGO_CONGO-PUB-Online_Version-2.jpg","contentUrl":"https:\/\/congopubonline.com\/wp-content\/uploads\/2022\/09\/LOGO_CONGO-PUB-Online_Version-2.jpg","width":374,"height":223,"caption":"Congo Pub Online"},"image":{"@id":"https:\/\/congopubonline.com\/#\/schema\/logo\/image\/"},"sameAs":["https:\/\/web.facebook.com\/Congopubonline","https:\/\/x.com\/CONGOPUBOnline"]},{"@type":"Person","@id":"https:\/\/congopubonline.com\/#\/schema\/person\/d2f3a940be2e9c1a0e4f8831e203f3cc","name":"admin9775","sameAs":["http:\/\/congopubonline.com"],"url":"https:\/\/congopubonline.com\/?author=1"}]}},"_links":{"self":[{"href":"https:\/\/congopubonline.com\/index.php?rest_route=\/wp\/v2\/posts\/100684","targetHints":{"allow":["GET"]}}],"collection":[{"href":"https:\/\/congopubonline.com\/index.php?rest_route=\/wp\/v2\/posts"}],"about":[{"href":"https:\/\/congopubonline.com\/index.php?rest_route=\/wp\/v2\/types\/post"}],"author":[{"embeddable":true,"href":"https:\/\/congopubonline.com\/index.php?rest_route=\/wp\/v2\/users\/1"}],"replies":[{"embeddable":true,"href":"https:\/\/congopubonline.com\/index.php?rest_route=%2Fwp%2Fv2%2Fcomments&post=100684"}],"version-history":[{"count":1,"href":"https:\/\/congopubonline.com\/index.php?rest_route=\/wp\/v2\/posts\/100684\/revisions"}],"predecessor-version":[{"id":100687,"href":"https:\/\/congopubonline.com\/index.php?rest_route=\/wp\/v2\/posts\/100684\/revisions\/100687"}],"wp:featuredmedia":[{"embeddable":true,"href":"https:\/\/congopubonline.com\/index.php?rest_route=\/wp\/v2\/media\/100686"}],"wp:attachment":[{"href":"https:\/\/congopubonline.com\/index.php?rest_route=%2Fwp%2Fv2%2Fmedia&parent=100684"}],"wp:term":[{"taxonomy":"category","embeddable":true,"href":"https:\/\/congopubonline.com\/index.php?rest_route=%2Fwp%2Fv2%2Fcategories&post=100684"},{"taxonomy":"post_tag","embeddable":true,"href":"https:\/\/congopubonline.com\/index.php?rest_route=%2Fwp%2Fv2%2Ftags&post=100684"}],"curies":[{"name":"wp","href":"https:\/\/api.w.org\/{rel}","templated":true}]}}