{"id":100693,"date":"2026-09-05T11:30:08","date_gmt":"2026-09-05T09:30:08","guid":{"rendered":"https:\/\/congopubonline.com\/?p=100693"},"modified":"2026-09-05T11:31:20","modified_gmt":"2026-09-05T09:31:20","slug":"rdc-lambert-mende-exclut-joseph-kabila-et-corneille-nangaa-du-dialogue-national","status":"publish","type":"post","link":"https:\/\/congopubonline.com\/?p=100693","title":{"rendered":"RDC : Lambert Mende exclut Joseph Kabila et Corneille Nangaa du Dialogue national"},"content":{"rendered":"\n<p class=\"wp-block-paragraph\">Le d\u00e9bat sur la participation de l\u2019opposition au Dialogue national continue de diviser la classe politique congolaise. Invit\u00e9 dans un entretien avec <strong>Thierry Kambundi et \u00c9ric Ambago<\/strong>, Lambert Mende a adopt\u00e9 une position particuli\u00e8rement ferme \u00e0 l\u2019\u00e9gard des partisans de Joseph Kabila et de Corneille Nangaa, qu\u2019il accuse d\u2019\u00eatre d\u00e9sormais li\u00e9s \u00e0 l\u2019AFC\/M23.<\/p>\n\n\n\n<p class=\"wp-block-paragraph\">Pour l\u2019ancien ministre, les acteurs qui ont choisi la lutte arm\u00e9e ne peuvent \u00eatre consid\u00e9r\u00e9s comme des composantes de l\u2019opposition politique congolaise et ne devraient, \u00e0 ce titre, pas prendre part au Dialogue national.<\/p>\n\n\n\n<h3 id=\"h-ils-ne-font-pas-partie-de-l-opposition\" class=\"wp-block-heading\"><strong>\u00ab Ils ne font pas partie de l\u2019opposition \u00bb<\/strong><\/h3>\n\n\n\n<p class=\"wp-block-paragraph\">Lambert Mende conteste notamment l\u2019id\u00e9e selon laquelle la plateforme <strong>\u00ab Sauvons la RDC \u00bb<\/strong>, associ\u00e9e \u00e0 Joseph Kabila, constituerait une composante de l\u2019opposition susceptible de participer au processus de dialogue.<\/p>\n\n\n\n<blockquote class=\"wp-block-quote is-layout-flow wp-block-quote-is-layout-flow\">\n<p class=\"wp-block-paragraph\">\u00ab Ils ne font pas partie de l\u2019opposition. Parce qu\u2019ils n\u2019ont pas un statut au Congo. Ils sont hors circuit. Sauvons le Congo a \u00e9t\u00e9 mis de c\u00f4t\u00e9 parce qu\u2019ils travaillent pour les Rwandais \u00bb, a-t-il d\u00e9clar\u00e9.<\/p>\n<\/blockquote>\n\n\n\n<p class=\"wp-block-paragraph\">Une position qui s\u2019\u00e9tend \u00e9galement \u00e0 Corneille Nangaa et aux autres acteurs de l\u2019AFC, tant que ceux-ci poursuivent leur engagement arm\u00e9.<\/p>\n\n\n\n<p class=\"wp-block-paragraph\">Pour Mende, le Dialogue national ne peut \u00eatre un espace destin\u00e9 \u00e0 int\u00e9grer des acteurs qui, parall\u00e8lement, continuent de porter les armes.<\/p>\n\n\n\n<h3 id=\"h-accuser-tshisekedi-d-etre-le-probleme-c-est-mentir\" class=\"wp-block-heading\"><strong>\u00ab Accuser Tshisekedi d\u2019\u00eatre le probl\u00e8me, c\u2019est mentir \u00bb<\/strong><\/h3>\n\n\n\n<p class=\"wp-block-paragraph\">Sur la crise s\u00e9curitaire dans l\u2019Est, Lambert Mende rejette \u00e9galement les critiques qui attribuent au pr\u00e9sident F\u00e9lix Tshisekedi la responsabilit\u00e9 principale de la situation actuelle.<\/p>\n\n\n\n<blockquote class=\"wp-block-quote is-layout-flow wp-block-quote-is-layout-flow\">\n<p class=\"wp-block-paragraph\">\u00ab Accuser Tshisekedi d\u2019\u00eatre le probl\u00e8me, c\u2019est mentir. La crise s\u00e9curitaire n\u2019est pas n\u00e9e hier ! \u00bb<\/p>\n<\/blockquote>\n\n\n\n<p class=\"wp-block-paragraph\">L\u2019ancien ministre estime qu\u2019il serait malhonn\u00eate, selon lui, d\u2019analyser la crise actuelle sans prendre en compte les diff\u00e9rents cycles de conflits qui ont marqu\u00e9 la RDC depuis les ann\u00e9es 1990.<\/p>\n\n\n\n<p class=\"wp-block-paragraph\">Il cite successivement les r\u00e9gimes de <strong>Mobutu Sese Seko, Laurent-D\u00e9sir\u00e9 Kabila et Joseph Kabila<\/strong>, estimant que les difficult\u00e9s s\u00e9curitaires actuelles s\u2019inscrivent dans une continuit\u00e9 historique beaucoup plus ancienne que l\u2019arriv\u00e9e de F\u00e9lix Tshisekedi au pouvoir.<\/p>\n\n\n\n<h3 id=\"h-1996-le-point-de-depart-de-son-argumentaire\" class=\"wp-block-heading\"><strong>1996 : le point de d\u00e9part de son argumentaire<\/strong><\/h3>\n\n\n\n<p class=\"wp-block-paragraph\">Lambert Mende remonte notamment \u00e0 la guerre de 1996 et \u00e0 l\u2019arriv\u00e9e au pouvoir de Laurent-D\u00e9sir\u00e9 Kabila, dans un contexte marqu\u00e9 par l\u2019implication du Rwanda.<\/p>\n\n\n\n<blockquote class=\"wp-block-quote is-layout-flow wp-block-quote-is-layout-flow\">\n<p class=\"wp-block-paragraph\">\u00ab Lorsque Paul Kagame a attaqu\u00e9 le Congo en 1996 en utilisant Laurent-D\u00e9sir\u00e9 Kabila, qu\u2019il a ensuite \u00e9limin\u00e9 apr\u00e8s l\u2019accomplissement de sa mission, F\u00e9lix Tshisekedi \u00e9tait-il l\u00e0 ? \u00bb, s\u2019est-il interrog\u00e9.<\/p>\n<\/blockquote>\n\n\n\n<p class=\"wp-block-paragraph\">Cette lecture historique lui permet de contester l\u2019id\u00e9e selon laquelle la crise actuelle serait essentiellement le r\u00e9sultat de la gouvernance de F\u00e9lix Tshisekedi.<\/p>\n\n\n\n<p class=\"wp-block-paragraph\">Son argument est que les fragilit\u00e9s s\u00e9curitaires, institutionnelles et politiques accumul\u00e9es au fil des d\u00e9cennies ont cr\u00e9\u00e9 les conditions de la crise actuelle.<\/p>\n\n\n\n<h3 id=\"h-le-dialogue-pour-ecouter-une-population-qui-souffre\" class=\"wp-block-heading\"><strong>Le Dialogue pour \u00e9couter une population \u00ab qui souffre \u00bb<\/strong><\/h3>\n\n\n\n<p class=\"wp-block-paragraph\">Mais Lambert Mende ne r\u00e9duit pas pour autant le Dialogue national \u00e0 un simple affrontement entre camps politiques.<\/p>\n\n\n\n<p class=\"wp-block-paragraph\">Il estime que la population congolaise doit \u00eatre entendue, notamment sur les difficult\u00e9s qu\u2019elle rencontre et sur les faiblesses persistantes de la gouvernance.<\/p>\n\n\n\n<blockquote class=\"wp-block-quote is-layout-flow wp-block-quote-is-layout-flow\">\n<p class=\"wp-block-paragraph\">\u00ab Cette population va certainement r\u00e9p\u00e9ter ce qu\u2019elle nous dit matin, midi et soir. Mais, en m\u00eame temps, nous avons besoin de l\u2019\u00e9couter pour comprendre pourquoi, chaque fois que nous faisons remonter au sommet les probl\u00e8mes de la population, cela ne se traduit pas par la mise en place d\u2019une gouvernance suffisamment vertueuse et forte pour nous permettre de r\u00e9sister au type d\u2019agression que nous vivons depuis 1996. \u00bb<\/p>\n<\/blockquote>\n\n\n\n<p class=\"wp-block-paragraph\">Cette d\u00e9claration laisse appara\u00eetre une autre dimension de son argumentaire : au-del\u00e0 de la question de l\u2019agression ext\u00e9rieure, la crise congolaise poserait aussi celle de la capacit\u00e9 de l\u2019\u00c9tat \u00e0 construire une gouvernance suffisamment solide pour y r\u00e9sister.<\/p>\n\n\n\n<h3 id=\"h-une-ligne-dure-sur-le-dialogue\" class=\"wp-block-heading\"><strong>Une ligne dure sur le Dialogue<\/strong><\/h3>\n\n\n\n<p class=\"wp-block-paragraph\">\u00c0 travers cette intervention, Lambert Mende d\u00e9fend donc une conception du Dialogue national fond\u00e9e sur une distinction nette entre opposition politique et acteurs engag\u00e9s dans la lutte arm\u00e9e.<\/p>\n\n\n\n<p class=\"wp-block-paragraph\">Sa position exclut de facto du processus les acteurs qu\u2019il accuse de collaborer avec l\u2019AFC\/M23, tout en appelant \u00e0 une r\u00e9flexion plus profonde sur les faiblesses de la gouvernance congolaise.<\/p>\n\n\n\n<p class=\"wp-block-paragraph\">Au c\u0153ur de son message demeure une conviction : <strong>la crise <\/strong>s\u00e9curitaire de l\u2019Est ne peut \u00eatre comprise uniquement \u00e0 travers le bilan du pouvoir actuel. Pour Mende, elle est le r\u00e9sultat d\u2019une histoire de conflits et de fragilit\u00e9s qui remonte \u00e0 plusieurs d\u00e9cennies, mais dont la r\u00e9solution exige d\u00e9sormais un \u00c9tat plus solide et une gouvernance capable de r\u00e9pondre aux attentes de la population.<\/p>\n\n\n\n<p class=\"wp-block-paragraph\"><\/p>\n\n\n\n<p class=\"wp-block-paragraph\"><strong>Par Pascal Kabeya<br>CONGO PUB Online<\/strong><\/p>\n\n\n\n<p class=\"wp-block-paragraph\"><\/p>\n<div class='epvc-post-count'><span class='epvc-eye'><\/span>  <span class=\"epvc-count\"> 9<\/span><span class='epvc-label'> Vues<\/span><\/div>","protected":false},"excerpt":{"rendered":"<p>Le d\u00e9bat sur la participation de l\u2019opposition au Dialogue national continue de diviser la classe politique congolaise. Invit\u00e9 dans un entretien avec Thierry Kambundi et \u00c9ric Ambago, Lambert Mende a&hellip;<\/p>\n","protected":false},"author":1,"featured_media":100694,"comment_status":"closed","ping_status":"closed","sticky":false,"template":"","format":"standard","meta":{"content-type":"","_monsterinsights_skip_tracking":false,"_lmt_disableupdate":"","_lmt_disable":"","footnotes":""},"categories":[844,58],"tags":[],"class_list":["post-100693","post","type-post","status-publish","format-standard","has-post-thumbnail","hentry","category-a-la-une","category-politiques"],"yoast_head":"<!-- This site is optimized with the Yoast SEO Premium plugin v25.4 (Yoast SEO v28.3) - https:\/\/yoast.com\/product\/yoast-seo-premium-wordpress\/ -->\n<title>RDC : Lambert Mende exclut Joseph Kabila et Corneille Nangaa du Dialogue national - Congo Pub Online<\/title>\n<meta name=\"description\" content=\"RDC : Lambert Mende exclut Joseph Kabila et Corneille Nangaa du Dialogue national \u00c0 la Une\" \/>\n<meta name=\"robots\" content=\"index, follow, max-snippet:-1, max-image-preview:large, max-video-preview:-1\" \/>\n<link rel=\"canonical\" href=\"https:\/\/congopubonline.com\/?p=100693\" \/>\n<meta property=\"og:locale\" content=\"fr_FR\" \/>\n<meta property=\"og:type\" content=\"article\" \/>\n<meta property=\"og:title\" content=\"RDC : Lambert Mende exclut Joseph Kabila et Corneille Nangaa du Dialogue national\" \/>\n<meta property=\"og:description\" content=\"RDC : Lambert Mende exclut Joseph Kabila et Corneille Nangaa du Dialogue national \u00c0 la Une\" \/>\n<meta property=\"og:url\" content=\"https:\/\/congopubonline.com\/?p=100693\" \/>\n<meta property=\"og:site_name\" content=\"Congo Pub Online\" \/>\n<meta property=\"article:publisher\" content=\"https:\/\/web.facebook.com\/Congopubonline\" \/>\n<meta property=\"article:published_time\" content=\"2026-09-05T09:30:08+00:00\" \/>\n<meta property=\"article:modified_time\" content=\"2026-09-05T09:31:20+00:00\" \/>\n<meta property=\"og:image\" content=\"https:\/\/congopubonline.com\/wp-content\/uploads\/2026\/09\/HRb2k_ha8AA056B.jpg\" \/>\n\t<meta property=\"og:image:width\" content=\"680\" \/>\n\t<meta property=\"og:image:height\" content=\"481\" \/>\n\t<meta property=\"og:image:type\" content=\"image\/jpeg\" \/>\n<meta name=\"author\" content=\"admin9775\" \/>\n<meta name=\"twitter:card\" content=\"summary_large_image\" \/>\n<meta name=\"twitter:creator\" content=\"@CONGOPUBOnline\" \/>\n<meta name=\"twitter:site\" content=\"@CONGOPUBOnline\" \/>\n<meta name=\"twitter:label1\" content=\"\u00c9crit par\" \/>\n\t<meta name=\"twitter:data1\" content=\"admin9775\" \/>\n\t<meta name=\"twitter:label2\" content=\"Dur\u00e9e de lecture estim\u00e9e\" \/>\n\t<meta name=\"twitter:data2\" content=\"4 minutes\" \/>\n<script type=\"application\/ld+json\" class=\"yoast-schema-graph\">{\"@context\":\"https:\\\/\\\/schema.org\",\"@graph\":[{\"@type\":\"Article\",\"@id\":\"https:\\\/\\\/congopubonline.com\\\/?p=100693#article\",\"isPartOf\":{\"@id\":\"https:\\\/\\\/congopubonline.com\\\/?p=100693\"},\"author\":{\"name\":\"admin9775\",\"@id\":\"https:\\\/\\\/congopubonline.com\\\/#\\\/schema\\\/person\\\/d2f3a940be2e9c1a0e4f8831e203f3cc\"},\"headline\":\"RDC : Lambert Mende exclut Joseph Kabila et Corneille Nangaa du Dialogue national\",\"datePublished\":\"2026-09-05T09:30:08+00:00\",\"dateModified\":\"2026-09-05T09:31:20+00:00\",\"mainEntityOfPage\":{\"@id\":\"https:\\\/\\\/congopubonline.com\\\/?p=100693\"},\"wordCount\":809,\"publisher\":{\"@id\":\"https:\\\/\\\/congopubonline.com\\\/#organization\"},\"image\":{\"@id\":\"https:\\\/\\\/congopubonline.com\\\/?p=100693#primaryimage\"},\"thumbnailUrl\":\"https:\\\/\\\/congopubonline.com\\\/wp-content\\\/uploads\\\/2026\\\/09\\\/HRb2k_ha8AA056B.jpg\",\"articleSection\":[\"\u00c0 la Une\",\"Politique\"],\"inLanguage\":\"fr-FR\"},{\"@type\":\"WebPage\",\"@id\":\"https:\\\/\\\/congopubonline.com\\\/?p=100693\",\"url\":\"https:\\\/\\\/congopubonline.com\\\/?p=100693\",\"name\":\"RDC : Lambert Mende exclut Joseph Kabila et Corneille Nangaa du Dialogue national - Congo Pub Online\",\"isPartOf\":{\"@id\":\"https:\\\/\\\/congopubonline.com\\\/#website\"},\"primaryImageOfPage\":{\"@id\":\"https:\\\/\\\/congopubonline.com\\\/?p=100693#primaryimage\"},\"image\":{\"@id\":\"https:\\\/\\\/congopubonline.com\\\/?p=100693#primaryimage\"},\"thumbnailUrl\":\"https:\\\/\\\/congopubonline.com\\\/wp-content\\\/uploads\\\/2026\\\/09\\\/HRb2k_ha8AA056B.jpg\",\"datePublished\":\"2026-09-05T09:30:08+00:00\",\"dateModified\":\"2026-09-05T09:31:20+00:00\",\"description\":\"RDC : Lambert Mende exclut Joseph Kabila et Corneille Nangaa du Dialogue national \u00c0 la Une\",\"breadcrumb\":{\"@id\":\"https:\\\/\\\/congopubonline.com\\\/?p=100693#breadcrumb\"},\"inLanguage\":\"fr-FR\",\"potentialAction\":[{\"@type\":\"ReadAction\",\"target\":[\"https:\\\/\\\/congopubonline.com\\\/?p=100693\"]}]},{\"@type\":\"ImageObject\",\"inLanguage\":\"fr-FR\",\"@id\":\"https:\\\/\\\/congopubonline.com\\\/?p=100693#primaryimage\",\"url\":\"https:\\\/\\\/congopubonline.com\\\/wp-content\\\/uploads\\\/2026\\\/09\\\/HRb2k_ha8AA056B.jpg\",\"contentUrl\":\"https:\\\/\\\/congopubonline.com\\\/wp-content\\\/uploads\\\/2026\\\/09\\\/HRb2k_ha8AA056B.jpg\",\"width\":680,\"height\":481},{\"@type\":\"BreadcrumbList\",\"@id\":\"https:\\\/\\\/congopubonline.com\\\/?p=100693#breadcrumb\",\"itemListElement\":[{\"@type\":\"ListItem\",\"position\":1,\"name\":\"Accueil\",\"item\":\"https:\\\/\\\/congopubonline.com\\\/\"},{\"@type\":\"ListItem\",\"position\":2,\"name\":\"RDC : Lambert Mende exclut Joseph Kabila et Corneille Nangaa du Dialogue national\"}]},{\"@type\":\"WebSite\",\"@id\":\"https:\\\/\\\/congopubonline.com\\\/#website\",\"url\":\"https:\\\/\\\/congopubonline.com\\\/\",\"name\":\"Congo Pub Online\",\"description\":\"Votre site d&#039;actualit\u00e9\",\"publisher\":{\"@id\":\"https:\\\/\\\/congopubonline.com\\\/#organization\"},\"alternateName\":\"Marketing 3.0\",\"potentialAction\":[{\"@type\":\"SearchAction\",\"target\":{\"@type\":\"EntryPoint\",\"urlTemplate\":\"https:\\\/\\\/congopubonline.com\\\/?s={search_term_string}\"},\"query-input\":{\"@type\":\"PropertyValueSpecification\",\"valueRequired\":true,\"valueName\":\"search_term_string\"}}],\"inLanguage\":\"fr-FR\"},{\"@type\":\"Organization\",\"@id\":\"https:\\\/\\\/congopubonline.com\\\/#organization\",\"name\":\"Congo Pub Online\",\"url\":\"https:\\\/\\\/congopubonline.com\\\/\",\"logo\":{\"@type\":\"ImageObject\",\"inLanguage\":\"fr-FR\",\"@id\":\"https:\\\/\\\/congopubonline.com\\\/#\\\/schema\\\/logo\\\/image\\\/\",\"url\":\"https:\\\/\\\/congopubonline.com\\\/wp-content\\\/uploads\\\/2022\\\/09\\\/LOGO_CONGO-PUB-Online_Version-2.jpg\",\"contentUrl\":\"https:\\\/\\\/congopubonline.com\\\/wp-content\\\/uploads\\\/2022\\\/09\\\/LOGO_CONGO-PUB-Online_Version-2.jpg\",\"width\":374,\"height\":223,\"caption\":\"Congo Pub Online\"},\"image\":{\"@id\":\"https:\\\/\\\/congopubonline.com\\\/#\\\/schema\\\/logo\\\/image\\\/\"},\"sameAs\":[\"https:\\\/\\\/web.facebook.com\\\/Congopubonline\",\"https:\\\/\\\/x.com\\\/CONGOPUBOnline\"]},{\"@type\":\"Person\",\"@id\":\"https:\\\/\\\/congopubonline.com\\\/#\\\/schema\\\/person\\\/d2f3a940be2e9c1a0e4f8831e203f3cc\",\"name\":\"admin9775\",\"sameAs\":[\"http:\\\/\\\/congopubonline.com\"],\"url\":\"https:\\\/\\\/congopubonline.com\\\/?author=1\"}]}<\/script>\n<!-- \/ Yoast SEO Premium plugin. -->","yoast_head_json":{"title":"RDC : Lambert Mende exclut Joseph Kabila et Corneille Nangaa du Dialogue national - Congo Pub Online","description":"RDC : Lambert Mende exclut Joseph Kabila et Corneille Nangaa du Dialogue national \u00c0 la Une","robots":{"index":"index","follow":"follow","max-snippet":"max-snippet:-1","max-image-preview":"max-image-preview:large","max-video-preview":"max-video-preview:-1"},"canonical":"https:\/\/congopubonline.com\/?p=100693","og_locale":"fr_FR","og_type":"article","og_title":"RDC : Lambert Mende exclut Joseph Kabila et Corneille Nangaa du Dialogue national","og_description":"RDC : Lambert Mende exclut Joseph Kabila et Corneille Nangaa du Dialogue national \u00c0 la Une","og_url":"https:\/\/congopubonline.com\/?p=100693","og_site_name":"Congo Pub Online","article_publisher":"https:\/\/web.facebook.com\/Congopubonline","article_published_time":"2026-09-05T09:30:08+00:00","article_modified_time":"2026-09-05T09:31:20+00:00","og_image":[{"width":680,"height":481,"url":"https:\/\/congopubonline.com\/wp-content\/uploads\/2026\/09\/HRb2k_ha8AA056B.jpg","type":"image\/jpeg"}],"author":"admin9775","twitter_card":"summary_large_image","twitter_creator":"@CONGOPUBOnline","twitter_site":"@CONGOPUBOnline","twitter_misc":{"\u00c9crit par":"admin9775","Dur\u00e9e de lecture estim\u00e9e":"4 minutes"},"schema":{"@context":"https:\/\/schema.org","@graph":[{"@type":"Article","@id":"https:\/\/congopubonline.com\/?p=100693#article","isPartOf":{"@id":"https:\/\/congopubonline.com\/?p=100693"},"author":{"name":"admin9775","@id":"https:\/\/congopubonline.com\/#\/schema\/person\/d2f3a940be2e9c1a0e4f8831e203f3cc"},"headline":"RDC : Lambert Mende exclut Joseph Kabila et Corneille Nangaa du Dialogue national","datePublished":"2026-09-05T09:30:08+00:00","dateModified":"2026-09-05T09:31:20+00:00","mainEntityOfPage":{"@id":"https:\/\/congopubonline.com\/?p=100693"},"wordCount":809,"publisher":{"@id":"https:\/\/congopubonline.com\/#organization"},"image":{"@id":"https:\/\/congopubonline.com\/?p=100693#primaryimage"},"thumbnailUrl":"https:\/\/congopubonline.com\/wp-content\/uploads\/2026\/09\/HRb2k_ha8AA056B.jpg","articleSection":["\u00c0 la Une","Politique"],"inLanguage":"fr-FR"},{"@type":"WebPage","@id":"https:\/\/congopubonline.com\/?p=100693","url":"https:\/\/congopubonline.com\/?p=100693","name":"RDC : Lambert Mende exclut Joseph Kabila et Corneille Nangaa du Dialogue national - Congo Pub Online","isPartOf":{"@id":"https:\/\/congopubonline.com\/#website"},"primaryImageOfPage":{"@id":"https:\/\/congopubonline.com\/?p=100693#primaryimage"},"image":{"@id":"https:\/\/congopubonline.com\/?p=100693#primaryimage"},"thumbnailUrl":"https:\/\/congopubonline.com\/wp-content\/uploads\/2026\/09\/HRb2k_ha8AA056B.jpg","datePublished":"2026-09-05T09:30:08+00:00","dateModified":"2026-09-05T09:31:20+00:00","description":"RDC : Lambert Mende exclut Joseph Kabila et Corneille Nangaa du Dialogue national \u00c0 la Une","breadcrumb":{"@id":"https:\/\/congopubonline.com\/?p=100693#breadcrumb"},"inLanguage":"fr-FR","potentialAction":[{"@type":"ReadAction","target":["https:\/\/congopubonline.com\/?p=100693"]}]},{"@type":"ImageObject","inLanguage":"fr-FR","@id":"https:\/\/congopubonline.com\/?p=100693#primaryimage","url":"https:\/\/congopubonline.com\/wp-content\/uploads\/2026\/09\/HRb2k_ha8AA056B.jpg","contentUrl":"https:\/\/congopubonline.com\/wp-content\/uploads\/2026\/09\/HRb2k_ha8AA056B.jpg","width":680,"height":481},{"@type":"BreadcrumbList","@id":"https:\/\/congopubonline.com\/?p=100693#breadcrumb","itemListElement":[{"@type":"ListItem","position":1,"name":"Accueil","item":"https:\/\/congopubonline.com\/"},{"@type":"ListItem","position":2,"name":"RDC : Lambert Mende exclut Joseph Kabila et Corneille Nangaa du Dialogue national"}]},{"@type":"WebSite","@id":"https:\/\/congopubonline.com\/#website","url":"https:\/\/congopubonline.com\/","name":"Congo Pub Online","description":"Votre site d&#039;actualit\u00e9","publisher":{"@id":"https:\/\/congopubonline.com\/#organization"},"alternateName":"Marketing 3.0","potentialAction":[{"@type":"SearchAction","target":{"@type":"EntryPoint","urlTemplate":"https:\/\/congopubonline.com\/?s={search_term_string}"},"query-input":{"@type":"PropertyValueSpecification","valueRequired":true,"valueName":"search_term_string"}}],"inLanguage":"fr-FR"},{"@type":"Organization","@id":"https:\/\/congopubonline.com\/#organization","name":"Congo Pub Online","url":"https:\/\/congopubonline.com\/","logo":{"@type":"ImageObject","inLanguage":"fr-FR","@id":"https:\/\/congopubonline.com\/#\/schema\/logo\/image\/","url":"https:\/\/congopubonline.com\/wp-content\/uploads\/2022\/09\/LOGO_CONGO-PUB-Online_Version-2.jpg","contentUrl":"https:\/\/congopubonline.com\/wp-content\/uploads\/2022\/09\/LOGO_CONGO-PUB-Online_Version-2.jpg","width":374,"height":223,"caption":"Congo Pub Online"},"image":{"@id":"https:\/\/congopubonline.com\/#\/schema\/logo\/image\/"},"sameAs":["https:\/\/web.facebook.com\/Congopubonline","https:\/\/x.com\/CONGOPUBOnline"]},{"@type":"Person","@id":"https:\/\/congopubonline.com\/#\/schema\/person\/d2f3a940be2e9c1a0e4f8831e203f3cc","name":"admin9775","sameAs":["http:\/\/congopubonline.com"],"url":"https:\/\/congopubonline.com\/?author=1"}]}},"_links":{"self":[{"href":"https:\/\/congopubonline.com\/index.php?rest_route=\/wp\/v2\/posts\/100693","targetHints":{"allow":["GET"]}}],"collection":[{"href":"https:\/\/congopubonline.com\/index.php?rest_route=\/wp\/v2\/posts"}],"about":[{"href":"https:\/\/congopubonline.com\/index.php?rest_route=\/wp\/v2\/types\/post"}],"author":[{"embeddable":true,"href":"https:\/\/congopubonline.com\/index.php?rest_route=\/wp\/v2\/users\/1"}],"replies":[{"embeddable":true,"href":"https:\/\/congopubonline.com\/index.php?rest_route=%2Fwp%2Fv2%2Fcomments&post=100693"}],"version-history":[{"count":2,"href":"https:\/\/congopubonline.com\/index.php?rest_route=\/wp\/v2\/posts\/100693\/revisions"}],"predecessor-version":[{"id":100696,"href":"https:\/\/congopubonline.com\/index.php?rest_route=\/wp\/v2\/posts\/100693\/revisions\/100696"}],"wp:featuredmedia":[{"embeddable":true,"href":"https:\/\/congopubonline.com\/index.php?rest_route=\/wp\/v2\/media\/100694"}],"wp:attachment":[{"href":"https:\/\/congopubonline.com\/index.php?rest_route=%2Fwp%2Fv2%2Fmedia&parent=100693"}],"wp:term":[{"taxonomy":"category","embeddable":true,"href":"https:\/\/congopubonline.com\/index.php?rest_route=%2Fwp%2Fv2%2Fcategories&post=100693"},{"taxonomy":"post_tag","embeddable":true,"href":"https:\/\/congopubonline.com\/index.php?rest_route=%2Fwp%2Fv2%2Ftags&post=100693"}],"curies":[{"name":"wp","href":"https:\/\/api.w.org\/{rel}","templated":true}]}}