{"id":100722,"date":"2026-09-06T09:59:52","date_gmt":"2026-09-06T07:59:52","guid":{"rendered":"https:\/\/congopubonline.com\/?p=100722"},"modified":"2026-09-06T09:59:54","modified_gmt":"2026-09-06T07:59:54","slug":"rdc-etats-unis-karl-von-batten-annonce-comme-membre-dune-commission-presidentielle-de-donald-trump","status":"publish","type":"post","link":"https:\/\/congopubonline.com\/?p=100722","title":{"rendered":"RDC\u2013\u00c9tats-Unis : Karl Von Batten annonc\u00e9 comme membre d\u2019une commission pr\u00e9sidentielle de Donald Trump"},"content":{"rendered":"\n<p class=\"wp-block-paragraph\">Le nom de <strong>Karl Von Batten<\/strong>, associ\u00e9 directeur du cabinet de lobbying et de conseil politique <strong>Von Batten-Montague-York<\/strong>, s\u2019est retrouv\u00e9 au c\u0153ur de l\u2019actualit\u00e9 diplomatique am\u00e9ricaine apr\u00e8s l\u2019annonce de sa nomination par le pr\u00e9sident Donald Trump au sein d\u2019une commission pr\u00e9sidentielle.<\/p>\n\n\n\n<p class=\"wp-block-paragraph\">L\u2019annonce a \u00e9t\u00e9 faite par le cabinet de Karl Von Batten, qui a indiqu\u00e9 que son dirigeant avait \u00e9t\u00e9 d\u00e9sign\u00e9 comme <strong>\u00ab Commissioner \u00bb au sein d\u2019une commission pr\u00e9sidentielle de la Maison-Blanche<\/strong>. Le communiqu\u00e9 ne pr\u00e9cisait toutefois ni le nom de la commission ni l\u2019\u00e9tendue exacte de ses responsabilit\u00e9s.<\/p>\n\n\n\n<h3 id=\"h-un-lobbyiste-actif-sur-les-dossiers-africains\" class=\"wp-block-heading\"><strong>Un lobbyiste actif sur les dossiers africains<\/strong><\/h3>\n\n\n\n<p class=\"wp-block-paragraph\">\u00c0 Washington, Karl Von Batten est connu comme lobbyiste et conseiller politique. Les documents publics du registre am\u00e9ricain du lobbying identifient son cabinet comme une structure de conseil en politiques publiques et de plaidoyer.<\/p>\n\n\n\n<p class=\"wp-block-paragraph\">Son nom est \u00e9galement associ\u00e9 \u00e0 plusieurs dossiers africains. Son cabinet s\u2019est notamment exprim\u00e9 publiquement sur la situation dans l\u2019est de la RDC et sur les relations entre Kinshasa, Kigali et Washington, avec des prises de position favorables aux int\u00e9r\u00eats d\u00e9fendus par les autorit\u00e9s congolaises.<\/p>\n\n\n\n<p class=\"wp-block-paragraph\">Cette proximit\u00e9 avec les dossiers congolais alimente l&rsquo;int\u00e9r\u00eat port\u00e9 \u00e0 son \u00e9ventuelle pr\u00e9sence au sein d&rsquo;une structure pr\u00e9sidentielle am\u00e9ricaine.<\/p>\n\n\n\n<h3 id=\"h-une-nomination-a-surveiller-pour-kinshasa\" class=\"wp-block-heading\"><strong>Une nomination \u00e0 surveiller pour Kinshasa<\/strong><\/h3>\n\n\n\n<p class=\"wp-block-paragraph\">Si la nomination annonc\u00e9e devait \u00eatre confirm\u00e9e officiellement, elle pourrait offrir \u00e0 Karl Von Batten un acc\u00e8s suppl\u00e9mentaire aux cercles de d\u00e9cision de Washington. Pour Kinshasa, l\u2019enjeu serait potentiellement important dans un contexte o\u00f9 les \u00c9tats-Unis jouent un r\u00f4le central dans les discussions concernant la s\u00e9curit\u00e9 dans l\u2019est de la RDC, les ressources mini\u00e8res et les relations avec le Rwanda.<\/p>\n\n\n\n<p class=\"wp-block-paragraph\">Il convient toutefois de distinguer l\u2019influence personnelle d\u2019un lobbyiste et une \u00e9ventuelle fonction officielle au sein de l\u2019administration am\u00e9ricaine. \u00c0 ce stade, aucune information publique ne permet d\u2019affirmer que sa nomination lui conf\u00e8re une mission sp\u00e9cifique de d\u00e9fense des int\u00e9r\u00eats de la RDC.<\/p>\n\n\n\n<h3 id=\"h-une-annonce-qui-suscite-des-interrogations\" class=\"wp-block-heading\"><strong>Une annonce qui suscite des interrogations<\/strong><\/h3>\n\n\n\n<p class=\"wp-block-paragraph\">L\u2019annonce initiale a depuis \u00e9t\u00e9 retir\u00e9e des r\u00e9seaux sociaux du cabinet, tandis qu\u2019aucune confirmation officielle de la Maison-Blanche n\u2019\u00e9tait encore disponible. Cette \u00e9volution a suscit\u00e9 des interrogations, notamment sur la nature exacte de la nomination et sur la commission concern\u00e9e.<\/p>\n\n\n\n<p class=\"wp-block-paragraph\">Le dossier reste donc \u00e0 suivre. Une confirmation officielle am\u00e9ricaine permettrait notamment de pr\u00e9ciser le statut de Karl Von Batten, la commission concern\u00e9e et les responsabilit\u00e9s qui lui seraient effectivement confi\u00e9es.<\/p>\n\n\n\n<p class=\"wp-block-paragraph\"><\/p>\n\n\n\n<p class=\"wp-block-paragraph\"><\/p>\n\n\n\n<p class=\"wp-block-paragraph\"><strong>Par Pascal Kabeya<br>CONGO PUB Online<\/strong><\/p>\n\n\n\n<p class=\"wp-block-paragraph\"><\/p>\n<div class='epvc-post-count'><span class='epvc-eye'><\/span>  <span class=\"epvc-count\"> 8<\/span><span class='epvc-label'> Vues<\/span><\/div>","protected":false},"excerpt":{"rendered":"<p>Le nom de Karl Von Batten, associ\u00e9 directeur du cabinet de lobbying et de conseil politique Von Batten-Montague-York, s\u2019est retrouv\u00e9 au c\u0153ur de l\u2019actualit\u00e9 diplomatique am\u00e9ricaine apr\u00e8s l\u2019annonce de sa&hellip;<\/p>\n","protected":false},"author":1,"featured_media":100723,"comment_status":"closed","ping_status":"closed","sticky":false,"template":"","format":"standard","meta":{"content-type":"","_monsterinsights_skip_tracking":false,"_lmt_disableupdate":"","_lmt_disable":"","footnotes":""},"categories":[844,58],"tags":[],"class_list":["post-100722","post","type-post","status-publish","format-standard","has-post-thumbnail","hentry","category-a-la-une","category-politiques"],"yoast_head":"<!-- This site is optimized with the Yoast SEO Premium plugin v25.4 (Yoast SEO v28.3) - https:\/\/yoast.com\/product\/yoast-seo-premium-wordpress\/ -->\n<title>RDC\u2013\u00c9tats-Unis : Karl Von Batten annonc\u00e9 comme membre d\u2019une commission pr\u00e9sidentielle de Donald Trump - Congo Pub Online<\/title>\n<meta name=\"description\" content=\"RDC\u2013\u00c9tats-Unis : Karl Von Batten annonc\u00e9 comme membre d\u2019une commission pr\u00e9sidentielle de Donald Trump \u00c0 la Une\" \/>\n<meta name=\"robots\" content=\"index, follow, max-snippet:-1, max-image-preview:large, max-video-preview:-1\" \/>\n<link rel=\"canonical\" href=\"https:\/\/congopubonline.com\/?p=100722\" \/>\n<meta property=\"og:locale\" content=\"fr_FR\" \/>\n<meta property=\"og:type\" content=\"article\" \/>\n<meta property=\"og:title\" content=\"RDC\u2013\u00c9tats-Unis : Karl Von Batten annonc\u00e9 comme membre d\u2019une commission pr\u00e9sidentielle de Donald Trump\" \/>\n<meta property=\"og:description\" content=\"RDC\u2013\u00c9tats-Unis : Karl Von Batten annonc\u00e9 comme membre d\u2019une commission pr\u00e9sidentielle de Donald Trump \u00c0 la Une\" \/>\n<meta property=\"og:url\" content=\"https:\/\/congopubonline.com\/?p=100722\" \/>\n<meta property=\"og:site_name\" content=\"Congo Pub Online\" \/>\n<meta property=\"article:publisher\" content=\"https:\/\/web.facebook.com\/Congopubonline\" \/>\n<meta property=\"article:published_time\" content=\"2026-09-06T07:59:52+00:00\" \/>\n<meta property=\"article:modified_time\" content=\"2026-09-06T07:59:54+00:00\" \/>\n<meta property=\"og:image\" content=\"https:\/\/congopubonline.com\/wp-content\/uploads\/2026\/09\/barten.png\" \/>\n\t<meta property=\"og:image:width\" content=\"977\" \/>\n\t<meta property=\"og:image:height\" content=\"789\" \/>\n\t<meta property=\"og:image:type\" content=\"image\/png\" \/>\n<meta name=\"author\" content=\"admin9775\" \/>\n<meta name=\"twitter:card\" content=\"summary_large_image\" \/>\n<meta name=\"twitter:creator\" content=\"@CONGOPUBOnline\" \/>\n<meta name=\"twitter:site\" content=\"@CONGOPUBOnline\" \/>\n<meta name=\"twitter:label1\" content=\"\u00c9crit par\" \/>\n\t<meta name=\"twitter:data1\" content=\"admin9775\" \/>\n\t<meta name=\"twitter:label2\" content=\"Dur\u00e9e de lecture estim\u00e9e\" \/>\n\t<meta name=\"twitter:data2\" content=\"3 minutes\" \/>\n<script type=\"application\/ld+json\" class=\"yoast-schema-graph\">{\"@context\":\"https:\\\/\\\/schema.org\",\"@graph\":[{\"@type\":\"Article\",\"@id\":\"https:\\\/\\\/congopubonline.com\\\/?p=100722#article\",\"isPartOf\":{\"@id\":\"https:\\\/\\\/congopubonline.com\\\/?p=100722\"},\"author\":{\"name\":\"admin9775\",\"@id\":\"https:\\\/\\\/congopubonline.com\\\/#\\\/schema\\\/person\\\/d2f3a940be2e9c1a0e4f8831e203f3cc\"},\"headline\":\"RDC\u2013\u00c9tats-Unis : Karl Von Batten annonc\u00e9 comme membre d\u2019une commission pr\u00e9sidentielle de Donald Trump\",\"datePublished\":\"2026-09-06T07:59:52+00:00\",\"dateModified\":\"2026-09-06T07:59:54+00:00\",\"mainEntityOfPage\":{\"@id\":\"https:\\\/\\\/congopubonline.com\\\/?p=100722\"},\"wordCount\":454,\"publisher\":{\"@id\":\"https:\\\/\\\/congopubonline.com\\\/#organization\"},\"image\":{\"@id\":\"https:\\\/\\\/congopubonline.com\\\/?p=100722#primaryimage\"},\"thumbnailUrl\":\"https:\\\/\\\/congopubonline.com\\\/wp-content\\\/uploads\\\/2026\\\/09\\\/barten.png\",\"articleSection\":[\"\u00c0 la Une\",\"Politique\"],\"inLanguage\":\"fr-FR\"},{\"@type\":\"WebPage\",\"@id\":\"https:\\\/\\\/congopubonline.com\\\/?p=100722\",\"url\":\"https:\\\/\\\/congopubonline.com\\\/?p=100722\",\"name\":\"RDC\u2013\u00c9tats-Unis : Karl Von Batten annonc\u00e9 comme membre d\u2019une commission pr\u00e9sidentielle de Donald Trump - Congo Pub Online\",\"isPartOf\":{\"@id\":\"https:\\\/\\\/congopubonline.com\\\/#website\"},\"primaryImageOfPage\":{\"@id\":\"https:\\\/\\\/congopubonline.com\\\/?p=100722#primaryimage\"},\"image\":{\"@id\":\"https:\\\/\\\/congopubonline.com\\\/?p=100722#primaryimage\"},\"thumbnailUrl\":\"https:\\\/\\\/congopubonline.com\\\/wp-content\\\/uploads\\\/2026\\\/09\\\/barten.png\",\"datePublished\":\"2026-09-06T07:59:52+00:00\",\"dateModified\":\"2026-09-06T07:59:54+00:00\",\"description\":\"RDC\u2013\u00c9tats-Unis : Karl Von Batten annonc\u00e9 comme membre d\u2019une commission pr\u00e9sidentielle de Donald Trump \u00c0 la Une\",\"breadcrumb\":{\"@id\":\"https:\\\/\\\/congopubonline.com\\\/?p=100722#breadcrumb\"},\"inLanguage\":\"fr-FR\",\"potentialAction\":[{\"@type\":\"ReadAction\",\"target\":[\"https:\\\/\\\/congopubonline.com\\\/?p=100722\"]}]},{\"@type\":\"ImageObject\",\"inLanguage\":\"fr-FR\",\"@id\":\"https:\\\/\\\/congopubonline.com\\\/?p=100722#primaryimage\",\"url\":\"https:\\\/\\\/congopubonline.com\\\/wp-content\\\/uploads\\\/2026\\\/09\\\/barten.png\",\"contentUrl\":\"https:\\\/\\\/congopubonline.com\\\/wp-content\\\/uploads\\\/2026\\\/09\\\/barten.png\",\"width\":977,\"height\":789},{\"@type\":\"BreadcrumbList\",\"@id\":\"https:\\\/\\\/congopubonline.com\\\/?p=100722#breadcrumb\",\"itemListElement\":[{\"@type\":\"ListItem\",\"position\":1,\"name\":\"Accueil\",\"item\":\"https:\\\/\\\/congopubonline.com\\\/\"},{\"@type\":\"ListItem\",\"position\":2,\"name\":\"RDC\u2013\u00c9tats-Unis : Karl Von Batten annonc\u00e9 comme membre d\u2019une commission pr\u00e9sidentielle de Donald Trump\"}]},{\"@type\":\"WebSite\",\"@id\":\"https:\\\/\\\/congopubonline.com\\\/#website\",\"url\":\"https:\\\/\\\/congopubonline.com\\\/\",\"name\":\"Congo Pub Online\",\"description\":\"Votre site d&#039;actualit\u00e9\",\"publisher\":{\"@id\":\"https:\\\/\\\/congopubonline.com\\\/#organization\"},\"alternateName\":\"Marketing 3.0\",\"potentialAction\":[{\"@type\":\"SearchAction\",\"target\":{\"@type\":\"EntryPoint\",\"urlTemplate\":\"https:\\\/\\\/congopubonline.com\\\/?s={search_term_string}\"},\"query-input\":{\"@type\":\"PropertyValueSpecification\",\"valueRequired\":true,\"valueName\":\"search_term_string\"}}],\"inLanguage\":\"fr-FR\"},{\"@type\":\"Organization\",\"@id\":\"https:\\\/\\\/congopubonline.com\\\/#organization\",\"name\":\"Congo Pub Online\",\"url\":\"https:\\\/\\\/congopubonline.com\\\/\",\"logo\":{\"@type\":\"ImageObject\",\"inLanguage\":\"fr-FR\",\"@id\":\"https:\\\/\\\/congopubonline.com\\\/#\\\/schema\\\/logo\\\/image\\\/\",\"url\":\"https:\\\/\\\/congopubonline.com\\\/wp-content\\\/uploads\\\/2022\\\/09\\\/LOGO_CONGO-PUB-Online_Version-2.jpg\",\"contentUrl\":\"https:\\\/\\\/congopubonline.com\\\/wp-content\\\/uploads\\\/2022\\\/09\\\/LOGO_CONGO-PUB-Online_Version-2.jpg\",\"width\":374,\"height\":223,\"caption\":\"Congo Pub Online\"},\"image\":{\"@id\":\"https:\\\/\\\/congopubonline.com\\\/#\\\/schema\\\/logo\\\/image\\\/\"},\"sameAs\":[\"https:\\\/\\\/web.facebook.com\\\/Congopubonline\",\"https:\\\/\\\/x.com\\\/CONGOPUBOnline\"]},{\"@type\":\"Person\",\"@id\":\"https:\\\/\\\/congopubonline.com\\\/#\\\/schema\\\/person\\\/d2f3a940be2e9c1a0e4f8831e203f3cc\",\"name\":\"admin9775\",\"sameAs\":[\"http:\\\/\\\/congopubonline.com\"],\"url\":\"https:\\\/\\\/congopubonline.com\\\/?author=1\"}]}<\/script>\n<!-- \/ Yoast SEO Premium plugin. -->","yoast_head_json":{"title":"RDC\u2013\u00c9tats-Unis : Karl Von Batten annonc\u00e9 comme membre d\u2019une commission pr\u00e9sidentielle de Donald Trump - Congo Pub Online","description":"RDC\u2013\u00c9tats-Unis : Karl Von Batten annonc\u00e9 comme membre d\u2019une commission pr\u00e9sidentielle de Donald Trump \u00c0 la Une","robots":{"index":"index","follow":"follow","max-snippet":"max-snippet:-1","max-image-preview":"max-image-preview:large","max-video-preview":"max-video-preview:-1"},"canonical":"https:\/\/congopubonline.com\/?p=100722","og_locale":"fr_FR","og_type":"article","og_title":"RDC\u2013\u00c9tats-Unis : Karl Von Batten annonc\u00e9 comme membre d\u2019une commission pr\u00e9sidentielle de Donald Trump","og_description":"RDC\u2013\u00c9tats-Unis : Karl Von Batten annonc\u00e9 comme membre d\u2019une commission pr\u00e9sidentielle de Donald Trump \u00c0 la Une","og_url":"https:\/\/congopubonline.com\/?p=100722","og_site_name":"Congo Pub Online","article_publisher":"https:\/\/web.facebook.com\/Congopubonline","article_published_time":"2026-09-06T07:59:52+00:00","article_modified_time":"2026-09-06T07:59:54+00:00","og_image":[{"width":977,"height":789,"url":"https:\/\/congopubonline.com\/wp-content\/uploads\/2026\/09\/barten.png","type":"image\/png"}],"author":"admin9775","twitter_card":"summary_large_image","twitter_creator":"@CONGOPUBOnline","twitter_site":"@CONGOPUBOnline","twitter_misc":{"\u00c9crit par":"admin9775","Dur\u00e9e de lecture estim\u00e9e":"3 minutes"},"schema":{"@context":"https:\/\/schema.org","@graph":[{"@type":"Article","@id":"https:\/\/congopubonline.com\/?p=100722#article","isPartOf":{"@id":"https:\/\/congopubonline.com\/?p=100722"},"author":{"name":"admin9775","@id":"https:\/\/congopubonline.com\/#\/schema\/person\/d2f3a940be2e9c1a0e4f8831e203f3cc"},"headline":"RDC\u2013\u00c9tats-Unis : Karl Von Batten annonc\u00e9 comme membre d\u2019une commission pr\u00e9sidentielle de Donald Trump","datePublished":"2026-09-06T07:59:52+00:00","dateModified":"2026-09-06T07:59:54+00:00","mainEntityOfPage":{"@id":"https:\/\/congopubonline.com\/?p=100722"},"wordCount":454,"publisher":{"@id":"https:\/\/congopubonline.com\/#organization"},"image":{"@id":"https:\/\/congopubonline.com\/?p=100722#primaryimage"},"thumbnailUrl":"https:\/\/congopubonline.com\/wp-content\/uploads\/2026\/09\/barten.png","articleSection":["\u00c0 la Une","Politique"],"inLanguage":"fr-FR"},{"@type":"WebPage","@id":"https:\/\/congopubonline.com\/?p=100722","url":"https:\/\/congopubonline.com\/?p=100722","name":"RDC\u2013\u00c9tats-Unis : Karl Von Batten annonc\u00e9 comme membre d\u2019une commission pr\u00e9sidentielle de Donald Trump - Congo Pub Online","isPartOf":{"@id":"https:\/\/congopubonline.com\/#website"},"primaryImageOfPage":{"@id":"https:\/\/congopubonline.com\/?p=100722#primaryimage"},"image":{"@id":"https:\/\/congopubonline.com\/?p=100722#primaryimage"},"thumbnailUrl":"https:\/\/congopubonline.com\/wp-content\/uploads\/2026\/09\/barten.png","datePublished":"2026-09-06T07:59:52+00:00","dateModified":"2026-09-06T07:59:54+00:00","description":"RDC\u2013\u00c9tats-Unis : Karl Von Batten annonc\u00e9 comme membre d\u2019une commission pr\u00e9sidentielle de Donald Trump \u00c0 la Une","breadcrumb":{"@id":"https:\/\/congopubonline.com\/?p=100722#breadcrumb"},"inLanguage":"fr-FR","potentialAction":[{"@type":"ReadAction","target":["https:\/\/congopubonline.com\/?p=100722"]}]},{"@type":"ImageObject","inLanguage":"fr-FR","@id":"https:\/\/congopubonline.com\/?p=100722#primaryimage","url":"https:\/\/congopubonline.com\/wp-content\/uploads\/2026\/09\/barten.png","contentUrl":"https:\/\/congopubonline.com\/wp-content\/uploads\/2026\/09\/barten.png","width":977,"height":789},{"@type":"BreadcrumbList","@id":"https:\/\/congopubonline.com\/?p=100722#breadcrumb","itemListElement":[{"@type":"ListItem","position":1,"name":"Accueil","item":"https:\/\/congopubonline.com\/"},{"@type":"ListItem","position":2,"name":"RDC\u2013\u00c9tats-Unis : Karl Von Batten annonc\u00e9 comme membre d\u2019une commission pr\u00e9sidentielle de Donald Trump"}]},{"@type":"WebSite","@id":"https:\/\/congopubonline.com\/#website","url":"https:\/\/congopubonline.com\/","name":"Congo Pub Online","description":"Votre site d&#039;actualit\u00e9","publisher":{"@id":"https:\/\/congopubonline.com\/#organization"},"alternateName":"Marketing 3.0","potentialAction":[{"@type":"SearchAction","target":{"@type":"EntryPoint","urlTemplate":"https:\/\/congopubonline.com\/?s={search_term_string}"},"query-input":{"@type":"PropertyValueSpecification","valueRequired":true,"valueName":"search_term_string"}}],"inLanguage":"fr-FR"},{"@type":"Organization","@id":"https:\/\/congopubonline.com\/#organization","name":"Congo Pub Online","url":"https:\/\/congopubonline.com\/","logo":{"@type":"ImageObject","inLanguage":"fr-FR","@id":"https:\/\/congopubonline.com\/#\/schema\/logo\/image\/","url":"https:\/\/congopubonline.com\/wp-content\/uploads\/2022\/09\/LOGO_CONGO-PUB-Online_Version-2.jpg","contentUrl":"https:\/\/congopubonline.com\/wp-content\/uploads\/2022\/09\/LOGO_CONGO-PUB-Online_Version-2.jpg","width":374,"height":223,"caption":"Congo Pub Online"},"image":{"@id":"https:\/\/congopubonline.com\/#\/schema\/logo\/image\/"},"sameAs":["https:\/\/web.facebook.com\/Congopubonline","https:\/\/x.com\/CONGOPUBOnline"]},{"@type":"Person","@id":"https:\/\/congopubonline.com\/#\/schema\/person\/d2f3a940be2e9c1a0e4f8831e203f3cc","name":"admin9775","sameAs":["http:\/\/congopubonline.com"],"url":"https:\/\/congopubonline.com\/?author=1"}]}},"_links":{"self":[{"href":"https:\/\/congopubonline.com\/index.php?rest_route=\/wp\/v2\/posts\/100722","targetHints":{"allow":["GET"]}}],"collection":[{"href":"https:\/\/congopubonline.com\/index.php?rest_route=\/wp\/v2\/posts"}],"about":[{"href":"https:\/\/congopubonline.com\/index.php?rest_route=\/wp\/v2\/types\/post"}],"author":[{"embeddable":true,"href":"https:\/\/congopubonline.com\/index.php?rest_route=\/wp\/v2\/users\/1"}],"replies":[{"embeddable":true,"href":"https:\/\/congopubonline.com\/index.php?rest_route=%2Fwp%2Fv2%2Fcomments&post=100722"}],"version-history":[{"count":1,"href":"https:\/\/congopubonline.com\/index.php?rest_route=\/wp\/v2\/posts\/100722\/revisions"}],"predecessor-version":[{"id":100724,"href":"https:\/\/congopubonline.com\/index.php?rest_route=\/wp\/v2\/posts\/100722\/revisions\/100724"}],"wp:featuredmedia":[{"embeddable":true,"href":"https:\/\/congopubonline.com\/index.php?rest_route=\/wp\/v2\/media\/100723"}],"wp:attachment":[{"href":"https:\/\/congopubonline.com\/index.php?rest_route=%2Fwp%2Fv2%2Fmedia&parent=100722"}],"wp:term":[{"taxonomy":"category","embeddable":true,"href":"https:\/\/congopubonline.com\/index.php?rest_route=%2Fwp%2Fv2%2Fcategories&post=100722"},{"taxonomy":"post_tag","embeddable":true,"href":"https:\/\/congopubonline.com\/index.php?rest_route=%2Fwp%2Fv2%2Ftags&post=100722"}],"curies":[{"name":"wp","href":"https:\/\/api.w.org\/{rel}","templated":true}]}}