{"id":14219,"date":"2022-09-23T16:50:51","date_gmt":"2022-09-23T14:50:51","guid":{"rendered":"https:\/\/congopubonline.com\/?p=14219"},"modified":"2022-09-23T16:50:55","modified_gmt":"2022-09-23T14:50:55","slug":"le-chef-de-la-junte-soudanaise-ne-sera-pas-candidat-aux-prochaines-elections","status":"publish","type":"post","link":"https:\/\/congopubonline.com\/?p=14219","title":{"rendered":"Le chef de la junte soudanaise ne sera pas candidat aux prochaines \u00e9lections"},"content":{"rendered":"\n<p>Le g\u00e9n\u00e9ral Abdel Fattah al-Burhane, qui dirige le Soudan apr\u00e8s un coup d&rsquo;\u00c9tat il y a pr\u00e8s d&rsquo;un an, a d\u00e9clar\u00e9 jeudi qu&rsquo;il ne se pr\u00e9sentera pas aux futures \u00e9lections, cens\u00e9es mettre en place un gouvernement dirig\u00e9 par des civils.<\/p>\n\n\n\n<p><em>\u00ab\u00a0Je n&rsquo;ai pas le d\u00e9sir de me pr\u00e9senter comme candidat\u00a0\u00bb<\/em>, a d\u00e9clar\u00e9 le g\u00e9n\u00e9ral Burhane, 62 ans, lors d&rsquo;une interview avec l&rsquo;agence Associated Press en marge de l&rsquo;Assembl\u00e9e g\u00e9n\u00e9rale des Nations unies, \u00e0 New York.<\/p>\n\n\n\n<p>Le Soudan est plong\u00e9 dans la tourmente depuis plus de trois ans. Son \u00e9conomie vacille et, selon le Fonds mon\u00e9taire international, l&rsquo;inflation devrait atteindre le taux vertigineux de 245 % cette ann\u00e9e.<\/p>\n\n\n\n<p>Depuis le coup d&rsquo;\u00c9tat d&rsquo;octobre dernier, les manifestants pro-d\u00e9mocratie continuent de d\u00e9filer dans les rues pour exiger que les g\u00e9n\u00e9raux remettent le pouvoir aux civils.<\/p>\n\n\n\n<p>Les soldats ont ouvert le feu sur les manifestants \u00e0 plusieurs reprises, tuant certains d&rsquo;entre eux et en d\u00e9tenant des centaines. Bien qu&rsquo;aucun policier ou membre des forces de s\u00e9curit\u00e9 n&rsquo;ait \u00e9t\u00e9 condamn\u00e9 pour ces morts, le g\u00e9n\u00e9ral Burhane a d\u00e9clar\u00e9 que cinq ou six personnes font l&rsquo;objet d&rsquo;une enqu\u00eate.\u00a0<em>\u00ab\u00a0Les manifestants se sont heurt\u00e9s \u00e0 la police, et la police les a trait\u00e9s conform\u00e9ment \u00e0 la loi pour prot\u00e9ger les biens publics\u00a0\u00bb<\/em>, a-t-il dit.<\/p>\n\n\n\n<iframe src=\"https:\/\/www.voaafrique.com\/embed\/player\/0\/6746807.html?type=audio\" frameborder=\"0\" scrolling=\"no\" width=\"100%\" height=\"144\" allowfullscreen><\/iframe>\n\n\n\n<p>Le g\u00e9n\u00e9ral s&rsquo;est toutefois abstenu d&rsquo;avancer une date pour la tenue des \u00e9lections futures, m\u00eame s&rsquo;il avait pr\u00e9c\u00e9demment d\u00e9clar\u00e9 qu&rsquo;un scrutin pourrait avoir lieu en juillet 2023. Pour lui, l&rsquo;impasse se situe au niveau des acteurs politiques qui doivent se mettre d&rsquo;accord sur une date pour les \u00e9ch\u00e9ances \u00e9lectorales. Il a insist\u00e9 sur le fait que l&rsquo;arm\u00e9e ne joue aucun r\u00f4le dans ce d\u00e9bat.<\/p>\n\n\n\n<p>Il a \u00e9galement balay\u00e9 d&rsquo;un revers de la main les supputations qui font \u00e9tat de tensions au sein de son propre gouvernement de transition, niant l&rsquo;existence de d\u00e9saccords avec le chef adjoint du conseil militaire au pouvoir au Soudan, le g\u00e9n\u00e9ral Mohamed Hamdan Dagalo, plus connu sous le surnom de Hamedti. Ces derni\u00e8res semaines, les m\u00e9dias locaux ont fait \u00e9tat de diff\u00e9rends entre les deux g\u00e9n\u00e9raux. Hamedti a r\u00e9cemment admis que la prise du pouvoir par les militaires avait fait \u00e9chec.<\/p>\n\n\n\n<p><strong>Aide am\u00e9ricaine \u00ab\u00a0en pause\u00a0\u00bb<\/strong><\/p>\n\n\n\n<p>Sur le terrain, des millions de Soudanais souffrent sous le poids de l&rsquo;inflation et d&rsquo;une monnaie, la livre soudanaise, dont la valeur a chut\u00e9 de fa\u00e7on spectaculaire par rapport au dollar am\u00e9ricain.<\/p>\n\n\n\n<p>Le chef militaire au pouvoir a accus\u00e9 des pays et des institutions, qu&rsquo;il n&rsquo;a pas nomm\u00e9s, d&rsquo;\u00eatre \u00e0 l&rsquo;origine de la d\u00e9t\u00e9rioration de la situation \u00e9conomique du Soudan.<\/p>\n\n\n\n<iframe src=\"https:\/\/www.voaafrique.com\/embed\/player\/0\/6747604.html?type=video\" frameborder=\"0\" scrolling=\"no\" width=\"640\" height=\"360\" allowfullscreen><\/iframe>\n\n\n\n<p>\u00c0 la suite du coup d&rsquo;\u00c9tat, l&rsquo;administration Biden a suspendu une aide financi\u00e8re de 700 millions de dollars destin\u00e9e \u00e0 soutenir la transition du Soudan vers un gouvernement enti\u00e8rement civil. Le d\u00e9partement d&rsquo;\u00c9tat a d\u00e9clar\u00e9 que l&rsquo;ensemble du programme d&rsquo;aide, qui aurait pu inclure des soutiens additionnels en plus des 700 millions de dollars, avait \u00e9t\u00e9 mis en\u00a0<em>\u00ab\u00a0pause\u00a0\u00bb<\/em>\u00a0dans l&rsquo;attente d&rsquo;un examen de l&rsquo;\u00e9volution de la situation \u00e0 Khartoum.<\/p>\n\n\n\n<p><strong><em>VOA Afrique via CONGO PUB Online<\/em><\/strong><\/p>\n<div class='epvc-post-count'><span class='epvc-eye'><\/span>  <span class=\"epvc-count\"> 521<\/span><span class='epvc-label'> Vues<\/span><\/div>","protected":false},"excerpt":{"rendered":"<p>Le g\u00e9n\u00e9ral Abdel Fattah al-Burhane, qui dirige le Soudan apr\u00e8s un coup d&rsquo;\u00c9tat il y a pr\u00e8s d&rsquo;un an, a d\u00e9clar\u00e9 jeudi qu&rsquo;il ne se pr\u00e9sentera pas aux futures \u00e9lections,&hellip;<\/p>\n","protected":false},"author":1,"featured_media":14222,"comment_status":"open","ping_status":"closed","sticky":false,"template":"","format":"standard","meta":{"content-type":"","_monsterinsights_skip_tracking":false,"_monsterinsights_sitenote_active":false,"_monsterinsights_sitenote_note":"","_monsterinsights_sitenote_category":0,"footnotes":""},"categories":[43],"tags":[],"class_list":["post-14219","post","type-post","status-publish","format-standard","has-post-thumbnail","hentry","category-afrique"],"yoast_head":"<!-- This site is optimized with the Yoast SEO Premium plugin v25.4 (Yoast SEO v25.4) - https:\/\/yoast.com\/wordpress\/plugins\/seo\/ -->\n<title>Le chef de la junte soudanaise ne sera pas candidat aux prochaines \u00e9lections - Congo Pub Online<\/title>\n<meta name=\"description\" content=\"Le chef de la junte soudanaise ne sera pas candidat aux prochaines \u00e9lections Afrique\" \/>\n<meta name=\"robots\" content=\"index, follow, max-snippet:-1, max-image-preview:large, max-video-preview:-1\" \/>\n<link rel=\"canonical\" href=\"https:\/\/congopubonline.com\/?p=14219\" \/>\n<meta property=\"og:locale\" content=\"fr_FR\" \/>\n<meta property=\"og:type\" content=\"article\" \/>\n<meta property=\"og:title\" content=\"Le chef de la junte soudanaise ne sera pas candidat aux prochaines \u00e9lections\" \/>\n<meta property=\"og:description\" content=\"Le chef de la junte soudanaise ne sera pas candidat aux prochaines \u00e9lections Afrique\" \/>\n<meta property=\"og:url\" content=\"https:\/\/congopubonline.com\/?p=14219\" \/>\n<meta property=\"og:site_name\" content=\"Congo Pub Online\" \/>\n<meta property=\"article:publisher\" content=\"https:\/\/web.facebook.com\/Congopubonline\" \/>\n<meta property=\"article:published_time\" content=\"2022-09-23T14:50:51+00:00\" \/>\n<meta property=\"article:modified_time\" content=\"2022-09-23T14:50:55+00:00\" \/>\n<meta property=\"og:image\" content=\"https:\/\/congopubonline.com\/wp-content\/uploads\/2022\/09\/095c0000-0a00-0242-76ef-08da9d57e068_w1023_r1_s.jpg\" \/>\n\t<meta property=\"og:image:width\" content=\"1023\" \/>\n\t<meta property=\"og:image:height\" content=\"575\" \/>\n\t<meta property=\"og:image:type\" content=\"image\/jpeg\" \/>\n<meta name=\"author\" content=\"admin9775\" \/>\n<meta name=\"twitter:card\" content=\"summary_large_image\" \/>\n<meta name=\"twitter:creator\" content=\"@CONGOPUBOnline\" \/>\n<meta name=\"twitter:site\" content=\"@CONGOPUBOnline\" \/>\n<meta name=\"twitter:label1\" content=\"\u00c9crit par\" \/>\n\t<meta name=\"twitter:data1\" content=\"admin9775\" \/>\n\t<meta name=\"twitter:label2\" content=\"Dur\u00e9e de lecture estim\u00e9e\" \/>\n\t<meta name=\"twitter:data2\" content=\"3 minutes\" \/>\n<script type=\"application\/ld+json\" class=\"yoast-schema-graph\">{\"@context\":\"https:\/\/schema.org\",\"@graph\":[{\"@type\":\"Article\",\"@id\":\"https:\/\/congopubonline.com\/?p=14219#article\",\"isPartOf\":{\"@id\":\"https:\/\/congopubonline.com\/?p=14219\"},\"author\":{\"name\":\"admin9775\",\"@id\":\"https:\/\/congopubonline.com\/#\/schema\/person\/d2f3a940be2e9c1a0e4f8831e203f3cc\"},\"headline\":\"Le chef de la junte soudanaise ne sera pas candidat aux prochaines \u00e9lections\",\"datePublished\":\"2022-09-23T14:50:51+00:00\",\"dateModified\":\"2022-09-23T14:50:55+00:00\",\"mainEntityOfPage\":{\"@id\":\"https:\/\/congopubonline.com\/?p=14219\"},\"wordCount\":590,\"commentCount\":0,\"publisher\":{\"@id\":\"https:\/\/congopubonline.com\/#organization\"},\"image\":{\"@id\":\"https:\/\/congopubonline.com\/?p=14219#primaryimage\"},\"thumbnailUrl\":\"https:\/\/congopubonline.com\/wp-content\/uploads\/2022\/09\/095c0000-0a00-0242-76ef-08da9d57e068_w1023_r1_s.jpg\",\"articleSection\":[\"Afrique\"],\"inLanguage\":\"fr-FR\",\"potentialAction\":[{\"@type\":\"CommentAction\",\"name\":\"Comment\",\"target\":[\"https:\/\/congopubonline.com\/?p=14219#respond\"]}]},{\"@type\":\"WebPage\",\"@id\":\"https:\/\/congopubonline.com\/?p=14219\",\"url\":\"https:\/\/congopubonline.com\/?p=14219\",\"name\":\"Le chef de la junte soudanaise ne sera pas candidat aux prochaines \u00e9lections - Congo Pub Online\",\"isPartOf\":{\"@id\":\"https:\/\/congopubonline.com\/#website\"},\"primaryImageOfPage\":{\"@id\":\"https:\/\/congopubonline.com\/?p=14219#primaryimage\"},\"image\":{\"@id\":\"https:\/\/congopubonline.com\/?p=14219#primaryimage\"},\"thumbnailUrl\":\"https:\/\/congopubonline.com\/wp-content\/uploads\/2022\/09\/095c0000-0a00-0242-76ef-08da9d57e068_w1023_r1_s.jpg\",\"datePublished\":\"2022-09-23T14:50:51+00:00\",\"dateModified\":\"2022-09-23T14:50:55+00:00\",\"description\":\"Le chef de la junte soudanaise ne sera pas candidat aux prochaines \u00e9lections Afrique\",\"breadcrumb\":{\"@id\":\"https:\/\/congopubonline.com\/?p=14219#breadcrumb\"},\"inLanguage\":\"fr-FR\",\"potentialAction\":[{\"@type\":\"ReadAction\",\"target\":[\"https:\/\/congopubonline.com\/?p=14219\"]}]},{\"@type\":\"ImageObject\",\"inLanguage\":\"fr-FR\",\"@id\":\"https:\/\/congopubonline.com\/?p=14219#primaryimage\",\"url\":\"https:\/\/congopubonline.com\/wp-content\/uploads\/2022\/09\/095c0000-0a00-0242-76ef-08da9d57e068_w1023_r1_s.jpg\",\"contentUrl\":\"https:\/\/congopubonline.com\/wp-content\/uploads\/2022\/09\/095c0000-0a00-0242-76ef-08da9d57e068_w1023_r1_s.jpg\",\"width\":1023,\"height\":575},{\"@type\":\"BreadcrumbList\",\"@id\":\"https:\/\/congopubonline.com\/?p=14219#breadcrumb\",\"itemListElement\":[{\"@type\":\"ListItem\",\"position\":1,\"name\":\"Accueil\",\"item\":\"https:\/\/congopubonline.com\/\"},{\"@type\":\"ListItem\",\"position\":2,\"name\":\"Le chef de la junte soudanaise ne sera pas candidat aux prochaines \u00e9lections\"}]},{\"@type\":\"WebSite\",\"@id\":\"https:\/\/congopubonline.com\/#website\",\"url\":\"https:\/\/congopubonline.com\/\",\"name\":\"Congo Pub Online\",\"description\":\"Votre site d&#039;actualit\u00e9\",\"publisher\":{\"@id\":\"https:\/\/congopubonline.com\/#organization\"},\"alternateName\":\"Marketing 3.0\",\"potentialAction\":[{\"@type\":\"SearchAction\",\"target\":{\"@type\":\"EntryPoint\",\"urlTemplate\":\"https:\/\/congopubonline.com\/?s={search_term_string}\"},\"query-input\":{\"@type\":\"PropertyValueSpecification\",\"valueRequired\":true,\"valueName\":\"search_term_string\"}}],\"inLanguage\":\"fr-FR\"},{\"@type\":\"Organization\",\"@id\":\"https:\/\/congopubonline.com\/#organization\",\"name\":\"Congo Pub Online\",\"url\":\"https:\/\/congopubonline.com\/\",\"logo\":{\"@type\":\"ImageObject\",\"inLanguage\":\"fr-FR\",\"@id\":\"https:\/\/congopubonline.com\/#\/schema\/logo\/image\/\",\"url\":\"https:\/\/congopubonline.com\/wp-content\/uploads\/2022\/09\/LOGO_CONGO-PUB-Online_Version-2.jpg\",\"contentUrl\":\"https:\/\/congopubonline.com\/wp-content\/uploads\/2022\/09\/LOGO_CONGO-PUB-Online_Version-2.jpg\",\"width\":374,\"height\":223,\"caption\":\"Congo Pub Online\"},\"image\":{\"@id\":\"https:\/\/congopubonline.com\/#\/schema\/logo\/image\/\"},\"sameAs\":[\"https:\/\/web.facebook.com\/Congopubonline\",\"https:\/\/x.com\/CONGOPUBOnline\"]},{\"@type\":\"Person\",\"@id\":\"https:\/\/congopubonline.com\/#\/schema\/person\/d2f3a940be2e9c1a0e4f8831e203f3cc\",\"name\":\"admin9775\",\"sameAs\":[\"http:\/\/congopubonline.com\"],\"url\":\"https:\/\/congopubonline.com\/?author=1\"}]}<\/script>\n<!-- \/ Yoast SEO Premium plugin. -->","yoast_head_json":{"title":"Le chef de la junte soudanaise ne sera pas candidat aux prochaines \u00e9lections - Congo Pub Online","description":"Le chef de la junte soudanaise ne sera pas candidat aux prochaines \u00e9lections Afrique","robots":{"index":"index","follow":"follow","max-snippet":"max-snippet:-1","max-image-preview":"max-image-preview:large","max-video-preview":"max-video-preview:-1"},"canonical":"https:\/\/congopubonline.com\/?p=14219","og_locale":"fr_FR","og_type":"article","og_title":"Le chef de la junte soudanaise ne sera pas candidat aux prochaines \u00e9lections","og_description":"Le chef de la junte soudanaise ne sera pas candidat aux prochaines \u00e9lections Afrique","og_url":"https:\/\/congopubonline.com\/?p=14219","og_site_name":"Congo Pub Online","article_publisher":"https:\/\/web.facebook.com\/Congopubonline","article_published_time":"2022-09-23T14:50:51+00:00","article_modified_time":"2022-09-23T14:50:55+00:00","og_image":[{"width":1023,"height":575,"url":"https:\/\/congopubonline.com\/wp-content\/uploads\/2022\/09\/095c0000-0a00-0242-76ef-08da9d57e068_w1023_r1_s.jpg","type":"image\/jpeg"}],"author":"admin9775","twitter_card":"summary_large_image","twitter_creator":"@CONGOPUBOnline","twitter_site":"@CONGOPUBOnline","twitter_misc":{"\u00c9crit par":"admin9775","Dur\u00e9e de lecture estim\u00e9e":"3 minutes"},"schema":{"@context":"https:\/\/schema.org","@graph":[{"@type":"Article","@id":"https:\/\/congopubonline.com\/?p=14219#article","isPartOf":{"@id":"https:\/\/congopubonline.com\/?p=14219"},"author":{"name":"admin9775","@id":"https:\/\/congopubonline.com\/#\/schema\/person\/d2f3a940be2e9c1a0e4f8831e203f3cc"},"headline":"Le chef de la junte soudanaise ne sera pas candidat aux prochaines \u00e9lections","datePublished":"2022-09-23T14:50:51+00:00","dateModified":"2022-09-23T14:50:55+00:00","mainEntityOfPage":{"@id":"https:\/\/congopubonline.com\/?p=14219"},"wordCount":590,"commentCount":0,"publisher":{"@id":"https:\/\/congopubonline.com\/#organization"},"image":{"@id":"https:\/\/congopubonline.com\/?p=14219#primaryimage"},"thumbnailUrl":"https:\/\/congopubonline.com\/wp-content\/uploads\/2022\/09\/095c0000-0a00-0242-76ef-08da9d57e068_w1023_r1_s.jpg","articleSection":["Afrique"],"inLanguage":"fr-FR","potentialAction":[{"@type":"CommentAction","name":"Comment","target":["https:\/\/congopubonline.com\/?p=14219#respond"]}]},{"@type":"WebPage","@id":"https:\/\/congopubonline.com\/?p=14219","url":"https:\/\/congopubonline.com\/?p=14219","name":"Le chef de la junte soudanaise ne sera pas candidat aux prochaines \u00e9lections - Congo Pub Online","isPartOf":{"@id":"https:\/\/congopubonline.com\/#website"},"primaryImageOfPage":{"@id":"https:\/\/congopubonline.com\/?p=14219#primaryimage"},"image":{"@id":"https:\/\/congopubonline.com\/?p=14219#primaryimage"},"thumbnailUrl":"https:\/\/congopubonline.com\/wp-content\/uploads\/2022\/09\/095c0000-0a00-0242-76ef-08da9d57e068_w1023_r1_s.jpg","datePublished":"2022-09-23T14:50:51+00:00","dateModified":"2022-09-23T14:50:55+00:00","description":"Le chef de la junte soudanaise ne sera pas candidat aux prochaines \u00e9lections Afrique","breadcrumb":{"@id":"https:\/\/congopubonline.com\/?p=14219#breadcrumb"},"inLanguage":"fr-FR","potentialAction":[{"@type":"ReadAction","target":["https:\/\/congopubonline.com\/?p=14219"]}]},{"@type":"ImageObject","inLanguage":"fr-FR","@id":"https:\/\/congopubonline.com\/?p=14219#primaryimage","url":"https:\/\/congopubonline.com\/wp-content\/uploads\/2022\/09\/095c0000-0a00-0242-76ef-08da9d57e068_w1023_r1_s.jpg","contentUrl":"https:\/\/congopubonline.com\/wp-content\/uploads\/2022\/09\/095c0000-0a00-0242-76ef-08da9d57e068_w1023_r1_s.jpg","width":1023,"height":575},{"@type":"BreadcrumbList","@id":"https:\/\/congopubonline.com\/?p=14219#breadcrumb","itemListElement":[{"@type":"ListItem","position":1,"name":"Accueil","item":"https:\/\/congopubonline.com\/"},{"@type":"ListItem","position":2,"name":"Le chef de la junte soudanaise ne sera pas candidat aux prochaines \u00e9lections"}]},{"@type":"WebSite","@id":"https:\/\/congopubonline.com\/#website","url":"https:\/\/congopubonline.com\/","name":"Congo Pub Online","description":"Votre site d&#039;actualit\u00e9","publisher":{"@id":"https:\/\/congopubonline.com\/#organization"},"alternateName":"Marketing 3.0","potentialAction":[{"@type":"SearchAction","target":{"@type":"EntryPoint","urlTemplate":"https:\/\/congopubonline.com\/?s={search_term_string}"},"query-input":{"@type":"PropertyValueSpecification","valueRequired":true,"valueName":"search_term_string"}}],"inLanguage":"fr-FR"},{"@type":"Organization","@id":"https:\/\/congopubonline.com\/#organization","name":"Congo Pub Online","url":"https:\/\/congopubonline.com\/","logo":{"@type":"ImageObject","inLanguage":"fr-FR","@id":"https:\/\/congopubonline.com\/#\/schema\/logo\/image\/","url":"https:\/\/congopubonline.com\/wp-content\/uploads\/2022\/09\/LOGO_CONGO-PUB-Online_Version-2.jpg","contentUrl":"https:\/\/congopubonline.com\/wp-content\/uploads\/2022\/09\/LOGO_CONGO-PUB-Online_Version-2.jpg","width":374,"height":223,"caption":"Congo Pub Online"},"image":{"@id":"https:\/\/congopubonline.com\/#\/schema\/logo\/image\/"},"sameAs":["https:\/\/web.facebook.com\/Congopubonline","https:\/\/x.com\/CONGOPUBOnline"]},{"@type":"Person","@id":"https:\/\/congopubonline.com\/#\/schema\/person\/d2f3a940be2e9c1a0e4f8831e203f3cc","name":"admin9775","sameAs":["http:\/\/congopubonline.com"],"url":"https:\/\/congopubonline.com\/?author=1"}]}},"_links":{"self":[{"href":"https:\/\/congopubonline.com\/index.php?rest_route=\/wp\/v2\/posts\/14219","targetHints":{"allow":["GET"]}}],"collection":[{"href":"https:\/\/congopubonline.com\/index.php?rest_route=\/wp\/v2\/posts"}],"about":[{"href":"https:\/\/congopubonline.com\/index.php?rest_route=\/wp\/v2\/types\/post"}],"author":[{"embeddable":true,"href":"https:\/\/congopubonline.com\/index.php?rest_route=\/wp\/v2\/users\/1"}],"replies":[{"embeddable":true,"href":"https:\/\/congopubonline.com\/index.php?rest_route=%2Fwp%2Fv2%2Fcomments&post=14219"}],"version-history":[{"count":0,"href":"https:\/\/congopubonline.com\/index.php?rest_route=\/wp\/v2\/posts\/14219\/revisions"}],"wp:featuredmedia":[{"embeddable":true,"href":"https:\/\/congopubonline.com\/index.php?rest_route=\/wp\/v2\/media\/14222"}],"wp:attachment":[{"href":"https:\/\/congopubonline.com\/index.php?rest_route=%2Fwp%2Fv2%2Fmedia&parent=14219"}],"wp:term":[{"taxonomy":"category","embeddable":true,"href":"https:\/\/congopubonline.com\/index.php?rest_route=%2Fwp%2Fv2%2Fcategories&post=14219"},{"taxonomy":"post_tag","embeddable":true,"href":"https:\/\/congopubonline.com\/index.php?rest_route=%2Fwp%2Fv2%2Ftags&post=14219"}],"curies":[{"name":"wp","href":"https:\/\/api.w.org\/{rel}","templated":true}]}}