{"id":14412,"date":"2022-09-26T12:06:28","date_gmt":"2022-09-26T10:06:28","guid":{"rendered":"https:\/\/congopubonline.com\/?p=14412"},"modified":"2022-09-27T17:17:29","modified_gmt":"2022-09-27T15:17:29","slug":"a-la-fashion-week-de-milan-kim-kardashian-collabore-avec-dolce-gabbana","status":"publish","type":"post","link":"https:\/\/congopubonline.com\/?p=14412","title":{"rendered":"\u00c0 la Fashion Week de Milan, Kim Kardashian collabore avec Dolce &#038; Gabbana"},"content":{"rendered":"\n<p><strong>Lors de la Fashion Week de Milan, Dolce &amp; Gabbana a pr\u00e9sent\u00e9 sa nouvelle collection printemps-\u00e9t\u00e9 2023 en collaboration avec Kim Kardashian.<\/strong><\/p>\n\n\n\n<p>Le quatri\u00e8me jour de la Fashion week milanaise a \u00e9t\u00e9 marqu\u00e9 par la pr\u00e9sentation de la collection de Dolce &amp; Gabbana con\u00e7ue en collaboration avec Kim Kardashian. Un rendez-vous attendu par les fans qui \u00e9taient nombreux \u00e0 se presser devant le M\u00e9tropol, le quartier g\u00e9n\u00e9ral de la maison italienne, dans l\u2019espoir de voir la star. L&rsquo;\u00e9v\u00e8nement avait \u00e9t\u00e9 annonc\u00e9 \u00e0 grand renfort de campagne publicitaire et de posts sur les r\u00e9seaux sociaux.<\/p>\n\n\n\n<p>En toile de fond du d\u00e9fil\u00e9, la projection d\u2019un film en noir et blanc de Kim Kardashian, blonde platine, qui d\u00e9guste un plat de p\u00e2tes au restaurant. Le tout au ralenti et entrecoup\u00e9 de gestes anodins comme s\u2019essuyer la bouche ou se servir un bout de pain qui, ex\u00e9cut\u00e9s par l\u2019Am\u00e9ricaine, composent une fascinante performance.\u00a0<\/p>\n\n\n\n<p>Les mannequins ont d\u00e9fil\u00e9 sur une musique rythm\u00e9e pour d\u00e9voiler la collection intitul\u00e9e \u00abCiao Kim\u00bb, dont les pi\u00e8ces ont \u00e9t\u00e9 choisies par la star de la t\u00e9l\u00e9-r\u00e9alit\u00e9 dans les archives de la maison des ann\u00e9es 1987 \u00e0 2007. Elles comprennent donc des r\u00e9\u00e9ditions ou des pi\u00e8ces historiques telles que des combinaisons int\u00e9grales et des robes ultra-moulantes, des corsets et de la lingerie transparente ou en dentelles, mais aussi des looks plus streetwear, jeans tailles basses et crop tops.<\/p>\n\n\n\n<p><strong><em>PARIMATCH via CONGO PUB Online<\/em><\/strong><\/p>\n<div class='epvc-post-count'><span class='epvc-eye'><\/span>  <span class=\"epvc-count\"> 479<\/span><span class='epvc-label'> Vues<\/span><\/div>","protected":false},"excerpt":{"rendered":"<p>Lors de la Fashion Week de Milan, Dolce &amp; Gabbana a pr\u00e9sent\u00e9 sa nouvelle collection printemps-\u00e9t\u00e9 2023 en collaboration avec Kim Kardashian. Le quatri\u00e8me jour de la Fashion week milanaise&hellip;<\/p>\n","protected":false},"author":1,"featured_media":14414,"comment_status":"open","ping_status":"closed","sticky":false,"template":"","format":"standard","meta":{"content-type":"","_monsterinsights_skip_tracking":false,"_monsterinsights_sitenote_active":false,"_monsterinsights_sitenote_note":"","_monsterinsights_sitenote_category":0,"footnotes":""},"categories":[55],"tags":[],"class_list":["post-14412","post","type-post","status-publish","format-standard","has-post-thumbnail","hentry","category-bimber-musique"],"yoast_head":"<!-- This site is optimized with the Yoast SEO Premium plugin v25.4 (Yoast SEO v25.4) - https:\/\/yoast.com\/wordpress\/plugins\/seo\/ -->\n<title>\u00c0 la Fashion Week de Milan, Kim Kardashian collabore avec Dolce &amp; Gabbana - Congo Pub Online<\/title>\n<meta name=\"description\" content=\"\u00c0 la Fashion Week de Milan, Kim Kardashian collabore avec Dolce &amp; Gabbana\" \/>\n<meta name=\"robots\" content=\"index, follow, max-snippet:-1, max-image-preview:large, max-video-preview:-1\" \/>\n<link rel=\"canonical\" href=\"https:\/\/congopubonline.com\/?p=14412\" \/>\n<meta property=\"og:locale\" content=\"fr_FR\" \/>\n<meta property=\"og:type\" content=\"article\" \/>\n<meta property=\"og:title\" content=\"\u00c0 la Fashion Week de Milan, Kim Kardashian collabore avec Dolce &amp; Gabbana\" \/>\n<meta property=\"og:description\" content=\"\u00c0 la Fashion Week de Milan, Kim Kardashian collabore avec Dolce &amp; Gabbana\" \/>\n<meta property=\"og:url\" content=\"https:\/\/congopubonline.com\/?p=14412\" \/>\n<meta property=\"og:site_name\" content=\"Congo Pub Online\" \/>\n<meta property=\"article:publisher\" content=\"https:\/\/web.facebook.com\/Congopubonline\" \/>\n<meta property=\"article:published_time\" content=\"2022-09-26T10:06:28+00:00\" \/>\n<meta property=\"article:modified_time\" content=\"2022-09-27T15:17:29+00:00\" \/>\n<meta property=\"og:image\" content=\"https:\/\/congopubonline.com\/wp-content\/uploads\/2022\/09\/fashio-09-2022.jpg\" \/>\n\t<meta property=\"og:image:width\" content=\"768\" \/>\n\t<meta property=\"og:image:height\" content=\"512\" \/>\n\t<meta property=\"og:image:type\" content=\"image\/jpeg\" \/>\n<meta name=\"author\" content=\"admin9775\" \/>\n<meta name=\"twitter:card\" content=\"summary_large_image\" \/>\n<meta name=\"twitter:creator\" content=\"@CONGOPUBOnline\" \/>\n<meta name=\"twitter:site\" content=\"@CONGOPUBOnline\" \/>\n<meta name=\"twitter:label1\" content=\"\u00c9crit par\" \/>\n\t<meta name=\"twitter:data1\" content=\"admin9775\" \/>\n\t<meta name=\"twitter:label2\" content=\"Dur\u00e9e de lecture estim\u00e9e\" \/>\n\t<meta name=\"twitter:data2\" content=\"2 minutes\" \/>\n<script type=\"application\/ld+json\" class=\"yoast-schema-graph\">{\"@context\":\"https:\/\/schema.org\",\"@graph\":[{\"@type\":\"Article\",\"@id\":\"https:\/\/congopubonline.com\/?p=14412#article\",\"isPartOf\":{\"@id\":\"https:\/\/congopubonline.com\/?p=14412\"},\"author\":{\"name\":\"admin9775\",\"@id\":\"https:\/\/congopubonline.com\/#\/schema\/person\/d2f3a940be2e9c1a0e4f8831e203f3cc\"},\"headline\":\"\u00c0 la Fashion Week de Milan, Kim Kardashian collabore avec Dolce &#038; Gabbana\",\"datePublished\":\"2022-09-26T10:06:28+00:00\",\"dateModified\":\"2022-09-27T15:17:29+00:00\",\"mainEntityOfPage\":{\"@id\":\"https:\/\/congopubonline.com\/?p=14412\"},\"wordCount\":270,\"commentCount\":0,\"publisher\":{\"@id\":\"https:\/\/congopubonline.com\/#organization\"},\"image\":{\"@id\":\"https:\/\/congopubonline.com\/?p=14412#primaryimage\"},\"thumbnailUrl\":\"https:\/\/congopubonline.com\/wp-content\/uploads\/2022\/09\/fashio-09-2022.jpg\",\"articleSection\":[\"Musique &amp; Culture\"],\"inLanguage\":\"fr-FR\",\"potentialAction\":[{\"@type\":\"CommentAction\",\"name\":\"Comment\",\"target\":[\"https:\/\/congopubonline.com\/?p=14412#respond\"]}]},{\"@type\":\"WebPage\",\"@id\":\"https:\/\/congopubonline.com\/?p=14412\",\"url\":\"https:\/\/congopubonline.com\/?p=14412\",\"name\":\"\u00c0 la Fashion Week de Milan, Kim Kardashian collabore avec Dolce & Gabbana - Congo Pub Online\",\"isPartOf\":{\"@id\":\"https:\/\/congopubonline.com\/#website\"},\"primaryImageOfPage\":{\"@id\":\"https:\/\/congopubonline.com\/?p=14412#primaryimage\"},\"image\":{\"@id\":\"https:\/\/congopubonline.com\/?p=14412#primaryimage\"},\"thumbnailUrl\":\"https:\/\/congopubonline.com\/wp-content\/uploads\/2022\/09\/fashio-09-2022.jpg\",\"datePublished\":\"2022-09-26T10:06:28+00:00\",\"dateModified\":\"2022-09-27T15:17:29+00:00\",\"description\":\"\u00c0 la Fashion Week de Milan, Kim Kardashian collabore avec Dolce & Gabbana\",\"breadcrumb\":{\"@id\":\"https:\/\/congopubonline.com\/?p=14412#breadcrumb\"},\"inLanguage\":\"fr-FR\",\"potentialAction\":[{\"@type\":\"ReadAction\",\"target\":[\"https:\/\/congopubonline.com\/?p=14412\"]}]},{\"@type\":\"ImageObject\",\"inLanguage\":\"fr-FR\",\"@id\":\"https:\/\/congopubonline.com\/?p=14412#primaryimage\",\"url\":\"https:\/\/congopubonline.com\/wp-content\/uploads\/2022\/09\/fashio-09-2022.jpg\",\"contentUrl\":\"https:\/\/congopubonline.com\/wp-content\/uploads\/2022\/09\/fashio-09-2022.jpg\",\"width\":768,\"height\":512},{\"@type\":\"BreadcrumbList\",\"@id\":\"https:\/\/congopubonline.com\/?p=14412#breadcrumb\",\"itemListElement\":[{\"@type\":\"ListItem\",\"position\":1,\"name\":\"Accueil\",\"item\":\"https:\/\/congopubonline.com\/\"},{\"@type\":\"ListItem\",\"position\":2,\"name\":\"\u00c0 la Fashion Week de Milan, Kim Kardashian collabore avec Dolce &#038; Gabbana\"}]},{\"@type\":\"WebSite\",\"@id\":\"https:\/\/congopubonline.com\/#website\",\"url\":\"https:\/\/congopubonline.com\/\",\"name\":\"Congo Pub Online\",\"description\":\"Votre site d&#039;actualit\u00e9\",\"publisher\":{\"@id\":\"https:\/\/congopubonline.com\/#organization\"},\"alternateName\":\"Marketing 3.0\",\"potentialAction\":[{\"@type\":\"SearchAction\",\"target\":{\"@type\":\"EntryPoint\",\"urlTemplate\":\"https:\/\/congopubonline.com\/?s={search_term_string}\"},\"query-input\":{\"@type\":\"PropertyValueSpecification\",\"valueRequired\":true,\"valueName\":\"search_term_string\"}}],\"inLanguage\":\"fr-FR\"},{\"@type\":\"Organization\",\"@id\":\"https:\/\/congopubonline.com\/#organization\",\"name\":\"Congo Pub Online\",\"url\":\"https:\/\/congopubonline.com\/\",\"logo\":{\"@type\":\"ImageObject\",\"inLanguage\":\"fr-FR\",\"@id\":\"https:\/\/congopubonline.com\/#\/schema\/logo\/image\/\",\"url\":\"https:\/\/congopubonline.com\/wp-content\/uploads\/2022\/09\/LOGO_CONGO-PUB-Online_Version-2.jpg\",\"contentUrl\":\"https:\/\/congopubonline.com\/wp-content\/uploads\/2022\/09\/LOGO_CONGO-PUB-Online_Version-2.jpg\",\"width\":374,\"height\":223,\"caption\":\"Congo Pub Online\"},\"image\":{\"@id\":\"https:\/\/congopubonline.com\/#\/schema\/logo\/image\/\"},\"sameAs\":[\"https:\/\/web.facebook.com\/Congopubonline\",\"https:\/\/x.com\/CONGOPUBOnline\"]},{\"@type\":\"Person\",\"@id\":\"https:\/\/congopubonline.com\/#\/schema\/person\/d2f3a940be2e9c1a0e4f8831e203f3cc\",\"name\":\"admin9775\",\"sameAs\":[\"http:\/\/congopubonline.com\"],\"url\":\"https:\/\/congopubonline.com\/?author=1\"}]}<\/script>\n<!-- \/ Yoast SEO Premium plugin. -->","yoast_head_json":{"title":"\u00c0 la Fashion Week de Milan, Kim Kardashian collabore avec Dolce & Gabbana - Congo Pub Online","description":"\u00c0 la Fashion Week de Milan, Kim Kardashian collabore avec Dolce & Gabbana","robots":{"index":"index","follow":"follow","max-snippet":"max-snippet:-1","max-image-preview":"max-image-preview:large","max-video-preview":"max-video-preview:-1"},"canonical":"https:\/\/congopubonline.com\/?p=14412","og_locale":"fr_FR","og_type":"article","og_title":"\u00c0 la Fashion Week de Milan, Kim Kardashian collabore avec Dolce & Gabbana","og_description":"\u00c0 la Fashion Week de Milan, Kim Kardashian collabore avec Dolce & Gabbana","og_url":"https:\/\/congopubonline.com\/?p=14412","og_site_name":"Congo Pub Online","article_publisher":"https:\/\/web.facebook.com\/Congopubonline","article_published_time":"2022-09-26T10:06:28+00:00","article_modified_time":"2022-09-27T15:17:29+00:00","og_image":[{"width":768,"height":512,"url":"https:\/\/congopubonline.com\/wp-content\/uploads\/2022\/09\/fashio-09-2022.jpg","type":"image\/jpeg"}],"author":"admin9775","twitter_card":"summary_large_image","twitter_creator":"@CONGOPUBOnline","twitter_site":"@CONGOPUBOnline","twitter_misc":{"\u00c9crit par":"admin9775","Dur\u00e9e de lecture estim\u00e9e":"2 minutes"},"schema":{"@context":"https:\/\/schema.org","@graph":[{"@type":"Article","@id":"https:\/\/congopubonline.com\/?p=14412#article","isPartOf":{"@id":"https:\/\/congopubonline.com\/?p=14412"},"author":{"name":"admin9775","@id":"https:\/\/congopubonline.com\/#\/schema\/person\/d2f3a940be2e9c1a0e4f8831e203f3cc"},"headline":"\u00c0 la Fashion Week de Milan, Kim Kardashian collabore avec Dolce &#038; Gabbana","datePublished":"2022-09-26T10:06:28+00:00","dateModified":"2022-09-27T15:17:29+00:00","mainEntityOfPage":{"@id":"https:\/\/congopubonline.com\/?p=14412"},"wordCount":270,"commentCount":0,"publisher":{"@id":"https:\/\/congopubonline.com\/#organization"},"image":{"@id":"https:\/\/congopubonline.com\/?p=14412#primaryimage"},"thumbnailUrl":"https:\/\/congopubonline.com\/wp-content\/uploads\/2022\/09\/fashio-09-2022.jpg","articleSection":["Musique &amp; Culture"],"inLanguage":"fr-FR","potentialAction":[{"@type":"CommentAction","name":"Comment","target":["https:\/\/congopubonline.com\/?p=14412#respond"]}]},{"@type":"WebPage","@id":"https:\/\/congopubonline.com\/?p=14412","url":"https:\/\/congopubonline.com\/?p=14412","name":"\u00c0 la Fashion Week de Milan, Kim Kardashian collabore avec Dolce & Gabbana - Congo Pub Online","isPartOf":{"@id":"https:\/\/congopubonline.com\/#website"},"primaryImageOfPage":{"@id":"https:\/\/congopubonline.com\/?p=14412#primaryimage"},"image":{"@id":"https:\/\/congopubonline.com\/?p=14412#primaryimage"},"thumbnailUrl":"https:\/\/congopubonline.com\/wp-content\/uploads\/2022\/09\/fashio-09-2022.jpg","datePublished":"2022-09-26T10:06:28+00:00","dateModified":"2022-09-27T15:17:29+00:00","description":"\u00c0 la Fashion Week de Milan, Kim Kardashian collabore avec Dolce & Gabbana","breadcrumb":{"@id":"https:\/\/congopubonline.com\/?p=14412#breadcrumb"},"inLanguage":"fr-FR","potentialAction":[{"@type":"ReadAction","target":["https:\/\/congopubonline.com\/?p=14412"]}]},{"@type":"ImageObject","inLanguage":"fr-FR","@id":"https:\/\/congopubonline.com\/?p=14412#primaryimage","url":"https:\/\/congopubonline.com\/wp-content\/uploads\/2022\/09\/fashio-09-2022.jpg","contentUrl":"https:\/\/congopubonline.com\/wp-content\/uploads\/2022\/09\/fashio-09-2022.jpg","width":768,"height":512},{"@type":"BreadcrumbList","@id":"https:\/\/congopubonline.com\/?p=14412#breadcrumb","itemListElement":[{"@type":"ListItem","position":1,"name":"Accueil","item":"https:\/\/congopubonline.com\/"},{"@type":"ListItem","position":2,"name":"\u00c0 la Fashion Week de Milan, Kim Kardashian collabore avec Dolce &#038; Gabbana"}]},{"@type":"WebSite","@id":"https:\/\/congopubonline.com\/#website","url":"https:\/\/congopubonline.com\/","name":"Congo Pub Online","description":"Votre site d&#039;actualit\u00e9","publisher":{"@id":"https:\/\/congopubonline.com\/#organization"},"alternateName":"Marketing 3.0","potentialAction":[{"@type":"SearchAction","target":{"@type":"EntryPoint","urlTemplate":"https:\/\/congopubonline.com\/?s={search_term_string}"},"query-input":{"@type":"PropertyValueSpecification","valueRequired":true,"valueName":"search_term_string"}}],"inLanguage":"fr-FR"},{"@type":"Organization","@id":"https:\/\/congopubonline.com\/#organization","name":"Congo Pub Online","url":"https:\/\/congopubonline.com\/","logo":{"@type":"ImageObject","inLanguage":"fr-FR","@id":"https:\/\/congopubonline.com\/#\/schema\/logo\/image\/","url":"https:\/\/congopubonline.com\/wp-content\/uploads\/2022\/09\/LOGO_CONGO-PUB-Online_Version-2.jpg","contentUrl":"https:\/\/congopubonline.com\/wp-content\/uploads\/2022\/09\/LOGO_CONGO-PUB-Online_Version-2.jpg","width":374,"height":223,"caption":"Congo Pub Online"},"image":{"@id":"https:\/\/congopubonline.com\/#\/schema\/logo\/image\/"},"sameAs":["https:\/\/web.facebook.com\/Congopubonline","https:\/\/x.com\/CONGOPUBOnline"]},{"@type":"Person","@id":"https:\/\/congopubonline.com\/#\/schema\/person\/d2f3a940be2e9c1a0e4f8831e203f3cc","name":"admin9775","sameAs":["http:\/\/congopubonline.com"],"url":"https:\/\/congopubonline.com\/?author=1"}]}},"_links":{"self":[{"href":"https:\/\/congopubonline.com\/index.php?rest_route=\/wp\/v2\/posts\/14412","targetHints":{"allow":["GET"]}}],"collection":[{"href":"https:\/\/congopubonline.com\/index.php?rest_route=\/wp\/v2\/posts"}],"about":[{"href":"https:\/\/congopubonline.com\/index.php?rest_route=\/wp\/v2\/types\/post"}],"author":[{"embeddable":true,"href":"https:\/\/congopubonline.com\/index.php?rest_route=\/wp\/v2\/users\/1"}],"replies":[{"embeddable":true,"href":"https:\/\/congopubonline.com\/index.php?rest_route=%2Fwp%2Fv2%2Fcomments&post=14412"}],"version-history":[{"count":0,"href":"https:\/\/congopubonline.com\/index.php?rest_route=\/wp\/v2\/posts\/14412\/revisions"}],"wp:featuredmedia":[{"embeddable":true,"href":"https:\/\/congopubonline.com\/index.php?rest_route=\/wp\/v2\/media\/14414"}],"wp:attachment":[{"href":"https:\/\/congopubonline.com\/index.php?rest_route=%2Fwp%2Fv2%2Fmedia&parent=14412"}],"wp:term":[{"taxonomy":"category","embeddable":true,"href":"https:\/\/congopubonline.com\/index.php?rest_route=%2Fwp%2Fv2%2Fcategories&post=14412"},{"taxonomy":"post_tag","embeddable":true,"href":"https:\/\/congopubonline.com\/index.php?rest_route=%2Fwp%2Fv2%2Ftags&post=14412"}],"curies":[{"name":"wp","href":"https:\/\/api.w.org\/{rel}","templated":true}]}}