{"id":17879,"date":"2022-11-08T10:56:04","date_gmt":"2022-11-08T09:56:04","guid":{"rendered":"https:\/\/congopubonline.com\/?p=17879"},"modified":"2022-11-11T16:49:51","modified_gmt":"2022-11-11T15:49:51","slug":"asile-et-migration-la-secretaire-detat-belge-en-visite-de-travail-en-rdc","status":"publish","type":"post","link":"https:\/\/congopubonline.com\/?p=17879","title":{"rendered":"Asile et Migration : la secr\u00e9taire d\u2019Etat belge en visite de travail en RDC"},"content":{"rendered":"\n<p><strong>La secr\u00e9taire d\u2019Etat belge \u00e0 l\u2019Asile et \u00e0 la migration, Mme Nicole De Moor, effectuera, du 13 au 17 novembre courant, une visite de travail en RDC, pour intensifier les relations de confiance entre les deux Etats et travailler \u00e0 la relance et \u00e0 l\u2019approfondissement du partenariat dans le secteur de l\u2019asile et de la migration.<\/strong><\/p>\n\n\n\n<p>\u00ab&nbsp;<em>Il est important pour moi de me rendre en RDC pour une visite de travail et d\u2019\u00e9valuation de la coop\u00e9ration bilat\u00e9rale dans le domaine pr\u00e9cis\u00e9ment de mes comp\u00e9tences \u00bb,<\/em>&nbsp;a d\u00e9clar\u00e9 Mme De Moor, en recevant lundi, en visite de courtoisie,&nbsp; l\u2019ambassadeur de la RDC en Belgique, M. Christian Ndongala Nkuku.<\/p>\n\n\n\n<p>L\u2019Office des \u00e9trangers n\u2019est pas contre l\u2019immigration, contrairement \u00e0 une certaine opinion,&nbsp; a indiqu\u00e9 la secr\u00e9taire d\u2019Etat. Sa mission consiste \u00e0 proposer une politique migratoire qui soit humaine et contr\u00f4l\u00e9e, a-t-elle expliqu\u00e9, selon un communiqu\u00e9 de la repr\u00e9sentation congolaise \u00e0 Bruxelles remis \u00e0 l\u2019ACP.<\/p>\n\n\n\n<p>La secr\u00e9taire d\u2019Etat belge a, par ailleurs,&nbsp; indiqu\u00e9 que son pays intervenait&nbsp; en RDC dans la construction d\u2019un certain nombre de postes frontaliers, cinq \u00e0 ce stade, mais aussi dans le renforcement des capacit\u00e9s op\u00e9rationnelles de la Direction g\u00e9n\u00e9rale de migration (DGM), qui est l\u2019interface de l\u2019Office des \u00e9trangers en RDC.<\/p>\n\n\n\n<p>Pour sa part, M. Christian Ndongala, qui s\u2019est f\u00e9licit\u00e9 des initiatives prises en termes de gestion des flux migratoires, a souhait\u00e9 qu\u2019\u00e0 l\u2019avenir&nbsp; l\u2019ambassade soit inform\u00e9e, par les canaux diplomatiques, des dossiers des Congolais&nbsp; candidats au retour volontaire ou de ceux qui n\u2019avaient pas vocation \u00e0 rester en Belgique.<\/p>\n\n\n\n<p><strong><em>Pour un accompagnement de la Belgique lors des prochains scrutins<\/em><\/strong><\/p>\n\n\n\n<p>D\u2019autre part, le diplomate congolais a sollicit\u00e9 l\u2019accompagnement&nbsp; de la Belgique, \u00ab&nbsp;qui est un partenaire essentiel pour la RDC&nbsp;\u00bb, dans l\u2019organisation et la bonne tenue des \u00e9lections en d\u00e9cembre 2023, auxquelles&nbsp; les Congolais de la diaspora seront appel\u00e9s \u00e0 participer pour la premi\u00e8re fois.<\/p>\n\n\n\n<p>\u00ab Certes, nous devons \u00eatre en mesure de proposer des r\u00e9ponses op\u00e9rationnelles aux d\u00e9fis que repr\u00e9sente l\u2019\u00e9lection pr\u00e9sidentielle, en tant que pays pilote, en nous appuyant sur l\u2019exp\u00e9rience de la Belgique dans ce domaine \u00bb, a soulign\u00e9 M. Ndongala, qui a aussi demand\u00e9 aux autorit\u00e9s comp\u00e9tentes belges de mettre \u00e0 la disposition de l\u2019ambassade la cartographie du corps \u00e9lectoral congolais de Belgique, selon la pyramide des \u00e2ges. La secr\u00e9taire d\u2019Etat belge a pris acte de cette demande, ajoute le communiqu\u00e9.\u00a0<\/p>\n\n\n\n<p><strong>ACP via CONGO PUB Online<\/strong><\/p>\n<div class='epvc-post-count'><span class='epvc-eye'><\/span>  <span class=\"epvc-count\"> 281<\/span><span class='epvc-label'> Vues<\/span><\/div>","protected":false},"excerpt":{"rendered":"<p>La secr\u00e9taire d\u2019Etat belge \u00e0 l\u2019Asile et \u00e0 la migration, Mme Nicole De Moor, effectuera, du 13 au 17 novembre courant, une visite de travail en RDC, pour intensifier les&hellip;<\/p>\n","protected":false},"author":1,"featured_media":17885,"comment_status":"open","ping_status":"closed","sticky":false,"template":"","format":"standard","meta":{"content-type":"","_monsterinsights_skip_tracking":false,"_monsterinsights_sitenote_active":false,"_monsterinsights_sitenote_note":"","_monsterinsights_sitenote_category":0,"footnotes":""},"categories":[62],"tags":[],"class_list":["post-17879","post","type-post","status-publish","format-standard","has-post-thumbnail","hentry","category-societe"],"yoast_head":"<!-- This site is optimized with the Yoast SEO Premium plugin v25.4 (Yoast SEO v25.4) - https:\/\/yoast.com\/wordpress\/plugins\/seo\/ -->\n<title>Asile et Migration : la secr\u00e9taire d\u2019Etat belge en visite de travail en RDC - Congo Pub Online<\/title>\n<meta name=\"description\" content=\"Asile et Migration : la secr\u00e9taire d\u2019Etat belge en visite de travail en RDC\" \/>\n<meta name=\"robots\" content=\"index, follow, max-snippet:-1, max-image-preview:large, max-video-preview:-1\" \/>\n<link rel=\"canonical\" href=\"https:\/\/congopubonline.com\/?p=17879\" \/>\n<meta property=\"og:locale\" content=\"fr_FR\" \/>\n<meta property=\"og:type\" content=\"article\" \/>\n<meta property=\"og:title\" content=\"Asile et Migration : la secr\u00e9taire d\u2019Etat belge en visite de travail en RDC\" \/>\n<meta property=\"og:description\" content=\"Asile et Migration : la secr\u00e9taire d\u2019Etat belge en visite de travail en RDC\" \/>\n<meta property=\"og:url\" content=\"https:\/\/congopubonline.com\/?p=17879\" \/>\n<meta property=\"og:site_name\" content=\"Congo Pub Online\" \/>\n<meta property=\"article:publisher\" content=\"https:\/\/web.facebook.com\/Congopubonline\" \/>\n<meta property=\"article:published_time\" content=\"2022-11-08T09:56:04+00:00\" \/>\n<meta property=\"article:modified_time\" content=\"2022-11-11T15:49:51+00:00\" \/>\n<meta property=\"og:image\" content=\"https:\/\/congopubonline.com\/wp-content\/uploads\/2022\/11\/aa-1.jpg\" \/>\n\t<meta property=\"og:image:width\" content=\"436\" \/>\n\t<meta property=\"og:image:height\" content=\"355\" \/>\n\t<meta property=\"og:image:type\" content=\"image\/jpeg\" \/>\n<meta name=\"author\" content=\"admin9775\" \/>\n<meta name=\"twitter:card\" content=\"summary_large_image\" \/>\n<meta name=\"twitter:creator\" content=\"@CONGOPUBOnline\" \/>\n<meta name=\"twitter:site\" content=\"@CONGOPUBOnline\" \/>\n<meta name=\"twitter:label1\" content=\"\u00c9crit par\" \/>\n\t<meta name=\"twitter:data1\" content=\"admin9775\" \/>\n\t<meta name=\"twitter:label2\" content=\"Dur\u00e9e de lecture estim\u00e9e\" \/>\n\t<meta name=\"twitter:data2\" content=\"2 minutes\" \/>\n<script type=\"application\/ld+json\" class=\"yoast-schema-graph\">{\"@context\":\"https:\/\/schema.org\",\"@graph\":[{\"@type\":\"Article\",\"@id\":\"https:\/\/congopubonline.com\/?p=17879#article\",\"isPartOf\":{\"@id\":\"https:\/\/congopubonline.com\/?p=17879\"},\"author\":{\"name\":\"admin9775\",\"@id\":\"https:\/\/congopubonline.com\/#\/schema\/person\/d2f3a940be2e9c1a0e4f8831e203f3cc\"},\"headline\":\"Asile et Migration : la secr\u00e9taire d\u2019Etat belge en visite de travail en RDC\",\"datePublished\":\"2022-11-08T09:56:04+00:00\",\"dateModified\":\"2022-11-11T15:49:51+00:00\",\"mainEntityOfPage\":{\"@id\":\"https:\/\/congopubonline.com\/?p=17879\"},\"wordCount\":455,\"commentCount\":0,\"publisher\":{\"@id\":\"https:\/\/congopubonline.com\/#organization\"},\"image\":{\"@id\":\"https:\/\/congopubonline.com\/?p=17879#primaryimage\"},\"thumbnailUrl\":\"https:\/\/congopubonline.com\/wp-content\/uploads\/2022\/11\/aa-1.jpg\",\"articleSection\":[\"Soci\u00e9t\u00e9\"],\"inLanguage\":\"fr-FR\",\"potentialAction\":[{\"@type\":\"CommentAction\",\"name\":\"Comment\",\"target\":[\"https:\/\/congopubonline.com\/?p=17879#respond\"]}]},{\"@type\":\"WebPage\",\"@id\":\"https:\/\/congopubonline.com\/?p=17879\",\"url\":\"https:\/\/congopubonline.com\/?p=17879\",\"name\":\"Asile et Migration : la secr\u00e9taire d\u2019Etat belge en visite de travail en RDC - Congo Pub Online\",\"isPartOf\":{\"@id\":\"https:\/\/congopubonline.com\/#website\"},\"primaryImageOfPage\":{\"@id\":\"https:\/\/congopubonline.com\/?p=17879#primaryimage\"},\"image\":{\"@id\":\"https:\/\/congopubonline.com\/?p=17879#primaryimage\"},\"thumbnailUrl\":\"https:\/\/congopubonline.com\/wp-content\/uploads\/2022\/11\/aa-1.jpg\",\"datePublished\":\"2022-11-08T09:56:04+00:00\",\"dateModified\":\"2022-11-11T15:49:51+00:00\",\"description\":\"Asile et Migration : la secr\u00e9taire d\u2019Etat belge en visite de travail en RDC\",\"breadcrumb\":{\"@id\":\"https:\/\/congopubonline.com\/?p=17879#breadcrumb\"},\"inLanguage\":\"fr-FR\",\"potentialAction\":[{\"@type\":\"ReadAction\",\"target\":[\"https:\/\/congopubonline.com\/?p=17879\"]}]},{\"@type\":\"ImageObject\",\"inLanguage\":\"fr-FR\",\"@id\":\"https:\/\/congopubonline.com\/?p=17879#primaryimage\",\"url\":\"https:\/\/congopubonline.com\/wp-content\/uploads\/2022\/11\/aa-1.jpg\",\"contentUrl\":\"https:\/\/congopubonline.com\/wp-content\/uploads\/2022\/11\/aa-1.jpg\",\"width\":436,\"height\":355},{\"@type\":\"BreadcrumbList\",\"@id\":\"https:\/\/congopubonline.com\/?p=17879#breadcrumb\",\"itemListElement\":[{\"@type\":\"ListItem\",\"position\":1,\"name\":\"Accueil\",\"item\":\"https:\/\/congopubonline.com\/\"},{\"@type\":\"ListItem\",\"position\":2,\"name\":\"Asile et Migration : la secr\u00e9taire d\u2019Etat belge en visite de travail en RDC\"}]},{\"@type\":\"WebSite\",\"@id\":\"https:\/\/congopubonline.com\/#website\",\"url\":\"https:\/\/congopubonline.com\/\",\"name\":\"Congo Pub Online\",\"description\":\"Votre site d&#039;actualit\u00e9\",\"publisher\":{\"@id\":\"https:\/\/congopubonline.com\/#organization\"},\"alternateName\":\"Marketing 3.0\",\"potentialAction\":[{\"@type\":\"SearchAction\",\"target\":{\"@type\":\"EntryPoint\",\"urlTemplate\":\"https:\/\/congopubonline.com\/?s={search_term_string}\"},\"query-input\":{\"@type\":\"PropertyValueSpecification\",\"valueRequired\":true,\"valueName\":\"search_term_string\"}}],\"inLanguage\":\"fr-FR\"},{\"@type\":\"Organization\",\"@id\":\"https:\/\/congopubonline.com\/#organization\",\"name\":\"Congo Pub Online\",\"url\":\"https:\/\/congopubonline.com\/\",\"logo\":{\"@type\":\"ImageObject\",\"inLanguage\":\"fr-FR\",\"@id\":\"https:\/\/congopubonline.com\/#\/schema\/logo\/image\/\",\"url\":\"https:\/\/congopubonline.com\/wp-content\/uploads\/2022\/09\/LOGO_CONGO-PUB-Online_Version-2.jpg\",\"contentUrl\":\"https:\/\/congopubonline.com\/wp-content\/uploads\/2022\/09\/LOGO_CONGO-PUB-Online_Version-2.jpg\",\"width\":374,\"height\":223,\"caption\":\"Congo Pub Online\"},\"image\":{\"@id\":\"https:\/\/congopubonline.com\/#\/schema\/logo\/image\/\"},\"sameAs\":[\"https:\/\/web.facebook.com\/Congopubonline\",\"https:\/\/x.com\/CONGOPUBOnline\"]},{\"@type\":\"Person\",\"@id\":\"https:\/\/congopubonline.com\/#\/schema\/person\/d2f3a940be2e9c1a0e4f8831e203f3cc\",\"name\":\"admin9775\",\"sameAs\":[\"http:\/\/congopubonline.com\"],\"url\":\"https:\/\/congopubonline.com\/?author=1\"}]}<\/script>\n<!-- \/ Yoast SEO Premium plugin. -->","yoast_head_json":{"title":"Asile et Migration : la secr\u00e9taire d\u2019Etat belge en visite de travail en RDC - Congo Pub Online","description":"Asile et Migration : la secr\u00e9taire d\u2019Etat belge en visite de travail en RDC","robots":{"index":"index","follow":"follow","max-snippet":"max-snippet:-1","max-image-preview":"max-image-preview:large","max-video-preview":"max-video-preview:-1"},"canonical":"https:\/\/congopubonline.com\/?p=17879","og_locale":"fr_FR","og_type":"article","og_title":"Asile et Migration : la secr\u00e9taire d\u2019Etat belge en visite de travail en RDC","og_description":"Asile et Migration : la secr\u00e9taire d\u2019Etat belge en visite de travail en RDC","og_url":"https:\/\/congopubonline.com\/?p=17879","og_site_name":"Congo Pub Online","article_publisher":"https:\/\/web.facebook.com\/Congopubonline","article_published_time":"2022-11-08T09:56:04+00:00","article_modified_time":"2022-11-11T15:49:51+00:00","og_image":[{"width":436,"height":355,"url":"https:\/\/congopubonline.com\/wp-content\/uploads\/2022\/11\/aa-1.jpg","type":"image\/jpeg"}],"author":"admin9775","twitter_card":"summary_large_image","twitter_creator":"@CONGOPUBOnline","twitter_site":"@CONGOPUBOnline","twitter_misc":{"\u00c9crit par":"admin9775","Dur\u00e9e de lecture estim\u00e9e":"2 minutes"},"schema":{"@context":"https:\/\/schema.org","@graph":[{"@type":"Article","@id":"https:\/\/congopubonline.com\/?p=17879#article","isPartOf":{"@id":"https:\/\/congopubonline.com\/?p=17879"},"author":{"name":"admin9775","@id":"https:\/\/congopubonline.com\/#\/schema\/person\/d2f3a940be2e9c1a0e4f8831e203f3cc"},"headline":"Asile et Migration : la secr\u00e9taire d\u2019Etat belge en visite de travail en RDC","datePublished":"2022-11-08T09:56:04+00:00","dateModified":"2022-11-11T15:49:51+00:00","mainEntityOfPage":{"@id":"https:\/\/congopubonline.com\/?p=17879"},"wordCount":455,"commentCount":0,"publisher":{"@id":"https:\/\/congopubonline.com\/#organization"},"image":{"@id":"https:\/\/congopubonline.com\/?p=17879#primaryimage"},"thumbnailUrl":"https:\/\/congopubonline.com\/wp-content\/uploads\/2022\/11\/aa-1.jpg","articleSection":["Soci\u00e9t\u00e9"],"inLanguage":"fr-FR","potentialAction":[{"@type":"CommentAction","name":"Comment","target":["https:\/\/congopubonline.com\/?p=17879#respond"]}]},{"@type":"WebPage","@id":"https:\/\/congopubonline.com\/?p=17879","url":"https:\/\/congopubonline.com\/?p=17879","name":"Asile et Migration : la secr\u00e9taire d\u2019Etat belge en visite de travail en RDC - Congo Pub Online","isPartOf":{"@id":"https:\/\/congopubonline.com\/#website"},"primaryImageOfPage":{"@id":"https:\/\/congopubonline.com\/?p=17879#primaryimage"},"image":{"@id":"https:\/\/congopubonline.com\/?p=17879#primaryimage"},"thumbnailUrl":"https:\/\/congopubonline.com\/wp-content\/uploads\/2022\/11\/aa-1.jpg","datePublished":"2022-11-08T09:56:04+00:00","dateModified":"2022-11-11T15:49:51+00:00","description":"Asile et Migration : la secr\u00e9taire d\u2019Etat belge en visite de travail en RDC","breadcrumb":{"@id":"https:\/\/congopubonline.com\/?p=17879#breadcrumb"},"inLanguage":"fr-FR","potentialAction":[{"@type":"ReadAction","target":["https:\/\/congopubonline.com\/?p=17879"]}]},{"@type":"ImageObject","inLanguage":"fr-FR","@id":"https:\/\/congopubonline.com\/?p=17879#primaryimage","url":"https:\/\/congopubonline.com\/wp-content\/uploads\/2022\/11\/aa-1.jpg","contentUrl":"https:\/\/congopubonline.com\/wp-content\/uploads\/2022\/11\/aa-1.jpg","width":436,"height":355},{"@type":"BreadcrumbList","@id":"https:\/\/congopubonline.com\/?p=17879#breadcrumb","itemListElement":[{"@type":"ListItem","position":1,"name":"Accueil","item":"https:\/\/congopubonline.com\/"},{"@type":"ListItem","position":2,"name":"Asile et Migration : la secr\u00e9taire d\u2019Etat belge en visite de travail en RDC"}]},{"@type":"WebSite","@id":"https:\/\/congopubonline.com\/#website","url":"https:\/\/congopubonline.com\/","name":"Congo Pub Online","description":"Votre site d&#039;actualit\u00e9","publisher":{"@id":"https:\/\/congopubonline.com\/#organization"},"alternateName":"Marketing 3.0","potentialAction":[{"@type":"SearchAction","target":{"@type":"EntryPoint","urlTemplate":"https:\/\/congopubonline.com\/?s={search_term_string}"},"query-input":{"@type":"PropertyValueSpecification","valueRequired":true,"valueName":"search_term_string"}}],"inLanguage":"fr-FR"},{"@type":"Organization","@id":"https:\/\/congopubonline.com\/#organization","name":"Congo Pub Online","url":"https:\/\/congopubonline.com\/","logo":{"@type":"ImageObject","inLanguage":"fr-FR","@id":"https:\/\/congopubonline.com\/#\/schema\/logo\/image\/","url":"https:\/\/congopubonline.com\/wp-content\/uploads\/2022\/09\/LOGO_CONGO-PUB-Online_Version-2.jpg","contentUrl":"https:\/\/congopubonline.com\/wp-content\/uploads\/2022\/09\/LOGO_CONGO-PUB-Online_Version-2.jpg","width":374,"height":223,"caption":"Congo Pub Online"},"image":{"@id":"https:\/\/congopubonline.com\/#\/schema\/logo\/image\/"},"sameAs":["https:\/\/web.facebook.com\/Congopubonline","https:\/\/x.com\/CONGOPUBOnline"]},{"@type":"Person","@id":"https:\/\/congopubonline.com\/#\/schema\/person\/d2f3a940be2e9c1a0e4f8831e203f3cc","name":"admin9775","sameAs":["http:\/\/congopubonline.com"],"url":"https:\/\/congopubonline.com\/?author=1"}]}},"_links":{"self":[{"href":"https:\/\/congopubonline.com\/index.php?rest_route=\/wp\/v2\/posts\/17879","targetHints":{"allow":["GET"]}}],"collection":[{"href":"https:\/\/congopubonline.com\/index.php?rest_route=\/wp\/v2\/posts"}],"about":[{"href":"https:\/\/congopubonline.com\/index.php?rest_route=\/wp\/v2\/types\/post"}],"author":[{"embeddable":true,"href":"https:\/\/congopubonline.com\/index.php?rest_route=\/wp\/v2\/users\/1"}],"replies":[{"embeddable":true,"href":"https:\/\/congopubonline.com\/index.php?rest_route=%2Fwp%2Fv2%2Fcomments&post=17879"}],"version-history":[{"count":0,"href":"https:\/\/congopubonline.com\/index.php?rest_route=\/wp\/v2\/posts\/17879\/revisions"}],"wp:featuredmedia":[{"embeddable":true,"href":"https:\/\/congopubonline.com\/index.php?rest_route=\/wp\/v2\/media\/17885"}],"wp:attachment":[{"href":"https:\/\/congopubonline.com\/index.php?rest_route=%2Fwp%2Fv2%2Fmedia&parent=17879"}],"wp:term":[{"taxonomy":"category","embeddable":true,"href":"https:\/\/congopubonline.com\/index.php?rest_route=%2Fwp%2Fv2%2Fcategories&post=17879"},{"taxonomy":"post_tag","embeddable":true,"href":"https:\/\/congopubonline.com\/index.php?rest_route=%2Fwp%2Fv2%2Ftags&post=17879"}],"curies":[{"name":"wp","href":"https:\/\/api.w.org\/{rel}","templated":true}]}}