{"id":20023,"date":"2022-11-29T15:38:59","date_gmt":"2022-11-29T14:38:59","guid":{"rendered":"https:\/\/congopubonline.com\/?p=20023"},"modified":"2022-11-30T09:29:31","modified_gmt":"2022-11-30T08:29:31","slug":"securite-les-fardc-dotees-dun-avion-an-74-pour-le-transport-des-militaires-et-equipements","status":"publish","type":"post","link":"https:\/\/congopubonline.com\/?p=20023","title":{"rendered":"S\u00e9curit\u00e9 : Les FARDC dot\u00e9es d\u2019un \u201cavion An-74\u201d pour le transport des militaires et \u00e9quipements"},"content":{"rendered":"\n<p><strong>Les Forces Arm\u00e9es de la R\u00e9publique D\u00e9mocratique du Congo (FARDC), viennent d\u2019\u00eatre renforc\u00e9es en logistique.<br>Il s\u2019agit de l\u2019acquisition d\u2019un avion militaire re\u00e7u du Gouvernement central.<\/strong><\/p>\n\n\n\n<p>L\u2019annonce a \u00e9t\u00e9 faite par le minist\u00e8re de la D\u00e9fense Nationale et Anciens Combattants, via un communiqu\u00e9 rendu public ce lundi 28 novembre par sa cellule de communication.<\/p>\n\n\n\n<p>Cet appareil du type \u00ab\u00a0An- 74\u2033de fabrication ukrainienne\u201d aura pour mission de \u201ctransporter des militaires\u201d et \u00e9quipements\u00a0\u00bb; jusqu\u2019\u00e0 100 militaires.<\/p>\n\n\n\n<p>D\u2019apr\u00e8s la note, ce renforcement de nos forces arm\u00e9es en appareil volant vise \u00e0 mat\u00e9rialiser leurs mont\u00e9es en puissance.<\/p>\n\n\n\n<p>\u201c Vu l\u2019urgence, le probl\u00e8me tient \u00e0 c\u0153ur le gouvernement de la R\u00e9publique qui a d\u00e9j\u00e0 pris \u00e0 bras le corps ce dossier. Et \u00e0 cet effet, le ministre de la d\u00e9fense nationale et anciens combattants, prenant le taureau par les cornes, met les bouch\u00e9es doubles, et donc rien n\u2019est laiss\u00e9 au hasard. (\u2026)&nbsp;Docteur Gilbert Kabanda Kurhenga est constamment sur la br\u00e8che de ce point de vue, explorant divers march\u00e9s de vente d\u2019armes internationaux et liant les paroles aux actes conform\u00e9ment au programme du gouvernement dans lequel occupe \u00e9galement une place de choix son plan d\u2019action, dont un des piliers majeurs est \u00e0 juste titre les \u00e9quipements militaires de types divers \u00e0 doter l\u2019arm\u00e9e congolaise, une priorit\u00e9 des priorit\u00e9s en ce temps d\u2019agression de notre pays par le Rwanda voisin sous le couvert du groupe des terroristes de M23\u2033, indique le communiqu\u00e9.<\/p>\n\n\n\n<p>Dans son document, le ministre de la d\u00e9fense nationale tient \u00e0 l\u2019acquisition des nouveaux engins guerre militaire pour couvrir les nombreux besoins en mati\u00e8re d\u2019armements afin, de renforcer l<br>les capacit\u00e9s des FARDC sur les fronts des combats.<\/p>\n\n\n\n<p>Retenons que la commande de cet avion militaire livr\u00e9 \u00e0 ce jour, date du juillet 2021.<\/p>\n\n\n\n<p><strong>Murphy FIKA<\/strong><\/p>\n\n\n\n<p><strong>Objectif-infos via CONGO PUB Online<\/strong><\/p>\n<div class='epvc-post-count'><span class='epvc-eye'><\/span>  <span class=\"epvc-count\"> 359<\/span><span class='epvc-label'> Vues<\/span><\/div>","protected":false},"excerpt":{"rendered":"<p>Les Forces Arm\u00e9es de la R\u00e9publique D\u00e9mocratique du Congo (FARDC), viennent d\u2019\u00eatre renforc\u00e9es en logistique.Il s\u2019agit de l\u2019acquisition d\u2019un avion militaire re\u00e7u du Gouvernement central. L\u2019annonce a \u00e9t\u00e9 faite par&hellip;<\/p>\n","protected":false},"author":72,"featured_media":20024,"comment_status":"open","ping_status":"closed","sticky":false,"template":"","format":"standard","meta":{"content-type":"","_monsterinsights_skip_tracking":false,"_monsterinsights_sitenote_active":false,"_monsterinsights_sitenote_note":"","_monsterinsights_sitenote_category":0,"footnotes":""},"categories":[62],"tags":[],"class_list":["post-20023","post","type-post","status-publish","format-standard","has-post-thumbnail","hentry","category-societe"],"yoast_head":"<!-- This site is optimized with the Yoast SEO Premium plugin v25.4 (Yoast SEO v25.4) - https:\/\/yoast.com\/wordpress\/plugins\/seo\/ -->\n<title>S\u00e9curit\u00e9 : Les FARDC dot\u00e9es d\u2019un \u201cavion An-74\u201d pour le transport des militaires et \u00e9quipements - Congo Pub Online<\/title>\n<meta name=\"description\" content=\"S\u00e9curit\u00e9 : Les FARDC dot\u00e9es d\u2019un \u201cavion An-74\u201d pour le transport des militaires et \u00e9quipements\" \/>\n<meta name=\"robots\" content=\"index, follow, max-snippet:-1, max-image-preview:large, max-video-preview:-1\" \/>\n<link rel=\"canonical\" href=\"https:\/\/congopubonline.com\/?p=20023\" \/>\n<meta property=\"og:locale\" content=\"fr_FR\" \/>\n<meta property=\"og:type\" content=\"article\" \/>\n<meta property=\"og:title\" content=\"S\u00e9curit\u00e9 : Les FARDC dot\u00e9es d\u2019un \u201cavion An-74\u201d pour le transport des militaires et \u00e9quipements\" \/>\n<meta property=\"og:description\" content=\"S\u00e9curit\u00e9 : Les FARDC dot\u00e9es d\u2019un \u201cavion An-74\u201d pour le transport des militaires et \u00e9quipements\" \/>\n<meta property=\"og:url\" content=\"https:\/\/congopubonline.com\/?p=20023\" \/>\n<meta property=\"og:site_name\" content=\"Congo Pub Online\" \/>\n<meta property=\"article:publisher\" content=\"https:\/\/web.facebook.com\/Congopubonline\" \/>\n<meta property=\"article:published_time\" content=\"2022-11-29T14:38:59+00:00\" \/>\n<meta property=\"article:modified_time\" content=\"2022-11-30T08:29:31+00:00\" \/>\n<meta property=\"og:image\" content=\"https:\/\/congopubonline.com\/wp-content\/uploads\/2022\/11\/avion_ukrainien.jpg\" \/>\n\t<meta property=\"og:image:width\" content=\"720\" \/>\n\t<meta property=\"og:image:height\" content=\"620\" \/>\n\t<meta property=\"og:image:type\" content=\"image\/jpeg\" \/>\n<meta name=\"author\" content=\"Pius KAMBU\" \/>\n<meta name=\"twitter:card\" content=\"summary_large_image\" \/>\n<meta name=\"twitter:creator\" content=\"@CONGOPUBOnline\" \/>\n<meta name=\"twitter:site\" content=\"@CONGOPUBOnline\" \/>\n<meta name=\"twitter:label1\" content=\"\u00c9crit par\" \/>\n\t<meta name=\"twitter:data1\" content=\"Pius KAMBU\" \/>\n\t<meta name=\"twitter:label2\" content=\"Dur\u00e9e de lecture estim\u00e9e\" \/>\n\t<meta name=\"twitter:data2\" content=\"2 minutes\" \/>\n<script type=\"application\/ld+json\" class=\"yoast-schema-graph\">{\"@context\":\"https:\/\/schema.org\",\"@graph\":[{\"@type\":\"Article\",\"@id\":\"https:\/\/congopubonline.com\/?p=20023#article\",\"isPartOf\":{\"@id\":\"https:\/\/congopubonline.com\/?p=20023\"},\"author\":{\"name\":\"Pius KAMBU\",\"@id\":\"https:\/\/congopubonline.com\/#\/schema\/person\/c5d5564a9c3a46ca2e201a4e09497669\"},\"headline\":\"S\u00e9curit\u00e9 : Les FARDC dot\u00e9es d\u2019un \u201cavion An-74\u201d pour le transport des militaires et \u00e9quipements\",\"datePublished\":\"2022-11-29T14:38:59+00:00\",\"dateModified\":\"2022-11-30T08:29:31+00:00\",\"mainEntityOfPage\":{\"@id\":\"https:\/\/congopubonline.com\/?p=20023\"},\"wordCount\":340,\"commentCount\":0,\"publisher\":{\"@id\":\"https:\/\/congopubonline.com\/#organization\"},\"image\":{\"@id\":\"https:\/\/congopubonline.com\/?p=20023#primaryimage\"},\"thumbnailUrl\":\"https:\/\/congopubonline.com\/wp-content\/uploads\/2022\/11\/avion_ukrainien.jpg\",\"articleSection\":[\"Soci\u00e9t\u00e9\"],\"inLanguage\":\"fr-FR\",\"potentialAction\":[{\"@type\":\"CommentAction\",\"name\":\"Comment\",\"target\":[\"https:\/\/congopubonline.com\/?p=20023#respond\"]}]},{\"@type\":\"WebPage\",\"@id\":\"https:\/\/congopubonline.com\/?p=20023\",\"url\":\"https:\/\/congopubonline.com\/?p=20023\",\"name\":\"S\u00e9curit\u00e9 : Les FARDC dot\u00e9es d\u2019un \u201cavion An-74\u201d pour le transport des militaires et \u00e9quipements - Congo Pub Online\",\"isPartOf\":{\"@id\":\"https:\/\/congopubonline.com\/#website\"},\"primaryImageOfPage\":{\"@id\":\"https:\/\/congopubonline.com\/?p=20023#primaryimage\"},\"image\":{\"@id\":\"https:\/\/congopubonline.com\/?p=20023#primaryimage\"},\"thumbnailUrl\":\"https:\/\/congopubonline.com\/wp-content\/uploads\/2022\/11\/avion_ukrainien.jpg\",\"datePublished\":\"2022-11-29T14:38:59+00:00\",\"dateModified\":\"2022-11-30T08:29:31+00:00\",\"description\":\"S\u00e9curit\u00e9 : Les FARDC dot\u00e9es d\u2019un \u201cavion An-74\u201d pour le transport des militaires et \u00e9quipements\",\"breadcrumb\":{\"@id\":\"https:\/\/congopubonline.com\/?p=20023#breadcrumb\"},\"inLanguage\":\"fr-FR\",\"potentialAction\":[{\"@type\":\"ReadAction\",\"target\":[\"https:\/\/congopubonline.com\/?p=20023\"]}]},{\"@type\":\"ImageObject\",\"inLanguage\":\"fr-FR\",\"@id\":\"https:\/\/congopubonline.com\/?p=20023#primaryimage\",\"url\":\"https:\/\/congopubonline.com\/wp-content\/uploads\/2022\/11\/avion_ukrainien.jpg\",\"contentUrl\":\"https:\/\/congopubonline.com\/wp-content\/uploads\/2022\/11\/avion_ukrainien.jpg\",\"width\":720,\"height\":620},{\"@type\":\"BreadcrumbList\",\"@id\":\"https:\/\/congopubonline.com\/?p=20023#breadcrumb\",\"itemListElement\":[{\"@type\":\"ListItem\",\"position\":1,\"name\":\"Accueil\",\"item\":\"https:\/\/congopubonline.com\/\"},{\"@type\":\"ListItem\",\"position\":2,\"name\":\"S\u00e9curit\u00e9 : Les FARDC dot\u00e9es d\u2019un \u201cavion An-74\u201d pour le transport des militaires et \u00e9quipements\"}]},{\"@type\":\"WebSite\",\"@id\":\"https:\/\/congopubonline.com\/#website\",\"url\":\"https:\/\/congopubonline.com\/\",\"name\":\"Congo Pub Online\",\"description\":\"Votre site d&#039;actualit\u00e9\",\"publisher\":{\"@id\":\"https:\/\/congopubonline.com\/#organization\"},\"alternateName\":\"Marketing 3.0\",\"potentialAction\":[{\"@type\":\"SearchAction\",\"target\":{\"@type\":\"EntryPoint\",\"urlTemplate\":\"https:\/\/congopubonline.com\/?s={search_term_string}\"},\"query-input\":{\"@type\":\"PropertyValueSpecification\",\"valueRequired\":true,\"valueName\":\"search_term_string\"}}],\"inLanguage\":\"fr-FR\"},{\"@type\":\"Organization\",\"@id\":\"https:\/\/congopubonline.com\/#organization\",\"name\":\"Congo Pub Online\",\"url\":\"https:\/\/congopubonline.com\/\",\"logo\":{\"@type\":\"ImageObject\",\"inLanguage\":\"fr-FR\",\"@id\":\"https:\/\/congopubonline.com\/#\/schema\/logo\/image\/\",\"url\":\"https:\/\/congopubonline.com\/wp-content\/uploads\/2022\/09\/LOGO_CONGO-PUB-Online_Version-2.jpg\",\"contentUrl\":\"https:\/\/congopubonline.com\/wp-content\/uploads\/2022\/09\/LOGO_CONGO-PUB-Online_Version-2.jpg\",\"width\":374,\"height\":223,\"caption\":\"Congo Pub Online\"},\"image\":{\"@id\":\"https:\/\/congopubonline.com\/#\/schema\/logo\/image\/\"},\"sameAs\":[\"https:\/\/web.facebook.com\/Congopubonline\",\"https:\/\/x.com\/CONGOPUBOnline\"]},{\"@type\":\"Person\",\"@id\":\"https:\/\/congopubonline.com\/#\/schema\/person\/c5d5564a9c3a46ca2e201a4e09497669\",\"name\":\"Pius KAMBU\",\"url\":\"https:\/\/congopubonline.com\/?author=72\"}]}<\/script>\n<!-- \/ Yoast SEO Premium plugin. -->","yoast_head_json":{"title":"S\u00e9curit\u00e9 : Les FARDC dot\u00e9es d\u2019un \u201cavion An-74\u201d pour le transport des militaires et \u00e9quipements - Congo Pub Online","description":"S\u00e9curit\u00e9 : Les FARDC dot\u00e9es d\u2019un \u201cavion An-74\u201d pour le transport des militaires et \u00e9quipements","robots":{"index":"index","follow":"follow","max-snippet":"max-snippet:-1","max-image-preview":"max-image-preview:large","max-video-preview":"max-video-preview:-1"},"canonical":"https:\/\/congopubonline.com\/?p=20023","og_locale":"fr_FR","og_type":"article","og_title":"S\u00e9curit\u00e9 : Les FARDC dot\u00e9es d\u2019un \u201cavion An-74\u201d pour le transport des militaires et \u00e9quipements","og_description":"S\u00e9curit\u00e9 : Les FARDC dot\u00e9es d\u2019un \u201cavion An-74\u201d pour le transport des militaires et \u00e9quipements","og_url":"https:\/\/congopubonline.com\/?p=20023","og_site_name":"Congo Pub Online","article_publisher":"https:\/\/web.facebook.com\/Congopubonline","article_published_time":"2022-11-29T14:38:59+00:00","article_modified_time":"2022-11-30T08:29:31+00:00","og_image":[{"width":720,"height":620,"url":"https:\/\/congopubonline.com\/wp-content\/uploads\/2022\/11\/avion_ukrainien.jpg","type":"image\/jpeg"}],"author":"Pius KAMBU","twitter_card":"summary_large_image","twitter_creator":"@CONGOPUBOnline","twitter_site":"@CONGOPUBOnline","twitter_misc":{"\u00c9crit par":"Pius KAMBU","Dur\u00e9e de lecture estim\u00e9e":"2 minutes"},"schema":{"@context":"https:\/\/schema.org","@graph":[{"@type":"Article","@id":"https:\/\/congopubonline.com\/?p=20023#article","isPartOf":{"@id":"https:\/\/congopubonline.com\/?p=20023"},"author":{"name":"Pius KAMBU","@id":"https:\/\/congopubonline.com\/#\/schema\/person\/c5d5564a9c3a46ca2e201a4e09497669"},"headline":"S\u00e9curit\u00e9 : Les FARDC dot\u00e9es d\u2019un \u201cavion An-74\u201d pour le transport des militaires et \u00e9quipements","datePublished":"2022-11-29T14:38:59+00:00","dateModified":"2022-11-30T08:29:31+00:00","mainEntityOfPage":{"@id":"https:\/\/congopubonline.com\/?p=20023"},"wordCount":340,"commentCount":0,"publisher":{"@id":"https:\/\/congopubonline.com\/#organization"},"image":{"@id":"https:\/\/congopubonline.com\/?p=20023#primaryimage"},"thumbnailUrl":"https:\/\/congopubonline.com\/wp-content\/uploads\/2022\/11\/avion_ukrainien.jpg","articleSection":["Soci\u00e9t\u00e9"],"inLanguage":"fr-FR","potentialAction":[{"@type":"CommentAction","name":"Comment","target":["https:\/\/congopubonline.com\/?p=20023#respond"]}]},{"@type":"WebPage","@id":"https:\/\/congopubonline.com\/?p=20023","url":"https:\/\/congopubonline.com\/?p=20023","name":"S\u00e9curit\u00e9 : Les FARDC dot\u00e9es d\u2019un \u201cavion An-74\u201d pour le transport des militaires et \u00e9quipements - Congo Pub Online","isPartOf":{"@id":"https:\/\/congopubonline.com\/#website"},"primaryImageOfPage":{"@id":"https:\/\/congopubonline.com\/?p=20023#primaryimage"},"image":{"@id":"https:\/\/congopubonline.com\/?p=20023#primaryimage"},"thumbnailUrl":"https:\/\/congopubonline.com\/wp-content\/uploads\/2022\/11\/avion_ukrainien.jpg","datePublished":"2022-11-29T14:38:59+00:00","dateModified":"2022-11-30T08:29:31+00:00","description":"S\u00e9curit\u00e9 : Les FARDC dot\u00e9es d\u2019un \u201cavion An-74\u201d pour le transport des militaires et \u00e9quipements","breadcrumb":{"@id":"https:\/\/congopubonline.com\/?p=20023#breadcrumb"},"inLanguage":"fr-FR","potentialAction":[{"@type":"ReadAction","target":["https:\/\/congopubonline.com\/?p=20023"]}]},{"@type":"ImageObject","inLanguage":"fr-FR","@id":"https:\/\/congopubonline.com\/?p=20023#primaryimage","url":"https:\/\/congopubonline.com\/wp-content\/uploads\/2022\/11\/avion_ukrainien.jpg","contentUrl":"https:\/\/congopubonline.com\/wp-content\/uploads\/2022\/11\/avion_ukrainien.jpg","width":720,"height":620},{"@type":"BreadcrumbList","@id":"https:\/\/congopubonline.com\/?p=20023#breadcrumb","itemListElement":[{"@type":"ListItem","position":1,"name":"Accueil","item":"https:\/\/congopubonline.com\/"},{"@type":"ListItem","position":2,"name":"S\u00e9curit\u00e9 : Les FARDC dot\u00e9es d\u2019un \u201cavion An-74\u201d pour le transport des militaires et \u00e9quipements"}]},{"@type":"WebSite","@id":"https:\/\/congopubonline.com\/#website","url":"https:\/\/congopubonline.com\/","name":"Congo Pub Online","description":"Votre site d&#039;actualit\u00e9","publisher":{"@id":"https:\/\/congopubonline.com\/#organization"},"alternateName":"Marketing 3.0","potentialAction":[{"@type":"SearchAction","target":{"@type":"EntryPoint","urlTemplate":"https:\/\/congopubonline.com\/?s={search_term_string}"},"query-input":{"@type":"PropertyValueSpecification","valueRequired":true,"valueName":"search_term_string"}}],"inLanguage":"fr-FR"},{"@type":"Organization","@id":"https:\/\/congopubonline.com\/#organization","name":"Congo Pub Online","url":"https:\/\/congopubonline.com\/","logo":{"@type":"ImageObject","inLanguage":"fr-FR","@id":"https:\/\/congopubonline.com\/#\/schema\/logo\/image\/","url":"https:\/\/congopubonline.com\/wp-content\/uploads\/2022\/09\/LOGO_CONGO-PUB-Online_Version-2.jpg","contentUrl":"https:\/\/congopubonline.com\/wp-content\/uploads\/2022\/09\/LOGO_CONGO-PUB-Online_Version-2.jpg","width":374,"height":223,"caption":"Congo Pub Online"},"image":{"@id":"https:\/\/congopubonline.com\/#\/schema\/logo\/image\/"},"sameAs":["https:\/\/web.facebook.com\/Congopubonline","https:\/\/x.com\/CONGOPUBOnline"]},{"@type":"Person","@id":"https:\/\/congopubonline.com\/#\/schema\/person\/c5d5564a9c3a46ca2e201a4e09497669","name":"Pius KAMBU","url":"https:\/\/congopubonline.com\/?author=72"}]}},"_links":{"self":[{"href":"https:\/\/congopubonline.com\/index.php?rest_route=\/wp\/v2\/posts\/20023","targetHints":{"allow":["GET"]}}],"collection":[{"href":"https:\/\/congopubonline.com\/index.php?rest_route=\/wp\/v2\/posts"}],"about":[{"href":"https:\/\/congopubonline.com\/index.php?rest_route=\/wp\/v2\/types\/post"}],"author":[{"embeddable":true,"href":"https:\/\/congopubonline.com\/index.php?rest_route=\/wp\/v2\/users\/72"}],"replies":[{"embeddable":true,"href":"https:\/\/congopubonline.com\/index.php?rest_route=%2Fwp%2Fv2%2Fcomments&post=20023"}],"version-history":[{"count":0,"href":"https:\/\/congopubonline.com\/index.php?rest_route=\/wp\/v2\/posts\/20023\/revisions"}],"wp:featuredmedia":[{"embeddable":true,"href":"https:\/\/congopubonline.com\/index.php?rest_route=\/wp\/v2\/media\/20024"}],"wp:attachment":[{"href":"https:\/\/congopubonline.com\/index.php?rest_route=%2Fwp%2Fv2%2Fmedia&parent=20023"}],"wp:term":[{"taxonomy":"category","embeddable":true,"href":"https:\/\/congopubonline.com\/index.php?rest_route=%2Fwp%2Fv2%2Fcategories&post=20023"},{"taxonomy":"post_tag","embeddable":true,"href":"https:\/\/congopubonline.com\/index.php?rest_route=%2Fwp%2Fv2%2Ftags&post=20023"}],"curies":[{"name":"wp","href":"https:\/\/api.w.org\/{rel}","templated":true}]}}