{"id":20456,"date":"2022-12-02T19:19:11","date_gmt":"2022-12-02T18:19:11","guid":{"rendered":"https:\/\/congopubonline.com\/?p=20456"},"modified":"2022-12-07T14:25:40","modified_gmt":"2022-12-07T13:25:40","slug":"a-peine-publie-laccord-entre-le-gouvernement-et-dan-gertler-suscite-des-critiques","status":"publish","type":"post","link":"https:\/\/congopubonline.com\/?p=20456","title":{"rendered":"A peine publi\u00e9, l\u2019accord entre le gouvernement et Dan Gertler suscite des critiques"},"content":{"rendered":"\n<p><strong>Pour la soci\u00e9t\u00e9 civile congolaise et les \u00c9tats-Unis, Dan Gertler est le symbole du pillage des ressources de la RDC. Lanc\u00e9 dans un assainissement du secteur minier depuis son \u00e9lection, F\u00e9lix Tshisekedi a obtenu en f\u00e9vrier un accord pour r\u00e9cup\u00e9rer les actifs d\u00e9tenus par l\u2019homme d\u2019affaires isra\u00e9lien.<\/strong><\/p>\n\n\n\n<p>En RDC, le gouvernement a enfin publi\u00e9 ce jeudi 1<sup>er<\/sup>&nbsp;d\u00e9cembre le&nbsp;protocole d\u2019accord&nbsp;sign\u00e9 en f\u00e9vrier dernier avec le groupe Ventura, propri\u00e9t\u00e9 de l\u2019homme d\u2019affaires isra\u00e9lien Dan Gertler, afin de r\u00e9gler \u00e0 l\u2019amiable le litige qui les opposait. Cette divulgation, pourtant obligatoire d\u2019apr\u00e8s la l\u00e9gislation nationale en vigueur et les accords sign\u00e9s par la RDC dont l\u2019ITIE, n\u2019a \u00e9t\u00e9 rendu possible qu\u2019avec la pression du FMI.<\/p>\n\n\n\n<p>Kinshasa recevra notamment un paiement de 57 millions de dollars assorti d\u2019un int\u00e9r\u00eat annuel de 6&nbsp;% pour les redevances mini\u00e8res dues \u00e0 l\u2019\u00c9tat sur la production de cuivre et de cobalt, apr\u00e8s d\u00e9duction des dettes de la G\u00e9camines vis-\u00e0-vis du groupe Ventura. La RDC rentre \u00e9galement en possession de tous les actifs miniers et p\u00e9troliers appartenant \u00e0 Dan Gertler dans le pays.<\/p>\n\n\n\n<p>Enfin, le ministre des Finances congolais, Nicolas Kazadi, a assur\u00e9 \u00e0 la presse que le milliardaire isra\u00e9lien ne m\u00e8nera plus d\u2019activit\u00e9s en RDC, m\u00eame si l\u2019accord ne le mentionne pas. Pour arriver \u00e0 ce r\u00e9sultat, notons que les deux parties ont renonc\u00e9 \u00e0 toute poursuite judiciaire et Kinshasa a m\u00eame promis son soutien \u00e0 l\u2019homme d\u2019affaires dans la r\u00e9solution de son diff\u00e9rend avec Washington.<\/p>\n\n\n\n<p>Les \u00c9tats-Unis ont impos\u00e9 depuis 2017 des sanctions \u00e0 l\u2019encontre de l\u2019homme d\u2019affaires accus\u00e9 d\u2019avoir tir\u00e9 profit de ses liens avec l\u2019ancien pr\u00e9sident Joseph Kabila pour \u00ab\u2009<em>piller\u2009<\/em>\u00bb les ressources de la RDC. C\u2019est d\u2019ailleurs l\u2019une des raisons pour lesquelles une partie de la soci\u00e9t\u00e9 civile congolaise n\u2019est pas satisfaite de cet accord.<\/p>\n\n\n\n<blockquote class=\"twitter-tweet\"><p lang=\"fr\" dir=\"ltr\">Accord RDC-Ventora: CNPAV demande la publication de toutes les annexes et \u00e0 la r\u00e9vision de l&rsquo;accord pour pr\u00e9server les int\u00e9r\u00eats du peuple congolais. CNPAV constate que l&rsquo;accord publi\u00e9 donne des avantages indus \u00e0 la soci\u00e9t\u00e9 Ventora, affili\u00e9e \u00e0 Dan <a href=\"https:\/\/twitter.com\/hashtag\/Gertler?src=hash&amp;ref_src=twsrc%5Etfw\">#Gertler<\/a>, au pr\u00e9judice de l&rsquo;Etat <a href=\"https:\/\/t.co\/88uaPRVVv5\">pic.twitter.com\/88uaPRVVv5<\/a><\/p>\u2014 Le Congo N\u2019est Pas \u00e0 Vendre. (@CorruptionTue) <a href=\"https:\/\/twitter.com\/CorruptionTue\/status\/1598605408595222529?ref_src=twsrc%5Etfw\">December 2, 2022<\/a><\/blockquote> <script async=\"\" src=\"https:\/\/platform.twitter.com\/widgets.js\" charset=\"utf-8\"><\/script>\n\n\n\n<p>Le collectif \u00ab\u2009<em>Le Congo N\u2019est Pas A Vendre<\/em>\u2009\u00bb qui a estim\u00e9 que les activit\u00e9s de Dan Gertler en lien avec les actifs miniers et p\u00e9troliers congolais pourraient co\u00fbter 4 milliards&nbsp;$ au pays d\u2019ici 2039, demande ainsi la publication des annexes du protocole d\u2019accord. Il d\u00e9nonce \u00e9galement un accord \u00ab\u2009<em>pr\u00e9judiciable<\/em>\u2009\u00bb \u00e0 la RDC et appelle \u00e0 sa r\u00e9vision.<\/p>\n\n\n\n<p><strong><em>Emiliano Tossou<\/em><\/strong><\/p>\n\n\n\n<p><strong>Agence Ecofin via CONGO PUB Online <\/strong><\/p>\n<div class='epvc-post-count'><span class='epvc-eye'><\/span>  <span class=\"epvc-count\"> 327<\/span><span class='epvc-label'> Vues<\/span><\/div>","protected":false},"excerpt":{"rendered":"<p>Pour la soci\u00e9t\u00e9 civile congolaise et les \u00c9tats-Unis, Dan Gertler est le symbole du pillage des ressources de la RDC. Lanc\u00e9 dans un assainissement du secteur minier depuis son \u00e9lection,&hellip;<\/p>\n","protected":false},"author":1,"featured_media":20457,"comment_status":"open","ping_status":"closed","sticky":false,"template":"","format":"standard","meta":{"content-type":"","_monsterinsights_skip_tracking":false,"_monsterinsights_sitenote_active":false,"_monsterinsights_sitenote_note":"","_monsterinsights_sitenote_category":0,"footnotes":""},"categories":[51],"tags":[1296],"class_list":["post-20456","post","type-post","status-publish","format-standard","has-post-thumbnail","hentry","category-economie","tag-dan-gertler"],"yoast_head":"<!-- This site is optimized with the Yoast SEO Premium plugin v25.4 (Yoast SEO v25.4) - https:\/\/yoast.com\/wordpress\/plugins\/seo\/ -->\n<title>A peine publi\u00e9, l\u2019accord entre le gouvernement et Dan Gertler suscite des critiques - Congo Pub Online<\/title>\n<meta name=\"description\" content=\"Pour la soci\u00e9t\u00e9 civile congolaise et les \u00c9tats-Unis, Dan Gertler est le symbole du pillage des ressources de la RDC.\" \/>\n<meta name=\"robots\" content=\"index, follow, max-snippet:-1, max-image-preview:large, max-video-preview:-1\" \/>\n<link rel=\"canonical\" href=\"https:\/\/congopubonline.com\/?p=20456\" \/>\n<meta property=\"og:locale\" content=\"fr_FR\" \/>\n<meta property=\"og:type\" content=\"article\" \/>\n<meta property=\"og:title\" content=\"A peine publi\u00e9, l\u2019accord entre le gouvernement et Dan Gertler suscite des critiques\" \/>\n<meta property=\"og:description\" content=\"Pour la soci\u00e9t\u00e9 civile congolaise et les \u00c9tats-Unis, Dan Gertler est le symbole du pillage des ressources de la RDC.\" \/>\n<meta property=\"og:url\" content=\"https:\/\/congopubonline.com\/?p=20456\" \/>\n<meta property=\"og:site_name\" content=\"Congo Pub Online\" \/>\n<meta property=\"article:publisher\" content=\"https:\/\/web.facebook.com\/Congopubonline\" \/>\n<meta property=\"article:published_time\" content=\"2022-12-02T18:19:11+00:00\" \/>\n<meta property=\"article:modified_time\" content=\"2022-12-07T13:25:40+00:00\" \/>\n<meta property=\"og:image\" content=\"https:\/\/congopubonline.com\/wp-content\/uploads\/2022\/12\/0212-103453-rdc-a-peine-publie-l-accord-entre-le-gouvernement-et-dan-gertler-suscite-des-critiques_M.jpg\" \/>\n\t<meta property=\"og:image:width\" content=\"450\" \/>\n\t<meta property=\"og:image:height\" content=\"338\" \/>\n\t<meta property=\"og:image:type\" content=\"image\/jpeg\" \/>\n<meta name=\"author\" content=\"admin9775\" \/>\n<meta name=\"twitter:card\" content=\"summary_large_image\" \/>\n<meta name=\"twitter:creator\" content=\"@CONGOPUBOnline\" \/>\n<meta name=\"twitter:site\" content=\"@CONGOPUBOnline\" \/>\n<meta name=\"twitter:label1\" content=\"\u00c9crit par\" \/>\n\t<meta name=\"twitter:data1\" content=\"admin9775\" \/>\n\t<meta name=\"twitter:label2\" content=\"Dur\u00e9e de lecture estim\u00e9e\" \/>\n\t<meta name=\"twitter:data2\" content=\"3 minutes\" \/>\n<script type=\"application\/ld+json\" class=\"yoast-schema-graph\">{\"@context\":\"https:\/\/schema.org\",\"@graph\":[{\"@type\":\"Article\",\"@id\":\"https:\/\/congopubonline.com\/?p=20456#article\",\"isPartOf\":{\"@id\":\"https:\/\/congopubonline.com\/?p=20456\"},\"author\":{\"name\":\"admin9775\",\"@id\":\"https:\/\/congopubonline.com\/#\/schema\/person\/d2f3a940be2e9c1a0e4f8831e203f3cc\"},\"headline\":\"A peine publi\u00e9, l\u2019accord entre le gouvernement et Dan Gertler suscite des critiques\",\"datePublished\":\"2022-12-02T18:19:11+00:00\",\"dateModified\":\"2022-12-07T13:25:40+00:00\",\"mainEntityOfPage\":{\"@id\":\"https:\/\/congopubonline.com\/?p=20456\"},\"wordCount\":491,\"commentCount\":0,\"publisher\":{\"@id\":\"https:\/\/congopubonline.com\/#organization\"},\"image\":{\"@id\":\"https:\/\/congopubonline.com\/?p=20456#primaryimage\"},\"thumbnailUrl\":\"https:\/\/congopubonline.com\/wp-content\/uploads\/2022\/12\/0212-103453-rdc-a-peine-publie-l-accord-entre-le-gouvernement-et-dan-gertler-suscite-des-critiques_M.jpg\",\"keywords\":[\"dan gertler\"],\"articleSection\":[\"Economie\"],\"inLanguage\":\"fr-FR\",\"potentialAction\":[{\"@type\":\"CommentAction\",\"name\":\"Comment\",\"target\":[\"https:\/\/congopubonline.com\/?p=20456#respond\"]}]},{\"@type\":\"WebPage\",\"@id\":\"https:\/\/congopubonline.com\/?p=20456\",\"url\":\"https:\/\/congopubonline.com\/?p=20456\",\"name\":\"A peine publi\u00e9, l\u2019accord entre le gouvernement et Dan Gertler suscite des critiques - Congo Pub Online\",\"isPartOf\":{\"@id\":\"https:\/\/congopubonline.com\/#website\"},\"primaryImageOfPage\":{\"@id\":\"https:\/\/congopubonline.com\/?p=20456#primaryimage\"},\"image\":{\"@id\":\"https:\/\/congopubonline.com\/?p=20456#primaryimage\"},\"thumbnailUrl\":\"https:\/\/congopubonline.com\/wp-content\/uploads\/2022\/12\/0212-103453-rdc-a-peine-publie-l-accord-entre-le-gouvernement-et-dan-gertler-suscite-des-critiques_M.jpg\",\"datePublished\":\"2022-12-02T18:19:11+00:00\",\"dateModified\":\"2022-12-07T13:25:40+00:00\",\"description\":\"Pour la soci\u00e9t\u00e9 civile congolaise et les \u00c9tats-Unis, Dan Gertler est le symbole du pillage des ressources de la RDC.\",\"breadcrumb\":{\"@id\":\"https:\/\/congopubonline.com\/?p=20456#breadcrumb\"},\"inLanguage\":\"fr-FR\",\"potentialAction\":[{\"@type\":\"ReadAction\",\"target\":[\"https:\/\/congopubonline.com\/?p=20456\"]}]},{\"@type\":\"ImageObject\",\"inLanguage\":\"fr-FR\",\"@id\":\"https:\/\/congopubonline.com\/?p=20456#primaryimage\",\"url\":\"https:\/\/congopubonline.com\/wp-content\/uploads\/2022\/12\/0212-103453-rdc-a-peine-publie-l-accord-entre-le-gouvernement-et-dan-gertler-suscite-des-critiques_M.jpg\",\"contentUrl\":\"https:\/\/congopubonline.com\/wp-content\/uploads\/2022\/12\/0212-103453-rdc-a-peine-publie-l-accord-entre-le-gouvernement-et-dan-gertler-suscite-des-critiques_M.jpg\",\"width\":450,\"height\":338},{\"@type\":\"BreadcrumbList\",\"@id\":\"https:\/\/congopubonline.com\/?p=20456#breadcrumb\",\"itemListElement\":[{\"@type\":\"ListItem\",\"position\":1,\"name\":\"Accueil\",\"item\":\"https:\/\/congopubonline.com\/\"},{\"@type\":\"ListItem\",\"position\":2,\"name\":\"A peine publi\u00e9, l\u2019accord entre le gouvernement et Dan Gertler suscite des critiques\"}]},{\"@type\":\"WebSite\",\"@id\":\"https:\/\/congopubonline.com\/#website\",\"url\":\"https:\/\/congopubonline.com\/\",\"name\":\"Congo Pub Online\",\"description\":\"Votre site d&#039;actualit\u00e9\",\"publisher\":{\"@id\":\"https:\/\/congopubonline.com\/#organization\"},\"alternateName\":\"Marketing 3.0\",\"potentialAction\":[{\"@type\":\"SearchAction\",\"target\":{\"@type\":\"EntryPoint\",\"urlTemplate\":\"https:\/\/congopubonline.com\/?s={search_term_string}\"},\"query-input\":{\"@type\":\"PropertyValueSpecification\",\"valueRequired\":true,\"valueName\":\"search_term_string\"}}],\"inLanguage\":\"fr-FR\"},{\"@type\":\"Organization\",\"@id\":\"https:\/\/congopubonline.com\/#organization\",\"name\":\"Congo Pub Online\",\"url\":\"https:\/\/congopubonline.com\/\",\"logo\":{\"@type\":\"ImageObject\",\"inLanguage\":\"fr-FR\",\"@id\":\"https:\/\/congopubonline.com\/#\/schema\/logo\/image\/\",\"url\":\"https:\/\/congopubonline.com\/wp-content\/uploads\/2022\/09\/LOGO_CONGO-PUB-Online_Version-2.jpg\",\"contentUrl\":\"https:\/\/congopubonline.com\/wp-content\/uploads\/2022\/09\/LOGO_CONGO-PUB-Online_Version-2.jpg\",\"width\":374,\"height\":223,\"caption\":\"Congo Pub Online\"},\"image\":{\"@id\":\"https:\/\/congopubonline.com\/#\/schema\/logo\/image\/\"},\"sameAs\":[\"https:\/\/web.facebook.com\/Congopubonline\",\"https:\/\/x.com\/CONGOPUBOnline\"]},{\"@type\":\"Person\",\"@id\":\"https:\/\/congopubonline.com\/#\/schema\/person\/d2f3a940be2e9c1a0e4f8831e203f3cc\",\"name\":\"admin9775\",\"sameAs\":[\"http:\/\/congopubonline.com\"],\"url\":\"https:\/\/congopubonline.com\/?author=1\"}]}<\/script>\n<!-- \/ Yoast SEO Premium plugin. -->","yoast_head_json":{"title":"A peine publi\u00e9, l\u2019accord entre le gouvernement et Dan Gertler suscite des critiques - Congo Pub Online","description":"Pour la soci\u00e9t\u00e9 civile congolaise et les \u00c9tats-Unis, Dan Gertler est le symbole du pillage des ressources de la RDC.","robots":{"index":"index","follow":"follow","max-snippet":"max-snippet:-1","max-image-preview":"max-image-preview:large","max-video-preview":"max-video-preview:-1"},"canonical":"https:\/\/congopubonline.com\/?p=20456","og_locale":"fr_FR","og_type":"article","og_title":"A peine publi\u00e9, l\u2019accord entre le gouvernement et Dan Gertler suscite des critiques","og_description":"Pour la soci\u00e9t\u00e9 civile congolaise et les \u00c9tats-Unis, Dan Gertler est le symbole du pillage des ressources de la RDC.","og_url":"https:\/\/congopubonline.com\/?p=20456","og_site_name":"Congo Pub Online","article_publisher":"https:\/\/web.facebook.com\/Congopubonline","article_published_time":"2022-12-02T18:19:11+00:00","article_modified_time":"2022-12-07T13:25:40+00:00","og_image":[{"width":450,"height":338,"url":"https:\/\/congopubonline.com\/wp-content\/uploads\/2022\/12\/0212-103453-rdc-a-peine-publie-l-accord-entre-le-gouvernement-et-dan-gertler-suscite-des-critiques_M.jpg","type":"image\/jpeg"}],"author":"admin9775","twitter_card":"summary_large_image","twitter_creator":"@CONGOPUBOnline","twitter_site":"@CONGOPUBOnline","twitter_misc":{"\u00c9crit par":"admin9775","Dur\u00e9e de lecture estim\u00e9e":"3 minutes"},"schema":{"@context":"https:\/\/schema.org","@graph":[{"@type":"Article","@id":"https:\/\/congopubonline.com\/?p=20456#article","isPartOf":{"@id":"https:\/\/congopubonline.com\/?p=20456"},"author":{"name":"admin9775","@id":"https:\/\/congopubonline.com\/#\/schema\/person\/d2f3a940be2e9c1a0e4f8831e203f3cc"},"headline":"A peine publi\u00e9, l\u2019accord entre le gouvernement et Dan Gertler suscite des critiques","datePublished":"2022-12-02T18:19:11+00:00","dateModified":"2022-12-07T13:25:40+00:00","mainEntityOfPage":{"@id":"https:\/\/congopubonline.com\/?p=20456"},"wordCount":491,"commentCount":0,"publisher":{"@id":"https:\/\/congopubonline.com\/#organization"},"image":{"@id":"https:\/\/congopubonline.com\/?p=20456#primaryimage"},"thumbnailUrl":"https:\/\/congopubonline.com\/wp-content\/uploads\/2022\/12\/0212-103453-rdc-a-peine-publie-l-accord-entre-le-gouvernement-et-dan-gertler-suscite-des-critiques_M.jpg","keywords":["dan gertler"],"articleSection":["Economie"],"inLanguage":"fr-FR","potentialAction":[{"@type":"CommentAction","name":"Comment","target":["https:\/\/congopubonline.com\/?p=20456#respond"]}]},{"@type":"WebPage","@id":"https:\/\/congopubonline.com\/?p=20456","url":"https:\/\/congopubonline.com\/?p=20456","name":"A peine publi\u00e9, l\u2019accord entre le gouvernement et Dan Gertler suscite des critiques - Congo Pub Online","isPartOf":{"@id":"https:\/\/congopubonline.com\/#website"},"primaryImageOfPage":{"@id":"https:\/\/congopubonline.com\/?p=20456#primaryimage"},"image":{"@id":"https:\/\/congopubonline.com\/?p=20456#primaryimage"},"thumbnailUrl":"https:\/\/congopubonline.com\/wp-content\/uploads\/2022\/12\/0212-103453-rdc-a-peine-publie-l-accord-entre-le-gouvernement-et-dan-gertler-suscite-des-critiques_M.jpg","datePublished":"2022-12-02T18:19:11+00:00","dateModified":"2022-12-07T13:25:40+00:00","description":"Pour la soci\u00e9t\u00e9 civile congolaise et les \u00c9tats-Unis, Dan Gertler est le symbole du pillage des ressources de la RDC.","breadcrumb":{"@id":"https:\/\/congopubonline.com\/?p=20456#breadcrumb"},"inLanguage":"fr-FR","potentialAction":[{"@type":"ReadAction","target":["https:\/\/congopubonline.com\/?p=20456"]}]},{"@type":"ImageObject","inLanguage":"fr-FR","@id":"https:\/\/congopubonline.com\/?p=20456#primaryimage","url":"https:\/\/congopubonline.com\/wp-content\/uploads\/2022\/12\/0212-103453-rdc-a-peine-publie-l-accord-entre-le-gouvernement-et-dan-gertler-suscite-des-critiques_M.jpg","contentUrl":"https:\/\/congopubonline.com\/wp-content\/uploads\/2022\/12\/0212-103453-rdc-a-peine-publie-l-accord-entre-le-gouvernement-et-dan-gertler-suscite-des-critiques_M.jpg","width":450,"height":338},{"@type":"BreadcrumbList","@id":"https:\/\/congopubonline.com\/?p=20456#breadcrumb","itemListElement":[{"@type":"ListItem","position":1,"name":"Accueil","item":"https:\/\/congopubonline.com\/"},{"@type":"ListItem","position":2,"name":"A peine publi\u00e9, l\u2019accord entre le gouvernement et Dan Gertler suscite des critiques"}]},{"@type":"WebSite","@id":"https:\/\/congopubonline.com\/#website","url":"https:\/\/congopubonline.com\/","name":"Congo Pub Online","description":"Votre site d&#039;actualit\u00e9","publisher":{"@id":"https:\/\/congopubonline.com\/#organization"},"alternateName":"Marketing 3.0","potentialAction":[{"@type":"SearchAction","target":{"@type":"EntryPoint","urlTemplate":"https:\/\/congopubonline.com\/?s={search_term_string}"},"query-input":{"@type":"PropertyValueSpecification","valueRequired":true,"valueName":"search_term_string"}}],"inLanguage":"fr-FR"},{"@type":"Organization","@id":"https:\/\/congopubonline.com\/#organization","name":"Congo Pub Online","url":"https:\/\/congopubonline.com\/","logo":{"@type":"ImageObject","inLanguage":"fr-FR","@id":"https:\/\/congopubonline.com\/#\/schema\/logo\/image\/","url":"https:\/\/congopubonline.com\/wp-content\/uploads\/2022\/09\/LOGO_CONGO-PUB-Online_Version-2.jpg","contentUrl":"https:\/\/congopubonline.com\/wp-content\/uploads\/2022\/09\/LOGO_CONGO-PUB-Online_Version-2.jpg","width":374,"height":223,"caption":"Congo Pub Online"},"image":{"@id":"https:\/\/congopubonline.com\/#\/schema\/logo\/image\/"},"sameAs":["https:\/\/web.facebook.com\/Congopubonline","https:\/\/x.com\/CONGOPUBOnline"]},{"@type":"Person","@id":"https:\/\/congopubonline.com\/#\/schema\/person\/d2f3a940be2e9c1a0e4f8831e203f3cc","name":"admin9775","sameAs":["http:\/\/congopubonline.com"],"url":"https:\/\/congopubonline.com\/?author=1"}]}},"_links":{"self":[{"href":"https:\/\/congopubonline.com\/index.php?rest_route=\/wp\/v2\/posts\/20456","targetHints":{"allow":["GET"]}}],"collection":[{"href":"https:\/\/congopubonline.com\/index.php?rest_route=\/wp\/v2\/posts"}],"about":[{"href":"https:\/\/congopubonline.com\/index.php?rest_route=\/wp\/v2\/types\/post"}],"author":[{"embeddable":true,"href":"https:\/\/congopubonline.com\/index.php?rest_route=\/wp\/v2\/users\/1"}],"replies":[{"embeddable":true,"href":"https:\/\/congopubonline.com\/index.php?rest_route=%2Fwp%2Fv2%2Fcomments&post=20456"}],"version-history":[{"count":0,"href":"https:\/\/congopubonline.com\/index.php?rest_route=\/wp\/v2\/posts\/20456\/revisions"}],"wp:featuredmedia":[{"embeddable":true,"href":"https:\/\/congopubonline.com\/index.php?rest_route=\/wp\/v2\/media\/20457"}],"wp:attachment":[{"href":"https:\/\/congopubonline.com\/index.php?rest_route=%2Fwp%2Fv2%2Fmedia&parent=20456"}],"wp:term":[{"taxonomy":"category","embeddable":true,"href":"https:\/\/congopubonline.com\/index.php?rest_route=%2Fwp%2Fv2%2Fcategories&post=20456"},{"taxonomy":"post_tag","embeddable":true,"href":"https:\/\/congopubonline.com\/index.php?rest_route=%2Fwp%2Fv2%2Ftags&post=20456"}],"curies":[{"name":"wp","href":"https:\/\/api.w.org\/{rel}","templated":true}]}}