{"id":26724,"date":"2023-01-25T14:23:17","date_gmt":"2023-01-25T13:23:17","guid":{"rendered":"https:\/\/congopubonline.com\/?p=26724"},"modified":"2023-01-27T11:11:31","modified_gmt":"2023-01-27T10:11:31","slug":"felix-tshisekedi-est-arrive-ce-mercredi-a-dakar-pour-participer-au-sommet-sur-lagriculture-et-lagro-alimentaire","status":"publish","type":"post","link":"https:\/\/congopubonline.com\/?p=26724","title":{"rendered":"F\u00e9lix Tshisekedi est arriv\u00e9 ce mercredi \u00e0 Dakar pour participer au Sommet sur l\u2019agriculture et l\u2019agro-alimentaire"},"content":{"rendered":"\n<p><strong>Le chef de l\u2019Etat congolais F\u00e9lix Tshisekedi est arriv\u00e9 ce mercredi 25 janvier 2023 \u00e0 Dakar au S\u00e9n\u00e9gal. Le pr\u00e9sident congolais va participer \u00e0 la 2\u00e8me \u00e9dition du Sommet sur l&rsquo;Agriculture et l\u2019agroalimentaire qui se tient du 25 au 27 janvier 2023.<\/strong><\/p>\n\n\n\n<p>Ces assises qui se tiendront au Centre international de Conf\u00e9rence Abdou Diouf (CICAD), \u00e0 Diamnadio, est ax\u00e9 sur le th\u00e8me : \u00ab Nourrir l\u2019Afrique : souverainet\u00e9 alimentaire et r\u00e9silience \u00bb. Elles sont organis\u00e9es par la Banque africaine de d\u00e9veloppement (BAD), sous la pr\u00e9sidence de Macky Sall.<\/p>\n\n\n\n<p>Ce sommet r\u00e9unira plus de 1500 personnes, avec la participation de chefs d\u2019Etats et de gouvernement, de ministres charg\u00e9s de l\u2019Economie et des Finances, de ministres d\u2019Agriculture et des secteurs connexes, des gouverneurs de Banques centrales.<\/p>\n\n\n\n<p>Les pr\u00e9sidents malgache (Andry Rajoelina), \u00e9quato-guin\u00e9en (Teodoro Obiang Nguema Mbasogo , kenyan (William Ruto), irlandais (Michaels D. Higgins), bissau guin\u00e9en (Umaro Sissoco Embalo\u00e0, togolais (Faure Gnassingb\u00e9), mauritanien (Mohammed Ould Ghazouani) et nig\u00e9rian (Muhammadu Buhari) prennent part \u00e0 la rencontre co-organis\u00e9e avec la Banque africaine de d\u00e9veloppement.<\/p>\n\n\n\n<p><strong>Tabitha-Tifanny Moseka<\/strong><\/p>\n\n\n\n<p><strong>CONGO PUB Online<\/strong><\/p>\n<div class='epvc-post-count'><span class='epvc-eye'><\/span>  <span class=\"epvc-count\"> 452<\/span><span class='epvc-label'> Vues<\/span><\/div>","protected":false},"excerpt":{"rendered":"<p>Le chef de l\u2019Etat congolais F\u00e9lix Tshisekedi est arriv\u00e9 ce mercredi 25 janvier 2023 \u00e0 Dakar au S\u00e9n\u00e9gal. Le pr\u00e9sident congolais va participer \u00e0 la 2\u00e8me \u00e9dition du Sommet sur&hellip;<\/p>\n","protected":false},"author":1,"featured_media":26727,"comment_status":"closed","ping_status":"closed","sticky":false,"template":"","format":"standard","meta":{"content-type":"","_monsterinsights_skip_tracking":false,"_monsterinsights_sitenote_active":false,"_monsterinsights_sitenote_note":"","_monsterinsights_sitenote_category":0,"footnotes":""},"categories":[51],"tags":[351],"class_list":["post-26724","post","type-post","status-publish","format-standard","has-post-thumbnail","hentry","category-economie","tag-felix-tshisekedi"],"yoast_head":"<!-- This site is optimized with the Yoast SEO Premium plugin v25.4 (Yoast SEO v25.4) - https:\/\/yoast.com\/wordpress\/plugins\/seo\/ -->\n<title>F\u00e9lix Tshisekedi est arriv\u00e9 ce mercredi \u00e0 Dakar pour participer au Sommet sur l\u2019agriculture et l\u2019agro-alimentaire - Congo Pub Online<\/title>\n<meta name=\"description\" content=\"F\u00e9lix Tshisekedi est arriv\u00e9 ce mercredi \u00e0 Dakar pour participer au Sommet sur l\u2019agriculture et l\u2019agro-alimentaire Le chef de l\u2019Etat congolais F\u00e9lix Tshisekedi est arriv\u00e9 ce mercredi 25 janvier 2023 \u00e0 Dakar au S\u00e9n\u00e9gal. Le pr\u00e9sident congolais va participer \u00e0 la 2\u00e8me \u00e9dition du Sommet sur l&#039;Agriculture et l\u2019agroalimentaire qui se tient du 25 au 27 janvier 2023.\" \/>\n<meta name=\"robots\" content=\"index, follow, max-snippet:-1, max-image-preview:large, max-video-preview:-1\" \/>\n<link rel=\"canonical\" href=\"https:\/\/congopubonline.com\/?p=26724\" \/>\n<meta property=\"og:locale\" content=\"fr_FR\" \/>\n<meta property=\"og:type\" content=\"article\" \/>\n<meta property=\"og:title\" content=\"F\u00e9lix Tshisekedi est arriv\u00e9 ce mercredi \u00e0 Dakar pour participer au Sommet sur l\u2019agriculture et l\u2019agro-alimentaire\" \/>\n<meta property=\"og:description\" content=\"F\u00e9lix Tshisekedi est arriv\u00e9 ce mercredi \u00e0 Dakar pour participer au Sommet sur l\u2019agriculture et l\u2019agro-alimentaire Le chef de l\u2019Etat congolais F\u00e9lix Tshisekedi est arriv\u00e9 ce mercredi 25 janvier 2023 \u00e0 Dakar au S\u00e9n\u00e9gal. Le pr\u00e9sident congolais va participer \u00e0 la 2\u00e8me \u00e9dition du Sommet sur l&#039;Agriculture et l\u2019agroalimentaire qui se tient du 25 au 27 janvier 2023.\" \/>\n<meta property=\"og:url\" content=\"https:\/\/congopubonline.com\/?p=26724\" \/>\n<meta property=\"og:site_name\" content=\"Congo Pub Online\" \/>\n<meta property=\"article:publisher\" content=\"https:\/\/web.facebook.com\/Congopubonline\" \/>\n<meta property=\"article:published_time\" content=\"2023-01-25T13:23:17+00:00\" \/>\n<meta property=\"article:modified_time\" content=\"2023-01-27T10:11:31+00:00\" \/>\n<meta property=\"og:image\" content=\"https:\/\/congopubonline.com\/wp-content\/uploads\/2023\/01\/Felix-Tshisekedi-est-arrive-ce-mercredi-a-Dakar-pour-participer-au-Sommet-sur-lagriculture-et-lagro-alimentaire-01-2023.jpg\" \/>\n\t<meta property=\"og:image:width\" content=\"1310\" \/>\n\t<meta property=\"og:image:height\" content=\"874\" \/>\n\t<meta property=\"og:image:type\" content=\"image\/jpeg\" \/>\n<meta name=\"author\" content=\"admin9775\" \/>\n<meta name=\"twitter:card\" content=\"summary_large_image\" \/>\n<meta name=\"twitter:creator\" content=\"@CONGOPUBOnline\" \/>\n<meta name=\"twitter:site\" content=\"@CONGOPUBOnline\" \/>\n<meta name=\"twitter:label1\" content=\"\u00c9crit par\" \/>\n\t<meta name=\"twitter:data1\" content=\"admin9775\" \/>\n\t<meta name=\"twitter:label2\" content=\"Dur\u00e9e de lecture estim\u00e9e\" \/>\n\t<meta name=\"twitter:data2\" content=\"1 minute\" \/>\n<script type=\"application\/ld+json\" class=\"yoast-schema-graph\">{\"@context\":\"https:\/\/schema.org\",\"@graph\":[{\"@type\":\"Article\",\"@id\":\"https:\/\/congopubonline.com\/?p=26724#article\",\"isPartOf\":{\"@id\":\"https:\/\/congopubonline.com\/?p=26724\"},\"author\":{\"name\":\"admin9775\",\"@id\":\"https:\/\/congopubonline.com\/#\/schema\/person\/d2f3a940be2e9c1a0e4f8831e203f3cc\"},\"headline\":\"F\u00e9lix Tshisekedi est arriv\u00e9 ce mercredi \u00e0 Dakar pour participer au Sommet sur l\u2019agriculture et l\u2019agro-alimentaire\",\"datePublished\":\"2023-01-25T13:23:17+00:00\",\"dateModified\":\"2023-01-27T10:11:31+00:00\",\"mainEntityOfPage\":{\"@id\":\"https:\/\/congopubonline.com\/?p=26724\"},\"wordCount\":203,\"publisher\":{\"@id\":\"https:\/\/congopubonline.com\/#organization\"},\"image\":{\"@id\":\"https:\/\/congopubonline.com\/?p=26724#primaryimage\"},\"thumbnailUrl\":\"https:\/\/congopubonline.com\/wp-content\/uploads\/2023\/01\/Felix-Tshisekedi-est-arrive-ce-mercredi-a-Dakar-pour-participer-au-Sommet-sur-lagriculture-et-lagro-alimentaire-01-2023.jpg\",\"keywords\":[\"F\u00e9lix Tshisekedi\"],\"articleSection\":[\"Economie\"],\"inLanguage\":\"fr-FR\"},{\"@type\":\"WebPage\",\"@id\":\"https:\/\/congopubonline.com\/?p=26724\",\"url\":\"https:\/\/congopubonline.com\/?p=26724\",\"name\":\"F\u00e9lix Tshisekedi est arriv\u00e9 ce mercredi \u00e0 Dakar pour participer au Sommet sur l\u2019agriculture et l\u2019agro-alimentaire - Congo Pub Online\",\"isPartOf\":{\"@id\":\"https:\/\/congopubonline.com\/#website\"},\"primaryImageOfPage\":{\"@id\":\"https:\/\/congopubonline.com\/?p=26724#primaryimage\"},\"image\":{\"@id\":\"https:\/\/congopubonline.com\/?p=26724#primaryimage\"},\"thumbnailUrl\":\"https:\/\/congopubonline.com\/wp-content\/uploads\/2023\/01\/Felix-Tshisekedi-est-arrive-ce-mercredi-a-Dakar-pour-participer-au-Sommet-sur-lagriculture-et-lagro-alimentaire-01-2023.jpg\",\"datePublished\":\"2023-01-25T13:23:17+00:00\",\"dateModified\":\"2023-01-27T10:11:31+00:00\",\"description\":\"F\u00e9lix Tshisekedi est arriv\u00e9 ce mercredi \u00e0 Dakar pour participer au Sommet sur l\u2019agriculture et l\u2019agro-alimentaire Le chef de l\u2019Etat congolais F\u00e9lix Tshisekedi est arriv\u00e9 ce mercredi 25 janvier 2023 \u00e0 Dakar au S\u00e9n\u00e9gal. Le pr\u00e9sident congolais va participer \u00e0 la 2\u00e8me \u00e9dition du Sommet sur l'Agriculture et l\u2019agroalimentaire qui se tient du 25 au 27 janvier 2023.\",\"breadcrumb\":{\"@id\":\"https:\/\/congopubonline.com\/?p=26724#breadcrumb\"},\"inLanguage\":\"fr-FR\",\"potentialAction\":[{\"@type\":\"ReadAction\",\"target\":[\"https:\/\/congopubonline.com\/?p=26724\"]}]},{\"@type\":\"ImageObject\",\"inLanguage\":\"fr-FR\",\"@id\":\"https:\/\/congopubonline.com\/?p=26724#primaryimage\",\"url\":\"https:\/\/congopubonline.com\/wp-content\/uploads\/2023\/01\/Felix-Tshisekedi-est-arrive-ce-mercredi-a-Dakar-pour-participer-au-Sommet-sur-lagriculture-et-lagro-alimentaire-01-2023.jpg\",\"contentUrl\":\"https:\/\/congopubonline.com\/wp-content\/uploads\/2023\/01\/Felix-Tshisekedi-est-arrive-ce-mercredi-a-Dakar-pour-participer-au-Sommet-sur-lagriculture-et-lagro-alimentaire-01-2023.jpg\",\"width\":1310,\"height\":874,\"caption\":\"F\u00e9lix Tshisekedi est arriv\u00e9 ce mercredi \u00e0 Dakar pour participer au Sommet sur l\u2019agriculture et l\u2019agro-alimentaire-01-2023\"},{\"@type\":\"BreadcrumbList\",\"@id\":\"https:\/\/congopubonline.com\/?p=26724#breadcrumb\",\"itemListElement\":[{\"@type\":\"ListItem\",\"position\":1,\"name\":\"Accueil\",\"item\":\"https:\/\/congopubonline.com\/\"},{\"@type\":\"ListItem\",\"position\":2,\"name\":\"F\u00e9lix Tshisekedi est arriv\u00e9 ce mercredi \u00e0 Dakar pour participer au Sommet sur l\u2019agriculture et l\u2019agro-alimentaire\"}]},{\"@type\":\"WebSite\",\"@id\":\"https:\/\/congopubonline.com\/#website\",\"url\":\"https:\/\/congopubonline.com\/\",\"name\":\"Congo Pub Online\",\"description\":\"Votre site d&#039;actualit\u00e9\",\"publisher\":{\"@id\":\"https:\/\/congopubonline.com\/#organization\"},\"alternateName\":\"Marketing 3.0\",\"potentialAction\":[{\"@type\":\"SearchAction\",\"target\":{\"@type\":\"EntryPoint\",\"urlTemplate\":\"https:\/\/congopubonline.com\/?s={search_term_string}\"},\"query-input\":{\"@type\":\"PropertyValueSpecification\",\"valueRequired\":true,\"valueName\":\"search_term_string\"}}],\"inLanguage\":\"fr-FR\"},{\"@type\":\"Organization\",\"@id\":\"https:\/\/congopubonline.com\/#organization\",\"name\":\"Congo Pub Online\",\"url\":\"https:\/\/congopubonline.com\/\",\"logo\":{\"@type\":\"ImageObject\",\"inLanguage\":\"fr-FR\",\"@id\":\"https:\/\/congopubonline.com\/#\/schema\/logo\/image\/\",\"url\":\"https:\/\/congopubonline.com\/wp-content\/uploads\/2022\/09\/LOGO_CONGO-PUB-Online_Version-2.jpg\",\"contentUrl\":\"https:\/\/congopubonline.com\/wp-content\/uploads\/2022\/09\/LOGO_CONGO-PUB-Online_Version-2.jpg\",\"width\":374,\"height\":223,\"caption\":\"Congo Pub Online\"},\"image\":{\"@id\":\"https:\/\/congopubonline.com\/#\/schema\/logo\/image\/\"},\"sameAs\":[\"https:\/\/web.facebook.com\/Congopubonline\",\"https:\/\/x.com\/CONGOPUBOnline\"]},{\"@type\":\"Person\",\"@id\":\"https:\/\/congopubonline.com\/#\/schema\/person\/d2f3a940be2e9c1a0e4f8831e203f3cc\",\"name\":\"admin9775\",\"sameAs\":[\"http:\/\/congopubonline.com\"],\"url\":\"https:\/\/congopubonline.com\/?author=1\"}]}<\/script>\n<!-- \/ Yoast SEO Premium plugin. -->","yoast_head_json":{"title":"F\u00e9lix Tshisekedi est arriv\u00e9 ce mercredi \u00e0 Dakar pour participer au Sommet sur l\u2019agriculture et l\u2019agro-alimentaire - Congo Pub Online","description":"F\u00e9lix Tshisekedi est arriv\u00e9 ce mercredi \u00e0 Dakar pour participer au Sommet sur l\u2019agriculture et l\u2019agro-alimentaire Le chef de l\u2019Etat congolais F\u00e9lix Tshisekedi est arriv\u00e9 ce mercredi 25 janvier 2023 \u00e0 Dakar au S\u00e9n\u00e9gal. Le pr\u00e9sident congolais va participer \u00e0 la 2\u00e8me \u00e9dition du Sommet sur l'Agriculture et l\u2019agroalimentaire qui se tient du 25 au 27 janvier 2023.","robots":{"index":"index","follow":"follow","max-snippet":"max-snippet:-1","max-image-preview":"max-image-preview:large","max-video-preview":"max-video-preview:-1"},"canonical":"https:\/\/congopubonline.com\/?p=26724","og_locale":"fr_FR","og_type":"article","og_title":"F\u00e9lix Tshisekedi est arriv\u00e9 ce mercredi \u00e0 Dakar pour participer au Sommet sur l\u2019agriculture et l\u2019agro-alimentaire","og_description":"F\u00e9lix Tshisekedi est arriv\u00e9 ce mercredi \u00e0 Dakar pour participer au Sommet sur l\u2019agriculture et l\u2019agro-alimentaire Le chef de l\u2019Etat congolais F\u00e9lix Tshisekedi est arriv\u00e9 ce mercredi 25 janvier 2023 \u00e0 Dakar au S\u00e9n\u00e9gal. Le pr\u00e9sident congolais va participer \u00e0 la 2\u00e8me \u00e9dition du Sommet sur l'Agriculture et l\u2019agroalimentaire qui se tient du 25 au 27 janvier 2023.","og_url":"https:\/\/congopubonline.com\/?p=26724","og_site_name":"Congo Pub Online","article_publisher":"https:\/\/web.facebook.com\/Congopubonline","article_published_time":"2023-01-25T13:23:17+00:00","article_modified_time":"2023-01-27T10:11:31+00:00","og_image":[{"width":1310,"height":874,"url":"https:\/\/congopubonline.com\/wp-content\/uploads\/2023\/01\/Felix-Tshisekedi-est-arrive-ce-mercredi-a-Dakar-pour-participer-au-Sommet-sur-lagriculture-et-lagro-alimentaire-01-2023.jpg","type":"image\/jpeg"}],"author":"admin9775","twitter_card":"summary_large_image","twitter_creator":"@CONGOPUBOnline","twitter_site":"@CONGOPUBOnline","twitter_misc":{"\u00c9crit par":"admin9775","Dur\u00e9e de lecture estim\u00e9e":"1 minute"},"schema":{"@context":"https:\/\/schema.org","@graph":[{"@type":"Article","@id":"https:\/\/congopubonline.com\/?p=26724#article","isPartOf":{"@id":"https:\/\/congopubonline.com\/?p=26724"},"author":{"name":"admin9775","@id":"https:\/\/congopubonline.com\/#\/schema\/person\/d2f3a940be2e9c1a0e4f8831e203f3cc"},"headline":"F\u00e9lix Tshisekedi est arriv\u00e9 ce mercredi \u00e0 Dakar pour participer au Sommet sur l\u2019agriculture et l\u2019agro-alimentaire","datePublished":"2023-01-25T13:23:17+00:00","dateModified":"2023-01-27T10:11:31+00:00","mainEntityOfPage":{"@id":"https:\/\/congopubonline.com\/?p=26724"},"wordCount":203,"publisher":{"@id":"https:\/\/congopubonline.com\/#organization"},"image":{"@id":"https:\/\/congopubonline.com\/?p=26724#primaryimage"},"thumbnailUrl":"https:\/\/congopubonline.com\/wp-content\/uploads\/2023\/01\/Felix-Tshisekedi-est-arrive-ce-mercredi-a-Dakar-pour-participer-au-Sommet-sur-lagriculture-et-lagro-alimentaire-01-2023.jpg","keywords":["F\u00e9lix Tshisekedi"],"articleSection":["Economie"],"inLanguage":"fr-FR"},{"@type":"WebPage","@id":"https:\/\/congopubonline.com\/?p=26724","url":"https:\/\/congopubonline.com\/?p=26724","name":"F\u00e9lix Tshisekedi est arriv\u00e9 ce mercredi \u00e0 Dakar pour participer au Sommet sur l\u2019agriculture et l\u2019agro-alimentaire - Congo Pub Online","isPartOf":{"@id":"https:\/\/congopubonline.com\/#website"},"primaryImageOfPage":{"@id":"https:\/\/congopubonline.com\/?p=26724#primaryimage"},"image":{"@id":"https:\/\/congopubonline.com\/?p=26724#primaryimage"},"thumbnailUrl":"https:\/\/congopubonline.com\/wp-content\/uploads\/2023\/01\/Felix-Tshisekedi-est-arrive-ce-mercredi-a-Dakar-pour-participer-au-Sommet-sur-lagriculture-et-lagro-alimentaire-01-2023.jpg","datePublished":"2023-01-25T13:23:17+00:00","dateModified":"2023-01-27T10:11:31+00:00","description":"F\u00e9lix Tshisekedi est arriv\u00e9 ce mercredi \u00e0 Dakar pour participer au Sommet sur l\u2019agriculture et l\u2019agro-alimentaire Le chef de l\u2019Etat congolais F\u00e9lix Tshisekedi est arriv\u00e9 ce mercredi 25 janvier 2023 \u00e0 Dakar au S\u00e9n\u00e9gal. Le pr\u00e9sident congolais va participer \u00e0 la 2\u00e8me \u00e9dition du Sommet sur l'Agriculture et l\u2019agroalimentaire qui se tient du 25 au 27 janvier 2023.","breadcrumb":{"@id":"https:\/\/congopubonline.com\/?p=26724#breadcrumb"},"inLanguage":"fr-FR","potentialAction":[{"@type":"ReadAction","target":["https:\/\/congopubonline.com\/?p=26724"]}]},{"@type":"ImageObject","inLanguage":"fr-FR","@id":"https:\/\/congopubonline.com\/?p=26724#primaryimage","url":"https:\/\/congopubonline.com\/wp-content\/uploads\/2023\/01\/Felix-Tshisekedi-est-arrive-ce-mercredi-a-Dakar-pour-participer-au-Sommet-sur-lagriculture-et-lagro-alimentaire-01-2023.jpg","contentUrl":"https:\/\/congopubonline.com\/wp-content\/uploads\/2023\/01\/Felix-Tshisekedi-est-arrive-ce-mercredi-a-Dakar-pour-participer-au-Sommet-sur-lagriculture-et-lagro-alimentaire-01-2023.jpg","width":1310,"height":874,"caption":"F\u00e9lix Tshisekedi est arriv\u00e9 ce mercredi \u00e0 Dakar pour participer au Sommet sur l\u2019agriculture et l\u2019agro-alimentaire-01-2023"},{"@type":"BreadcrumbList","@id":"https:\/\/congopubonline.com\/?p=26724#breadcrumb","itemListElement":[{"@type":"ListItem","position":1,"name":"Accueil","item":"https:\/\/congopubonline.com\/"},{"@type":"ListItem","position":2,"name":"F\u00e9lix Tshisekedi est arriv\u00e9 ce mercredi \u00e0 Dakar pour participer au Sommet sur l\u2019agriculture et l\u2019agro-alimentaire"}]},{"@type":"WebSite","@id":"https:\/\/congopubonline.com\/#website","url":"https:\/\/congopubonline.com\/","name":"Congo Pub Online","description":"Votre site d&#039;actualit\u00e9","publisher":{"@id":"https:\/\/congopubonline.com\/#organization"},"alternateName":"Marketing 3.0","potentialAction":[{"@type":"SearchAction","target":{"@type":"EntryPoint","urlTemplate":"https:\/\/congopubonline.com\/?s={search_term_string}"},"query-input":{"@type":"PropertyValueSpecification","valueRequired":true,"valueName":"search_term_string"}}],"inLanguage":"fr-FR"},{"@type":"Organization","@id":"https:\/\/congopubonline.com\/#organization","name":"Congo Pub Online","url":"https:\/\/congopubonline.com\/","logo":{"@type":"ImageObject","inLanguage":"fr-FR","@id":"https:\/\/congopubonline.com\/#\/schema\/logo\/image\/","url":"https:\/\/congopubonline.com\/wp-content\/uploads\/2022\/09\/LOGO_CONGO-PUB-Online_Version-2.jpg","contentUrl":"https:\/\/congopubonline.com\/wp-content\/uploads\/2022\/09\/LOGO_CONGO-PUB-Online_Version-2.jpg","width":374,"height":223,"caption":"Congo Pub Online"},"image":{"@id":"https:\/\/congopubonline.com\/#\/schema\/logo\/image\/"},"sameAs":["https:\/\/web.facebook.com\/Congopubonline","https:\/\/x.com\/CONGOPUBOnline"]},{"@type":"Person","@id":"https:\/\/congopubonline.com\/#\/schema\/person\/d2f3a940be2e9c1a0e4f8831e203f3cc","name":"admin9775","sameAs":["http:\/\/congopubonline.com"],"url":"https:\/\/congopubonline.com\/?author=1"}]}},"_links":{"self":[{"href":"https:\/\/congopubonline.com\/index.php?rest_route=\/wp\/v2\/posts\/26724","targetHints":{"allow":["GET"]}}],"collection":[{"href":"https:\/\/congopubonline.com\/index.php?rest_route=\/wp\/v2\/posts"}],"about":[{"href":"https:\/\/congopubonline.com\/index.php?rest_route=\/wp\/v2\/types\/post"}],"author":[{"embeddable":true,"href":"https:\/\/congopubonline.com\/index.php?rest_route=\/wp\/v2\/users\/1"}],"replies":[{"embeddable":true,"href":"https:\/\/congopubonline.com\/index.php?rest_route=%2Fwp%2Fv2%2Fcomments&post=26724"}],"version-history":[{"count":0,"href":"https:\/\/congopubonline.com\/index.php?rest_route=\/wp\/v2\/posts\/26724\/revisions"}],"wp:featuredmedia":[{"embeddable":true,"href":"https:\/\/congopubonline.com\/index.php?rest_route=\/wp\/v2\/media\/26727"}],"wp:attachment":[{"href":"https:\/\/congopubonline.com\/index.php?rest_route=%2Fwp%2Fv2%2Fmedia&parent=26724"}],"wp:term":[{"taxonomy":"category","embeddable":true,"href":"https:\/\/congopubonline.com\/index.php?rest_route=%2Fwp%2Fv2%2Fcategories&post=26724"},{"taxonomy":"post_tag","embeddable":true,"href":"https:\/\/congopubonline.com\/index.php?rest_route=%2Fwp%2Fv2%2Ftags&post=26724"}],"curies":[{"name":"wp","href":"https:\/\/api.w.org\/{rel}","templated":true}]}}