{"id":27854,"date":"2023-02-06T11:41:01","date_gmt":"2023-02-06T10:41:01","guid":{"rendered":"https:\/\/congopubonline.com\/?p=27854"},"modified":"2023-02-20T14:55:20","modified_gmt":"2023-02-20T13:55:20","slug":"kinshasa-la-dynamique-me-paul-djunga-ouvre-sa-permanence-a-selembao","status":"publish","type":"post","link":"https:\/\/congopubonline.com\/?p=27854","title":{"rendered":"Kinshasa : La Dynamique Me Paul Djunga ouvre sa permanence \u00e0 Selembao"},"content":{"rendered":"\n<p><strong>Le pr\u00e9sident de la Dynamique Ma\u00eetre Paul Djunga a inaugur\u00e9, le dimanche 05 f\u00e9vrier, la permanence de cette structure affili\u00e9e au Mouvement de Lib\u00e9ration du Congo (MLC) dans la commune de Selembao \u00e0 Kinshasa, capitale de la RD Congo.<\/strong><\/p>\n\n\n\n<p>Me Paul Djunga a indiqu\u00e9 que cette mobilisation rentre dans le cadre du respect du mot d\u2019ordre du pr\u00e9sident national du MLC, Jean-Pierre Bemba.<\/p>\n\n\n\n<p><em>\u00ab&nbsp;Pour moi, aujourd\u2019hui, c\u2019est un motif de satisfaction et de joie, nous ex\u00e9cutons le mot d\u2019ordre, car le pr\u00e9sident national du MLC, Jean-Pierre Bemba Gombo, qui avait instruit les f\u00e9d\u00e9ration et des associations du MLC, de pouvoir se doter des permanences. Aujourd\u2019hui, la Dynamique inaugure sa cinqui\u00e8me permanence parmi les sept communes de la Funa. La permanence va nous permettre de nous rapprocher de nos populations. Il est ind\u00e9cent que des politiques viennent solliciter le suffrage de la population et r\u00e9partir sans \u00eatre plus proches d\u2019eux. Cette permanence sera un trait d\u2019union entre la Dynamique, le MLC et la base&nbsp;\u00bb,&nbsp;<\/em>a-t-il d\u00e9clar\u00e9.<\/p>\n\n\n\n<p>Bien avant, le pr\u00e9sident de la DPD a particip\u00e9 \u00e0 l\u2019adh\u00e9sion d\u2019une structure regroupant des personnes \u00e0 mobilit\u00e9 r\u00e9duite d\u00e9nomm\u00e9e \u00ab&nbsp;\u0152uvre sociale des personnes vivant avec handicap au Congo&nbsp;\u00bb, section de Selembao, au sein de la Dynamique Me Paul Djunga.<\/p>\n\n\n\n<p><em>\u00ab&nbsp;J\u2019ai toujours dit que l\u2019handicap, c\u2019est d\u2019abord nous qui avons un regard diff\u00e9rent de cette cat\u00e9gorie de la population qui a quelques faiblesses notamment physiques. Nous devrions les consid\u00e9rer comme nos semblables et les int\u00e9grer r\u00e9ellement dans la soci\u00e9t\u00e9&nbsp;\u00bb<\/em>, a-t-il dit.&nbsp;<\/p>\n\n\n\n<p>Il sied de noter que la Dynamique Me Paul Djunga est deja install\u00e9e dans 5 communes du district de la Funa notamment, Kalamu, Kasavubu, Ngiri-Ngiri.<\/p>\n\n\n\n<p><strong>James Mushiya<\/strong><\/p>\n\n\n\n<p><strong>ACTU 30 via CONGO PUB Online<\/strong><\/p>\n<div class='epvc-post-count'><span class='epvc-eye'><\/span>  <span class=\"epvc-count\"> 275<\/span><span class='epvc-label'> Vues<\/span><\/div>","protected":false},"excerpt":{"rendered":"<p>Le pr\u00e9sident de la Dynamique Ma\u00eetre Paul Djunga a inaugur\u00e9, le dimanche 05 f\u00e9vrier, la permanence de cette structure affili\u00e9e au Mouvement de Lib\u00e9ration du Congo (MLC) dans la commune&hellip;<\/p>\n","protected":false},"author":1,"featured_media":27865,"comment_status":"closed","ping_status":"closed","sticky":false,"template":"","format":"standard","meta":{"content-type":"","_monsterinsights_skip_tracking":false,"_monsterinsights_sitenote_active":false,"_monsterinsights_sitenote_note":"","_monsterinsights_sitenote_category":0,"footnotes":""},"categories":[58],"tags":[289,2311,2312],"class_list":["post-27854","post","type-post","status-publish","format-standard","has-post-thumbnail","hentry","category-politiques","tag-kinshasa","tag-me-paul-djunga","tag-nouvelle-permanence"],"yoast_head":"<!-- This site is optimized with the Yoast SEO Premium plugin v25.4 (Yoast SEO v25.4) - https:\/\/yoast.com\/wordpress\/plugins\/seo\/ -->\n<title>Kinshasa : La Dynamique Me Paul Djunga ouvre sa permanence \u00e0 Selembao<\/title>\n<meta name=\"description\" content=\"Le pr\u00e9sident de la Dynamique Ma\u00eetre Paul Djunga a inaugur\u00e9, le dimanche 05 f\u00e9vrier, la permanence de cette structure affili\u00e9e au Mouvement de Lib\u00e9ration du Congo\" \/>\n<meta name=\"robots\" content=\"index, follow, max-snippet:-1, max-image-preview:large, max-video-preview:-1\" \/>\n<link rel=\"canonical\" href=\"https:\/\/congopubonline.com\/?p=27854\" \/>\n<meta property=\"og:locale\" content=\"fr_FR\" \/>\n<meta property=\"og:type\" content=\"article\" \/>\n<meta property=\"og:title\" content=\"Kinshasa : La Dynamique Me Paul Djunga ouvre sa permanence \u00e0 Selembao\" \/>\n<meta property=\"og:description\" content=\"Le pr\u00e9sident de la Dynamique Ma\u00eetre Paul Djunga a inaugur\u00e9, le dimanche 05 f\u00e9vrier, la permanence de cette structure affili\u00e9e au Mouvement de Lib\u00e9ration du Congo\" \/>\n<meta property=\"og:url\" content=\"https:\/\/congopubonline.com\/?p=27854\" \/>\n<meta property=\"og:site_name\" content=\"Congo Pub Online\" \/>\n<meta property=\"article:publisher\" content=\"https:\/\/web.facebook.com\/Congopubonline\" \/>\n<meta property=\"article:published_time\" content=\"2023-02-06T10:41:01+00:00\" \/>\n<meta property=\"article:modified_time\" content=\"2023-02-20T13:55:20+00:00\" \/>\n<meta property=\"og:image\" content=\"https:\/\/congopubonline.com\/wp-content\/uploads\/2023\/02\/Capture-decran-2023-02-06-115549.png\" \/>\n\t<meta property=\"og:image:width\" content=\"701\" \/>\n\t<meta property=\"og:image:height\" content=\"382\" \/>\n\t<meta property=\"og:image:type\" content=\"image\/png\" \/>\n<meta name=\"author\" content=\"admin9775\" \/>\n<meta name=\"twitter:card\" content=\"summary_large_image\" \/>\n<meta name=\"twitter:creator\" content=\"@CONGOPUBOnline\" \/>\n<meta name=\"twitter:site\" content=\"@CONGOPUBOnline\" \/>\n<meta name=\"twitter:label1\" content=\"\u00c9crit par\" \/>\n\t<meta name=\"twitter:data1\" content=\"admin9775\" \/>\n\t<meta name=\"twitter:label2\" content=\"Dur\u00e9e de lecture estim\u00e9e\" \/>\n\t<meta name=\"twitter:data2\" content=\"2 minutes\" \/>\n<script type=\"application\/ld+json\" class=\"yoast-schema-graph\">{\"@context\":\"https:\/\/schema.org\",\"@graph\":[{\"@type\":\"Article\",\"@id\":\"https:\/\/congopubonline.com\/?p=27854#article\",\"isPartOf\":{\"@id\":\"https:\/\/congopubonline.com\/?p=27854\"},\"author\":{\"name\":\"admin9775\",\"@id\":\"https:\/\/congopubonline.com\/#\/schema\/person\/d2f3a940be2e9c1a0e4f8831e203f3cc\"},\"headline\":\"Kinshasa : La Dynamique Me Paul Djunga ouvre sa permanence \u00e0 Selembao\",\"datePublished\":\"2023-02-06T10:41:01+00:00\",\"dateModified\":\"2023-02-20T13:55:20+00:00\",\"mainEntityOfPage\":{\"@id\":\"https:\/\/congopubonline.com\/?p=27854\"},\"wordCount\":330,\"publisher\":{\"@id\":\"https:\/\/congopubonline.com\/#organization\"},\"image\":{\"@id\":\"https:\/\/congopubonline.com\/?p=27854#primaryimage\"},\"thumbnailUrl\":\"https:\/\/congopubonline.com\/wp-content\/uploads\/2023\/02\/Capture-decran-2023-02-06-115549.png\",\"keywords\":[\"Kinshasa\",\"Me Paul DJUNGA\",\"nouvelle permanence\"],\"articleSection\":[\"Politique\"],\"inLanguage\":\"fr-FR\"},{\"@type\":\"WebPage\",\"@id\":\"https:\/\/congopubonline.com\/?p=27854\",\"url\":\"https:\/\/congopubonline.com\/?p=27854\",\"name\":\"Kinshasa : La Dynamique Me Paul Djunga ouvre sa permanence \u00e0 Selembao\",\"isPartOf\":{\"@id\":\"https:\/\/congopubonline.com\/#website\"},\"primaryImageOfPage\":{\"@id\":\"https:\/\/congopubonline.com\/?p=27854#primaryimage\"},\"image\":{\"@id\":\"https:\/\/congopubonline.com\/?p=27854#primaryimage\"},\"thumbnailUrl\":\"https:\/\/congopubonline.com\/wp-content\/uploads\/2023\/02\/Capture-decran-2023-02-06-115549.png\",\"datePublished\":\"2023-02-06T10:41:01+00:00\",\"dateModified\":\"2023-02-20T13:55:20+00:00\",\"description\":\"Le pr\u00e9sident de la Dynamique Ma\u00eetre Paul Djunga a inaugur\u00e9, le dimanche 05 f\u00e9vrier, la permanence de cette structure affili\u00e9e au Mouvement de Lib\u00e9ration du Congo\",\"breadcrumb\":{\"@id\":\"https:\/\/congopubonline.com\/?p=27854#breadcrumb\"},\"inLanguage\":\"fr-FR\",\"potentialAction\":[{\"@type\":\"ReadAction\",\"target\":[\"https:\/\/congopubonline.com\/?p=27854\"]}]},{\"@type\":\"ImageObject\",\"inLanguage\":\"fr-FR\",\"@id\":\"https:\/\/congopubonline.com\/?p=27854#primaryimage\",\"url\":\"https:\/\/congopubonline.com\/wp-content\/uploads\/2023\/02\/Capture-decran-2023-02-06-115549.png\",\"contentUrl\":\"https:\/\/congopubonline.com\/wp-content\/uploads\/2023\/02\/Capture-decran-2023-02-06-115549.png\",\"width\":701,\"height\":382},{\"@type\":\"BreadcrumbList\",\"@id\":\"https:\/\/congopubonline.com\/?p=27854#breadcrumb\",\"itemListElement\":[{\"@type\":\"ListItem\",\"position\":1,\"name\":\"Accueil\",\"item\":\"https:\/\/congopubonline.com\/\"},{\"@type\":\"ListItem\",\"position\":2,\"name\":\"Kinshasa : La Dynamique Me Paul Djunga ouvre sa permanence \u00e0 Selembao\"}]},{\"@type\":\"WebSite\",\"@id\":\"https:\/\/congopubonline.com\/#website\",\"url\":\"https:\/\/congopubonline.com\/\",\"name\":\"Congo Pub Online\",\"description\":\"Votre site d&#039;actualit\u00e9\",\"publisher\":{\"@id\":\"https:\/\/congopubonline.com\/#organization\"},\"alternateName\":\"Marketing 3.0\",\"potentialAction\":[{\"@type\":\"SearchAction\",\"target\":{\"@type\":\"EntryPoint\",\"urlTemplate\":\"https:\/\/congopubonline.com\/?s={search_term_string}\"},\"query-input\":{\"@type\":\"PropertyValueSpecification\",\"valueRequired\":true,\"valueName\":\"search_term_string\"}}],\"inLanguage\":\"fr-FR\"},{\"@type\":\"Organization\",\"@id\":\"https:\/\/congopubonline.com\/#organization\",\"name\":\"Congo Pub Online\",\"url\":\"https:\/\/congopubonline.com\/\",\"logo\":{\"@type\":\"ImageObject\",\"inLanguage\":\"fr-FR\",\"@id\":\"https:\/\/congopubonline.com\/#\/schema\/logo\/image\/\",\"url\":\"https:\/\/congopubonline.com\/wp-content\/uploads\/2022\/09\/LOGO_CONGO-PUB-Online_Version-2.jpg\",\"contentUrl\":\"https:\/\/congopubonline.com\/wp-content\/uploads\/2022\/09\/LOGO_CONGO-PUB-Online_Version-2.jpg\",\"width\":374,\"height\":223,\"caption\":\"Congo Pub Online\"},\"image\":{\"@id\":\"https:\/\/congopubonline.com\/#\/schema\/logo\/image\/\"},\"sameAs\":[\"https:\/\/web.facebook.com\/Congopubonline\",\"https:\/\/x.com\/CONGOPUBOnline\"]},{\"@type\":\"Person\",\"@id\":\"https:\/\/congopubonline.com\/#\/schema\/person\/d2f3a940be2e9c1a0e4f8831e203f3cc\",\"name\":\"admin9775\",\"sameAs\":[\"http:\/\/congopubonline.com\"],\"url\":\"https:\/\/congopubonline.com\/?author=1\"}]}<\/script>\n<!-- \/ Yoast SEO Premium plugin. -->","yoast_head_json":{"title":"Kinshasa : La Dynamique Me Paul Djunga ouvre sa permanence \u00e0 Selembao","description":"Le pr\u00e9sident de la Dynamique Ma\u00eetre Paul Djunga a inaugur\u00e9, le dimanche 05 f\u00e9vrier, la permanence de cette structure affili\u00e9e au Mouvement de Lib\u00e9ration du Congo","robots":{"index":"index","follow":"follow","max-snippet":"max-snippet:-1","max-image-preview":"max-image-preview:large","max-video-preview":"max-video-preview:-1"},"canonical":"https:\/\/congopubonline.com\/?p=27854","og_locale":"fr_FR","og_type":"article","og_title":"Kinshasa : La Dynamique Me Paul Djunga ouvre sa permanence \u00e0 Selembao","og_description":"Le pr\u00e9sident de la Dynamique Ma\u00eetre Paul Djunga a inaugur\u00e9, le dimanche 05 f\u00e9vrier, la permanence de cette structure affili\u00e9e au Mouvement de Lib\u00e9ration du Congo","og_url":"https:\/\/congopubonline.com\/?p=27854","og_site_name":"Congo Pub Online","article_publisher":"https:\/\/web.facebook.com\/Congopubonline","article_published_time":"2023-02-06T10:41:01+00:00","article_modified_time":"2023-02-20T13:55:20+00:00","og_image":[{"width":701,"height":382,"url":"https:\/\/congopubonline.com\/wp-content\/uploads\/2023\/02\/Capture-decran-2023-02-06-115549.png","type":"image\/png"}],"author":"admin9775","twitter_card":"summary_large_image","twitter_creator":"@CONGOPUBOnline","twitter_site":"@CONGOPUBOnline","twitter_misc":{"\u00c9crit par":"admin9775","Dur\u00e9e de lecture estim\u00e9e":"2 minutes"},"schema":{"@context":"https:\/\/schema.org","@graph":[{"@type":"Article","@id":"https:\/\/congopubonline.com\/?p=27854#article","isPartOf":{"@id":"https:\/\/congopubonline.com\/?p=27854"},"author":{"name":"admin9775","@id":"https:\/\/congopubonline.com\/#\/schema\/person\/d2f3a940be2e9c1a0e4f8831e203f3cc"},"headline":"Kinshasa : La Dynamique Me Paul Djunga ouvre sa permanence \u00e0 Selembao","datePublished":"2023-02-06T10:41:01+00:00","dateModified":"2023-02-20T13:55:20+00:00","mainEntityOfPage":{"@id":"https:\/\/congopubonline.com\/?p=27854"},"wordCount":330,"publisher":{"@id":"https:\/\/congopubonline.com\/#organization"},"image":{"@id":"https:\/\/congopubonline.com\/?p=27854#primaryimage"},"thumbnailUrl":"https:\/\/congopubonline.com\/wp-content\/uploads\/2023\/02\/Capture-decran-2023-02-06-115549.png","keywords":["Kinshasa","Me Paul DJUNGA","nouvelle permanence"],"articleSection":["Politique"],"inLanguage":"fr-FR"},{"@type":"WebPage","@id":"https:\/\/congopubonline.com\/?p=27854","url":"https:\/\/congopubonline.com\/?p=27854","name":"Kinshasa : La Dynamique Me Paul Djunga ouvre sa permanence \u00e0 Selembao","isPartOf":{"@id":"https:\/\/congopubonline.com\/#website"},"primaryImageOfPage":{"@id":"https:\/\/congopubonline.com\/?p=27854#primaryimage"},"image":{"@id":"https:\/\/congopubonline.com\/?p=27854#primaryimage"},"thumbnailUrl":"https:\/\/congopubonline.com\/wp-content\/uploads\/2023\/02\/Capture-decran-2023-02-06-115549.png","datePublished":"2023-02-06T10:41:01+00:00","dateModified":"2023-02-20T13:55:20+00:00","description":"Le pr\u00e9sident de la Dynamique Ma\u00eetre Paul Djunga a inaugur\u00e9, le dimanche 05 f\u00e9vrier, la permanence de cette structure affili\u00e9e au Mouvement de Lib\u00e9ration du Congo","breadcrumb":{"@id":"https:\/\/congopubonline.com\/?p=27854#breadcrumb"},"inLanguage":"fr-FR","potentialAction":[{"@type":"ReadAction","target":["https:\/\/congopubonline.com\/?p=27854"]}]},{"@type":"ImageObject","inLanguage":"fr-FR","@id":"https:\/\/congopubonline.com\/?p=27854#primaryimage","url":"https:\/\/congopubonline.com\/wp-content\/uploads\/2023\/02\/Capture-decran-2023-02-06-115549.png","contentUrl":"https:\/\/congopubonline.com\/wp-content\/uploads\/2023\/02\/Capture-decran-2023-02-06-115549.png","width":701,"height":382},{"@type":"BreadcrumbList","@id":"https:\/\/congopubonline.com\/?p=27854#breadcrumb","itemListElement":[{"@type":"ListItem","position":1,"name":"Accueil","item":"https:\/\/congopubonline.com\/"},{"@type":"ListItem","position":2,"name":"Kinshasa : La Dynamique Me Paul Djunga ouvre sa permanence \u00e0 Selembao"}]},{"@type":"WebSite","@id":"https:\/\/congopubonline.com\/#website","url":"https:\/\/congopubonline.com\/","name":"Congo Pub Online","description":"Votre site d&#039;actualit\u00e9","publisher":{"@id":"https:\/\/congopubonline.com\/#organization"},"alternateName":"Marketing 3.0","potentialAction":[{"@type":"SearchAction","target":{"@type":"EntryPoint","urlTemplate":"https:\/\/congopubonline.com\/?s={search_term_string}"},"query-input":{"@type":"PropertyValueSpecification","valueRequired":true,"valueName":"search_term_string"}}],"inLanguage":"fr-FR"},{"@type":"Organization","@id":"https:\/\/congopubonline.com\/#organization","name":"Congo Pub Online","url":"https:\/\/congopubonline.com\/","logo":{"@type":"ImageObject","inLanguage":"fr-FR","@id":"https:\/\/congopubonline.com\/#\/schema\/logo\/image\/","url":"https:\/\/congopubonline.com\/wp-content\/uploads\/2022\/09\/LOGO_CONGO-PUB-Online_Version-2.jpg","contentUrl":"https:\/\/congopubonline.com\/wp-content\/uploads\/2022\/09\/LOGO_CONGO-PUB-Online_Version-2.jpg","width":374,"height":223,"caption":"Congo Pub Online"},"image":{"@id":"https:\/\/congopubonline.com\/#\/schema\/logo\/image\/"},"sameAs":["https:\/\/web.facebook.com\/Congopubonline","https:\/\/x.com\/CONGOPUBOnline"]},{"@type":"Person","@id":"https:\/\/congopubonline.com\/#\/schema\/person\/d2f3a940be2e9c1a0e4f8831e203f3cc","name":"admin9775","sameAs":["http:\/\/congopubonline.com"],"url":"https:\/\/congopubonline.com\/?author=1"}]}},"_links":{"self":[{"href":"https:\/\/congopubonline.com\/index.php?rest_route=\/wp\/v2\/posts\/27854","targetHints":{"allow":["GET"]}}],"collection":[{"href":"https:\/\/congopubonline.com\/index.php?rest_route=\/wp\/v2\/posts"}],"about":[{"href":"https:\/\/congopubonline.com\/index.php?rest_route=\/wp\/v2\/types\/post"}],"author":[{"embeddable":true,"href":"https:\/\/congopubonline.com\/index.php?rest_route=\/wp\/v2\/users\/1"}],"replies":[{"embeddable":true,"href":"https:\/\/congopubonline.com\/index.php?rest_route=%2Fwp%2Fv2%2Fcomments&post=27854"}],"version-history":[{"count":0,"href":"https:\/\/congopubonline.com\/index.php?rest_route=\/wp\/v2\/posts\/27854\/revisions"}],"wp:featuredmedia":[{"embeddable":true,"href":"https:\/\/congopubonline.com\/index.php?rest_route=\/wp\/v2\/media\/27865"}],"wp:attachment":[{"href":"https:\/\/congopubonline.com\/index.php?rest_route=%2Fwp%2Fv2%2Fmedia&parent=27854"}],"wp:term":[{"taxonomy":"category","embeddable":true,"href":"https:\/\/congopubonline.com\/index.php?rest_route=%2Fwp%2Fv2%2Fcategories&post=27854"},{"taxonomy":"post_tag","embeddable":true,"href":"https:\/\/congopubonline.com\/index.php?rest_route=%2Fwp%2Fv2%2Ftags&post=27854"}],"curies":[{"name":"wp","href":"https:\/\/api.w.org\/{rel}","templated":true}]}}