{"id":29158,"date":"2023-02-17T14:18:53","date_gmt":"2023-02-17T13:18:53","guid":{"rendered":"https:\/\/congopubonline.com\/?p=29158"},"modified":"2023-02-20T15:16:30","modified_gmt":"2023-02-20T14:16:30","slug":"addis-abeba-le-sommet-sur-la-situation-securitaire-en-rdc-deja-ouvert","status":"publish","type":"post","link":"https:\/\/congopubonline.com\/?p=29158","title":{"rendered":"Addis-Abeba : le sommet sur la situation s\u00e9curitaire en RDC d\u00e9j\u00e0 ouvert"},"content":{"rendered":"\n<p><strong>C\u2019est dans la salle Julius Nyerere au si\u00e8ge de l\u2019Union Africaine que le sommet sp\u00e9cial de la Communaut\u00e9 de l\u2019Afrique de l\u2019Est ( CAE\/EAC) \u00e9largi \u00e0 l\u2019Angola s\u2019est ouvert ce vendredi 17 f\u00e9vrier 2023.<\/strong><\/p>\n\n\n\n<p>Les participants : les pr\u00e9sidents William Rutto du Kenya, Jo\u00e2o Louren\u00e7o de l\u2019Angola, Paul Kagame du Rwanda, Evariste ndayishimiye du Burundi, Suluhu Hassan de la Tanzanie) , Felix Tshisekedi de la RDC), ont r\u00e9pondu pr\u00e9sent \u00e0 ce rendez-vous. Seuls les pr\u00e9sidents Yoweri Museveni de l\u2019Ouganda et Salva Kir du Soudan du Sud qui sont repr\u00e9sent\u00e9s au niveau minist\u00e9riel.<\/p>\n\n\n\n<p>A la s\u00e9ance publique d\u2019ouverture, seulement deux Chefs d\u2019\u00c9tat ont pris la parole \u00e0 savoir Joao Louren\u00e7o, m\u00e9diateur d\u00e9sign\u00e9 de l\u2019UA et Evariste Ndayishimiye, pr\u00e9sident en exercice de la CAE\/EAC qui a pr\u00e9sid\u00e9 le dernier sommet extraordinaire de cette institution sous-r\u00e9gionale le 4 f\u00e9vrier dernier \u00e0 Bujumbura.<\/p>\n\n\n\n<p>Dans son allocution, le pr\u00e9sident angolais a d\u00e9plor\u00e9 la d\u00e9t\u00e9rioration de la situation s\u00e9curitaire sur terrain \u00e0 la suite du refus des troupes terroristes du M23 appuy\u00e9es par le Rwanda de se retirer des zones occup\u00e9es comme l\u2019exigeait le sommet de Luanda .<\/p>\n\n\n\n<p>\u00c0 l\u2019en croire, la discussion de ce vendredi devrait tourner autour \u00ab&nbsp;de la d\u00e9termination des zones de cantonnement des troupes du M23, la pr\u00e9paration de ces zones de cantonnement et le financement de ces op\u00e9rations.&nbsp;\u00bb<\/p>\n\n\n\n<p>Le pr\u00e9sident Evariste Ndayishimiye a, pour son compte, d\u00e9plor\u00e9 la reprise des combats et hostilit\u00e9s caus\u00e9 par le M23 , ce qui a entra\u00een\u00e9 la l\u00e9gitimite r\u00e9action foudroyante des FARDC. Il a exhort\u00e9 ses pairs \u00e0 trouver une solution d\u00e9finitive \u00e0 cette situation.<\/p>\n\n\n\n<p>Le pr\u00e9sident en exercice de la CAE\/EAC a reconnu \u00ab&nbsp;la crise de confiance d\u2019une certaine opinion congolaise envers la force sous r\u00e9gionale.&nbsp;\u00bb<\/p>\n\n\n\n<p>Le pr\u00e9sident Ndayishimiye explique la d\u00e9t\u00e9rioration de la situation sur terrain par le non respect des engagements par le M23 et le manque d\u2019un m\u00e9canisme de suivi et \u00e9valuation.<\/p>\n\n\n\n<p>Pour lui, la r\u00e9union de ce jour, doit &nbsp;\u00bb \u00e9tudier un m\u00e9canisme efficace charg\u00e9 du suivi et \u00e9valuation des d\u00e9cisions et r\u00e9solutions, structure dont toutes les parties prenantes devraient faire partie \u00ab&nbsp;.<\/p>\n\n\n\n<p>Cet ordre du jour n\u2019a pas suscit\u00e9 de r\u00e9action des autres Chefs d\u2019Etat pendant la petite s\u00e9ance publique d\u2019ouverture mais les Chefs d\u2019\u00c9tat ont poursuivi les vraies discussions \u00e0 huis clos, dans un format 1+4 , c\u2019est \u00e0 dire un Chef de l\u2019Etat et 4 accompagnateurs .<\/p>\n\n\n\n<p>Du c\u00f4t\u00e9 de la RDC, un communiqu\u00e9 final de ce sommet est attendu .<\/p>\n\n\n\n<p><strong>Par Kevin Muteba<\/strong><\/p>\n\n\n\n<p><strong>OBJECTIFS INFO via CONGO PUB Online<\/strong><\/p>\n<div class='epvc-post-count'><span class='epvc-eye'><\/span>  <span class=\"epvc-count\"> 294<\/span><span class='epvc-label'> Vues<\/span><\/div>","protected":false},"excerpt":{"rendered":"<p>C\u2019est dans la salle Julius Nyerere au si\u00e8ge de l\u2019Union Africaine que le sommet sp\u00e9cial de la Communaut\u00e9 de l\u2019Afrique de l\u2019Est ( CAE\/EAC) \u00e9largi \u00e0 l\u2019Angola s\u2019est ouvert ce&hellip;<\/p>\n","protected":false},"author":1,"featured_media":29160,"comment_status":"closed","ping_status":"closed","sticky":false,"template":"","format":"standard","meta":{"content-type":"","_monsterinsights_skip_tracking":false,"_monsterinsights_sitenote_active":false,"_monsterinsights_sitenote_note":"","_monsterinsights_sitenote_category":0,"footnotes":""},"categories":[43],"tags":[2546,254,2283,2548],"class_list":["post-29158","post","type-post","status-publish","format-standard","has-post-thumbnail","hentry","category-afrique","tag-addis-abeba","tag-rdc","tag-situation-securitaire","tag-sommet"],"yoast_head":"<!-- This site is optimized with the Yoast SEO Premium plugin v25.4 (Yoast SEO v25.4) - https:\/\/yoast.com\/wordpress\/plugins\/seo\/ -->\n<title>Addis-Abeba : le sommet sur la situation s\u00e9curitaire en RDC d\u00e9j\u00e0 ouvert<\/title>\n<meta name=\"description\" content=\"C\u2019est dans la salle Julius Nyerere au si\u00e8ge de l\u2019Union Africaine que le sommet sp\u00e9cial de la Communaut\u00e9 de l\u2019Afrique de l\u2019Est ( CAE\/EAC)...\" \/>\n<meta name=\"robots\" content=\"index, follow, max-snippet:-1, max-image-preview:large, max-video-preview:-1\" \/>\n<link rel=\"canonical\" href=\"https:\/\/congopubonline.com\/?p=29158\" \/>\n<meta property=\"og:locale\" content=\"fr_FR\" \/>\n<meta property=\"og:type\" content=\"article\" \/>\n<meta property=\"og:title\" content=\"Addis-Abeba : le sommet sur la situation s\u00e9curitaire en RDC d\u00e9j\u00e0 ouvert\" \/>\n<meta property=\"og:description\" content=\"C\u2019est dans la salle Julius Nyerere au si\u00e8ge de l\u2019Union Africaine que le sommet sp\u00e9cial de la Communaut\u00e9 de l\u2019Afrique de l\u2019Est ( CAE\/EAC)...\" \/>\n<meta property=\"og:url\" content=\"https:\/\/congopubonline.com\/?p=29158\" \/>\n<meta property=\"og:site_name\" content=\"Congo Pub Online\" \/>\n<meta property=\"article:publisher\" content=\"https:\/\/web.facebook.com\/Congopubonline\" \/>\n<meta property=\"article:published_time\" content=\"2023-02-17T13:18:53+00:00\" \/>\n<meta property=\"article:modified_time\" content=\"2023-02-20T14:16:30+00:00\" \/>\n<meta property=\"og:image\" content=\"https:\/\/congopubonline.com\/wp-content\/uploads\/2023\/02\/1676632790534.jpg\" \/>\n\t<meta property=\"og:image:width\" content=\"720\" \/>\n\t<meta property=\"og:image:height\" content=\"480\" \/>\n\t<meta property=\"og:image:type\" content=\"image\/jpeg\" \/>\n<meta name=\"author\" content=\"admin9775\" \/>\n<meta name=\"twitter:card\" content=\"summary_large_image\" \/>\n<meta name=\"twitter:creator\" content=\"@CONGOPUBOnline\" \/>\n<meta name=\"twitter:site\" content=\"@CONGOPUBOnline\" \/>\n<meta name=\"twitter:label1\" content=\"\u00c9crit par\" \/>\n\t<meta name=\"twitter:data1\" content=\"admin9775\" \/>\n\t<meta name=\"twitter:label2\" content=\"Dur\u00e9e de lecture estim\u00e9e\" \/>\n\t<meta name=\"twitter:data2\" content=\"3 minutes\" \/>\n<script type=\"application\/ld+json\" class=\"yoast-schema-graph\">{\"@context\":\"https:\/\/schema.org\",\"@graph\":[{\"@type\":\"Article\",\"@id\":\"https:\/\/congopubonline.com\/?p=29158#article\",\"isPartOf\":{\"@id\":\"https:\/\/congopubonline.com\/?p=29158\"},\"author\":{\"name\":\"admin9775\",\"@id\":\"https:\/\/congopubonline.com\/#\/schema\/person\/d2f3a940be2e9c1a0e4f8831e203f3cc\"},\"headline\":\"Addis-Abeba : le sommet sur la situation s\u00e9curitaire en RDC d\u00e9j\u00e0 ouvert\",\"datePublished\":\"2023-02-17T13:18:53+00:00\",\"dateModified\":\"2023-02-20T14:16:30+00:00\",\"mainEntityOfPage\":{\"@id\":\"https:\/\/congopubonline.com\/?p=29158\"},\"wordCount\":481,\"publisher\":{\"@id\":\"https:\/\/congopubonline.com\/#organization\"},\"image\":{\"@id\":\"https:\/\/congopubonline.com\/?p=29158#primaryimage\"},\"thumbnailUrl\":\"https:\/\/congopubonline.com\/wp-content\/uploads\/2023\/02\/1676632790534.jpg\",\"keywords\":[\"Addis-Abeba\",\"RDC\",\"Situation s\u00e9curitaire\",\"Sommet\"],\"articleSection\":[\"Afrique\"],\"inLanguage\":\"fr-FR\"},{\"@type\":\"WebPage\",\"@id\":\"https:\/\/congopubonline.com\/?p=29158\",\"url\":\"https:\/\/congopubonline.com\/?p=29158\",\"name\":\"Addis-Abeba : le sommet sur la situation s\u00e9curitaire en RDC d\u00e9j\u00e0 ouvert\",\"isPartOf\":{\"@id\":\"https:\/\/congopubonline.com\/#website\"},\"primaryImageOfPage\":{\"@id\":\"https:\/\/congopubonline.com\/?p=29158#primaryimage\"},\"image\":{\"@id\":\"https:\/\/congopubonline.com\/?p=29158#primaryimage\"},\"thumbnailUrl\":\"https:\/\/congopubonline.com\/wp-content\/uploads\/2023\/02\/1676632790534.jpg\",\"datePublished\":\"2023-02-17T13:18:53+00:00\",\"dateModified\":\"2023-02-20T14:16:30+00:00\",\"description\":\"C\u2019est dans la salle Julius Nyerere au si\u00e8ge de l\u2019Union Africaine que le sommet sp\u00e9cial de la Communaut\u00e9 de l\u2019Afrique de l\u2019Est ( CAE\/EAC)...\",\"breadcrumb\":{\"@id\":\"https:\/\/congopubonline.com\/?p=29158#breadcrumb\"},\"inLanguage\":\"fr-FR\",\"potentialAction\":[{\"@type\":\"ReadAction\",\"target\":[\"https:\/\/congopubonline.com\/?p=29158\"]}]},{\"@type\":\"ImageObject\",\"inLanguage\":\"fr-FR\",\"@id\":\"https:\/\/congopubonline.com\/?p=29158#primaryimage\",\"url\":\"https:\/\/congopubonline.com\/wp-content\/uploads\/2023\/02\/1676632790534.jpg\",\"contentUrl\":\"https:\/\/congopubonline.com\/wp-content\/uploads\/2023\/02\/1676632790534.jpg\",\"width\":720,\"height\":480},{\"@type\":\"BreadcrumbList\",\"@id\":\"https:\/\/congopubonline.com\/?p=29158#breadcrumb\",\"itemListElement\":[{\"@type\":\"ListItem\",\"position\":1,\"name\":\"Accueil\",\"item\":\"https:\/\/congopubonline.com\/\"},{\"@type\":\"ListItem\",\"position\":2,\"name\":\"Addis-Abeba : le sommet sur la situation s\u00e9curitaire en RDC d\u00e9j\u00e0 ouvert\"}]},{\"@type\":\"WebSite\",\"@id\":\"https:\/\/congopubonline.com\/#website\",\"url\":\"https:\/\/congopubonline.com\/\",\"name\":\"Congo Pub Online\",\"description\":\"Votre site d&#039;actualit\u00e9\",\"publisher\":{\"@id\":\"https:\/\/congopubonline.com\/#organization\"},\"alternateName\":\"Marketing 3.0\",\"potentialAction\":[{\"@type\":\"SearchAction\",\"target\":{\"@type\":\"EntryPoint\",\"urlTemplate\":\"https:\/\/congopubonline.com\/?s={search_term_string}\"},\"query-input\":{\"@type\":\"PropertyValueSpecification\",\"valueRequired\":true,\"valueName\":\"search_term_string\"}}],\"inLanguage\":\"fr-FR\"},{\"@type\":\"Organization\",\"@id\":\"https:\/\/congopubonline.com\/#organization\",\"name\":\"Congo Pub Online\",\"url\":\"https:\/\/congopubonline.com\/\",\"logo\":{\"@type\":\"ImageObject\",\"inLanguage\":\"fr-FR\",\"@id\":\"https:\/\/congopubonline.com\/#\/schema\/logo\/image\/\",\"url\":\"https:\/\/congopubonline.com\/wp-content\/uploads\/2022\/09\/LOGO_CONGO-PUB-Online_Version-2.jpg\",\"contentUrl\":\"https:\/\/congopubonline.com\/wp-content\/uploads\/2022\/09\/LOGO_CONGO-PUB-Online_Version-2.jpg\",\"width\":374,\"height\":223,\"caption\":\"Congo Pub Online\"},\"image\":{\"@id\":\"https:\/\/congopubonline.com\/#\/schema\/logo\/image\/\"},\"sameAs\":[\"https:\/\/web.facebook.com\/Congopubonline\",\"https:\/\/x.com\/CONGOPUBOnline\"]},{\"@type\":\"Person\",\"@id\":\"https:\/\/congopubonline.com\/#\/schema\/person\/d2f3a940be2e9c1a0e4f8831e203f3cc\",\"name\":\"admin9775\",\"sameAs\":[\"http:\/\/congopubonline.com\"],\"url\":\"https:\/\/congopubonline.com\/?author=1\"}]}<\/script>\n<!-- \/ Yoast SEO Premium plugin. -->","yoast_head_json":{"title":"Addis-Abeba : le sommet sur la situation s\u00e9curitaire en RDC d\u00e9j\u00e0 ouvert","description":"C\u2019est dans la salle Julius Nyerere au si\u00e8ge de l\u2019Union Africaine que le sommet sp\u00e9cial de la Communaut\u00e9 de l\u2019Afrique de l\u2019Est ( CAE\/EAC)...","robots":{"index":"index","follow":"follow","max-snippet":"max-snippet:-1","max-image-preview":"max-image-preview:large","max-video-preview":"max-video-preview:-1"},"canonical":"https:\/\/congopubonline.com\/?p=29158","og_locale":"fr_FR","og_type":"article","og_title":"Addis-Abeba : le sommet sur la situation s\u00e9curitaire en RDC d\u00e9j\u00e0 ouvert","og_description":"C\u2019est dans la salle Julius Nyerere au si\u00e8ge de l\u2019Union Africaine que le sommet sp\u00e9cial de la Communaut\u00e9 de l\u2019Afrique de l\u2019Est ( CAE\/EAC)...","og_url":"https:\/\/congopubonline.com\/?p=29158","og_site_name":"Congo Pub Online","article_publisher":"https:\/\/web.facebook.com\/Congopubonline","article_published_time":"2023-02-17T13:18:53+00:00","article_modified_time":"2023-02-20T14:16:30+00:00","og_image":[{"width":720,"height":480,"url":"https:\/\/congopubonline.com\/wp-content\/uploads\/2023\/02\/1676632790534.jpg","type":"image\/jpeg"}],"author":"admin9775","twitter_card":"summary_large_image","twitter_creator":"@CONGOPUBOnline","twitter_site":"@CONGOPUBOnline","twitter_misc":{"\u00c9crit par":"admin9775","Dur\u00e9e de lecture estim\u00e9e":"3 minutes"},"schema":{"@context":"https:\/\/schema.org","@graph":[{"@type":"Article","@id":"https:\/\/congopubonline.com\/?p=29158#article","isPartOf":{"@id":"https:\/\/congopubonline.com\/?p=29158"},"author":{"name":"admin9775","@id":"https:\/\/congopubonline.com\/#\/schema\/person\/d2f3a940be2e9c1a0e4f8831e203f3cc"},"headline":"Addis-Abeba : le sommet sur la situation s\u00e9curitaire en RDC d\u00e9j\u00e0 ouvert","datePublished":"2023-02-17T13:18:53+00:00","dateModified":"2023-02-20T14:16:30+00:00","mainEntityOfPage":{"@id":"https:\/\/congopubonline.com\/?p=29158"},"wordCount":481,"publisher":{"@id":"https:\/\/congopubonline.com\/#organization"},"image":{"@id":"https:\/\/congopubonline.com\/?p=29158#primaryimage"},"thumbnailUrl":"https:\/\/congopubonline.com\/wp-content\/uploads\/2023\/02\/1676632790534.jpg","keywords":["Addis-Abeba","RDC","Situation s\u00e9curitaire","Sommet"],"articleSection":["Afrique"],"inLanguage":"fr-FR"},{"@type":"WebPage","@id":"https:\/\/congopubonline.com\/?p=29158","url":"https:\/\/congopubonline.com\/?p=29158","name":"Addis-Abeba : le sommet sur la situation s\u00e9curitaire en RDC d\u00e9j\u00e0 ouvert","isPartOf":{"@id":"https:\/\/congopubonline.com\/#website"},"primaryImageOfPage":{"@id":"https:\/\/congopubonline.com\/?p=29158#primaryimage"},"image":{"@id":"https:\/\/congopubonline.com\/?p=29158#primaryimage"},"thumbnailUrl":"https:\/\/congopubonline.com\/wp-content\/uploads\/2023\/02\/1676632790534.jpg","datePublished":"2023-02-17T13:18:53+00:00","dateModified":"2023-02-20T14:16:30+00:00","description":"C\u2019est dans la salle Julius Nyerere au si\u00e8ge de l\u2019Union Africaine que le sommet sp\u00e9cial de la Communaut\u00e9 de l\u2019Afrique de l\u2019Est ( CAE\/EAC)...","breadcrumb":{"@id":"https:\/\/congopubonline.com\/?p=29158#breadcrumb"},"inLanguage":"fr-FR","potentialAction":[{"@type":"ReadAction","target":["https:\/\/congopubonline.com\/?p=29158"]}]},{"@type":"ImageObject","inLanguage":"fr-FR","@id":"https:\/\/congopubonline.com\/?p=29158#primaryimage","url":"https:\/\/congopubonline.com\/wp-content\/uploads\/2023\/02\/1676632790534.jpg","contentUrl":"https:\/\/congopubonline.com\/wp-content\/uploads\/2023\/02\/1676632790534.jpg","width":720,"height":480},{"@type":"BreadcrumbList","@id":"https:\/\/congopubonline.com\/?p=29158#breadcrumb","itemListElement":[{"@type":"ListItem","position":1,"name":"Accueil","item":"https:\/\/congopubonline.com\/"},{"@type":"ListItem","position":2,"name":"Addis-Abeba : le sommet sur la situation s\u00e9curitaire en RDC d\u00e9j\u00e0 ouvert"}]},{"@type":"WebSite","@id":"https:\/\/congopubonline.com\/#website","url":"https:\/\/congopubonline.com\/","name":"Congo Pub Online","description":"Votre site d&#039;actualit\u00e9","publisher":{"@id":"https:\/\/congopubonline.com\/#organization"},"alternateName":"Marketing 3.0","potentialAction":[{"@type":"SearchAction","target":{"@type":"EntryPoint","urlTemplate":"https:\/\/congopubonline.com\/?s={search_term_string}"},"query-input":{"@type":"PropertyValueSpecification","valueRequired":true,"valueName":"search_term_string"}}],"inLanguage":"fr-FR"},{"@type":"Organization","@id":"https:\/\/congopubonline.com\/#organization","name":"Congo Pub Online","url":"https:\/\/congopubonline.com\/","logo":{"@type":"ImageObject","inLanguage":"fr-FR","@id":"https:\/\/congopubonline.com\/#\/schema\/logo\/image\/","url":"https:\/\/congopubonline.com\/wp-content\/uploads\/2022\/09\/LOGO_CONGO-PUB-Online_Version-2.jpg","contentUrl":"https:\/\/congopubonline.com\/wp-content\/uploads\/2022\/09\/LOGO_CONGO-PUB-Online_Version-2.jpg","width":374,"height":223,"caption":"Congo Pub Online"},"image":{"@id":"https:\/\/congopubonline.com\/#\/schema\/logo\/image\/"},"sameAs":["https:\/\/web.facebook.com\/Congopubonline","https:\/\/x.com\/CONGOPUBOnline"]},{"@type":"Person","@id":"https:\/\/congopubonline.com\/#\/schema\/person\/d2f3a940be2e9c1a0e4f8831e203f3cc","name":"admin9775","sameAs":["http:\/\/congopubonline.com"],"url":"https:\/\/congopubonline.com\/?author=1"}]}},"_links":{"self":[{"href":"https:\/\/congopubonline.com\/index.php?rest_route=\/wp\/v2\/posts\/29158","targetHints":{"allow":["GET"]}}],"collection":[{"href":"https:\/\/congopubonline.com\/index.php?rest_route=\/wp\/v2\/posts"}],"about":[{"href":"https:\/\/congopubonline.com\/index.php?rest_route=\/wp\/v2\/types\/post"}],"author":[{"embeddable":true,"href":"https:\/\/congopubonline.com\/index.php?rest_route=\/wp\/v2\/users\/1"}],"replies":[{"embeddable":true,"href":"https:\/\/congopubonline.com\/index.php?rest_route=%2Fwp%2Fv2%2Fcomments&post=29158"}],"version-history":[{"count":0,"href":"https:\/\/congopubonline.com\/index.php?rest_route=\/wp\/v2\/posts\/29158\/revisions"}],"wp:featuredmedia":[{"embeddable":true,"href":"https:\/\/congopubonline.com\/index.php?rest_route=\/wp\/v2\/media\/29160"}],"wp:attachment":[{"href":"https:\/\/congopubonline.com\/index.php?rest_route=%2Fwp%2Fv2%2Fmedia&parent=29158"}],"wp:term":[{"taxonomy":"category","embeddable":true,"href":"https:\/\/congopubonline.com\/index.php?rest_route=%2Fwp%2Fv2%2Fcategories&post=29158"},{"taxonomy":"post_tag","embeddable":true,"href":"https:\/\/congopubonline.com\/index.php?rest_route=%2Fwp%2Fv2%2Ftags&post=29158"}],"curies":[{"name":"wp","href":"https:\/\/api.w.org\/{rel}","templated":true}]}}