{"id":32141,"date":"2023-03-20T16:26:49","date_gmt":"2023-03-20T15:26:49","guid":{"rendered":"https:\/\/congopubonline.com\/?p=32141"},"modified":"2023-03-20T16:26:53","modified_gmt":"2023-03-20T15:26:53","slug":"culture-la-celebration-de-la-francophonie-placee-sous-le-signe-de-la-decouvrabilite","status":"publish","type":"post","link":"https:\/\/congopubonline.com\/?p=32141","title":{"rendered":"Culture : la c\u00e9l\u00e9bration de la francophonie plac\u00e9e sous le signe de la\u00a0\u00ab\u00a0d\u00e9couvrabilit\u00e9\u00a0\u00bb"},"content":{"rendered":"\n<p><strong>Ce lundi 20 mars, les pays francophones y compris ceux dont la langue fran\u00e7aise est moins r\u00e9pandue, c\u00e9l\u00e8brent la journ\u00e9e internationale de francophonie.<\/strong><\/p>\n\n\n\n<p>Pour cette ann\u00e9e 2023, l\u2019organisation Internationale de la francophonie (OIF) place cette c\u00e9l\u00e9bration sous le signe de \u00ab&nbsp;la cr\u00e9ation culturelle francophone, sa diversit\u00e9, mais aussi la n\u00e9cessit\u00e9 de valoriser son acc\u00e8s en ligne : sa &nbsp;d\u00e9couvrabilit\u00e9&nbsp;\u00ab&nbsp;.<\/p>\n\n\n\n<p>A cette occasion, l\u2019OIF mobilise ses partenaires et les forces vives de l\u2019espace francophone pour rappeler cet enjeu crucial pour l\u2019avenir&nbsp;de notre langue. Pour cette organisation linguistique, le principe de diversit\u00e9 culturelle et linguistique, cher \u00e0 l\u2019espace francophone, est aujourd\u2019hui questionn\u00e9 par l\u2019impact du num\u00e9rique.<\/p>\n\n\n\n<p>Pour cette \u00e9ni\u00e8me c\u00e9l\u00e9bration, elle a choisi pour th\u00e9matique : &nbsp;\u00bb la pr\u00e9sence de la langue fran\u00e7aise dans la production culturelle et notamment, sur les plateformes num\u00e9riques \u00ab&nbsp;. Occasion pour les \u00e9tats qui partagent en commun la langue fran\u00e7aise de se plonger dans l\u2019avenir de cette langue, dans toute sa diversit\u00e9.<\/p>\n\n\n\n<p>&nbsp;\u00bb 321 millions de Francophones mais des milliards de contenus&nbsp;\u00bb, rappelle l\u2019OIF qui estime que des millions de francophones peuplent le monde&nbsp;: ce sont autant de personnes en qu\u00eate de contenus sur internet en langue fran\u00e7aise.<\/p>\n\n\n\n<p>Le fran\u00e7ais n\u2019est que la 4\u00e8me langue sur internet. Elle repr\u00e9sente 3,50% du contenu sur le web, bien loin derri\u00e8re l\u2019anglais (25%), le chinois (15%) et l\u2019espagnol (7%). La fracture num\u00e9rique des pays francophones africains, qui repr\u00e9sentent le plus important nombre de locuteurs, emp\u00eache la progression du fran\u00e7ais dans la sph\u00e8re num\u00e9rique.<\/p>\n\n\n\n<p>Retenons que c\u2019est en 1970, que l\u2019Agence de coop\u00e9ration culturelle et technique, anc\u00eatre de l\u2019Organisation Internationale de la Francophonie (OIF) voyait le jour \u00e0 Niamey au Niger.<\/p>\n\n\n\n<p>Elle regroupe \u00e0 ce jour 54 Etats et gouvernements parmis eux : l\u2019Albanie, l\u2019Arm\u00e9nie, la Belgique, le Cambodge, la R\u00e9publique D\u00e9mocratique du Congo, la C\u00f4te d\u2019Ivoire et la France. Mais aussi, les \u00e9tats non observateurs entre autre, Chypre, \u00c9mirats arabes unis, et Ghana.<\/p>\n\n\n\n<p><strong>Murphy Fika<\/strong><\/p>\n\n\n\n<p><strong>Objectif Info via CONGO PUB Online <\/strong><\/p>\n<div class='epvc-post-count'><span class='epvc-eye'><\/span>  <span class=\"epvc-count\"> 378<\/span><span class='epvc-label'> Vues<\/span><\/div>","protected":false},"excerpt":{"rendered":"<p>Ce lundi 20 mars, les pays francophones y compris ceux dont la langue fran\u00e7aise est moins r\u00e9pandue, c\u00e9l\u00e8brent la journ\u00e9e internationale de francophonie. Pour cette ann\u00e9e 2023, l\u2019organisation Internationale de&hellip;<\/p>\n","protected":false},"author":1,"featured_media":32143,"comment_status":"closed","ping_status":"closed","sticky":false,"template":"","format":"standard","meta":{"content-type":"","_monsterinsights_skip_tracking":false,"_monsterinsights_sitenote_active":false,"_monsterinsights_sitenote_note":"","_monsterinsights_sitenote_category":0,"footnotes":""},"categories":[844,55],"tags":[],"class_list":["post-32141","post","type-post","status-publish","format-standard","has-post-thumbnail","hentry","category-a-la-une","category-bimber-musique"],"yoast_head":"<!-- This site is optimized with the Yoast SEO Premium plugin v25.4 (Yoast SEO v25.4) - https:\/\/yoast.com\/wordpress\/plugins\/seo\/ -->\n<title>Culture : la c\u00e9l\u00e9bration de la francophonie plac\u00e9e sous le signe de la\u00a0\u00ab\u00a0d\u00e9couvrabilit\u00e9\u00a0\u00bb - Congo Pub Online<\/title>\n<meta name=\"description\" content=\"Ce lundi 20 mars, les pays francophones y compris ceux dont la langue fran\u00e7aise est moins r\u00e9pandue, c\u00e9l\u00e8brent la journ\u00e9e internationale de ...\" \/>\n<meta name=\"robots\" content=\"index, follow, max-snippet:-1, max-image-preview:large, max-video-preview:-1\" \/>\n<link rel=\"canonical\" href=\"https:\/\/congopubonline.com\/?p=32141\" \/>\n<meta property=\"og:locale\" content=\"fr_FR\" \/>\n<meta property=\"og:type\" content=\"article\" \/>\n<meta property=\"og:title\" content=\"Culture : la c\u00e9l\u00e9bration de la francophonie plac\u00e9e sous le signe de la\u00a0\u00ab\u00a0d\u00e9couvrabilit\u00e9\u00a0\u00bb\" \/>\n<meta property=\"og:description\" content=\"Ce lundi 20 mars, les pays francophones y compris ceux dont la langue fran\u00e7aise est moins r\u00e9pandue, c\u00e9l\u00e8brent la journ\u00e9e internationale de ...\" \/>\n<meta property=\"og:url\" content=\"https:\/\/congopubonline.com\/?p=32141\" \/>\n<meta property=\"og:site_name\" content=\"Congo Pub Online\" \/>\n<meta property=\"article:publisher\" content=\"https:\/\/web.facebook.com\/Congopubonline\" \/>\n<meta property=\"article:published_time\" content=\"2023-03-20T15:26:49+00:00\" \/>\n<meta property=\"article:modified_time\" content=\"2023-03-20T15:26:53+00:00\" \/>\n<meta property=\"og:image\" content=\"https:\/\/congopubonline.com\/wp-content\/uploads\/2023\/03\/celebration-de-la-francophonie.jpg\" \/>\n\t<meta property=\"og:image:width\" content=\"601\" \/>\n\t<meta property=\"og:image:height\" content=\"316\" \/>\n\t<meta property=\"og:image:type\" content=\"image\/jpeg\" \/>\n<meta name=\"author\" content=\"admin9775\" \/>\n<meta name=\"twitter:card\" content=\"summary_large_image\" \/>\n<meta name=\"twitter:creator\" content=\"@CONGOPUBOnline\" \/>\n<meta name=\"twitter:site\" content=\"@CONGOPUBOnline\" \/>\n<meta name=\"twitter:label1\" content=\"\u00c9crit par\" \/>\n\t<meta name=\"twitter:data1\" content=\"admin9775\" \/>\n\t<meta name=\"twitter:label2\" content=\"Dur\u00e9e de lecture estim\u00e9e\" \/>\n\t<meta name=\"twitter:data2\" content=\"2 minutes\" \/>\n<script type=\"application\/ld+json\" class=\"yoast-schema-graph\">{\"@context\":\"https:\/\/schema.org\",\"@graph\":[{\"@type\":\"Article\",\"@id\":\"https:\/\/congopubonline.com\/?p=32141#article\",\"isPartOf\":{\"@id\":\"https:\/\/congopubonline.com\/?p=32141\"},\"author\":{\"name\":\"admin9775\",\"@id\":\"https:\/\/congopubonline.com\/#\/schema\/person\/d2f3a940be2e9c1a0e4f8831e203f3cc\"},\"headline\":\"Culture : la c\u00e9l\u00e9bration de la francophonie plac\u00e9e sous le signe de la\u00a0\u00ab\u00a0d\u00e9couvrabilit\u00e9\u00a0\u00bb\",\"datePublished\":\"2023-03-20T15:26:49+00:00\",\"dateModified\":\"2023-03-20T15:26:53+00:00\",\"mainEntityOfPage\":{\"@id\":\"https:\/\/congopubonline.com\/?p=32141\"},\"wordCount\":387,\"publisher\":{\"@id\":\"https:\/\/congopubonline.com\/#organization\"},\"image\":{\"@id\":\"https:\/\/congopubonline.com\/?p=32141#primaryimage\"},\"thumbnailUrl\":\"https:\/\/congopubonline.com\/wp-content\/uploads\/2023\/03\/celebration-de-la-francophonie.jpg\",\"articleSection\":[\"\u00c0 la Une\",\"Musique &amp; Culture\"],\"inLanguage\":\"fr-FR\"},{\"@type\":\"WebPage\",\"@id\":\"https:\/\/congopubonline.com\/?p=32141\",\"url\":\"https:\/\/congopubonline.com\/?p=32141\",\"name\":\"Culture : la c\u00e9l\u00e9bration de la francophonie plac\u00e9e sous le signe de la\u00a0\u00ab\u00a0d\u00e9couvrabilit\u00e9\u00a0\u00bb - Congo Pub Online\",\"isPartOf\":{\"@id\":\"https:\/\/congopubonline.com\/#website\"},\"primaryImageOfPage\":{\"@id\":\"https:\/\/congopubonline.com\/?p=32141#primaryimage\"},\"image\":{\"@id\":\"https:\/\/congopubonline.com\/?p=32141#primaryimage\"},\"thumbnailUrl\":\"https:\/\/congopubonline.com\/wp-content\/uploads\/2023\/03\/celebration-de-la-francophonie.jpg\",\"datePublished\":\"2023-03-20T15:26:49+00:00\",\"dateModified\":\"2023-03-20T15:26:53+00:00\",\"description\":\"Ce lundi 20 mars, les pays francophones y compris ceux dont la langue fran\u00e7aise est moins r\u00e9pandue, c\u00e9l\u00e8brent la journ\u00e9e internationale de ...\",\"breadcrumb\":{\"@id\":\"https:\/\/congopubonline.com\/?p=32141#breadcrumb\"},\"inLanguage\":\"fr-FR\",\"potentialAction\":[{\"@type\":\"ReadAction\",\"target\":[\"https:\/\/congopubonline.com\/?p=32141\"]}]},{\"@type\":\"ImageObject\",\"inLanguage\":\"fr-FR\",\"@id\":\"https:\/\/congopubonline.com\/?p=32141#primaryimage\",\"url\":\"https:\/\/congopubonline.com\/wp-content\/uploads\/2023\/03\/celebration-de-la-francophonie.jpg\",\"contentUrl\":\"https:\/\/congopubonline.com\/wp-content\/uploads\/2023\/03\/celebration-de-la-francophonie.jpg\",\"width\":601,\"height\":316},{\"@type\":\"BreadcrumbList\",\"@id\":\"https:\/\/congopubonline.com\/?p=32141#breadcrumb\",\"itemListElement\":[{\"@type\":\"ListItem\",\"position\":1,\"name\":\"Accueil\",\"item\":\"https:\/\/congopubonline.com\/\"},{\"@type\":\"ListItem\",\"position\":2,\"name\":\"Culture : la c\u00e9l\u00e9bration de la francophonie plac\u00e9e sous le signe de la\u00a0\u00ab\u00a0d\u00e9couvrabilit\u00e9\u00a0\u00bb\"}]},{\"@type\":\"WebSite\",\"@id\":\"https:\/\/congopubonline.com\/#website\",\"url\":\"https:\/\/congopubonline.com\/\",\"name\":\"Congo Pub Online\",\"description\":\"Votre site d&#039;actualit\u00e9\",\"publisher\":{\"@id\":\"https:\/\/congopubonline.com\/#organization\"},\"alternateName\":\"Marketing 3.0\",\"potentialAction\":[{\"@type\":\"SearchAction\",\"target\":{\"@type\":\"EntryPoint\",\"urlTemplate\":\"https:\/\/congopubonline.com\/?s={search_term_string}\"},\"query-input\":{\"@type\":\"PropertyValueSpecification\",\"valueRequired\":true,\"valueName\":\"search_term_string\"}}],\"inLanguage\":\"fr-FR\"},{\"@type\":\"Organization\",\"@id\":\"https:\/\/congopubonline.com\/#organization\",\"name\":\"Congo Pub Online\",\"url\":\"https:\/\/congopubonline.com\/\",\"logo\":{\"@type\":\"ImageObject\",\"inLanguage\":\"fr-FR\",\"@id\":\"https:\/\/congopubonline.com\/#\/schema\/logo\/image\/\",\"url\":\"https:\/\/congopubonline.com\/wp-content\/uploads\/2022\/09\/LOGO_CONGO-PUB-Online_Version-2.jpg\",\"contentUrl\":\"https:\/\/congopubonline.com\/wp-content\/uploads\/2022\/09\/LOGO_CONGO-PUB-Online_Version-2.jpg\",\"width\":374,\"height\":223,\"caption\":\"Congo Pub Online\"},\"image\":{\"@id\":\"https:\/\/congopubonline.com\/#\/schema\/logo\/image\/\"},\"sameAs\":[\"https:\/\/web.facebook.com\/Congopubonline\",\"https:\/\/x.com\/CONGOPUBOnline\"]},{\"@type\":\"Person\",\"@id\":\"https:\/\/congopubonline.com\/#\/schema\/person\/d2f3a940be2e9c1a0e4f8831e203f3cc\",\"name\":\"admin9775\",\"sameAs\":[\"http:\/\/congopubonline.com\"],\"url\":\"https:\/\/congopubonline.com\/?author=1\"}]}<\/script>\n<!-- \/ Yoast SEO Premium plugin. -->","yoast_head_json":{"title":"Culture : la c\u00e9l\u00e9bration de la francophonie plac\u00e9e sous le signe de la\u00a0\u00ab\u00a0d\u00e9couvrabilit\u00e9\u00a0\u00bb - Congo Pub Online","description":"Ce lundi 20 mars, les pays francophones y compris ceux dont la langue fran\u00e7aise est moins r\u00e9pandue, c\u00e9l\u00e8brent la journ\u00e9e internationale de ...","robots":{"index":"index","follow":"follow","max-snippet":"max-snippet:-1","max-image-preview":"max-image-preview:large","max-video-preview":"max-video-preview:-1"},"canonical":"https:\/\/congopubonline.com\/?p=32141","og_locale":"fr_FR","og_type":"article","og_title":"Culture : la c\u00e9l\u00e9bration de la francophonie plac\u00e9e sous le signe de la\u00a0\u00ab\u00a0d\u00e9couvrabilit\u00e9\u00a0\u00bb","og_description":"Ce lundi 20 mars, les pays francophones y compris ceux dont la langue fran\u00e7aise est moins r\u00e9pandue, c\u00e9l\u00e8brent la journ\u00e9e internationale de ...","og_url":"https:\/\/congopubonline.com\/?p=32141","og_site_name":"Congo Pub Online","article_publisher":"https:\/\/web.facebook.com\/Congopubonline","article_published_time":"2023-03-20T15:26:49+00:00","article_modified_time":"2023-03-20T15:26:53+00:00","og_image":[{"width":601,"height":316,"url":"https:\/\/congopubonline.com\/wp-content\/uploads\/2023\/03\/celebration-de-la-francophonie.jpg","type":"image\/jpeg"}],"author":"admin9775","twitter_card":"summary_large_image","twitter_creator":"@CONGOPUBOnline","twitter_site":"@CONGOPUBOnline","twitter_misc":{"\u00c9crit par":"admin9775","Dur\u00e9e de lecture estim\u00e9e":"2 minutes"},"schema":{"@context":"https:\/\/schema.org","@graph":[{"@type":"Article","@id":"https:\/\/congopubonline.com\/?p=32141#article","isPartOf":{"@id":"https:\/\/congopubonline.com\/?p=32141"},"author":{"name":"admin9775","@id":"https:\/\/congopubonline.com\/#\/schema\/person\/d2f3a940be2e9c1a0e4f8831e203f3cc"},"headline":"Culture : la c\u00e9l\u00e9bration de la francophonie plac\u00e9e sous le signe de la\u00a0\u00ab\u00a0d\u00e9couvrabilit\u00e9\u00a0\u00bb","datePublished":"2023-03-20T15:26:49+00:00","dateModified":"2023-03-20T15:26:53+00:00","mainEntityOfPage":{"@id":"https:\/\/congopubonline.com\/?p=32141"},"wordCount":387,"publisher":{"@id":"https:\/\/congopubonline.com\/#organization"},"image":{"@id":"https:\/\/congopubonline.com\/?p=32141#primaryimage"},"thumbnailUrl":"https:\/\/congopubonline.com\/wp-content\/uploads\/2023\/03\/celebration-de-la-francophonie.jpg","articleSection":["\u00c0 la Une","Musique &amp; Culture"],"inLanguage":"fr-FR"},{"@type":"WebPage","@id":"https:\/\/congopubonline.com\/?p=32141","url":"https:\/\/congopubonline.com\/?p=32141","name":"Culture : la c\u00e9l\u00e9bration de la francophonie plac\u00e9e sous le signe de la\u00a0\u00ab\u00a0d\u00e9couvrabilit\u00e9\u00a0\u00bb - Congo Pub Online","isPartOf":{"@id":"https:\/\/congopubonline.com\/#website"},"primaryImageOfPage":{"@id":"https:\/\/congopubonline.com\/?p=32141#primaryimage"},"image":{"@id":"https:\/\/congopubonline.com\/?p=32141#primaryimage"},"thumbnailUrl":"https:\/\/congopubonline.com\/wp-content\/uploads\/2023\/03\/celebration-de-la-francophonie.jpg","datePublished":"2023-03-20T15:26:49+00:00","dateModified":"2023-03-20T15:26:53+00:00","description":"Ce lundi 20 mars, les pays francophones y compris ceux dont la langue fran\u00e7aise est moins r\u00e9pandue, c\u00e9l\u00e8brent la journ\u00e9e internationale de ...","breadcrumb":{"@id":"https:\/\/congopubonline.com\/?p=32141#breadcrumb"},"inLanguage":"fr-FR","potentialAction":[{"@type":"ReadAction","target":["https:\/\/congopubonline.com\/?p=32141"]}]},{"@type":"ImageObject","inLanguage":"fr-FR","@id":"https:\/\/congopubonline.com\/?p=32141#primaryimage","url":"https:\/\/congopubonline.com\/wp-content\/uploads\/2023\/03\/celebration-de-la-francophonie.jpg","contentUrl":"https:\/\/congopubonline.com\/wp-content\/uploads\/2023\/03\/celebration-de-la-francophonie.jpg","width":601,"height":316},{"@type":"BreadcrumbList","@id":"https:\/\/congopubonline.com\/?p=32141#breadcrumb","itemListElement":[{"@type":"ListItem","position":1,"name":"Accueil","item":"https:\/\/congopubonline.com\/"},{"@type":"ListItem","position":2,"name":"Culture : la c\u00e9l\u00e9bration de la francophonie plac\u00e9e sous le signe de la\u00a0\u00ab\u00a0d\u00e9couvrabilit\u00e9\u00a0\u00bb"}]},{"@type":"WebSite","@id":"https:\/\/congopubonline.com\/#website","url":"https:\/\/congopubonline.com\/","name":"Congo Pub Online","description":"Votre site d&#039;actualit\u00e9","publisher":{"@id":"https:\/\/congopubonline.com\/#organization"},"alternateName":"Marketing 3.0","potentialAction":[{"@type":"SearchAction","target":{"@type":"EntryPoint","urlTemplate":"https:\/\/congopubonline.com\/?s={search_term_string}"},"query-input":{"@type":"PropertyValueSpecification","valueRequired":true,"valueName":"search_term_string"}}],"inLanguage":"fr-FR"},{"@type":"Organization","@id":"https:\/\/congopubonline.com\/#organization","name":"Congo Pub Online","url":"https:\/\/congopubonline.com\/","logo":{"@type":"ImageObject","inLanguage":"fr-FR","@id":"https:\/\/congopubonline.com\/#\/schema\/logo\/image\/","url":"https:\/\/congopubonline.com\/wp-content\/uploads\/2022\/09\/LOGO_CONGO-PUB-Online_Version-2.jpg","contentUrl":"https:\/\/congopubonline.com\/wp-content\/uploads\/2022\/09\/LOGO_CONGO-PUB-Online_Version-2.jpg","width":374,"height":223,"caption":"Congo Pub Online"},"image":{"@id":"https:\/\/congopubonline.com\/#\/schema\/logo\/image\/"},"sameAs":["https:\/\/web.facebook.com\/Congopubonline","https:\/\/x.com\/CONGOPUBOnline"]},{"@type":"Person","@id":"https:\/\/congopubonline.com\/#\/schema\/person\/d2f3a940be2e9c1a0e4f8831e203f3cc","name":"admin9775","sameAs":["http:\/\/congopubonline.com"],"url":"https:\/\/congopubonline.com\/?author=1"}]}},"_links":{"self":[{"href":"https:\/\/congopubonline.com\/index.php?rest_route=\/wp\/v2\/posts\/32141","targetHints":{"allow":["GET"]}}],"collection":[{"href":"https:\/\/congopubonline.com\/index.php?rest_route=\/wp\/v2\/posts"}],"about":[{"href":"https:\/\/congopubonline.com\/index.php?rest_route=\/wp\/v2\/types\/post"}],"author":[{"embeddable":true,"href":"https:\/\/congopubonline.com\/index.php?rest_route=\/wp\/v2\/users\/1"}],"replies":[{"embeddable":true,"href":"https:\/\/congopubonline.com\/index.php?rest_route=%2Fwp%2Fv2%2Fcomments&post=32141"}],"version-history":[{"count":0,"href":"https:\/\/congopubonline.com\/index.php?rest_route=\/wp\/v2\/posts\/32141\/revisions"}],"wp:featuredmedia":[{"embeddable":true,"href":"https:\/\/congopubonline.com\/index.php?rest_route=\/wp\/v2\/media\/32143"}],"wp:attachment":[{"href":"https:\/\/congopubonline.com\/index.php?rest_route=%2Fwp%2Fv2%2Fmedia&parent=32141"}],"wp:term":[{"taxonomy":"category","embeddable":true,"href":"https:\/\/congopubonline.com\/index.php?rest_route=%2Fwp%2Fv2%2Fcategories&post=32141"},{"taxonomy":"post_tag","embeddable":true,"href":"https:\/\/congopubonline.com\/index.php?rest_route=%2Fwp%2Fv2%2Ftags&post=32141"}],"curies":[{"name":"wp","href":"https:\/\/api.w.org\/{rel}","templated":true}]}}