{"id":32587,"date":"2023-03-24T11:09:04","date_gmt":"2023-03-24T10:09:04","guid":{"rendered":"https:\/\/congopubonline.com\/?p=32587"},"modified":"2023-03-24T11:15:31","modified_gmt":"2023-03-24T10:15:31","slug":"guylain-nyembo-a-preside-une-reunion-avec-le-gibec","status":"publish","type":"post","link":"https:\/\/congopubonline.com\/?p=32587","title":{"rendered":"Guylain Nyembo a pr\u00e9sid\u00e9 une r\u00e9union avec le GIBEC"},"content":{"rendered":"\n<p><strong>Le Directeur de cabinet du chef de l\u2019\u00c9tat Guylain Nyembo, a pr\u00e9sid\u00e9 le jeudi 23 mars, une r\u00e9union \u00abde haut niveau&nbsp;\u00bb avec le Groupe Inter bailleurs de l\u2019environnement et le Climat (GIBEC) \u00e9largie \u00e0 quelques membres du gouvernement du secteur pro-climat et la soci\u00e9t\u00e9 civile.<\/strong><\/p>\n\n\n\n<p>Celle-ci fait suite aux recommandations du Chef de l\u2019\u00c9tat sur la n\u00e9cessit\u00e9 de renforcer la coh\u00e9rence d\u2019approche entre les bailleurs et les institutions publiques intervenant dans la lutte contre le changement climatique.<\/p>\n\n\n\n<p>Les deux parties ont ax\u00e9 leurs \u00e9changes autour de la capitalisation de la preCOP27, qui \u00e9tait organis\u00e9e \u00e0 Kinshasa en septembre 2022 par le gouvernement de la RDC et les pr\u00e9parations pour l\u2019engagement strat\u00e9gique de la COP28.&nbsp;<\/p>\n\n\n\n<p>Cette rencontre a \u00e9galement offert l\u2019occasion \u00e0 l\u2019ambassadeur des Pays-Bas, Pr\u00e9sident du GIBEC, de f\u00e9liciter la pr\u00e9sence tr\u00e8s active de la RDC \u00e0 la participation de la COP 27 et de la COP15.<\/p>\n\n\n\n<p>Du c\u00f4t\u00e9 des parties prenantes nationales, les acteurs de la soci\u00e9t\u00e9 civile et du gouvernement, ont \u00e9voqu\u00e9 la n\u00e9cessit\u00e9 d\u2019un dialogue franc dans le traitement de certaines questions dans la conduite des agendas climatiques et environnementaux.&nbsp;<\/p>\n\n\n\n<p>Le directeur de cabinet du chef de l\u2019\u00c9tat, Guylain Nyembo, a insist\u00e9 sur la mise en place d\u2019une task force dans un bref d\u00e9lai pour poursuivre l\u2019examen de ces questions combien importantes que sont la lutte contre le changement climatique et la pr\u00e9servation de l\u2019environnement.<\/p>\n\n\n\n<p><strong>Par Kevin Muteba<\/strong><\/p>\n\n\n\n<p><strong>OBJECTIFS INFO via CONGO PUB Online<\/strong><\/p>\n<div class='epvc-post-count'><span class='epvc-eye'><\/span>  <span class=\"epvc-count\"> 288<\/span><span class='epvc-label'> Vues<\/span><\/div>","protected":false},"excerpt":{"rendered":"<p>Le Directeur de cabinet du chef de l\u2019\u00c9tat Guylain Nyembo, a pr\u00e9sid\u00e9 le jeudi 23 mars, une r\u00e9union \u00abde haut niveau&nbsp;\u00bb avec le Groupe Inter bailleurs de l\u2019environnement et le&hellip;<\/p>\n","protected":false},"author":1,"featured_media":32589,"comment_status":"closed","ping_status":"closed","sticky":false,"template":"","format":"standard","meta":{"content-type":"","_monsterinsights_skip_tracking":false,"_monsterinsights_sitenote_active":false,"_monsterinsights_sitenote_note":"","_monsterinsights_sitenote_category":0,"footnotes":""},"categories":[844,165],"tags":[3154,1936,3153,254],"class_list":["post-32587","post","type-post","status-publish","format-standard","has-post-thumbnail","hentry","category-a-la-une","category-environ-articles","tag-gibec","tag-guylain-nyembo","tag-presidence","tag-rdc"],"yoast_head":"<!-- This site is optimized with the Yoast SEO Premium plugin v25.4 (Yoast SEO v25.4) - https:\/\/yoast.com\/wordpress\/plugins\/seo\/ -->\n<title>Guylain Nyembo a pr\u00e9sid\u00e9 une r\u00e9union avec le GIBEC<\/title>\n<meta name=\"description\" content=\"Le Directeur de cabinet du chef de l\u2019\u00c9tat Guylain Nyembo, a pr\u00e9sid\u00e9 le jeudi 23 mars, une r\u00e9union \u00abde haut niveau \u00bb avec le Groupe Inter bailleurs\" \/>\n<meta name=\"robots\" content=\"index, follow, max-snippet:-1, max-image-preview:large, max-video-preview:-1\" \/>\n<link rel=\"canonical\" href=\"https:\/\/congopubonline.com\/?p=32587\" \/>\n<meta property=\"og:locale\" content=\"fr_FR\" \/>\n<meta property=\"og:type\" content=\"article\" \/>\n<meta property=\"og:title\" content=\"Guylain Nyembo a pr\u00e9sid\u00e9 une r\u00e9union avec le GIBEC\" \/>\n<meta property=\"og:description\" content=\"Le Directeur de cabinet du chef de l\u2019\u00c9tat Guylain Nyembo, a pr\u00e9sid\u00e9 le jeudi 23 mars, une r\u00e9union \u00abde haut niveau \u00bb avec le Groupe Inter bailleurs\" \/>\n<meta property=\"og:url\" content=\"https:\/\/congopubonline.com\/?p=32587\" \/>\n<meta property=\"og:site_name\" content=\"Congo Pub Online\" \/>\n<meta property=\"article:publisher\" content=\"https:\/\/web.facebook.com\/Congopubonline\" \/>\n<meta property=\"article:published_time\" content=\"2023-03-24T10:09:04+00:00\" \/>\n<meta property=\"article:modified_time\" content=\"2023-03-24T10:15:31+00:00\" \/>\n<meta property=\"og:image\" content=\"https:\/\/congopubonline.com\/wp-content\/uploads\/2023\/03\/img_4549.jpg\" \/>\n\t<meta property=\"og:image:width\" content=\"1106\" \/>\n\t<meta property=\"og:image:height\" content=\"735\" \/>\n\t<meta property=\"og:image:type\" content=\"image\/jpeg\" \/>\n<meta name=\"author\" content=\"admin9775\" \/>\n<meta name=\"twitter:card\" content=\"summary_large_image\" \/>\n<meta name=\"twitter:creator\" content=\"@CONGOPUBOnline\" \/>\n<meta name=\"twitter:site\" content=\"@CONGOPUBOnline\" \/>\n<meta name=\"twitter:label1\" content=\"\u00c9crit par\" \/>\n\t<meta name=\"twitter:data1\" content=\"admin9775\" \/>\n\t<meta name=\"twitter:label2\" content=\"Dur\u00e9e de lecture estim\u00e9e\" \/>\n\t<meta name=\"twitter:data2\" content=\"2 minutes\" \/>\n<script type=\"application\/ld+json\" class=\"yoast-schema-graph\">{\"@context\":\"https:\/\/schema.org\",\"@graph\":[{\"@type\":\"Article\",\"@id\":\"https:\/\/congopubonline.com\/?p=32587#article\",\"isPartOf\":{\"@id\":\"https:\/\/congopubonline.com\/?p=32587\"},\"author\":{\"name\":\"admin9775\",\"@id\":\"https:\/\/congopubonline.com\/#\/schema\/person\/d2f3a940be2e9c1a0e4f8831e203f3cc\"},\"headline\":\"Guylain Nyembo a pr\u00e9sid\u00e9 une r\u00e9union avec le GIBEC\",\"datePublished\":\"2023-03-24T10:09:04+00:00\",\"dateModified\":\"2023-03-24T10:15:31+00:00\",\"mainEntityOfPage\":{\"@id\":\"https:\/\/congopubonline.com\/?p=32587\"},\"wordCount\":273,\"publisher\":{\"@id\":\"https:\/\/congopubonline.com\/#organization\"},\"image\":{\"@id\":\"https:\/\/congopubonline.com\/?p=32587#primaryimage\"},\"thumbnailUrl\":\"https:\/\/congopubonline.com\/wp-content\/uploads\/2023\/03\/img_4549.jpg\",\"keywords\":[\"GIBEC\",\"guylain nyembo\",\"PRESIDENCE\",\"RDC\"],\"articleSection\":[\"\u00c0 la Une\",\"Environnement\"],\"inLanguage\":\"fr-FR\"},{\"@type\":\"WebPage\",\"@id\":\"https:\/\/congopubonline.com\/?p=32587\",\"url\":\"https:\/\/congopubonline.com\/?p=32587\",\"name\":\"Guylain Nyembo a pr\u00e9sid\u00e9 une r\u00e9union avec le GIBEC\",\"isPartOf\":{\"@id\":\"https:\/\/congopubonline.com\/#website\"},\"primaryImageOfPage\":{\"@id\":\"https:\/\/congopubonline.com\/?p=32587#primaryimage\"},\"image\":{\"@id\":\"https:\/\/congopubonline.com\/?p=32587#primaryimage\"},\"thumbnailUrl\":\"https:\/\/congopubonline.com\/wp-content\/uploads\/2023\/03\/img_4549.jpg\",\"datePublished\":\"2023-03-24T10:09:04+00:00\",\"dateModified\":\"2023-03-24T10:15:31+00:00\",\"description\":\"Le Directeur de cabinet du chef de l\u2019\u00c9tat Guylain Nyembo, a pr\u00e9sid\u00e9 le jeudi 23 mars, une r\u00e9union \u00abde haut niveau \u00bb avec le Groupe Inter bailleurs\",\"breadcrumb\":{\"@id\":\"https:\/\/congopubonline.com\/?p=32587#breadcrumb\"},\"inLanguage\":\"fr-FR\",\"potentialAction\":[{\"@type\":\"ReadAction\",\"target\":[\"https:\/\/congopubonline.com\/?p=32587\"]}]},{\"@type\":\"ImageObject\",\"inLanguage\":\"fr-FR\",\"@id\":\"https:\/\/congopubonline.com\/?p=32587#primaryimage\",\"url\":\"https:\/\/congopubonline.com\/wp-content\/uploads\/2023\/03\/img_4549.jpg\",\"contentUrl\":\"https:\/\/congopubonline.com\/wp-content\/uploads\/2023\/03\/img_4549.jpg\",\"width\":1106,\"height\":735},{\"@type\":\"BreadcrumbList\",\"@id\":\"https:\/\/congopubonline.com\/?p=32587#breadcrumb\",\"itemListElement\":[{\"@type\":\"ListItem\",\"position\":1,\"name\":\"Accueil\",\"item\":\"https:\/\/congopubonline.com\/\"},{\"@type\":\"ListItem\",\"position\":2,\"name\":\"Guylain Nyembo a pr\u00e9sid\u00e9 une r\u00e9union avec le GIBEC\"}]},{\"@type\":\"WebSite\",\"@id\":\"https:\/\/congopubonline.com\/#website\",\"url\":\"https:\/\/congopubonline.com\/\",\"name\":\"Congo Pub Online\",\"description\":\"Votre site d&#039;actualit\u00e9\",\"publisher\":{\"@id\":\"https:\/\/congopubonline.com\/#organization\"},\"alternateName\":\"Marketing 3.0\",\"potentialAction\":[{\"@type\":\"SearchAction\",\"target\":{\"@type\":\"EntryPoint\",\"urlTemplate\":\"https:\/\/congopubonline.com\/?s={search_term_string}\"},\"query-input\":{\"@type\":\"PropertyValueSpecification\",\"valueRequired\":true,\"valueName\":\"search_term_string\"}}],\"inLanguage\":\"fr-FR\"},{\"@type\":\"Organization\",\"@id\":\"https:\/\/congopubonline.com\/#organization\",\"name\":\"Congo Pub Online\",\"url\":\"https:\/\/congopubonline.com\/\",\"logo\":{\"@type\":\"ImageObject\",\"inLanguage\":\"fr-FR\",\"@id\":\"https:\/\/congopubonline.com\/#\/schema\/logo\/image\/\",\"url\":\"https:\/\/congopubonline.com\/wp-content\/uploads\/2022\/09\/LOGO_CONGO-PUB-Online_Version-2.jpg\",\"contentUrl\":\"https:\/\/congopubonline.com\/wp-content\/uploads\/2022\/09\/LOGO_CONGO-PUB-Online_Version-2.jpg\",\"width\":374,\"height\":223,\"caption\":\"Congo Pub Online\"},\"image\":{\"@id\":\"https:\/\/congopubonline.com\/#\/schema\/logo\/image\/\"},\"sameAs\":[\"https:\/\/web.facebook.com\/Congopubonline\",\"https:\/\/x.com\/CONGOPUBOnline\"]},{\"@type\":\"Person\",\"@id\":\"https:\/\/congopubonline.com\/#\/schema\/person\/d2f3a940be2e9c1a0e4f8831e203f3cc\",\"name\":\"admin9775\",\"sameAs\":[\"http:\/\/congopubonline.com\"],\"url\":\"https:\/\/congopubonline.com\/?author=1\"}]}<\/script>\n<!-- \/ Yoast SEO Premium plugin. -->","yoast_head_json":{"title":"Guylain Nyembo a pr\u00e9sid\u00e9 une r\u00e9union avec le GIBEC","description":"Le Directeur de cabinet du chef de l\u2019\u00c9tat Guylain Nyembo, a pr\u00e9sid\u00e9 le jeudi 23 mars, une r\u00e9union \u00abde haut niveau \u00bb avec le Groupe Inter bailleurs","robots":{"index":"index","follow":"follow","max-snippet":"max-snippet:-1","max-image-preview":"max-image-preview:large","max-video-preview":"max-video-preview:-1"},"canonical":"https:\/\/congopubonline.com\/?p=32587","og_locale":"fr_FR","og_type":"article","og_title":"Guylain Nyembo a pr\u00e9sid\u00e9 une r\u00e9union avec le GIBEC","og_description":"Le Directeur de cabinet du chef de l\u2019\u00c9tat Guylain Nyembo, a pr\u00e9sid\u00e9 le jeudi 23 mars, une r\u00e9union \u00abde haut niveau \u00bb avec le Groupe Inter bailleurs","og_url":"https:\/\/congopubonline.com\/?p=32587","og_site_name":"Congo Pub Online","article_publisher":"https:\/\/web.facebook.com\/Congopubonline","article_published_time":"2023-03-24T10:09:04+00:00","article_modified_time":"2023-03-24T10:15:31+00:00","og_image":[{"width":1106,"height":735,"url":"https:\/\/congopubonline.com\/wp-content\/uploads\/2023\/03\/img_4549.jpg","type":"image\/jpeg"}],"author":"admin9775","twitter_card":"summary_large_image","twitter_creator":"@CONGOPUBOnline","twitter_site":"@CONGOPUBOnline","twitter_misc":{"\u00c9crit par":"admin9775","Dur\u00e9e de lecture estim\u00e9e":"2 minutes"},"schema":{"@context":"https:\/\/schema.org","@graph":[{"@type":"Article","@id":"https:\/\/congopubonline.com\/?p=32587#article","isPartOf":{"@id":"https:\/\/congopubonline.com\/?p=32587"},"author":{"name":"admin9775","@id":"https:\/\/congopubonline.com\/#\/schema\/person\/d2f3a940be2e9c1a0e4f8831e203f3cc"},"headline":"Guylain Nyembo a pr\u00e9sid\u00e9 une r\u00e9union avec le GIBEC","datePublished":"2023-03-24T10:09:04+00:00","dateModified":"2023-03-24T10:15:31+00:00","mainEntityOfPage":{"@id":"https:\/\/congopubonline.com\/?p=32587"},"wordCount":273,"publisher":{"@id":"https:\/\/congopubonline.com\/#organization"},"image":{"@id":"https:\/\/congopubonline.com\/?p=32587#primaryimage"},"thumbnailUrl":"https:\/\/congopubonline.com\/wp-content\/uploads\/2023\/03\/img_4549.jpg","keywords":["GIBEC","guylain nyembo","PRESIDENCE","RDC"],"articleSection":["\u00c0 la Une","Environnement"],"inLanguage":"fr-FR"},{"@type":"WebPage","@id":"https:\/\/congopubonline.com\/?p=32587","url":"https:\/\/congopubonline.com\/?p=32587","name":"Guylain Nyembo a pr\u00e9sid\u00e9 une r\u00e9union avec le GIBEC","isPartOf":{"@id":"https:\/\/congopubonline.com\/#website"},"primaryImageOfPage":{"@id":"https:\/\/congopubonline.com\/?p=32587#primaryimage"},"image":{"@id":"https:\/\/congopubonline.com\/?p=32587#primaryimage"},"thumbnailUrl":"https:\/\/congopubonline.com\/wp-content\/uploads\/2023\/03\/img_4549.jpg","datePublished":"2023-03-24T10:09:04+00:00","dateModified":"2023-03-24T10:15:31+00:00","description":"Le Directeur de cabinet du chef de l\u2019\u00c9tat Guylain Nyembo, a pr\u00e9sid\u00e9 le jeudi 23 mars, une r\u00e9union \u00abde haut niveau \u00bb avec le Groupe Inter bailleurs","breadcrumb":{"@id":"https:\/\/congopubonline.com\/?p=32587#breadcrumb"},"inLanguage":"fr-FR","potentialAction":[{"@type":"ReadAction","target":["https:\/\/congopubonline.com\/?p=32587"]}]},{"@type":"ImageObject","inLanguage":"fr-FR","@id":"https:\/\/congopubonline.com\/?p=32587#primaryimage","url":"https:\/\/congopubonline.com\/wp-content\/uploads\/2023\/03\/img_4549.jpg","contentUrl":"https:\/\/congopubonline.com\/wp-content\/uploads\/2023\/03\/img_4549.jpg","width":1106,"height":735},{"@type":"BreadcrumbList","@id":"https:\/\/congopubonline.com\/?p=32587#breadcrumb","itemListElement":[{"@type":"ListItem","position":1,"name":"Accueil","item":"https:\/\/congopubonline.com\/"},{"@type":"ListItem","position":2,"name":"Guylain Nyembo a pr\u00e9sid\u00e9 une r\u00e9union avec le GIBEC"}]},{"@type":"WebSite","@id":"https:\/\/congopubonline.com\/#website","url":"https:\/\/congopubonline.com\/","name":"Congo Pub Online","description":"Votre site d&#039;actualit\u00e9","publisher":{"@id":"https:\/\/congopubonline.com\/#organization"},"alternateName":"Marketing 3.0","potentialAction":[{"@type":"SearchAction","target":{"@type":"EntryPoint","urlTemplate":"https:\/\/congopubonline.com\/?s={search_term_string}"},"query-input":{"@type":"PropertyValueSpecification","valueRequired":true,"valueName":"search_term_string"}}],"inLanguage":"fr-FR"},{"@type":"Organization","@id":"https:\/\/congopubonline.com\/#organization","name":"Congo Pub Online","url":"https:\/\/congopubonline.com\/","logo":{"@type":"ImageObject","inLanguage":"fr-FR","@id":"https:\/\/congopubonline.com\/#\/schema\/logo\/image\/","url":"https:\/\/congopubonline.com\/wp-content\/uploads\/2022\/09\/LOGO_CONGO-PUB-Online_Version-2.jpg","contentUrl":"https:\/\/congopubonline.com\/wp-content\/uploads\/2022\/09\/LOGO_CONGO-PUB-Online_Version-2.jpg","width":374,"height":223,"caption":"Congo Pub Online"},"image":{"@id":"https:\/\/congopubonline.com\/#\/schema\/logo\/image\/"},"sameAs":["https:\/\/web.facebook.com\/Congopubonline","https:\/\/x.com\/CONGOPUBOnline"]},{"@type":"Person","@id":"https:\/\/congopubonline.com\/#\/schema\/person\/d2f3a940be2e9c1a0e4f8831e203f3cc","name":"admin9775","sameAs":["http:\/\/congopubonline.com"],"url":"https:\/\/congopubonline.com\/?author=1"}]}},"_links":{"self":[{"href":"https:\/\/congopubonline.com\/index.php?rest_route=\/wp\/v2\/posts\/32587","targetHints":{"allow":["GET"]}}],"collection":[{"href":"https:\/\/congopubonline.com\/index.php?rest_route=\/wp\/v2\/posts"}],"about":[{"href":"https:\/\/congopubonline.com\/index.php?rest_route=\/wp\/v2\/types\/post"}],"author":[{"embeddable":true,"href":"https:\/\/congopubonline.com\/index.php?rest_route=\/wp\/v2\/users\/1"}],"replies":[{"embeddable":true,"href":"https:\/\/congopubonline.com\/index.php?rest_route=%2Fwp%2Fv2%2Fcomments&post=32587"}],"version-history":[{"count":0,"href":"https:\/\/congopubonline.com\/index.php?rest_route=\/wp\/v2\/posts\/32587\/revisions"}],"wp:featuredmedia":[{"embeddable":true,"href":"https:\/\/congopubonline.com\/index.php?rest_route=\/wp\/v2\/media\/32589"}],"wp:attachment":[{"href":"https:\/\/congopubonline.com\/index.php?rest_route=%2Fwp%2Fv2%2Fmedia&parent=32587"}],"wp:term":[{"taxonomy":"category","embeddable":true,"href":"https:\/\/congopubonline.com\/index.php?rest_route=%2Fwp%2Fv2%2Fcategories&post=32587"},{"taxonomy":"post_tag","embeddable":true,"href":"https:\/\/congopubonline.com\/index.php?rest_route=%2Fwp%2Fv2%2Ftags&post=32587"}],"curies":[{"name":"wp","href":"https:\/\/api.w.org\/{rel}","templated":true}]}}