{"id":32766,"date":"2023-03-27T15:34:40","date_gmt":"2023-03-27T13:34:40","guid":{"rendered":"https:\/\/congopubonline.com\/?p=32766"},"modified":"2023-03-27T15:44:59","modified_gmt":"2023-03-27T13:44:59","slug":"le-burkina-faso-suspend-france-24-apres-linterview-dun-chef-dal-qaida","status":"publish","type":"post","link":"https:\/\/congopubonline.com\/?p=32766","title":{"rendered":"Le Burkina Faso suspend France 24 apr\u00e8s l&rsquo;interview d&rsquo;un chef d&rsquo;Al-Qa\u00efda"},"content":{"rendered":"\n<p><strong>La junte au pouvoir au Burkina Faso a coup\u00e9 la diffusion de France 24 sur son territoire, \u00e0 la suite d&rsquo;une interview sur la cha\u00eene d&rsquo;informations du chef d&rsquo;Al-Qa\u00efda au Maghreb islamique (AQMI), quelques mois apr\u00e8s avoir suspendu la radio RFI.<\/strong><\/p>\n\n\n\n<p><em>\u00ab\u00a0En ouvrant ses antennes au premier responsable d&rsquo;AQMI, France 24 ne fait pas seulement office d&rsquo;agence de communication pour ces terroristes, pire il offre un espace de l\u00e9gitimation des actions terroristes et des discours de haine v\u00e9hicul\u00e9s pour assouvir les vis\u00e9es mal\u00e9fiques de cette organisation sur le Burkina Faso\u00a0\u00bb<\/em>, indique lundi un communiqu\u00e9 sign\u00e9 du porte-parole du gouvernement&nbsp;<strong>Jean-Emmanuel Ouedraogo<\/strong>.<\/p>\n\n\n\n<p><em>\u00ab\u00a0Le gouvernement a donc d\u00e9cid\u00e9 en toute responsabilit\u00e9, et au nom de l&rsquo;int\u00e9r\u00eat sup\u00e9rieur de la Nation, de la suspension sine die de la diffusion des programmes de France 24 sur l&rsquo;ensemble du territoire national\u00a0\u00bb<\/em>, poursuit le texte.<\/p>\n\n\n\n<p>Le signal de la cha\u00eene a \u00e9t\u00e9 coup\u00e9 vers 9h GMT lundi matin, a constat\u00e9 un journaliste de l&rsquo;AFP \u00e0 Ouagadougou.&nbsp;Le 6 mars dernier,&nbsp;<strong>France 24<\/strong>&nbsp;avait diffus\u00e9 des r\u00e9ponses \u00e9crites d&rsquo;<strong>Abou Obeida Youssef al-Annabi<\/strong>, le chef d&rsquo;AQMI, \u00e0 une quinzaine de questions pos\u00e9es par le journaliste de la cha\u00eene fran\u00e7aise et sp\u00e9cialiste des questions djihadistes,&nbsp;<strong>Wassim Nasr<\/strong>.<\/p>\n\n\n\n<p><em>\u00ab\u00a0Le gouvernement se d\u00e9sole de voir que le chef d&rsquo;une organisation terroriste comme AQMI et reconnue comme telle par l&rsquo;ensemble de la communaut\u00e9 internationale, puisse b\u00e9n\u00e9ficier des largesses \u00e9ditoriales de France 24 pour s&rsquo;exprimer longuement sur les antennes de la cha\u00eene\u00a0\u00bb<\/em>, note le communiqu\u00e9 de lundi.<\/p>\n\n\n\n<p>D\u00e9but d\u00e9cembre, les autorit\u00e9s de Ouagadougou avaient d\u00e9j\u00e0 suspendu la diffusion de&nbsp;<strong>Radio France Internationale<\/strong>&nbsp;(RFI), du m\u00eame groupe que France 24,&nbsp;<strong>France M\u00e9dias Monde<\/strong>.&nbsp;RFI \u00e9tait notamment accus\u00e9e d&rsquo;avoir relay\u00e9&nbsp;<em>\u00ab\u00a0un message d&rsquo;intimidation\u00a0\u00bb<\/em>&nbsp;attribu\u00e9 \u00e0 un&nbsp;<em>\u00ab\u00a0chef terroriste\u00a0\u00bb<\/em>.<\/p>\n\n\n\n<p>RFI et France 24 sont aussi suspendues au&nbsp;<strong>Mali<\/strong>, \u00e9galement gouvern\u00e9 par une&nbsp;<strong>junte militaire<\/strong>, depuis un an.&nbsp;Les deux m\u00e9dias, qui couvrent de pr\u00e8s&nbsp;<strong>l&rsquo;actualit\u00e9 africaine<\/strong>, sont tr\u00e8s suivis dans toute&nbsp;<strong>l&rsquo;Afrique francophone<\/strong>.<\/p>\n\n\n\n<blockquote class=\"twitter-tweet\"><p lang=\"fr\" dir=\"ltr\">France 24 d\u00e9plore vivement la suspension de sa diffusion au Burkina Faso <a href=\"https:\/\/t.co\/c5u1fuC6mZ\">https:\/\/t.co\/c5u1fuC6mZ<\/a><\/p>\u2014 FRANCE 24 Fran\u00e7ais (@France24_fr) <a href=\"https:\/\/twitter.com\/France24_fr\/status\/1640298402935369728?ref_src=twsrc%5Etfw\">March 27, 2023<\/a><\/blockquote> <script async=\"\" src=\"https:\/\/platform.twitter.com\/widgets.js\" charset=\"utf-8\"><\/script>\n\n\n\n<p><em>\u00ab\u00a0Dans le noble combat engag\u00e9 pour lib\u00e9rer notre pays de la barbarie des hordes terroristes et des bandits arm\u00e9s, le gouvernement pr\u00e9vient qu&rsquo;il demeurera intransigeant dans la d\u00e9fense des int\u00e9r\u00eats vitaux de notre peuple contre tous ceux qui joueraient les m\u00e9gaphones dans l&rsquo;amplification des actions terroristes et des discours de haine et de division v\u00e9hicul\u00e9s par ces groupes arm\u00e9s\u00a0\u00bb<\/em>, a indiqu\u00e9 le gouvernement burkinab\u00e8.<\/p>\n\n\n\n<blockquote class=\"twitter-tweet\"><p lang=\"fr\" dir=\"ltr\">Mali : Reporters sans fronti\u00e8res vient au secours de RFI et France 24 <a href=\"https:\/\/t.co\/IoADBMyzU1\">https:\/\/t.co\/IoADBMyzU1<\/a><\/p>\u2014 Africanews Fran\u00e7ais (@africanewsfr) <a href=\"https:\/\/twitter.com\/africanewsfr\/status\/1520143093810724864?ref_src=twsrc%5Etfw\">April 29, 2022<\/a><\/blockquote> <script async=\"\" src=\"https:\/\/platform.twitter.com\/widgets.js\" charset=\"utf-8\"><\/script>\n\n\n\n<p>Depuis 2015, le&nbsp;<strong>Burkina<\/strong>&nbsp;est pris dans une&nbsp;<strong>spirale de violences<\/strong>&nbsp;perp\u00e9tr\u00e9es par des&nbsp;<strong>groupes djihadistes<\/strong>&nbsp;li\u00e9s \u00e0&nbsp;<strong>l&rsquo;Etat islamique<\/strong>&nbsp;et \u00e0&nbsp;<strong>Al-Qa\u00efda<\/strong>, qui ont fait en tout 10 000 morts &#8211; civils et militaires &#8211; selon des ONG, et quelque deux millions de d\u00e9plac\u00e9s.<\/p>\n\n\n\n<p>Le&nbsp;<strong>capitaine Ibrahim Traor\u00e9<\/strong>, arriv\u00e9 au pouvoir par un putsch il y a six mois, avait fait part en f\u00e9vrier de sa&nbsp;<em>\u00ab\u00a0d\u00e9termination intacte\u00a0\u00bb<\/em>&nbsp;\u00e0 combattre les djihadistes, malgr\u00e9 la multiplication des attaques.&nbsp;Les relations entre la&nbsp;<strong>France<\/strong>&nbsp;et le Burkina se sont d\u00e9grad\u00e9es depuis l&rsquo;arriv\u00e9e au pouvoir du capitaine Traor\u00e9.<\/p>\n\n\n\n<p><\/p>\n\n\n\n<p>En janvier, les autorit\u00e9s de Ouagadougou ont exig\u00e9 et obtenu le d\u00e9part de la force fran\u00e7aise&nbsp;<strong>Sabre<\/strong>.&nbsp;Elles avaient \u00e9galement demand\u00e9 le d\u00e9part de l&rsquo;ambassadeur de France,&nbsp;<strong>Luc Hallade<\/strong>, qui a \u00e9t\u00e9 rappel\u00e9 \u00e0 Paris pour des&nbsp;<em>\u00ab\u00a0consultations\u00a0\u00bb<\/em>&nbsp;et qui n&rsquo;a toujours pas \u00e9t\u00e9 remplac\u00e9.<\/p>\n\n\n\n<p>Enfin, d\u00e9but mars, le Burkina a d\u00e9nonc\u00e9 un&nbsp;<strong>accord d&rsquo;assistance militaire<\/strong>&nbsp;sign\u00e9 en 1961 avec la France.<\/p>\n\n\n\n<p><strong>AFRCANEWS via CONGO PUB Online<\/strong><\/p>\n<div class='epvc-post-count'><span class='epvc-eye'><\/span>  <span class=\"epvc-count\"> 256<\/span><span class='epvc-label'> Vues<\/span><\/div>","protected":false},"excerpt":{"rendered":"<p>La junte au pouvoir au Burkina Faso a coup\u00e9 la diffusion de France 24 sur son territoire, \u00e0 la suite d&rsquo;une interview sur la cha\u00eene d&rsquo;informations du chef d&rsquo;Al-Qa\u00efda au&hellip;<\/p>\n","protected":false},"author":1,"featured_media":32768,"comment_status":"closed","ping_status":"closed","sticky":false,"template":"","format":"standard","meta":{"content-type":"","_monsterinsights_skip_tracking":false,"_monsterinsights_sitenote_active":false,"_monsterinsights_sitenote_note":"","_monsterinsights_sitenote_category":0,"footnotes":""},"categories":[844,43],"tags":[1303,3208],"class_list":["post-32766","post","type-post","status-publish","format-standard","has-post-thumbnail","hentry","category-a-la-une","category-afrique","tag-afrique","tag-le-burkina-faso-suspend-france-24"],"yoast_head":"<!-- This site is optimized with the Yoast SEO Premium plugin v25.4 (Yoast SEO v25.4) - https:\/\/yoast.com\/wordpress\/plugins\/seo\/ -->\n<title>Le Burkina Faso suspend France 24 apr\u00e8s l&#039;interview d&#039;un chef d&#039;Al-Qa\u00efda<\/title>\n<meta name=\"description\" content=\"La junte au pouvoir au Burkina Faso a coup\u00e9 la diffusion de France 24 sur son territoire, \u00e0 la suite d&#039;une interview sur la cha\u00eene....\" \/>\n<meta name=\"robots\" content=\"index, follow, max-snippet:-1, max-image-preview:large, max-video-preview:-1\" \/>\n<link rel=\"canonical\" href=\"https:\/\/congopubonline.com\/?p=32766\" \/>\n<meta property=\"og:locale\" content=\"fr_FR\" \/>\n<meta property=\"og:type\" content=\"article\" \/>\n<meta property=\"og:title\" content=\"Le Burkina Faso suspend France 24 apr\u00e8s l&#039;interview d&#039;un chef d&#039;Al-Qa\u00efda\" \/>\n<meta property=\"og:description\" content=\"La junte au pouvoir au Burkina Faso a coup\u00e9 la diffusion de France 24 sur son territoire, \u00e0 la suite d&#039;une interview sur la cha\u00eene....\" \/>\n<meta property=\"og:url\" content=\"https:\/\/congopubonline.com\/?p=32766\" \/>\n<meta property=\"og:site_name\" content=\"Congo Pub Online\" \/>\n<meta property=\"article:publisher\" content=\"https:\/\/web.facebook.com\/Congopubonline\" \/>\n<meta property=\"article:published_time\" content=\"2023-03-27T13:34:40+00:00\" \/>\n<meta property=\"article:modified_time\" content=\"2023-03-27T13:44:59+00:00\" \/>\n<meta property=\"og:image\" content=\"https:\/\/congopubonline.com\/wp-content\/uploads\/2023\/03\/41830df0a2298333a1889033a14de6fb125b405a.jpg\" \/>\n\t<meta property=\"og:image:width\" content=\"768\" \/>\n\t<meta property=\"og:image:height\" content=\"512\" \/>\n\t<meta property=\"og:image:type\" content=\"image\/jpeg\" \/>\n<meta name=\"author\" content=\"admin9775\" \/>\n<meta name=\"twitter:card\" content=\"summary_large_image\" \/>\n<meta name=\"twitter:creator\" content=\"@CONGOPUBOnline\" \/>\n<meta name=\"twitter:site\" content=\"@CONGOPUBOnline\" \/>\n<meta name=\"twitter:label1\" content=\"\u00c9crit par\" \/>\n\t<meta name=\"twitter:data1\" content=\"admin9775\" \/>\n\t<meta name=\"twitter:label2\" content=\"Dur\u00e9e de lecture estim\u00e9e\" \/>\n\t<meta name=\"twitter:data2\" content=\"3 minutes\" \/>\n<script type=\"application\/ld+json\" class=\"yoast-schema-graph\">{\"@context\":\"https:\/\/schema.org\",\"@graph\":[{\"@type\":\"Article\",\"@id\":\"https:\/\/congopubonline.com\/?p=32766#article\",\"isPartOf\":{\"@id\":\"https:\/\/congopubonline.com\/?p=32766\"},\"author\":{\"name\":\"admin9775\",\"@id\":\"https:\/\/congopubonline.com\/#\/schema\/person\/d2f3a940be2e9c1a0e4f8831e203f3cc\"},\"headline\":\"Le Burkina Faso suspend France 24 apr\u00e8s l&rsquo;interview d&rsquo;un chef d&rsquo;Al-Qa\u00efda\",\"datePublished\":\"2023-03-27T13:34:40+00:00\",\"dateModified\":\"2023-03-27T13:44:59+00:00\",\"mainEntityOfPage\":{\"@id\":\"https:\/\/congopubonline.com\/?p=32766\"},\"wordCount\":707,\"publisher\":{\"@id\":\"https:\/\/congopubonline.com\/#organization\"},\"image\":{\"@id\":\"https:\/\/congopubonline.com\/?p=32766#primaryimage\"},\"thumbnailUrl\":\"https:\/\/congopubonline.com\/wp-content\/uploads\/2023\/03\/41830df0a2298333a1889033a14de6fb125b405a.jpg\",\"keywords\":[\"afrique\",\"Le Burkina Faso suspend France 24\"],\"articleSection\":[\"\u00c0 la Une\",\"Afrique\"],\"inLanguage\":\"fr-FR\"},{\"@type\":\"WebPage\",\"@id\":\"https:\/\/congopubonline.com\/?p=32766\",\"url\":\"https:\/\/congopubonline.com\/?p=32766\",\"name\":\"Le Burkina Faso suspend France 24 apr\u00e8s l'interview d'un chef d'Al-Qa\u00efda\",\"isPartOf\":{\"@id\":\"https:\/\/congopubonline.com\/#website\"},\"primaryImageOfPage\":{\"@id\":\"https:\/\/congopubonline.com\/?p=32766#primaryimage\"},\"image\":{\"@id\":\"https:\/\/congopubonline.com\/?p=32766#primaryimage\"},\"thumbnailUrl\":\"https:\/\/congopubonline.com\/wp-content\/uploads\/2023\/03\/41830df0a2298333a1889033a14de6fb125b405a.jpg\",\"datePublished\":\"2023-03-27T13:34:40+00:00\",\"dateModified\":\"2023-03-27T13:44:59+00:00\",\"description\":\"La junte au pouvoir au Burkina Faso a coup\u00e9 la diffusion de France 24 sur son territoire, \u00e0 la suite d'une interview sur la cha\u00eene....\",\"breadcrumb\":{\"@id\":\"https:\/\/congopubonline.com\/?p=32766#breadcrumb\"},\"inLanguage\":\"fr-FR\",\"potentialAction\":[{\"@type\":\"ReadAction\",\"target\":[\"https:\/\/congopubonline.com\/?p=32766\"]}]},{\"@type\":\"ImageObject\",\"inLanguage\":\"fr-FR\",\"@id\":\"https:\/\/congopubonline.com\/?p=32766#primaryimage\",\"url\":\"https:\/\/congopubonline.com\/wp-content\/uploads\/2023\/03\/41830df0a2298333a1889033a14de6fb125b405a.jpg\",\"contentUrl\":\"https:\/\/congopubonline.com\/wp-content\/uploads\/2023\/03\/41830df0a2298333a1889033a14de6fb125b405a.jpg\",\"width\":768,\"height\":512},{\"@type\":\"BreadcrumbList\",\"@id\":\"https:\/\/congopubonline.com\/?p=32766#breadcrumb\",\"itemListElement\":[{\"@type\":\"ListItem\",\"position\":1,\"name\":\"Accueil\",\"item\":\"https:\/\/congopubonline.com\/\"},{\"@type\":\"ListItem\",\"position\":2,\"name\":\"Le Burkina Faso suspend France 24 apr\u00e8s l&rsquo;interview d&rsquo;un chef d&rsquo;Al-Qa\u00efda\"}]},{\"@type\":\"WebSite\",\"@id\":\"https:\/\/congopubonline.com\/#website\",\"url\":\"https:\/\/congopubonline.com\/\",\"name\":\"Congo Pub Online\",\"description\":\"Votre site d&#039;actualit\u00e9\",\"publisher\":{\"@id\":\"https:\/\/congopubonline.com\/#organization\"},\"alternateName\":\"Marketing 3.0\",\"potentialAction\":[{\"@type\":\"SearchAction\",\"target\":{\"@type\":\"EntryPoint\",\"urlTemplate\":\"https:\/\/congopubonline.com\/?s={search_term_string}\"},\"query-input\":{\"@type\":\"PropertyValueSpecification\",\"valueRequired\":true,\"valueName\":\"search_term_string\"}}],\"inLanguage\":\"fr-FR\"},{\"@type\":\"Organization\",\"@id\":\"https:\/\/congopubonline.com\/#organization\",\"name\":\"Congo Pub Online\",\"url\":\"https:\/\/congopubonline.com\/\",\"logo\":{\"@type\":\"ImageObject\",\"inLanguage\":\"fr-FR\",\"@id\":\"https:\/\/congopubonline.com\/#\/schema\/logo\/image\/\",\"url\":\"https:\/\/congopubonline.com\/wp-content\/uploads\/2022\/09\/LOGO_CONGO-PUB-Online_Version-2.jpg\",\"contentUrl\":\"https:\/\/congopubonline.com\/wp-content\/uploads\/2022\/09\/LOGO_CONGO-PUB-Online_Version-2.jpg\",\"width\":374,\"height\":223,\"caption\":\"Congo Pub Online\"},\"image\":{\"@id\":\"https:\/\/congopubonline.com\/#\/schema\/logo\/image\/\"},\"sameAs\":[\"https:\/\/web.facebook.com\/Congopubonline\",\"https:\/\/x.com\/CONGOPUBOnline\"]},{\"@type\":\"Person\",\"@id\":\"https:\/\/congopubonline.com\/#\/schema\/person\/d2f3a940be2e9c1a0e4f8831e203f3cc\",\"name\":\"admin9775\",\"sameAs\":[\"http:\/\/congopubonline.com\"],\"url\":\"https:\/\/congopubonline.com\/?author=1\"}]}<\/script>\n<!-- \/ Yoast SEO Premium plugin. -->","yoast_head_json":{"title":"Le Burkina Faso suspend France 24 apr\u00e8s l'interview d'un chef d'Al-Qa\u00efda","description":"La junte au pouvoir au Burkina Faso a coup\u00e9 la diffusion de France 24 sur son territoire, \u00e0 la suite d'une interview sur la cha\u00eene....","robots":{"index":"index","follow":"follow","max-snippet":"max-snippet:-1","max-image-preview":"max-image-preview:large","max-video-preview":"max-video-preview:-1"},"canonical":"https:\/\/congopubonline.com\/?p=32766","og_locale":"fr_FR","og_type":"article","og_title":"Le Burkina Faso suspend France 24 apr\u00e8s l'interview d'un chef d'Al-Qa\u00efda","og_description":"La junte au pouvoir au Burkina Faso a coup\u00e9 la diffusion de France 24 sur son territoire, \u00e0 la suite d'une interview sur la cha\u00eene....","og_url":"https:\/\/congopubonline.com\/?p=32766","og_site_name":"Congo Pub Online","article_publisher":"https:\/\/web.facebook.com\/Congopubonline","article_published_time":"2023-03-27T13:34:40+00:00","article_modified_time":"2023-03-27T13:44:59+00:00","og_image":[{"width":768,"height":512,"url":"https:\/\/congopubonline.com\/wp-content\/uploads\/2023\/03\/41830df0a2298333a1889033a14de6fb125b405a.jpg","type":"image\/jpeg"}],"author":"admin9775","twitter_card":"summary_large_image","twitter_creator":"@CONGOPUBOnline","twitter_site":"@CONGOPUBOnline","twitter_misc":{"\u00c9crit par":"admin9775","Dur\u00e9e de lecture estim\u00e9e":"3 minutes"},"schema":{"@context":"https:\/\/schema.org","@graph":[{"@type":"Article","@id":"https:\/\/congopubonline.com\/?p=32766#article","isPartOf":{"@id":"https:\/\/congopubonline.com\/?p=32766"},"author":{"name":"admin9775","@id":"https:\/\/congopubonline.com\/#\/schema\/person\/d2f3a940be2e9c1a0e4f8831e203f3cc"},"headline":"Le Burkina Faso suspend France 24 apr\u00e8s l&rsquo;interview d&rsquo;un chef d&rsquo;Al-Qa\u00efda","datePublished":"2023-03-27T13:34:40+00:00","dateModified":"2023-03-27T13:44:59+00:00","mainEntityOfPage":{"@id":"https:\/\/congopubonline.com\/?p=32766"},"wordCount":707,"publisher":{"@id":"https:\/\/congopubonline.com\/#organization"},"image":{"@id":"https:\/\/congopubonline.com\/?p=32766#primaryimage"},"thumbnailUrl":"https:\/\/congopubonline.com\/wp-content\/uploads\/2023\/03\/41830df0a2298333a1889033a14de6fb125b405a.jpg","keywords":["afrique","Le Burkina Faso suspend France 24"],"articleSection":["\u00c0 la Une","Afrique"],"inLanguage":"fr-FR"},{"@type":"WebPage","@id":"https:\/\/congopubonline.com\/?p=32766","url":"https:\/\/congopubonline.com\/?p=32766","name":"Le Burkina Faso suspend France 24 apr\u00e8s l'interview d'un chef d'Al-Qa\u00efda","isPartOf":{"@id":"https:\/\/congopubonline.com\/#website"},"primaryImageOfPage":{"@id":"https:\/\/congopubonline.com\/?p=32766#primaryimage"},"image":{"@id":"https:\/\/congopubonline.com\/?p=32766#primaryimage"},"thumbnailUrl":"https:\/\/congopubonline.com\/wp-content\/uploads\/2023\/03\/41830df0a2298333a1889033a14de6fb125b405a.jpg","datePublished":"2023-03-27T13:34:40+00:00","dateModified":"2023-03-27T13:44:59+00:00","description":"La junte au pouvoir au Burkina Faso a coup\u00e9 la diffusion de France 24 sur son territoire, \u00e0 la suite d'une interview sur la cha\u00eene....","breadcrumb":{"@id":"https:\/\/congopubonline.com\/?p=32766#breadcrumb"},"inLanguage":"fr-FR","potentialAction":[{"@type":"ReadAction","target":["https:\/\/congopubonline.com\/?p=32766"]}]},{"@type":"ImageObject","inLanguage":"fr-FR","@id":"https:\/\/congopubonline.com\/?p=32766#primaryimage","url":"https:\/\/congopubonline.com\/wp-content\/uploads\/2023\/03\/41830df0a2298333a1889033a14de6fb125b405a.jpg","contentUrl":"https:\/\/congopubonline.com\/wp-content\/uploads\/2023\/03\/41830df0a2298333a1889033a14de6fb125b405a.jpg","width":768,"height":512},{"@type":"BreadcrumbList","@id":"https:\/\/congopubonline.com\/?p=32766#breadcrumb","itemListElement":[{"@type":"ListItem","position":1,"name":"Accueil","item":"https:\/\/congopubonline.com\/"},{"@type":"ListItem","position":2,"name":"Le Burkina Faso suspend France 24 apr\u00e8s l&rsquo;interview d&rsquo;un chef d&rsquo;Al-Qa\u00efda"}]},{"@type":"WebSite","@id":"https:\/\/congopubonline.com\/#website","url":"https:\/\/congopubonline.com\/","name":"Congo Pub Online","description":"Votre site d&#039;actualit\u00e9","publisher":{"@id":"https:\/\/congopubonline.com\/#organization"},"alternateName":"Marketing 3.0","potentialAction":[{"@type":"SearchAction","target":{"@type":"EntryPoint","urlTemplate":"https:\/\/congopubonline.com\/?s={search_term_string}"},"query-input":{"@type":"PropertyValueSpecification","valueRequired":true,"valueName":"search_term_string"}}],"inLanguage":"fr-FR"},{"@type":"Organization","@id":"https:\/\/congopubonline.com\/#organization","name":"Congo Pub Online","url":"https:\/\/congopubonline.com\/","logo":{"@type":"ImageObject","inLanguage":"fr-FR","@id":"https:\/\/congopubonline.com\/#\/schema\/logo\/image\/","url":"https:\/\/congopubonline.com\/wp-content\/uploads\/2022\/09\/LOGO_CONGO-PUB-Online_Version-2.jpg","contentUrl":"https:\/\/congopubonline.com\/wp-content\/uploads\/2022\/09\/LOGO_CONGO-PUB-Online_Version-2.jpg","width":374,"height":223,"caption":"Congo Pub Online"},"image":{"@id":"https:\/\/congopubonline.com\/#\/schema\/logo\/image\/"},"sameAs":["https:\/\/web.facebook.com\/Congopubonline","https:\/\/x.com\/CONGOPUBOnline"]},{"@type":"Person","@id":"https:\/\/congopubonline.com\/#\/schema\/person\/d2f3a940be2e9c1a0e4f8831e203f3cc","name":"admin9775","sameAs":["http:\/\/congopubonline.com"],"url":"https:\/\/congopubonline.com\/?author=1"}]}},"_links":{"self":[{"href":"https:\/\/congopubonline.com\/index.php?rest_route=\/wp\/v2\/posts\/32766","targetHints":{"allow":["GET"]}}],"collection":[{"href":"https:\/\/congopubonline.com\/index.php?rest_route=\/wp\/v2\/posts"}],"about":[{"href":"https:\/\/congopubonline.com\/index.php?rest_route=\/wp\/v2\/types\/post"}],"author":[{"embeddable":true,"href":"https:\/\/congopubonline.com\/index.php?rest_route=\/wp\/v2\/users\/1"}],"replies":[{"embeddable":true,"href":"https:\/\/congopubonline.com\/index.php?rest_route=%2Fwp%2Fv2%2Fcomments&post=32766"}],"version-history":[{"count":0,"href":"https:\/\/congopubonline.com\/index.php?rest_route=\/wp\/v2\/posts\/32766\/revisions"}],"wp:featuredmedia":[{"embeddable":true,"href":"https:\/\/congopubonline.com\/index.php?rest_route=\/wp\/v2\/media\/32768"}],"wp:attachment":[{"href":"https:\/\/congopubonline.com\/index.php?rest_route=%2Fwp%2Fv2%2Fmedia&parent=32766"}],"wp:term":[{"taxonomy":"category","embeddable":true,"href":"https:\/\/congopubonline.com\/index.php?rest_route=%2Fwp%2Fv2%2Fcategories&post=32766"},{"taxonomy":"post_tag","embeddable":true,"href":"https:\/\/congopubonline.com\/index.php?rest_route=%2Fwp%2Fv2%2Ftags&post=32766"}],"curies":[{"name":"wp","href":"https:\/\/api.w.org\/{rel}","templated":true}]}}