{"id":32815,"date":"2023-03-27T22:57:33","date_gmt":"2023-03-27T20:57:33","guid":{"rendered":"https:\/\/congopubonline.com\/?p=32815"},"modified":"2023-03-27T23:04:01","modified_gmt":"2023-03-27T21:04:01","slug":"production-des-batteries-electriques-la-rdc-et-la-zambie-signent-un-accord-cadre-pour-le-lancement-dune-etude-de-prefaisabilite-de-la-zone-economique-speciale","status":"publish","type":"post","link":"https:\/\/congopubonline.com\/?p=32815","title":{"rendered":"Production des batteries \u00e9lectriques : La RDC et la Zambie signent un accord-cadre pour le lancement d\u2019une \u00e9tude de pr\u00e9faisabilit\u00e9 de la zone \u00e9conomique sp\u00e9ciale"},"content":{"rendered":"\n<p><strong>Le premier ministre, Jean-Michel Sama Lukonde, a supervis\u00e9, ce lundi 27 mars 2023, la c\u00e9r\u00e9monie de signature d\u2019un accord-cadre pour le lancement de l\u2019\u00e9tude de pr\u00e9faisabilit\u00e9 de la zone \u00e9conomique sp\u00e9ciale (ZES) d\u00e9di\u00e9e au projet de cha\u00eene de valeurs des batteries et v\u00e9hicules \u00e9lectriques entre la R\u00e9publique d\u00e9mocratique du Congo et la Zambie, avec financement Afrexibank et le soutien Commission \u00e9conomique pour Afrique (CEA).<\/strong><\/p>\n\n\n\n<p>\u00c0 cette c\u00e9r\u00e9monie, le gouvernement congolais a \u00e9t\u00e9 repr\u00e9sent\u00e9 par ses ministres des Finances, des Mines et de l\u2019Industrie et l\u2019ex\u00e9cutif national zambien par son ministre du Commerce et de l\u2019Industrie. Des repr\u00e9sentants de la Banque africaine d\u2019import et export (Afreximbank) et de la Commission economique des Nations-Unies pour l\u2019Afrique \u00e9taient aussi pr\u00e9sents.<\/p>\n\n\n\n<p>Dans son mot, le premier ministre a affirm\u00e9 que ce projet vient concr\u00e9tiser les souhaits des chefs d\u2019\u00c9tat de la RDC et de la R\u00e9publique de Zambie de d\u00e9velopper une cha\u00eene de valeurs r\u00e9gionale autour de l\u2019industrie des batteries \u00e9lectriques ainsi qu\u2019un march\u00e9 des v\u00e9hicules \u00e9lectriques et des \u00e9nergies fortes.<\/p>\n\n\n\n<p>Pour Julien Paluku, ministre congolais de l\u2019Industrie, cet accord s\u2019inscrit dans le cadre de la mise en \u0153uvre des principales recommandations du DRC-Africa business forum, tenu en novembre 2021 \u00e0 Kinshasa.<\/p>\n\n\n\n<p>\u00c0 l\u2019en croire, cette \u00e9tude de pr\u00e9faisabilit\u00e9 va permettre de concevoir un plan d\u2019ex\u00e9cution et un mod\u00e8le op\u00e9rationnel pour la cr\u00e9ation et l\u2019exploitation de la ZES transfrontali\u00e8re, d\u2019identifier les principaux d\u00e9fis \u00e0 relever afin de faciliter la cr\u00e9ation et l\u2019exploitation de la ZES transfrontali\u00e8re, d\u2019\u00e9laborer un plan de financement et des strat\u00e9gies de mobilisation des fonds mais aussi de concevoir une strat\u00e9gie de promotion des investissements d\u00e9di\u00e9s \u00e0 la ZES transfrontali\u00e8re.<\/p>\n\n\n\n<p>\u00c0 noter que cette \u00e9tude de pr\u00e9faisabilit\u00e9 qui commence \u00e0 ce jour, ira jusqu\u2019au mois d\u2019ao\u00fbt prochain. Elle est \u00e9valu\u00e9e \u00e0 750.000 dollars am\u00e9ricains. Elle sera faite par Integrated industrial platforms (ARISE ) sp\u00e9cialis\u00e9 dans le d\u00e9veloppement de la transition industrielle africaine.<\/p>\n\n\n\n<p><strong>Josu\u00e9 Bengbazo<\/strong><\/p>\n\n\n\n<p><strong>Actu 30  via  CONGO PUB Online <\/strong><\/p>\n<div class='epvc-post-count'><span class='epvc-eye'><\/span>  <span class=\"epvc-count\"> 224<\/span><span class='epvc-label'> Vues<\/span><\/div>","protected":false},"excerpt":{"rendered":"<p>Le premier ministre, Jean-Michel Sama Lukonde, a supervis\u00e9, ce lundi 27 mars 2023, la c\u00e9r\u00e9monie de signature d\u2019un accord-cadre pour le lancement de l\u2019\u00e9tude de pr\u00e9faisabilit\u00e9 de la zone \u00e9conomique&hellip;<\/p>\n","protected":false},"author":1,"featured_media":32817,"comment_status":"closed","ping_status":"closed","sticky":false,"template":"","format":"standard","meta":{"content-type":"","_monsterinsights_skip_tracking":false,"_monsterinsights_sitenote_active":false,"_monsterinsights_sitenote_note":"","_monsterinsights_sitenote_category":0,"footnotes":""},"categories":[844,51],"tags":[3211],"class_list":["post-32815","post","type-post","status-publish","format-standard","has-post-thumbnail","hentry","category-a-la-une","category-economie","tag-batteries-electriques"],"yoast_head":"<!-- This site is optimized with the Yoast SEO Premium plugin v25.4 (Yoast SEO v25.4) - https:\/\/yoast.com\/wordpress\/plugins\/seo\/ -->\n<title>Production des batteries \u00e9lectriques : La RDC et la Zambie signent un accord-cadre pour le lancement d\u2019une \u00e9tude de pr\u00e9faisabilit\u00e9 de la zone \u00e9conomique sp\u00e9ciale - Congo Pub Online<\/title>\n<meta name=\"description\" content=\"Production des batteries \u00e9lectriques : La RDC et la Zambie signent un accord-cadre pour le lancement d\u2019une \u00e9tude de pr\u00e9faisabilit\u00e9 de la zone \u00e9conomique sp\u00e9ciale \u00c0 la Une\" \/>\n<meta name=\"robots\" content=\"index, follow, max-snippet:-1, max-image-preview:large, max-video-preview:-1\" \/>\n<link rel=\"canonical\" href=\"https:\/\/congopubonline.com\/?p=32815\" \/>\n<meta property=\"og:locale\" content=\"fr_FR\" \/>\n<meta property=\"og:type\" content=\"article\" \/>\n<meta property=\"og:title\" content=\"Production des batteries \u00e9lectriques : La RDC et la Zambie signent un accord-cadre pour le lancement d\u2019une \u00e9tude de pr\u00e9faisabilit\u00e9 de la zone \u00e9conomique sp\u00e9ciale\" \/>\n<meta property=\"og:description\" content=\"Production des batteries \u00e9lectriques : La RDC et la Zambie signent un accord-cadre pour le lancement d\u2019une \u00e9tude de pr\u00e9faisabilit\u00e9 de la zone \u00e9conomique sp\u00e9ciale \u00c0 la Une\" \/>\n<meta property=\"og:url\" content=\"https:\/\/congopubonline.com\/?p=32815\" \/>\n<meta property=\"og:site_name\" content=\"Congo Pub Online\" \/>\n<meta property=\"article:publisher\" content=\"https:\/\/web.facebook.com\/Congopubonline\" \/>\n<meta property=\"article:published_time\" content=\"2023-03-27T20:57:33+00:00\" \/>\n<meta property=\"article:modified_time\" content=\"2023-03-27T21:04:01+00:00\" \/>\n<meta property=\"og:image\" content=\"https:\/\/congopubonline.com\/wp-content\/uploads\/2023\/03\/batteries_electiques-contrats.jpg\" \/>\n\t<meta property=\"og:image:width\" content=\"964\" \/>\n\t<meta property=\"og:image:height\" content=\"591\" \/>\n\t<meta property=\"og:image:type\" content=\"image\/jpeg\" \/>\n<meta name=\"author\" content=\"admin9775\" \/>\n<meta name=\"twitter:card\" content=\"summary_large_image\" \/>\n<meta name=\"twitter:creator\" content=\"@CONGOPUBOnline\" \/>\n<meta name=\"twitter:site\" content=\"@CONGOPUBOnline\" \/>\n<meta name=\"twitter:label1\" content=\"\u00c9crit par\" \/>\n\t<meta name=\"twitter:data1\" content=\"admin9775\" \/>\n\t<meta name=\"twitter:label2\" content=\"Dur\u00e9e de lecture estim\u00e9e\" \/>\n\t<meta name=\"twitter:data2\" content=\"2 minutes\" \/>\n<script type=\"application\/ld+json\" class=\"yoast-schema-graph\">{\"@context\":\"https:\/\/schema.org\",\"@graph\":[{\"@type\":\"Article\",\"@id\":\"https:\/\/congopubonline.com\/?p=32815#article\",\"isPartOf\":{\"@id\":\"https:\/\/congopubonline.com\/?p=32815\"},\"author\":{\"name\":\"admin9775\",\"@id\":\"https:\/\/congopubonline.com\/#\/schema\/person\/d2f3a940be2e9c1a0e4f8831e203f3cc\"},\"headline\":\"Production des batteries \u00e9lectriques : La RDC et la Zambie signent un accord-cadre pour le lancement d\u2019une \u00e9tude de pr\u00e9faisabilit\u00e9 de la zone \u00e9conomique sp\u00e9ciale\",\"datePublished\":\"2023-03-27T20:57:33+00:00\",\"dateModified\":\"2023-03-27T21:04:01+00:00\",\"mainEntityOfPage\":{\"@id\":\"https:\/\/congopubonline.com\/?p=32815\"},\"wordCount\":394,\"publisher\":{\"@id\":\"https:\/\/congopubonline.com\/#organization\"},\"image\":{\"@id\":\"https:\/\/congopubonline.com\/?p=32815#primaryimage\"},\"thumbnailUrl\":\"https:\/\/congopubonline.com\/wp-content\/uploads\/2023\/03\/batteries_electiques-contrats.jpg\",\"keywords\":[\"batteries electriques\"],\"articleSection\":[\"\u00c0 la Une\",\"Economie\"],\"inLanguage\":\"fr-FR\"},{\"@type\":\"WebPage\",\"@id\":\"https:\/\/congopubonline.com\/?p=32815\",\"url\":\"https:\/\/congopubonline.com\/?p=32815\",\"name\":\"Production des batteries \u00e9lectriques : La RDC et la Zambie signent un accord-cadre pour le lancement d\u2019une \u00e9tude de pr\u00e9faisabilit\u00e9 de la zone \u00e9conomique sp\u00e9ciale - Congo Pub Online\",\"isPartOf\":{\"@id\":\"https:\/\/congopubonline.com\/#website\"},\"primaryImageOfPage\":{\"@id\":\"https:\/\/congopubonline.com\/?p=32815#primaryimage\"},\"image\":{\"@id\":\"https:\/\/congopubonline.com\/?p=32815#primaryimage\"},\"thumbnailUrl\":\"https:\/\/congopubonline.com\/wp-content\/uploads\/2023\/03\/batteries_electiques-contrats.jpg\",\"datePublished\":\"2023-03-27T20:57:33+00:00\",\"dateModified\":\"2023-03-27T21:04:01+00:00\",\"description\":\"Production des batteries \u00e9lectriques : La RDC et la Zambie signent un accord-cadre pour le lancement d\u2019une \u00e9tude de pr\u00e9faisabilit\u00e9 de la zone \u00e9conomique sp\u00e9ciale \u00c0 la Une\",\"breadcrumb\":{\"@id\":\"https:\/\/congopubonline.com\/?p=32815#breadcrumb\"},\"inLanguage\":\"fr-FR\",\"potentialAction\":[{\"@type\":\"ReadAction\",\"target\":[\"https:\/\/congopubonline.com\/?p=32815\"]}]},{\"@type\":\"ImageObject\",\"inLanguage\":\"fr-FR\",\"@id\":\"https:\/\/congopubonline.com\/?p=32815#primaryimage\",\"url\":\"https:\/\/congopubonline.com\/wp-content\/uploads\/2023\/03\/batteries_electiques-contrats.jpg\",\"contentUrl\":\"https:\/\/congopubonline.com\/wp-content\/uploads\/2023\/03\/batteries_electiques-contrats.jpg\",\"width\":964,\"height\":591},{\"@type\":\"BreadcrumbList\",\"@id\":\"https:\/\/congopubonline.com\/?p=32815#breadcrumb\",\"itemListElement\":[{\"@type\":\"ListItem\",\"position\":1,\"name\":\"Accueil\",\"item\":\"https:\/\/congopubonline.com\/\"},{\"@type\":\"ListItem\",\"position\":2,\"name\":\"Production des batteries \u00e9lectriques : La RDC et la Zambie signent un accord-cadre pour le lancement d\u2019une \u00e9tude de pr\u00e9faisabilit\u00e9 de la zone \u00e9conomique sp\u00e9ciale\"}]},{\"@type\":\"WebSite\",\"@id\":\"https:\/\/congopubonline.com\/#website\",\"url\":\"https:\/\/congopubonline.com\/\",\"name\":\"Congo Pub Online\",\"description\":\"Votre site d&#039;actualit\u00e9\",\"publisher\":{\"@id\":\"https:\/\/congopubonline.com\/#organization\"},\"alternateName\":\"Marketing 3.0\",\"potentialAction\":[{\"@type\":\"SearchAction\",\"target\":{\"@type\":\"EntryPoint\",\"urlTemplate\":\"https:\/\/congopubonline.com\/?s={search_term_string}\"},\"query-input\":{\"@type\":\"PropertyValueSpecification\",\"valueRequired\":true,\"valueName\":\"search_term_string\"}}],\"inLanguage\":\"fr-FR\"},{\"@type\":\"Organization\",\"@id\":\"https:\/\/congopubonline.com\/#organization\",\"name\":\"Congo Pub Online\",\"url\":\"https:\/\/congopubonline.com\/\",\"logo\":{\"@type\":\"ImageObject\",\"inLanguage\":\"fr-FR\",\"@id\":\"https:\/\/congopubonline.com\/#\/schema\/logo\/image\/\",\"url\":\"https:\/\/congopubonline.com\/wp-content\/uploads\/2022\/09\/LOGO_CONGO-PUB-Online_Version-2.jpg\",\"contentUrl\":\"https:\/\/congopubonline.com\/wp-content\/uploads\/2022\/09\/LOGO_CONGO-PUB-Online_Version-2.jpg\",\"width\":374,\"height\":223,\"caption\":\"Congo Pub Online\"},\"image\":{\"@id\":\"https:\/\/congopubonline.com\/#\/schema\/logo\/image\/\"},\"sameAs\":[\"https:\/\/web.facebook.com\/Congopubonline\",\"https:\/\/x.com\/CONGOPUBOnline\"]},{\"@type\":\"Person\",\"@id\":\"https:\/\/congopubonline.com\/#\/schema\/person\/d2f3a940be2e9c1a0e4f8831e203f3cc\",\"name\":\"admin9775\",\"sameAs\":[\"http:\/\/congopubonline.com\"],\"url\":\"https:\/\/congopubonline.com\/?author=1\"}]}<\/script>\n<!-- \/ Yoast SEO Premium plugin. -->","yoast_head_json":{"title":"Production des batteries \u00e9lectriques : La RDC et la Zambie signent un accord-cadre pour le lancement d\u2019une \u00e9tude de pr\u00e9faisabilit\u00e9 de la zone \u00e9conomique sp\u00e9ciale - Congo Pub Online","description":"Production des batteries \u00e9lectriques : La RDC et la Zambie signent un accord-cadre pour le lancement d\u2019une \u00e9tude de pr\u00e9faisabilit\u00e9 de la zone \u00e9conomique sp\u00e9ciale \u00c0 la Une","robots":{"index":"index","follow":"follow","max-snippet":"max-snippet:-1","max-image-preview":"max-image-preview:large","max-video-preview":"max-video-preview:-1"},"canonical":"https:\/\/congopubonline.com\/?p=32815","og_locale":"fr_FR","og_type":"article","og_title":"Production des batteries \u00e9lectriques : La RDC et la Zambie signent un accord-cadre pour le lancement d\u2019une \u00e9tude de pr\u00e9faisabilit\u00e9 de la zone \u00e9conomique sp\u00e9ciale","og_description":"Production des batteries \u00e9lectriques : La RDC et la Zambie signent un accord-cadre pour le lancement d\u2019une \u00e9tude de pr\u00e9faisabilit\u00e9 de la zone \u00e9conomique sp\u00e9ciale \u00c0 la Une","og_url":"https:\/\/congopubonline.com\/?p=32815","og_site_name":"Congo Pub Online","article_publisher":"https:\/\/web.facebook.com\/Congopubonline","article_published_time":"2023-03-27T20:57:33+00:00","article_modified_time":"2023-03-27T21:04:01+00:00","og_image":[{"width":964,"height":591,"url":"https:\/\/congopubonline.com\/wp-content\/uploads\/2023\/03\/batteries_electiques-contrats.jpg","type":"image\/jpeg"}],"author":"admin9775","twitter_card":"summary_large_image","twitter_creator":"@CONGOPUBOnline","twitter_site":"@CONGOPUBOnline","twitter_misc":{"\u00c9crit par":"admin9775","Dur\u00e9e de lecture estim\u00e9e":"2 minutes"},"schema":{"@context":"https:\/\/schema.org","@graph":[{"@type":"Article","@id":"https:\/\/congopubonline.com\/?p=32815#article","isPartOf":{"@id":"https:\/\/congopubonline.com\/?p=32815"},"author":{"name":"admin9775","@id":"https:\/\/congopubonline.com\/#\/schema\/person\/d2f3a940be2e9c1a0e4f8831e203f3cc"},"headline":"Production des batteries \u00e9lectriques : La RDC et la Zambie signent un accord-cadre pour le lancement d\u2019une \u00e9tude de pr\u00e9faisabilit\u00e9 de la zone \u00e9conomique sp\u00e9ciale","datePublished":"2023-03-27T20:57:33+00:00","dateModified":"2023-03-27T21:04:01+00:00","mainEntityOfPage":{"@id":"https:\/\/congopubonline.com\/?p=32815"},"wordCount":394,"publisher":{"@id":"https:\/\/congopubonline.com\/#organization"},"image":{"@id":"https:\/\/congopubonline.com\/?p=32815#primaryimage"},"thumbnailUrl":"https:\/\/congopubonline.com\/wp-content\/uploads\/2023\/03\/batteries_electiques-contrats.jpg","keywords":["batteries electriques"],"articleSection":["\u00c0 la Une","Economie"],"inLanguage":"fr-FR"},{"@type":"WebPage","@id":"https:\/\/congopubonline.com\/?p=32815","url":"https:\/\/congopubonline.com\/?p=32815","name":"Production des batteries \u00e9lectriques : La RDC et la Zambie signent un accord-cadre pour le lancement d\u2019une \u00e9tude de pr\u00e9faisabilit\u00e9 de la zone \u00e9conomique sp\u00e9ciale - Congo Pub Online","isPartOf":{"@id":"https:\/\/congopubonline.com\/#website"},"primaryImageOfPage":{"@id":"https:\/\/congopubonline.com\/?p=32815#primaryimage"},"image":{"@id":"https:\/\/congopubonline.com\/?p=32815#primaryimage"},"thumbnailUrl":"https:\/\/congopubonline.com\/wp-content\/uploads\/2023\/03\/batteries_electiques-contrats.jpg","datePublished":"2023-03-27T20:57:33+00:00","dateModified":"2023-03-27T21:04:01+00:00","description":"Production des batteries \u00e9lectriques : La RDC et la Zambie signent un accord-cadre pour le lancement d\u2019une \u00e9tude de pr\u00e9faisabilit\u00e9 de la zone \u00e9conomique sp\u00e9ciale \u00c0 la Une","breadcrumb":{"@id":"https:\/\/congopubonline.com\/?p=32815#breadcrumb"},"inLanguage":"fr-FR","potentialAction":[{"@type":"ReadAction","target":["https:\/\/congopubonline.com\/?p=32815"]}]},{"@type":"ImageObject","inLanguage":"fr-FR","@id":"https:\/\/congopubonline.com\/?p=32815#primaryimage","url":"https:\/\/congopubonline.com\/wp-content\/uploads\/2023\/03\/batteries_electiques-contrats.jpg","contentUrl":"https:\/\/congopubonline.com\/wp-content\/uploads\/2023\/03\/batteries_electiques-contrats.jpg","width":964,"height":591},{"@type":"BreadcrumbList","@id":"https:\/\/congopubonline.com\/?p=32815#breadcrumb","itemListElement":[{"@type":"ListItem","position":1,"name":"Accueil","item":"https:\/\/congopubonline.com\/"},{"@type":"ListItem","position":2,"name":"Production des batteries \u00e9lectriques : La RDC et la Zambie signent un accord-cadre pour le lancement d\u2019une \u00e9tude de pr\u00e9faisabilit\u00e9 de la zone \u00e9conomique sp\u00e9ciale"}]},{"@type":"WebSite","@id":"https:\/\/congopubonline.com\/#website","url":"https:\/\/congopubonline.com\/","name":"Congo Pub Online","description":"Votre site d&#039;actualit\u00e9","publisher":{"@id":"https:\/\/congopubonline.com\/#organization"},"alternateName":"Marketing 3.0","potentialAction":[{"@type":"SearchAction","target":{"@type":"EntryPoint","urlTemplate":"https:\/\/congopubonline.com\/?s={search_term_string}"},"query-input":{"@type":"PropertyValueSpecification","valueRequired":true,"valueName":"search_term_string"}}],"inLanguage":"fr-FR"},{"@type":"Organization","@id":"https:\/\/congopubonline.com\/#organization","name":"Congo Pub Online","url":"https:\/\/congopubonline.com\/","logo":{"@type":"ImageObject","inLanguage":"fr-FR","@id":"https:\/\/congopubonline.com\/#\/schema\/logo\/image\/","url":"https:\/\/congopubonline.com\/wp-content\/uploads\/2022\/09\/LOGO_CONGO-PUB-Online_Version-2.jpg","contentUrl":"https:\/\/congopubonline.com\/wp-content\/uploads\/2022\/09\/LOGO_CONGO-PUB-Online_Version-2.jpg","width":374,"height":223,"caption":"Congo Pub Online"},"image":{"@id":"https:\/\/congopubonline.com\/#\/schema\/logo\/image\/"},"sameAs":["https:\/\/web.facebook.com\/Congopubonline","https:\/\/x.com\/CONGOPUBOnline"]},{"@type":"Person","@id":"https:\/\/congopubonline.com\/#\/schema\/person\/d2f3a940be2e9c1a0e4f8831e203f3cc","name":"admin9775","sameAs":["http:\/\/congopubonline.com"],"url":"https:\/\/congopubonline.com\/?author=1"}]}},"_links":{"self":[{"href":"https:\/\/congopubonline.com\/index.php?rest_route=\/wp\/v2\/posts\/32815","targetHints":{"allow":["GET"]}}],"collection":[{"href":"https:\/\/congopubonline.com\/index.php?rest_route=\/wp\/v2\/posts"}],"about":[{"href":"https:\/\/congopubonline.com\/index.php?rest_route=\/wp\/v2\/types\/post"}],"author":[{"embeddable":true,"href":"https:\/\/congopubonline.com\/index.php?rest_route=\/wp\/v2\/users\/1"}],"replies":[{"embeddable":true,"href":"https:\/\/congopubonline.com\/index.php?rest_route=%2Fwp%2Fv2%2Fcomments&post=32815"}],"version-history":[{"count":0,"href":"https:\/\/congopubonline.com\/index.php?rest_route=\/wp\/v2\/posts\/32815\/revisions"}],"wp:featuredmedia":[{"embeddable":true,"href":"https:\/\/congopubonline.com\/index.php?rest_route=\/wp\/v2\/media\/32817"}],"wp:attachment":[{"href":"https:\/\/congopubonline.com\/index.php?rest_route=%2Fwp%2Fv2%2Fmedia&parent=32815"}],"wp:term":[{"taxonomy":"category","embeddable":true,"href":"https:\/\/congopubonline.com\/index.php?rest_route=%2Fwp%2Fv2%2Fcategories&post=32815"},{"taxonomy":"post_tag","embeddable":true,"href":"https:\/\/congopubonline.com\/index.php?rest_route=%2Fwp%2Fv2%2Ftags&post=32815"}],"curies":[{"name":"wp","href":"https:\/\/api.w.org\/{rel}","templated":true}]}}