{"id":37725,"date":"2023-05-26T11:56:00","date_gmt":"2023-05-26T09:56:00","guid":{"rendered":"https:\/\/congopubonline.com\/?p=37725"},"modified":"2023-05-26T12:04:44","modified_gmt":"2023-05-26T10:04:44","slug":"tension-entre-kinshasa-et-kigali-felix-tshisekedi-echanges-avec-anthony-blinken-sur-le-retrait-de-rdf-m23","status":"publish","type":"post","link":"https:\/\/congopubonline.com\/?p=37725","title":{"rendered":"Tension entre Kinshasa et Kigali : F\u00e9lix Tshisekedi \u00e9changes avec Anthony Blinken sur le retrait de RDF\/M23"},"content":{"rendered":"\n<p><strong>Le pr\u00e9sident de la R\u00e9publique D\u00e9mocratique du Congo (RDC) F\u00e9lix Tshisekedi a \u00e9chang\u00e9 au t\u00e9l\u00e9phone avec le secr\u00e9taire d\u2019\u00c9tat am\u00e9ricain Antony Blinken concernant la violence qui s\u2019intensifie dans la partie Est et aussi de la situation humanitaire d\u00e9sastreuse qui bat son record dans ce coin de la RD. Congo.<\/strong><\/p>\n\n\n\n<p>Selon le porte-parole de l\u2019ambassade des \u00c9tats-Unis en RDC, Antony Blinken a exprim\u00e9 sa profonde pr\u00e9occupation pour les personnes tu\u00e9es, bless\u00e9es, d\u00e9plac\u00e9es et rendues vuln\u00e9rables par la violence.<\/p>\n\n\n\n<p>Au cours de leurs \u00e9changes, la m\u00eame source r\u00e9v\u00e8le que, les deux personnalit\u00e9s ont discut\u00e9 de l\u2019importance et de l\u2019urgence du retrait et du d\u00e9sarmement du M23 et ses alli\u00e9s de l\u2019arme rwandaise conform\u00e9ment au communiqu\u00e9 de Luanda.<\/p>\n\n\n\n<p>&nbsp;\u00bb Il a not\u00e9 les appels des \u00c9tats-Unis au Rwanda pour qu\u2019il mette fin \u00e0 son soutien au M23 et \u00e0 r\u00e9it\u00e9rer la n\u00e9cessit\u00e9 pour tous les acteurs \u00e9tatiques de cesser de collaborer avec les Forces d\u00e9mocratiques de lib\u00e9ration du Rwanda (FDLR) et d\u2019autres groupes arm\u00e9s non \u00e9tatiques. Le secr\u00e9taire Blinken et le pr\u00e9sident Tshisekedi ont discut\u00e9 de l\u2019importance et de l\u2019urgence du retrait et du d\u00e9sarmement du M23 conform\u00e9ment au communiqu\u00e9 de Luanda, et pour toutes les parties de s\u2019acquitter de leurs obligations du Communiqu\u00e9 de Luanda et de s\u2019engager dans le cadre des processus de Luanda et de Nairobi&nbsp;\u00bb, rapporte Matthew Miller.<\/p>\n\n\n\n<p>Selon toujours lui, le secr\u00e9taire d\u2019\u00c9tat am\u00e9ricain a r\u00e9it\u00e9r\u00e9 sa pr\u00e9occupation concernant les discours de \u00ab&nbsp;haine et la rh\u00e9torique clivante&nbsp;\u00bb.<\/p>\n\n\n\n<p>Au terme de cet \u00e9change, Antony Blinken a exprim\u00e9 ses pr\u00e9occupations et ses aspirations, et l\u2019engagement des \u00c9tats-Unis d\u2019Am\u00e9rique en faveur des \u00e9lections libres et \u00e9quitables et aussi le droit des congolais \u00e0 manifester pacifiquement en RDC.<\/p>\n\n\n\n<p><strong>Frank Kalonji<\/strong><\/p>\n\n\n\n<p><strong>ACTU 7 via CONGO PUB Online<\/strong><\/p>\n<div class='epvc-post-count'><span class='epvc-eye'><\/span>  <span class=\"epvc-count\"> 222<\/span><span class='epvc-label'> Vues<\/span><\/div>","protected":false},"excerpt":{"rendered":"<p>Le pr\u00e9sident de la R\u00e9publique D\u00e9mocratique du Congo (RDC) F\u00e9lix Tshisekedi a \u00e9chang\u00e9 au t\u00e9l\u00e9phone avec le secr\u00e9taire d\u2019\u00c9tat am\u00e9ricain Antony Blinken concernant la violence qui s\u2019intensifie dans la partie&hellip;<\/p>\n","protected":false},"author":75,"featured_media":37733,"comment_status":"closed","ping_status":"closed","sticky":false,"template":"","format":"standard","meta":{"content-type":"","_monsterinsights_skip_tracking":false,"_monsterinsights_sitenote_active":false,"_monsterinsights_sitenote_note":"","_monsterinsights_sitenote_category":0,"footnotes":""},"categories":[844,62],"tags":[1303,3718,3717,351],"class_list":["post-37725","post","type-post","status-publish","format-standard","has-post-thumbnail","hentry","category-a-la-une","category-societe","tag-afrique","tag-anthony-blinken","tag-ension-entre-kinshasa-et-kigali","tag-felix-tshisekedi"],"yoast_head":"<!-- This site is optimized with the Yoast SEO Premium plugin v25.4 (Yoast SEO v25.4) - https:\/\/yoast.com\/wordpress\/plugins\/seo\/ -->\n<title>Tension entre Kinshasa et Kigali : F\u00e9lix Tshisekedi \u00e9changes avec Anthony Blinken sur le retrait de RDF\/M23<\/title>\n<meta name=\"description\" content=\"Le pr\u00e9sident de la R\u00e9publique D\u00e9mocratique du Congo (RDC) F\u00e9lix Tshisekedi a \u00e9chang\u00e9 au t\u00e9l\u00e9phone avec le secr\u00e9taire d\u2019\u00c9tat am\u00e9ricain Antony Blinken\" \/>\n<meta name=\"robots\" content=\"index, follow, max-snippet:-1, max-image-preview:large, max-video-preview:-1\" \/>\n<link rel=\"canonical\" href=\"https:\/\/congopubonline.com\/?p=37725\" \/>\n<meta property=\"og:locale\" content=\"fr_FR\" \/>\n<meta property=\"og:type\" content=\"article\" \/>\n<meta property=\"og:title\" content=\"Tension entre Kinshasa et Kigali : F\u00e9lix Tshisekedi \u00e9changes avec Anthony Blinken sur le retrait de RDF\/M23\" \/>\n<meta property=\"og:description\" content=\"Le pr\u00e9sident de la R\u00e9publique D\u00e9mocratique du Congo (RDC) F\u00e9lix Tshisekedi a \u00e9chang\u00e9 au t\u00e9l\u00e9phone avec le secr\u00e9taire d\u2019\u00c9tat am\u00e9ricain Antony Blinken\" \/>\n<meta property=\"og:url\" content=\"https:\/\/congopubonline.com\/?p=37725\" \/>\n<meta property=\"og:site_name\" content=\"Congo Pub Online\" \/>\n<meta property=\"article:publisher\" content=\"https:\/\/web.facebook.com\/Congopubonline\" \/>\n<meta property=\"article:published_time\" content=\"2023-05-26T09:56:00+00:00\" \/>\n<meta property=\"article:modified_time\" content=\"2023-05-26T10:04:44+00:00\" \/>\n<meta property=\"og:image\" content=\"https:\/\/congopubonline.com\/wp-content\/uploads\/2023\/05\/IMG-20230526-WA0002.jpg\" \/>\n\t<meta property=\"og:image:width\" content=\"720\" \/>\n\t<meta property=\"og:image:height\" content=\"369\" \/>\n\t<meta property=\"og:image:type\" content=\"image\/jpeg\" \/>\n<meta name=\"author\" content=\"Sam&#039;s Londele\" \/>\n<meta name=\"twitter:card\" content=\"summary_large_image\" \/>\n<meta name=\"twitter:creator\" content=\"@CONGOPUBOnline\" \/>\n<meta name=\"twitter:site\" content=\"@CONGOPUBOnline\" \/>\n<meta name=\"twitter:label1\" content=\"\u00c9crit par\" \/>\n\t<meta name=\"twitter:data1\" content=\"Sam&#039;s Londele\" \/>\n\t<meta name=\"twitter:label2\" content=\"Dur\u00e9e de lecture estim\u00e9e\" \/>\n\t<meta name=\"twitter:data2\" content=\"2 minutes\" \/>\n<script type=\"application\/ld+json\" class=\"yoast-schema-graph\">{\"@context\":\"https:\/\/schema.org\",\"@graph\":[{\"@type\":\"Article\",\"@id\":\"https:\/\/congopubonline.com\/?p=37725#article\",\"isPartOf\":{\"@id\":\"https:\/\/congopubonline.com\/?p=37725\"},\"author\":{\"name\":\"Sam's Londele\",\"@id\":\"https:\/\/congopubonline.com\/#\/schema\/person\/0d76ad55397527fd49db9d33cd5d6c6c\"},\"headline\":\"Tension entre Kinshasa et Kigali : F\u00e9lix Tshisekedi \u00e9changes avec Anthony Blinken sur le retrait de RDF\/M23\",\"datePublished\":\"2023-05-26T09:56:00+00:00\",\"dateModified\":\"2023-05-26T10:04:44+00:00\",\"mainEntityOfPage\":{\"@id\":\"https:\/\/congopubonline.com\/?p=37725\"},\"wordCount\":356,\"publisher\":{\"@id\":\"https:\/\/congopubonline.com\/#organization\"},\"image\":{\"@id\":\"https:\/\/congopubonline.com\/?p=37725#primaryimage\"},\"thumbnailUrl\":\"https:\/\/congopubonline.com\/wp-content\/uploads\/2023\/05\/IMG-20230526-WA0002.jpg\",\"keywords\":[\"afrique\",\"Anthony Blinken\",\"ension entre Kinshasa et Kigali\",\"F\u00e9lix Tshisekedi\"],\"articleSection\":[\"\u00c0 la Une\",\"Soci\u00e9t\u00e9\"],\"inLanguage\":\"fr-FR\"},{\"@type\":\"WebPage\",\"@id\":\"https:\/\/congopubonline.com\/?p=37725\",\"url\":\"https:\/\/congopubonline.com\/?p=37725\",\"name\":\"Tension entre Kinshasa et Kigali : F\u00e9lix Tshisekedi \u00e9changes avec Anthony Blinken sur le retrait de RDF\/M23\",\"isPartOf\":{\"@id\":\"https:\/\/congopubonline.com\/#website\"},\"primaryImageOfPage\":{\"@id\":\"https:\/\/congopubonline.com\/?p=37725#primaryimage\"},\"image\":{\"@id\":\"https:\/\/congopubonline.com\/?p=37725#primaryimage\"},\"thumbnailUrl\":\"https:\/\/congopubonline.com\/wp-content\/uploads\/2023\/05\/IMG-20230526-WA0002.jpg\",\"datePublished\":\"2023-05-26T09:56:00+00:00\",\"dateModified\":\"2023-05-26T10:04:44+00:00\",\"description\":\"Le pr\u00e9sident de la R\u00e9publique D\u00e9mocratique du Congo (RDC) F\u00e9lix Tshisekedi a \u00e9chang\u00e9 au t\u00e9l\u00e9phone avec le secr\u00e9taire d\u2019\u00c9tat am\u00e9ricain Antony Blinken\",\"breadcrumb\":{\"@id\":\"https:\/\/congopubonline.com\/?p=37725#breadcrumb\"},\"inLanguage\":\"fr-FR\",\"potentialAction\":[{\"@type\":\"ReadAction\",\"target\":[\"https:\/\/congopubonline.com\/?p=37725\"]}]},{\"@type\":\"ImageObject\",\"inLanguage\":\"fr-FR\",\"@id\":\"https:\/\/congopubonline.com\/?p=37725#primaryimage\",\"url\":\"https:\/\/congopubonline.com\/wp-content\/uploads\/2023\/05\/IMG-20230526-WA0002.jpg\",\"contentUrl\":\"https:\/\/congopubonline.com\/wp-content\/uploads\/2023\/05\/IMG-20230526-WA0002.jpg\",\"width\":720,\"height\":369},{\"@type\":\"BreadcrumbList\",\"@id\":\"https:\/\/congopubonline.com\/?p=37725#breadcrumb\",\"itemListElement\":[{\"@type\":\"ListItem\",\"position\":1,\"name\":\"Accueil\",\"item\":\"https:\/\/congopubonline.com\/\"},{\"@type\":\"ListItem\",\"position\":2,\"name\":\"Tension entre Kinshasa et Kigali : F\u00e9lix Tshisekedi \u00e9changes avec Anthony Blinken sur le retrait de RDF\/M23\"}]},{\"@type\":\"WebSite\",\"@id\":\"https:\/\/congopubonline.com\/#website\",\"url\":\"https:\/\/congopubonline.com\/\",\"name\":\"Congo Pub Online\",\"description\":\"Votre site d&#039;actualit\u00e9\",\"publisher\":{\"@id\":\"https:\/\/congopubonline.com\/#organization\"},\"alternateName\":\"Marketing 3.0\",\"potentialAction\":[{\"@type\":\"SearchAction\",\"target\":{\"@type\":\"EntryPoint\",\"urlTemplate\":\"https:\/\/congopubonline.com\/?s={search_term_string}\"},\"query-input\":{\"@type\":\"PropertyValueSpecification\",\"valueRequired\":true,\"valueName\":\"search_term_string\"}}],\"inLanguage\":\"fr-FR\"},{\"@type\":\"Organization\",\"@id\":\"https:\/\/congopubonline.com\/#organization\",\"name\":\"Congo Pub Online\",\"url\":\"https:\/\/congopubonline.com\/\",\"logo\":{\"@type\":\"ImageObject\",\"inLanguage\":\"fr-FR\",\"@id\":\"https:\/\/congopubonline.com\/#\/schema\/logo\/image\/\",\"url\":\"https:\/\/congopubonline.com\/wp-content\/uploads\/2022\/09\/LOGO_CONGO-PUB-Online_Version-2.jpg\",\"contentUrl\":\"https:\/\/congopubonline.com\/wp-content\/uploads\/2022\/09\/LOGO_CONGO-PUB-Online_Version-2.jpg\",\"width\":374,\"height\":223,\"caption\":\"Congo Pub Online\"},\"image\":{\"@id\":\"https:\/\/congopubonline.com\/#\/schema\/logo\/image\/\"},\"sameAs\":[\"https:\/\/web.facebook.com\/Congopubonline\",\"https:\/\/x.com\/CONGOPUBOnline\"]},{\"@type\":\"Person\",\"@id\":\"https:\/\/congopubonline.com\/#\/schema\/person\/0d76ad55397527fd49db9d33cd5d6c6c\",\"name\":\"Sam's Londele\",\"url\":\"https:\/\/congopubonline.com\/?author=75\"}]}<\/script>\n<!-- \/ Yoast SEO Premium plugin. -->","yoast_head_json":{"title":"Tension entre Kinshasa et Kigali : F\u00e9lix Tshisekedi \u00e9changes avec Anthony Blinken sur le retrait de RDF\/M23","description":"Le pr\u00e9sident de la R\u00e9publique D\u00e9mocratique du Congo (RDC) F\u00e9lix Tshisekedi a \u00e9chang\u00e9 au t\u00e9l\u00e9phone avec le secr\u00e9taire d\u2019\u00c9tat am\u00e9ricain Antony Blinken","robots":{"index":"index","follow":"follow","max-snippet":"max-snippet:-1","max-image-preview":"max-image-preview:large","max-video-preview":"max-video-preview:-1"},"canonical":"https:\/\/congopubonline.com\/?p=37725","og_locale":"fr_FR","og_type":"article","og_title":"Tension entre Kinshasa et Kigali : F\u00e9lix Tshisekedi \u00e9changes avec Anthony Blinken sur le retrait de RDF\/M23","og_description":"Le pr\u00e9sident de la R\u00e9publique D\u00e9mocratique du Congo (RDC) F\u00e9lix Tshisekedi a \u00e9chang\u00e9 au t\u00e9l\u00e9phone avec le secr\u00e9taire d\u2019\u00c9tat am\u00e9ricain Antony Blinken","og_url":"https:\/\/congopubonline.com\/?p=37725","og_site_name":"Congo Pub Online","article_publisher":"https:\/\/web.facebook.com\/Congopubonline","article_published_time":"2023-05-26T09:56:00+00:00","article_modified_time":"2023-05-26T10:04:44+00:00","og_image":[{"width":720,"height":369,"url":"https:\/\/congopubonline.com\/wp-content\/uploads\/2023\/05\/IMG-20230526-WA0002.jpg","type":"image\/jpeg"}],"author":"Sam's Londele","twitter_card":"summary_large_image","twitter_creator":"@CONGOPUBOnline","twitter_site":"@CONGOPUBOnline","twitter_misc":{"\u00c9crit par":"Sam's Londele","Dur\u00e9e de lecture estim\u00e9e":"2 minutes"},"schema":{"@context":"https:\/\/schema.org","@graph":[{"@type":"Article","@id":"https:\/\/congopubonline.com\/?p=37725#article","isPartOf":{"@id":"https:\/\/congopubonline.com\/?p=37725"},"author":{"name":"Sam's Londele","@id":"https:\/\/congopubonline.com\/#\/schema\/person\/0d76ad55397527fd49db9d33cd5d6c6c"},"headline":"Tension entre Kinshasa et Kigali : F\u00e9lix Tshisekedi \u00e9changes avec Anthony Blinken sur le retrait de RDF\/M23","datePublished":"2023-05-26T09:56:00+00:00","dateModified":"2023-05-26T10:04:44+00:00","mainEntityOfPage":{"@id":"https:\/\/congopubonline.com\/?p=37725"},"wordCount":356,"publisher":{"@id":"https:\/\/congopubonline.com\/#organization"},"image":{"@id":"https:\/\/congopubonline.com\/?p=37725#primaryimage"},"thumbnailUrl":"https:\/\/congopubonline.com\/wp-content\/uploads\/2023\/05\/IMG-20230526-WA0002.jpg","keywords":["afrique","Anthony Blinken","ension entre Kinshasa et Kigali","F\u00e9lix Tshisekedi"],"articleSection":["\u00c0 la Une","Soci\u00e9t\u00e9"],"inLanguage":"fr-FR"},{"@type":"WebPage","@id":"https:\/\/congopubonline.com\/?p=37725","url":"https:\/\/congopubonline.com\/?p=37725","name":"Tension entre Kinshasa et Kigali : F\u00e9lix Tshisekedi \u00e9changes avec Anthony Blinken sur le retrait de RDF\/M23","isPartOf":{"@id":"https:\/\/congopubonline.com\/#website"},"primaryImageOfPage":{"@id":"https:\/\/congopubonline.com\/?p=37725#primaryimage"},"image":{"@id":"https:\/\/congopubonline.com\/?p=37725#primaryimage"},"thumbnailUrl":"https:\/\/congopubonline.com\/wp-content\/uploads\/2023\/05\/IMG-20230526-WA0002.jpg","datePublished":"2023-05-26T09:56:00+00:00","dateModified":"2023-05-26T10:04:44+00:00","description":"Le pr\u00e9sident de la R\u00e9publique D\u00e9mocratique du Congo (RDC) F\u00e9lix Tshisekedi a \u00e9chang\u00e9 au t\u00e9l\u00e9phone avec le secr\u00e9taire d\u2019\u00c9tat am\u00e9ricain Antony Blinken","breadcrumb":{"@id":"https:\/\/congopubonline.com\/?p=37725#breadcrumb"},"inLanguage":"fr-FR","potentialAction":[{"@type":"ReadAction","target":["https:\/\/congopubonline.com\/?p=37725"]}]},{"@type":"ImageObject","inLanguage":"fr-FR","@id":"https:\/\/congopubonline.com\/?p=37725#primaryimage","url":"https:\/\/congopubonline.com\/wp-content\/uploads\/2023\/05\/IMG-20230526-WA0002.jpg","contentUrl":"https:\/\/congopubonline.com\/wp-content\/uploads\/2023\/05\/IMG-20230526-WA0002.jpg","width":720,"height":369},{"@type":"BreadcrumbList","@id":"https:\/\/congopubonline.com\/?p=37725#breadcrumb","itemListElement":[{"@type":"ListItem","position":1,"name":"Accueil","item":"https:\/\/congopubonline.com\/"},{"@type":"ListItem","position":2,"name":"Tension entre Kinshasa et Kigali : F\u00e9lix Tshisekedi \u00e9changes avec Anthony Blinken sur le retrait de RDF\/M23"}]},{"@type":"WebSite","@id":"https:\/\/congopubonline.com\/#website","url":"https:\/\/congopubonline.com\/","name":"Congo Pub Online","description":"Votre site d&#039;actualit\u00e9","publisher":{"@id":"https:\/\/congopubonline.com\/#organization"},"alternateName":"Marketing 3.0","potentialAction":[{"@type":"SearchAction","target":{"@type":"EntryPoint","urlTemplate":"https:\/\/congopubonline.com\/?s={search_term_string}"},"query-input":{"@type":"PropertyValueSpecification","valueRequired":true,"valueName":"search_term_string"}}],"inLanguage":"fr-FR"},{"@type":"Organization","@id":"https:\/\/congopubonline.com\/#organization","name":"Congo Pub Online","url":"https:\/\/congopubonline.com\/","logo":{"@type":"ImageObject","inLanguage":"fr-FR","@id":"https:\/\/congopubonline.com\/#\/schema\/logo\/image\/","url":"https:\/\/congopubonline.com\/wp-content\/uploads\/2022\/09\/LOGO_CONGO-PUB-Online_Version-2.jpg","contentUrl":"https:\/\/congopubonline.com\/wp-content\/uploads\/2022\/09\/LOGO_CONGO-PUB-Online_Version-2.jpg","width":374,"height":223,"caption":"Congo Pub Online"},"image":{"@id":"https:\/\/congopubonline.com\/#\/schema\/logo\/image\/"},"sameAs":["https:\/\/web.facebook.com\/Congopubonline","https:\/\/x.com\/CONGOPUBOnline"]},{"@type":"Person","@id":"https:\/\/congopubonline.com\/#\/schema\/person\/0d76ad55397527fd49db9d33cd5d6c6c","name":"Sam's Londele","url":"https:\/\/congopubonline.com\/?author=75"}]}},"_links":{"self":[{"href":"https:\/\/congopubonline.com\/index.php?rest_route=\/wp\/v2\/posts\/37725","targetHints":{"allow":["GET"]}}],"collection":[{"href":"https:\/\/congopubonline.com\/index.php?rest_route=\/wp\/v2\/posts"}],"about":[{"href":"https:\/\/congopubonline.com\/index.php?rest_route=\/wp\/v2\/types\/post"}],"author":[{"embeddable":true,"href":"https:\/\/congopubonline.com\/index.php?rest_route=\/wp\/v2\/users\/75"}],"replies":[{"embeddable":true,"href":"https:\/\/congopubonline.com\/index.php?rest_route=%2Fwp%2Fv2%2Fcomments&post=37725"}],"version-history":[{"count":0,"href":"https:\/\/congopubonline.com\/index.php?rest_route=\/wp\/v2\/posts\/37725\/revisions"}],"wp:featuredmedia":[{"embeddable":true,"href":"https:\/\/congopubonline.com\/index.php?rest_route=\/wp\/v2\/media\/37733"}],"wp:attachment":[{"href":"https:\/\/congopubonline.com\/index.php?rest_route=%2Fwp%2Fv2%2Fmedia&parent=37725"}],"wp:term":[{"taxonomy":"category","embeddable":true,"href":"https:\/\/congopubonline.com\/index.php?rest_route=%2Fwp%2Fv2%2Fcategories&post=37725"},{"taxonomy":"post_tag","embeddable":true,"href":"https:\/\/congopubonline.com\/index.php?rest_route=%2Fwp%2Fv2%2Ftags&post=37725"}],"curies":[{"name":"wp","href":"https:\/\/api.w.org\/{rel}","templated":true}]}}