{"id":39481,"date":"2023-06-11T20:12:19","date_gmt":"2023-06-11T18:12:19","guid":{"rendered":"https:\/\/congopubonline.com\/?p=39481"},"modified":"2023-06-11T20:12:59","modified_gmt":"2023-06-11T18:12:59","slug":"vatican-sama-lukonde-et-le-cardinal-luis-antonio-se-felicitent-du-raffermissement-de-leur-relation","status":"publish","type":"post","link":"https:\/\/congopubonline.com\/?p=39481","title":{"rendered":"Vatican :Sama Lukonde et le Cardinal Luis Antonio se f\u00e9licitent du raffermissement de leur relation"},"content":{"rendered":"\n<p><strong>En mission dans le Haut-Katanga, le Premier Ministre, Jean-Michel Sama Lukonde Kyenge a conf\u00e9r\u00e9, ce samedi 10 juin 2023 avec l\u2019envoy\u00e9 sp\u00e9cial du Pape Fran\u00e7ois en RDC, le Cardinal Luis Antonio \u00e0 l\u2019archev\u00each\u00e9 de Lubumbashi.<\/strong><\/p>\n\n\n\n<p>Le chef du Gouvernement et l\u2019\u00e9missaire du souverain Pontife ont fait le point sur le raffermissement des relations entre l\u2019\u00e9glise catholique et le Gouvernement congolais, en marge du 3\u00e8me congr\u00e8s eucharistique national, dont les travaux se sont cl\u00f4tur\u00e9s vendredi 09 juin.<\/p>\n\n\n\n<p>\u00ab&nbsp;La mission que j\u2019effectue ici dans le Haut-Katanga, co\u00efncide avec cette grande rencontre au niveau de l\u2019\u00e9glise catholique. Une grande conf\u00e9rence qui a l\u2019honneur d\u2019avoir le repr\u00e9sentant de sa saintet\u00e9 le Pape \u00e0 ces assises. Donc, j\u2019ai estim\u00e9 qu\u2019il fallait absolument que je vienne et par la m\u00eame occasion, rencontrer tous les repr\u00e9sentants de l\u2019\u00e9glise \u00e0 partir du Cardinal, de l\u2019archev\u00eaque du dioc\u00e8se ici \u00e0 Lubumbashi et puis, les autres archev\u00eaques qui sont ici dans le cadre de cette conf\u00e9rence. On a maintenu et mentionn\u00e9 que le th\u00e8me de la grande rencontre \u00e9tait bien s\u00fbr &nbsp;\u00bb : eucharistie et famille&nbsp;\u00bb. Et donc, autant d\u2019exhortations qui vont \u00eatre faites et qui vont continuer&nbsp;\u00bb,<br>a dit en substance Jean-Michel Sama Lukonde.<\/p>\n\n\n\n<p>Avant de poursuivre : &nbsp;\u00bb Et moi c\u2019\u00e9tait simplement dans le cadre de la relation que nous avons entre le Gouvernement et l\u2019\u00e9glise. D\u2019abord, de venir pr\u00e9senter ses civilit\u00e9s et puis d\u2019avoir nos \u00e9changes habituels qui se passent toujours en toute cordialit\u00e9. Donc nous avons eu l\u2019occasion d\u2019avoir un bel \u00e9change. Une grande messe est pr\u00e9vue encore demain et d\u2019autres visites du Repr\u00e9sentant du Pape \u00e0 travers le pays, notamment \u00e0 Kolwezi et \u00e0 Goma. Nous esp\u00e9rons que son voyage va bien \u00e9voluer&nbsp;\u00bb.<\/p>\n\n\n\n<p>En fervent catholique, Jean-Michel Sama Lukonde a soulign\u00e9 l\u2019importance des relations qui existent entre l\u2019\u00c9tat congolais et l\u2019\u00e9glise catholique. Il a salu\u00e9, par ailleurs, la visite du Repr\u00e9sentant du Souverain pontife en R\u00e9publique d\u00e9mocratique du Congo.<\/p>\n\n\n\n<p>C\u2019est en 1933 qu\u2019a \u00e9t\u00e9 c\u00e9l\u00e9br\u00e9, \u00e0 Kisantu, le 1er Congr\u00e8s eucharistique national de la RDC, le deuxi\u00e8me a \u00e9t\u00e9 organis\u00e9 \u00e0 Kinshasa en 1980. Pr\u00e9sentement, c\u2019est dans la ville cuprif\u00e8re de Lubumbashi que l\u2019Eglise-Famille de Dieu en RD Congo se r\u00e9unit autour de J\u00e9sus-Christ pr\u00e9sent dans le Tr\u00e8s Saint Sacrement de l\u2019Autel, sous le th\u00e8me \u00ab Eucharistie et Famille \u00bb.<\/p>\n\n\n\n<p><strong>Murphy Fika<\/strong><\/p>\n\n\n\n<p><strong>Objectif Infos via  CONGO PUB Online <\/strong><\/p>\n<div class='epvc-post-count'><span class='epvc-eye'><\/span>  <span class=\"epvc-count\"> 246<\/span><span class='epvc-label'> Vues<\/span><\/div>","protected":false},"excerpt":{"rendered":"<p>En mission dans le Haut-Katanga, le Premier Ministre, Jean-Michel Sama Lukonde Kyenge a conf\u00e9r\u00e9, ce samedi 10 juin 2023 avec l\u2019envoy\u00e9 sp\u00e9cial du Pape Fran\u00e7ois en RDC, le Cardinal Luis&hellip;<\/p>\n","protected":false},"author":71,"featured_media":39482,"comment_status":"closed","ping_status":"closed","sticky":false,"template":"","format":"standard","meta":{"content-type":"","_monsterinsights_skip_tracking":false,"_monsterinsights_sitenote_active":false,"_monsterinsights_sitenote_note":"","_monsterinsights_sitenote_category":0,"footnotes":""},"categories":[844,62],"tags":[],"class_list":["post-39481","post","type-post","status-publish","format-standard","has-post-thumbnail","hentry","category-a-la-une","category-societe"],"yoast_head":"<!-- This site is optimized with the Yoast SEO Premium plugin v25.4 (Yoast SEO v25.4) - https:\/\/yoast.com\/wordpress\/plugins\/seo\/ -->\n<title>Vatican :Sama Lukonde et le Cardinal Luis Antonio se f\u00e9licitent du raffermissement de leur relation - Congo Pub Online<\/title>\n<meta name=\"description\" content=\"Vatican :Sama Lukonde et le Cardinal Luis Antonio se f\u00e9licitent du raffermissement de leur relation\" \/>\n<meta name=\"robots\" content=\"index, follow, max-snippet:-1, max-image-preview:large, max-video-preview:-1\" \/>\n<link rel=\"canonical\" href=\"https:\/\/congopubonline.com\/?p=39481\" \/>\n<meta property=\"og:locale\" content=\"fr_FR\" \/>\n<meta property=\"og:type\" content=\"article\" \/>\n<meta property=\"og:title\" content=\"Vatican :Sama Lukonde et le Cardinal Luis Antonio se f\u00e9licitent du raffermissement de leur relation\" \/>\n<meta property=\"og:description\" content=\"Vatican :Sama Lukonde et le Cardinal Luis Antonio se f\u00e9licitent du raffermissement de leur relation\" \/>\n<meta property=\"og:url\" content=\"https:\/\/congopubonline.com\/?p=39481\" \/>\n<meta property=\"og:site_name\" content=\"Congo Pub Online\" \/>\n<meta property=\"article:publisher\" content=\"https:\/\/web.facebook.com\/Congopubonline\" \/>\n<meta property=\"article:published_time\" content=\"2023-06-11T18:12:19+00:00\" \/>\n<meta property=\"article:modified_time\" content=\"2023-06-11T18:12:59+00:00\" \/>\n<meta property=\"og:image\" content=\"https:\/\/congopubonline.com\/wp-content\/uploads\/2023\/06\/sama_vatican.jpg\" \/>\n\t<meta property=\"og:image:width\" content=\"499\" \/>\n\t<meta property=\"og:image:height\" content=\"401\" \/>\n\t<meta property=\"og:image:type\" content=\"image\/jpeg\" \/>\n<meta name=\"author\" content=\"Guyguy Lelo\" \/>\n<meta name=\"twitter:card\" content=\"summary_large_image\" \/>\n<meta name=\"twitter:creator\" content=\"@CONGOPUBOnline\" \/>\n<meta name=\"twitter:site\" content=\"@CONGOPUBOnline\" \/>\n<meta name=\"twitter:label1\" content=\"\u00c9crit par\" \/>\n\t<meta name=\"twitter:data1\" content=\"Guyguy Lelo\" \/>\n\t<meta name=\"twitter:label2\" content=\"Dur\u00e9e de lecture estim\u00e9e\" \/>\n\t<meta name=\"twitter:data2\" content=\"2 minutes\" \/>\n<script type=\"application\/ld+json\" class=\"yoast-schema-graph\">{\"@context\":\"https:\/\/schema.org\",\"@graph\":[{\"@type\":\"Article\",\"@id\":\"https:\/\/congopubonline.com\/?p=39481#article\",\"isPartOf\":{\"@id\":\"https:\/\/congopubonline.com\/?p=39481\"},\"author\":{\"name\":\"Guyguy Lelo\",\"@id\":\"https:\/\/congopubonline.com\/#\/schema\/person\/eaa250ea5a17b1e5fd9b8415093072ab\"},\"headline\":\"Vatican :Sama Lukonde et le Cardinal Luis Antonio se f\u00e9licitent du raffermissement de leur relation\",\"datePublished\":\"2023-06-11T18:12:19+00:00\",\"dateModified\":\"2023-06-11T18:12:59+00:00\",\"mainEntityOfPage\":{\"@id\":\"https:\/\/congopubonline.com\/?p=39481\"},\"wordCount\":450,\"publisher\":{\"@id\":\"https:\/\/congopubonline.com\/#organization\"},\"image\":{\"@id\":\"https:\/\/congopubonline.com\/?p=39481#primaryimage\"},\"thumbnailUrl\":\"https:\/\/congopubonline.com\/wp-content\/uploads\/2023\/06\/sama_vatican.jpg\",\"articleSection\":[\"\u00c0 la Une\",\"Soci\u00e9t\u00e9\"],\"inLanguage\":\"fr-FR\"},{\"@type\":\"WebPage\",\"@id\":\"https:\/\/congopubonline.com\/?p=39481\",\"url\":\"https:\/\/congopubonline.com\/?p=39481\",\"name\":\"Vatican :Sama Lukonde et le Cardinal Luis Antonio se f\u00e9licitent du raffermissement de leur relation - Congo Pub Online\",\"isPartOf\":{\"@id\":\"https:\/\/congopubonline.com\/#website\"},\"primaryImageOfPage\":{\"@id\":\"https:\/\/congopubonline.com\/?p=39481#primaryimage\"},\"image\":{\"@id\":\"https:\/\/congopubonline.com\/?p=39481#primaryimage\"},\"thumbnailUrl\":\"https:\/\/congopubonline.com\/wp-content\/uploads\/2023\/06\/sama_vatican.jpg\",\"datePublished\":\"2023-06-11T18:12:19+00:00\",\"dateModified\":\"2023-06-11T18:12:59+00:00\",\"description\":\"Vatican :Sama Lukonde et le Cardinal Luis Antonio se f\u00e9licitent du raffermissement de leur relation\",\"breadcrumb\":{\"@id\":\"https:\/\/congopubonline.com\/?p=39481#breadcrumb\"},\"inLanguage\":\"fr-FR\",\"potentialAction\":[{\"@type\":\"ReadAction\",\"target\":[\"https:\/\/congopubonline.com\/?p=39481\"]}]},{\"@type\":\"ImageObject\",\"inLanguage\":\"fr-FR\",\"@id\":\"https:\/\/congopubonline.com\/?p=39481#primaryimage\",\"url\":\"https:\/\/congopubonline.com\/wp-content\/uploads\/2023\/06\/sama_vatican.jpg\",\"contentUrl\":\"https:\/\/congopubonline.com\/wp-content\/uploads\/2023\/06\/sama_vatican.jpg\",\"width\":499,\"height\":401},{\"@type\":\"BreadcrumbList\",\"@id\":\"https:\/\/congopubonline.com\/?p=39481#breadcrumb\",\"itemListElement\":[{\"@type\":\"ListItem\",\"position\":1,\"name\":\"Accueil\",\"item\":\"https:\/\/congopubonline.com\/\"},{\"@type\":\"ListItem\",\"position\":2,\"name\":\"Vatican :Sama Lukonde et le Cardinal Luis Antonio se f\u00e9licitent du raffermissement de leur relation\"}]},{\"@type\":\"WebSite\",\"@id\":\"https:\/\/congopubonline.com\/#website\",\"url\":\"https:\/\/congopubonline.com\/\",\"name\":\"Congo Pub Online\",\"description\":\"Votre site d&#039;actualit\u00e9\",\"publisher\":{\"@id\":\"https:\/\/congopubonline.com\/#organization\"},\"alternateName\":\"Marketing 3.0\",\"potentialAction\":[{\"@type\":\"SearchAction\",\"target\":{\"@type\":\"EntryPoint\",\"urlTemplate\":\"https:\/\/congopubonline.com\/?s={search_term_string}\"},\"query-input\":{\"@type\":\"PropertyValueSpecification\",\"valueRequired\":true,\"valueName\":\"search_term_string\"}}],\"inLanguage\":\"fr-FR\"},{\"@type\":\"Organization\",\"@id\":\"https:\/\/congopubonline.com\/#organization\",\"name\":\"Congo Pub Online\",\"url\":\"https:\/\/congopubonline.com\/\",\"logo\":{\"@type\":\"ImageObject\",\"inLanguage\":\"fr-FR\",\"@id\":\"https:\/\/congopubonline.com\/#\/schema\/logo\/image\/\",\"url\":\"https:\/\/congopubonline.com\/wp-content\/uploads\/2022\/09\/LOGO_CONGO-PUB-Online_Version-2.jpg\",\"contentUrl\":\"https:\/\/congopubonline.com\/wp-content\/uploads\/2022\/09\/LOGO_CONGO-PUB-Online_Version-2.jpg\",\"width\":374,\"height\":223,\"caption\":\"Congo Pub Online\"},\"image\":{\"@id\":\"https:\/\/congopubonline.com\/#\/schema\/logo\/image\/\"},\"sameAs\":[\"https:\/\/web.facebook.com\/Congopubonline\",\"https:\/\/x.com\/CONGOPUBOnline\"]},{\"@type\":\"Person\",\"@id\":\"https:\/\/congopubonline.com\/#\/schema\/person\/eaa250ea5a17b1e5fd9b8415093072ab\",\"name\":\"Guyguy Lelo\",\"url\":\"https:\/\/congopubonline.com\/?author=71\"}]}<\/script>\n<!-- \/ Yoast SEO Premium plugin. -->","yoast_head_json":{"title":"Vatican :Sama Lukonde et le Cardinal Luis Antonio se f\u00e9licitent du raffermissement de leur relation - Congo Pub Online","description":"Vatican :Sama Lukonde et le Cardinal Luis Antonio se f\u00e9licitent du raffermissement de leur relation","robots":{"index":"index","follow":"follow","max-snippet":"max-snippet:-1","max-image-preview":"max-image-preview:large","max-video-preview":"max-video-preview:-1"},"canonical":"https:\/\/congopubonline.com\/?p=39481","og_locale":"fr_FR","og_type":"article","og_title":"Vatican :Sama Lukonde et le Cardinal Luis Antonio se f\u00e9licitent du raffermissement de leur relation","og_description":"Vatican :Sama Lukonde et le Cardinal Luis Antonio se f\u00e9licitent du raffermissement de leur relation","og_url":"https:\/\/congopubonline.com\/?p=39481","og_site_name":"Congo Pub Online","article_publisher":"https:\/\/web.facebook.com\/Congopubonline","article_published_time":"2023-06-11T18:12:19+00:00","article_modified_time":"2023-06-11T18:12:59+00:00","og_image":[{"width":499,"height":401,"url":"https:\/\/congopubonline.com\/wp-content\/uploads\/2023\/06\/sama_vatican.jpg","type":"image\/jpeg"}],"author":"Guyguy Lelo","twitter_card":"summary_large_image","twitter_creator":"@CONGOPUBOnline","twitter_site":"@CONGOPUBOnline","twitter_misc":{"\u00c9crit par":"Guyguy Lelo","Dur\u00e9e de lecture estim\u00e9e":"2 minutes"},"schema":{"@context":"https:\/\/schema.org","@graph":[{"@type":"Article","@id":"https:\/\/congopubonline.com\/?p=39481#article","isPartOf":{"@id":"https:\/\/congopubonline.com\/?p=39481"},"author":{"name":"Guyguy Lelo","@id":"https:\/\/congopubonline.com\/#\/schema\/person\/eaa250ea5a17b1e5fd9b8415093072ab"},"headline":"Vatican :Sama Lukonde et le Cardinal Luis Antonio se f\u00e9licitent du raffermissement de leur relation","datePublished":"2023-06-11T18:12:19+00:00","dateModified":"2023-06-11T18:12:59+00:00","mainEntityOfPage":{"@id":"https:\/\/congopubonline.com\/?p=39481"},"wordCount":450,"publisher":{"@id":"https:\/\/congopubonline.com\/#organization"},"image":{"@id":"https:\/\/congopubonline.com\/?p=39481#primaryimage"},"thumbnailUrl":"https:\/\/congopubonline.com\/wp-content\/uploads\/2023\/06\/sama_vatican.jpg","articleSection":["\u00c0 la Une","Soci\u00e9t\u00e9"],"inLanguage":"fr-FR"},{"@type":"WebPage","@id":"https:\/\/congopubonline.com\/?p=39481","url":"https:\/\/congopubonline.com\/?p=39481","name":"Vatican :Sama Lukonde et le Cardinal Luis Antonio se f\u00e9licitent du raffermissement de leur relation - Congo Pub Online","isPartOf":{"@id":"https:\/\/congopubonline.com\/#website"},"primaryImageOfPage":{"@id":"https:\/\/congopubonline.com\/?p=39481#primaryimage"},"image":{"@id":"https:\/\/congopubonline.com\/?p=39481#primaryimage"},"thumbnailUrl":"https:\/\/congopubonline.com\/wp-content\/uploads\/2023\/06\/sama_vatican.jpg","datePublished":"2023-06-11T18:12:19+00:00","dateModified":"2023-06-11T18:12:59+00:00","description":"Vatican :Sama Lukonde et le Cardinal Luis Antonio se f\u00e9licitent du raffermissement de leur relation","breadcrumb":{"@id":"https:\/\/congopubonline.com\/?p=39481#breadcrumb"},"inLanguage":"fr-FR","potentialAction":[{"@type":"ReadAction","target":["https:\/\/congopubonline.com\/?p=39481"]}]},{"@type":"ImageObject","inLanguage":"fr-FR","@id":"https:\/\/congopubonline.com\/?p=39481#primaryimage","url":"https:\/\/congopubonline.com\/wp-content\/uploads\/2023\/06\/sama_vatican.jpg","contentUrl":"https:\/\/congopubonline.com\/wp-content\/uploads\/2023\/06\/sama_vatican.jpg","width":499,"height":401},{"@type":"BreadcrumbList","@id":"https:\/\/congopubonline.com\/?p=39481#breadcrumb","itemListElement":[{"@type":"ListItem","position":1,"name":"Accueil","item":"https:\/\/congopubonline.com\/"},{"@type":"ListItem","position":2,"name":"Vatican :Sama Lukonde et le Cardinal Luis Antonio se f\u00e9licitent du raffermissement de leur relation"}]},{"@type":"WebSite","@id":"https:\/\/congopubonline.com\/#website","url":"https:\/\/congopubonline.com\/","name":"Congo Pub Online","description":"Votre site d&#039;actualit\u00e9","publisher":{"@id":"https:\/\/congopubonline.com\/#organization"},"alternateName":"Marketing 3.0","potentialAction":[{"@type":"SearchAction","target":{"@type":"EntryPoint","urlTemplate":"https:\/\/congopubonline.com\/?s={search_term_string}"},"query-input":{"@type":"PropertyValueSpecification","valueRequired":true,"valueName":"search_term_string"}}],"inLanguage":"fr-FR"},{"@type":"Organization","@id":"https:\/\/congopubonline.com\/#organization","name":"Congo Pub Online","url":"https:\/\/congopubonline.com\/","logo":{"@type":"ImageObject","inLanguage":"fr-FR","@id":"https:\/\/congopubonline.com\/#\/schema\/logo\/image\/","url":"https:\/\/congopubonline.com\/wp-content\/uploads\/2022\/09\/LOGO_CONGO-PUB-Online_Version-2.jpg","contentUrl":"https:\/\/congopubonline.com\/wp-content\/uploads\/2022\/09\/LOGO_CONGO-PUB-Online_Version-2.jpg","width":374,"height":223,"caption":"Congo Pub Online"},"image":{"@id":"https:\/\/congopubonline.com\/#\/schema\/logo\/image\/"},"sameAs":["https:\/\/web.facebook.com\/Congopubonline","https:\/\/x.com\/CONGOPUBOnline"]},{"@type":"Person","@id":"https:\/\/congopubonline.com\/#\/schema\/person\/eaa250ea5a17b1e5fd9b8415093072ab","name":"Guyguy Lelo","url":"https:\/\/congopubonline.com\/?author=71"}]}},"_links":{"self":[{"href":"https:\/\/congopubonline.com\/index.php?rest_route=\/wp\/v2\/posts\/39481","targetHints":{"allow":["GET"]}}],"collection":[{"href":"https:\/\/congopubonline.com\/index.php?rest_route=\/wp\/v2\/posts"}],"about":[{"href":"https:\/\/congopubonline.com\/index.php?rest_route=\/wp\/v2\/types\/post"}],"author":[{"embeddable":true,"href":"https:\/\/congopubonline.com\/index.php?rest_route=\/wp\/v2\/users\/71"}],"replies":[{"embeddable":true,"href":"https:\/\/congopubonline.com\/index.php?rest_route=%2Fwp%2Fv2%2Fcomments&post=39481"}],"version-history":[{"count":0,"href":"https:\/\/congopubonline.com\/index.php?rest_route=\/wp\/v2\/posts\/39481\/revisions"}],"wp:featuredmedia":[{"embeddable":true,"href":"https:\/\/congopubonline.com\/index.php?rest_route=\/wp\/v2\/media\/39482"}],"wp:attachment":[{"href":"https:\/\/congopubonline.com\/index.php?rest_route=%2Fwp%2Fv2%2Fmedia&parent=39481"}],"wp:term":[{"taxonomy":"category","embeddable":true,"href":"https:\/\/congopubonline.com\/index.php?rest_route=%2Fwp%2Fv2%2Fcategories&post=39481"},{"taxonomy":"post_tag","embeddable":true,"href":"https:\/\/congopubonline.com\/index.php?rest_route=%2Fwp%2Fv2%2Ftags&post=39481"}],"curies":[{"name":"wp","href":"https:\/\/api.w.org\/{rel}","templated":true}]}}