{"id":40361,"date":"2023-06-19T14:37:26","date_gmt":"2023-06-19T12:37:26","guid":{"rendered":"https:\/\/congopubonline.com\/?p=40361"},"modified":"2023-06-19T14:44:48","modified_gmt":"2023-06-19T12:44:48","slug":"kinshasa-la-semaine-canadienne-annoncee-du-21-au-24-juin","status":"publish","type":"post","link":"https:\/\/congopubonline.com\/?p=40361","title":{"rendered":"Kinshasa : la semaine canadienne annonc\u00e9e du 21 au 24 juin"},"content":{"rendered":"\n<p><strong>La jeune chambre de commerce de Congo Kinshasa au Qu\u00e9bec (JCCKQ) organise \u00e0 Kinshasa, du 21 au 24 juin, la semaine canadienne, autour du th\u00e8me : \u00ab&nbsp;Promouvoir la coop\u00e9ration bilat\u00e9rale entre le Canada et la RDC&nbsp;\u00bb.<\/strong><\/p>\n\n\n\n<p>La rencontre qui se tiendra \u00e0 l\u2019initiative de Fabrice Tompa Ilunga, jeune entrepreneur congolais r\u00e9sidant au Canada, vise \u00e0 nouer des partenariats pour booster le business entre les deux pays.<\/p>\n\n\n\n<p>Selon les organisateurs, les secteurs de l\u2019\u00e9ducation, du transport et de tourisme sont principalement cibl\u00e9s \u00e0 travers ces assises qui vont permettre de cr\u00e9er de nouvelles opportunit\u00e9s entrepreneuriales d\u2019emplois et de trouver des solutions b\u00e9n\u00e9fiques pour la grande communaut\u00e9 congolaise.<\/p>\n\n\n\n<p>\u00ab&nbsp;<em>Je ne pr\u00e9tends pas \u00eatre un sauveur aux probl\u00e8mes communautaires de mon pays, par contre j\u2019aimerais en r\u00e9duire l\u2019intensit\u00e9 en cr\u00e9ant de nouvelles opportunit\u00e9s pour mon pays la RDC, \u00e0 travers ce r\u00e9seautage<\/em>\u00ab&nbsp;, a dit Fabrice Tompa, Initiateur de la JCCKQ.<\/p>\n\n\n\n<p>Les organisations partenaires \u00e0 la semaine canadienne salue cette initiative pour une collaboration gagnante pour les parties prenantes, en vue de revigorer les secteurs socio\u00e9conomiques congolais.<\/p>\n\n\n\n<p>La jeune chambre de commerce de Congo Kinshasa au Qu\u00e9bec fut cr\u00e9er en 2017 en vue de promouvoir la coop\u00e9ration bilat\u00e9rale entre la RDC et le Canada.<\/p>\n\n\n\n<p><strong>Gacky Anangamina<\/strong><\/p>\n\n\n\n<p><strong>ACTU 30 via CONGO PUB Online<\/strong><\/p>\n<div class='epvc-post-count'><span class='epvc-eye'><\/span>  <span class=\"epvc-count\"> 227<\/span><span class='epvc-label'> Vues<\/span><\/div>","protected":false},"excerpt":{"rendered":"<p>La jeune chambre de commerce de Congo Kinshasa au Qu\u00e9bec (JCCKQ) organise \u00e0 Kinshasa, du 21 au 24 juin, la semaine canadienne, autour du th\u00e8me : \u00ab&nbsp;Promouvoir la coop\u00e9ration bilat\u00e9rale&hellip;<\/p>\n","protected":false},"author":75,"featured_media":40365,"comment_status":"closed","ping_status":"closed","sticky":false,"template":"","format":"standard","meta":{"content-type":"","_monsterinsights_skip_tracking":false,"_monsterinsights_sitenote_active":false,"_monsterinsights_sitenote_note":"","_monsterinsights_sitenote_category":0,"footnotes":""},"categories":[844,62],"tags":[289,3870,254],"class_list":["post-40361","post","type-post","status-publish","format-standard","has-post-thumbnail","hentry","category-a-la-une","category-societe","tag-kinshasa","tag-la-semaine-canadienne","tag-rdc"],"yoast_head":"<!-- This site is optimized with the Yoast SEO Premium plugin v25.4 (Yoast SEO v25.4) - https:\/\/yoast.com\/wordpress\/plugins\/seo\/ -->\n<title>Kinshasa : la semaine canadienne annonc\u00e9e du 21 au 24 juin<\/title>\n<meta name=\"description\" content=\"La jeune chambre de commerce de Congo Kinshasa au Qu\u00e9bec (JCCKQ) organise \u00e0 Kinshasa, du 21 au 24 juin, la semaine canadienne...\" \/>\n<meta name=\"robots\" content=\"index, follow, max-snippet:-1, max-image-preview:large, max-video-preview:-1\" \/>\n<link rel=\"canonical\" href=\"https:\/\/congopubonline.com\/?p=40361\" \/>\n<meta property=\"og:locale\" content=\"fr_FR\" \/>\n<meta property=\"og:type\" content=\"article\" \/>\n<meta property=\"og:title\" content=\"Kinshasa : la semaine canadienne annonc\u00e9e du 21 au 24 juin\" \/>\n<meta property=\"og:description\" content=\"La jeune chambre de commerce de Congo Kinshasa au Qu\u00e9bec (JCCKQ) organise \u00e0 Kinshasa, du 21 au 24 juin, la semaine canadienne...\" \/>\n<meta property=\"og:url\" content=\"https:\/\/congopubonline.com\/?p=40361\" \/>\n<meta property=\"og:site_name\" content=\"Congo Pub Online\" \/>\n<meta property=\"article:publisher\" content=\"https:\/\/web.facebook.com\/Congopubonline\" \/>\n<meta property=\"article:published_time\" content=\"2023-06-19T12:37:26+00:00\" \/>\n<meta property=\"article:modified_time\" content=\"2023-06-19T12:44:48+00:00\" \/>\n<meta property=\"og:image\" content=\"https:\/\/congopubonline.com\/wp-content\/uploads\/2023\/06\/Capture-decran-2023-06-19-134245.jpg\" \/>\n\t<meta property=\"og:image:width\" content=\"891\" \/>\n\t<meta property=\"og:image:height\" content=\"613\" \/>\n\t<meta property=\"og:image:type\" content=\"image\/jpeg\" \/>\n<meta name=\"author\" content=\"Sam&#039;s Londele\" \/>\n<meta name=\"twitter:card\" content=\"summary_large_image\" \/>\n<meta name=\"twitter:creator\" content=\"@CONGOPUBOnline\" \/>\n<meta name=\"twitter:site\" content=\"@CONGOPUBOnline\" \/>\n<meta name=\"twitter:label1\" content=\"\u00c9crit par\" \/>\n\t<meta name=\"twitter:data1\" content=\"Sam&#039;s Londele\" \/>\n\t<meta name=\"twitter:label2\" content=\"Dur\u00e9e de lecture estim\u00e9e\" \/>\n\t<meta name=\"twitter:data2\" content=\"2 minutes\" \/>\n<script type=\"application\/ld+json\" class=\"yoast-schema-graph\">{\"@context\":\"https:\/\/schema.org\",\"@graph\":[{\"@type\":\"Article\",\"@id\":\"https:\/\/congopubonline.com\/?p=40361#article\",\"isPartOf\":{\"@id\":\"https:\/\/congopubonline.com\/?p=40361\"},\"author\":{\"name\":\"Sam's Londele\",\"@id\":\"https:\/\/congopubonline.com\/#\/schema\/person\/0d76ad55397527fd49db9d33cd5d6c6c\"},\"headline\":\"Kinshasa : la semaine canadienne annonc\u00e9e du 21 au 24 juin\",\"datePublished\":\"2023-06-19T12:37:26+00:00\",\"dateModified\":\"2023-06-19T12:44:48+00:00\",\"mainEntityOfPage\":{\"@id\":\"https:\/\/congopubonline.com\/?p=40361\"},\"wordCount\":236,\"publisher\":{\"@id\":\"https:\/\/congopubonline.com\/#organization\"},\"image\":{\"@id\":\"https:\/\/congopubonline.com\/?p=40361#primaryimage\"},\"thumbnailUrl\":\"https:\/\/congopubonline.com\/wp-content\/uploads\/2023\/06\/Capture-decran-2023-06-19-134245.jpg\",\"keywords\":[\"Kinshasa\",\"la semaine canadienne\",\"RDC\"],\"articleSection\":[\"\u00c0 la Une\",\"Soci\u00e9t\u00e9\"],\"inLanguage\":\"fr-FR\"},{\"@type\":\"WebPage\",\"@id\":\"https:\/\/congopubonline.com\/?p=40361\",\"url\":\"https:\/\/congopubonline.com\/?p=40361\",\"name\":\"Kinshasa : la semaine canadienne annonc\u00e9e du 21 au 24 juin\",\"isPartOf\":{\"@id\":\"https:\/\/congopubonline.com\/#website\"},\"primaryImageOfPage\":{\"@id\":\"https:\/\/congopubonline.com\/?p=40361#primaryimage\"},\"image\":{\"@id\":\"https:\/\/congopubonline.com\/?p=40361#primaryimage\"},\"thumbnailUrl\":\"https:\/\/congopubonline.com\/wp-content\/uploads\/2023\/06\/Capture-decran-2023-06-19-134245.jpg\",\"datePublished\":\"2023-06-19T12:37:26+00:00\",\"dateModified\":\"2023-06-19T12:44:48+00:00\",\"description\":\"La jeune chambre de commerce de Congo Kinshasa au Qu\u00e9bec (JCCKQ) organise \u00e0 Kinshasa, du 21 au 24 juin, la semaine canadienne...\",\"breadcrumb\":{\"@id\":\"https:\/\/congopubonline.com\/?p=40361#breadcrumb\"},\"inLanguage\":\"fr-FR\",\"potentialAction\":[{\"@type\":\"ReadAction\",\"target\":[\"https:\/\/congopubonline.com\/?p=40361\"]}]},{\"@type\":\"ImageObject\",\"inLanguage\":\"fr-FR\",\"@id\":\"https:\/\/congopubonline.com\/?p=40361#primaryimage\",\"url\":\"https:\/\/congopubonline.com\/wp-content\/uploads\/2023\/06\/Capture-decran-2023-06-19-134245.jpg\",\"contentUrl\":\"https:\/\/congopubonline.com\/wp-content\/uploads\/2023\/06\/Capture-decran-2023-06-19-134245.jpg\",\"width\":891,\"height\":613},{\"@type\":\"BreadcrumbList\",\"@id\":\"https:\/\/congopubonline.com\/?p=40361#breadcrumb\",\"itemListElement\":[{\"@type\":\"ListItem\",\"position\":1,\"name\":\"Accueil\",\"item\":\"https:\/\/congopubonline.com\/\"},{\"@type\":\"ListItem\",\"position\":2,\"name\":\"Kinshasa : la semaine canadienne annonc\u00e9e du 21 au 24 juin\"}]},{\"@type\":\"WebSite\",\"@id\":\"https:\/\/congopubonline.com\/#website\",\"url\":\"https:\/\/congopubonline.com\/\",\"name\":\"Congo Pub Online\",\"description\":\"Votre site d&#039;actualit\u00e9\",\"publisher\":{\"@id\":\"https:\/\/congopubonline.com\/#organization\"},\"alternateName\":\"Marketing 3.0\",\"potentialAction\":[{\"@type\":\"SearchAction\",\"target\":{\"@type\":\"EntryPoint\",\"urlTemplate\":\"https:\/\/congopubonline.com\/?s={search_term_string}\"},\"query-input\":{\"@type\":\"PropertyValueSpecification\",\"valueRequired\":true,\"valueName\":\"search_term_string\"}}],\"inLanguage\":\"fr-FR\"},{\"@type\":\"Organization\",\"@id\":\"https:\/\/congopubonline.com\/#organization\",\"name\":\"Congo Pub Online\",\"url\":\"https:\/\/congopubonline.com\/\",\"logo\":{\"@type\":\"ImageObject\",\"inLanguage\":\"fr-FR\",\"@id\":\"https:\/\/congopubonline.com\/#\/schema\/logo\/image\/\",\"url\":\"https:\/\/congopubonline.com\/wp-content\/uploads\/2022\/09\/LOGO_CONGO-PUB-Online_Version-2.jpg\",\"contentUrl\":\"https:\/\/congopubonline.com\/wp-content\/uploads\/2022\/09\/LOGO_CONGO-PUB-Online_Version-2.jpg\",\"width\":374,\"height\":223,\"caption\":\"Congo Pub Online\"},\"image\":{\"@id\":\"https:\/\/congopubonline.com\/#\/schema\/logo\/image\/\"},\"sameAs\":[\"https:\/\/web.facebook.com\/Congopubonline\",\"https:\/\/x.com\/CONGOPUBOnline\"]},{\"@type\":\"Person\",\"@id\":\"https:\/\/congopubonline.com\/#\/schema\/person\/0d76ad55397527fd49db9d33cd5d6c6c\",\"name\":\"Sam's Londele\",\"url\":\"https:\/\/congopubonline.com\/?author=75\"}]}<\/script>\n<!-- \/ Yoast SEO Premium plugin. -->","yoast_head_json":{"title":"Kinshasa : la semaine canadienne annonc\u00e9e du 21 au 24 juin","description":"La jeune chambre de commerce de Congo Kinshasa au Qu\u00e9bec (JCCKQ) organise \u00e0 Kinshasa, du 21 au 24 juin, la semaine canadienne...","robots":{"index":"index","follow":"follow","max-snippet":"max-snippet:-1","max-image-preview":"max-image-preview:large","max-video-preview":"max-video-preview:-1"},"canonical":"https:\/\/congopubonline.com\/?p=40361","og_locale":"fr_FR","og_type":"article","og_title":"Kinshasa : la semaine canadienne annonc\u00e9e du 21 au 24 juin","og_description":"La jeune chambre de commerce de Congo Kinshasa au Qu\u00e9bec (JCCKQ) organise \u00e0 Kinshasa, du 21 au 24 juin, la semaine canadienne...","og_url":"https:\/\/congopubonline.com\/?p=40361","og_site_name":"Congo Pub Online","article_publisher":"https:\/\/web.facebook.com\/Congopubonline","article_published_time":"2023-06-19T12:37:26+00:00","article_modified_time":"2023-06-19T12:44:48+00:00","og_image":[{"width":891,"height":613,"url":"https:\/\/congopubonline.com\/wp-content\/uploads\/2023\/06\/Capture-decran-2023-06-19-134245.jpg","type":"image\/jpeg"}],"author":"Sam's Londele","twitter_card":"summary_large_image","twitter_creator":"@CONGOPUBOnline","twitter_site":"@CONGOPUBOnline","twitter_misc":{"\u00c9crit par":"Sam's Londele","Dur\u00e9e de lecture estim\u00e9e":"2 minutes"},"schema":{"@context":"https:\/\/schema.org","@graph":[{"@type":"Article","@id":"https:\/\/congopubonline.com\/?p=40361#article","isPartOf":{"@id":"https:\/\/congopubonline.com\/?p=40361"},"author":{"name":"Sam's Londele","@id":"https:\/\/congopubonline.com\/#\/schema\/person\/0d76ad55397527fd49db9d33cd5d6c6c"},"headline":"Kinshasa : la semaine canadienne annonc\u00e9e du 21 au 24 juin","datePublished":"2023-06-19T12:37:26+00:00","dateModified":"2023-06-19T12:44:48+00:00","mainEntityOfPage":{"@id":"https:\/\/congopubonline.com\/?p=40361"},"wordCount":236,"publisher":{"@id":"https:\/\/congopubonline.com\/#organization"},"image":{"@id":"https:\/\/congopubonline.com\/?p=40361#primaryimage"},"thumbnailUrl":"https:\/\/congopubonline.com\/wp-content\/uploads\/2023\/06\/Capture-decran-2023-06-19-134245.jpg","keywords":["Kinshasa","la semaine canadienne","RDC"],"articleSection":["\u00c0 la Une","Soci\u00e9t\u00e9"],"inLanguage":"fr-FR"},{"@type":"WebPage","@id":"https:\/\/congopubonline.com\/?p=40361","url":"https:\/\/congopubonline.com\/?p=40361","name":"Kinshasa : la semaine canadienne annonc\u00e9e du 21 au 24 juin","isPartOf":{"@id":"https:\/\/congopubonline.com\/#website"},"primaryImageOfPage":{"@id":"https:\/\/congopubonline.com\/?p=40361#primaryimage"},"image":{"@id":"https:\/\/congopubonline.com\/?p=40361#primaryimage"},"thumbnailUrl":"https:\/\/congopubonline.com\/wp-content\/uploads\/2023\/06\/Capture-decran-2023-06-19-134245.jpg","datePublished":"2023-06-19T12:37:26+00:00","dateModified":"2023-06-19T12:44:48+00:00","description":"La jeune chambre de commerce de Congo Kinshasa au Qu\u00e9bec (JCCKQ) organise \u00e0 Kinshasa, du 21 au 24 juin, la semaine canadienne...","breadcrumb":{"@id":"https:\/\/congopubonline.com\/?p=40361#breadcrumb"},"inLanguage":"fr-FR","potentialAction":[{"@type":"ReadAction","target":["https:\/\/congopubonline.com\/?p=40361"]}]},{"@type":"ImageObject","inLanguage":"fr-FR","@id":"https:\/\/congopubonline.com\/?p=40361#primaryimage","url":"https:\/\/congopubonline.com\/wp-content\/uploads\/2023\/06\/Capture-decran-2023-06-19-134245.jpg","contentUrl":"https:\/\/congopubonline.com\/wp-content\/uploads\/2023\/06\/Capture-decran-2023-06-19-134245.jpg","width":891,"height":613},{"@type":"BreadcrumbList","@id":"https:\/\/congopubonline.com\/?p=40361#breadcrumb","itemListElement":[{"@type":"ListItem","position":1,"name":"Accueil","item":"https:\/\/congopubonline.com\/"},{"@type":"ListItem","position":2,"name":"Kinshasa : la semaine canadienne annonc\u00e9e du 21 au 24 juin"}]},{"@type":"WebSite","@id":"https:\/\/congopubonline.com\/#website","url":"https:\/\/congopubonline.com\/","name":"Congo Pub Online","description":"Votre site d&#039;actualit\u00e9","publisher":{"@id":"https:\/\/congopubonline.com\/#organization"},"alternateName":"Marketing 3.0","potentialAction":[{"@type":"SearchAction","target":{"@type":"EntryPoint","urlTemplate":"https:\/\/congopubonline.com\/?s={search_term_string}"},"query-input":{"@type":"PropertyValueSpecification","valueRequired":true,"valueName":"search_term_string"}}],"inLanguage":"fr-FR"},{"@type":"Organization","@id":"https:\/\/congopubonline.com\/#organization","name":"Congo Pub Online","url":"https:\/\/congopubonline.com\/","logo":{"@type":"ImageObject","inLanguage":"fr-FR","@id":"https:\/\/congopubonline.com\/#\/schema\/logo\/image\/","url":"https:\/\/congopubonline.com\/wp-content\/uploads\/2022\/09\/LOGO_CONGO-PUB-Online_Version-2.jpg","contentUrl":"https:\/\/congopubonline.com\/wp-content\/uploads\/2022\/09\/LOGO_CONGO-PUB-Online_Version-2.jpg","width":374,"height":223,"caption":"Congo Pub Online"},"image":{"@id":"https:\/\/congopubonline.com\/#\/schema\/logo\/image\/"},"sameAs":["https:\/\/web.facebook.com\/Congopubonline","https:\/\/x.com\/CONGOPUBOnline"]},{"@type":"Person","@id":"https:\/\/congopubonline.com\/#\/schema\/person\/0d76ad55397527fd49db9d33cd5d6c6c","name":"Sam's Londele","url":"https:\/\/congopubonline.com\/?author=75"}]}},"_links":{"self":[{"href":"https:\/\/congopubonline.com\/index.php?rest_route=\/wp\/v2\/posts\/40361","targetHints":{"allow":["GET"]}}],"collection":[{"href":"https:\/\/congopubonline.com\/index.php?rest_route=\/wp\/v2\/posts"}],"about":[{"href":"https:\/\/congopubonline.com\/index.php?rest_route=\/wp\/v2\/types\/post"}],"author":[{"embeddable":true,"href":"https:\/\/congopubonline.com\/index.php?rest_route=\/wp\/v2\/users\/75"}],"replies":[{"embeddable":true,"href":"https:\/\/congopubonline.com\/index.php?rest_route=%2Fwp%2Fv2%2Fcomments&post=40361"}],"version-history":[{"count":0,"href":"https:\/\/congopubonline.com\/index.php?rest_route=\/wp\/v2\/posts\/40361\/revisions"}],"wp:featuredmedia":[{"embeddable":true,"href":"https:\/\/congopubonline.com\/index.php?rest_route=\/wp\/v2\/media\/40365"}],"wp:attachment":[{"href":"https:\/\/congopubonline.com\/index.php?rest_route=%2Fwp%2Fv2%2Fmedia&parent=40361"}],"wp:term":[{"taxonomy":"category","embeddable":true,"href":"https:\/\/congopubonline.com\/index.php?rest_route=%2Fwp%2Fv2%2Fcategories&post=40361"},{"taxonomy":"post_tag","embeddable":true,"href":"https:\/\/congopubonline.com\/index.php?rest_route=%2Fwp%2Fv2%2Ftags&post=40361"}],"curies":[{"name":"wp","href":"https:\/\/api.w.org\/{rel}","templated":true}]}}