{"id":43044,"date":"2023-07-12T00:59:59","date_gmt":"2023-07-11T22:59:59","guid":{"rendered":"https:\/\/congopubonline.com\/?p=43044"},"modified":"2023-07-12T01:00:06","modified_gmt":"2023-07-11T23:00:06","slug":"justice-matata-ponyo-convoque-par-le-parquet-pres-la-cour-constitutionnelle-ce-mercredi-12-juillet","status":"publish","type":"post","link":"https:\/\/congopubonline.com\/?p=43044","title":{"rendered":"Justice : Matata Ponyo convoqu\u00e9 par le parquet pr\u00e8s la Cour Constitutionnelle ce mercredi 12 juillet"},"content":{"rendered":"\n<p><strong>On le croyait tourn\u00e9 la page avec la Justice, h\u00e9las!, le s\u00e9nateur Augustin Matata Ponyo de nouveau dans le collimateur de la justice congolaise. L\u2019homme \u00e0 la cravate rouge, est invit\u00e9 \u00e0 se pr\u00e9senter devant le procureur g\u00e9n\u00e9ral pr\u00e8s la Cour Constitutionnelle ce mercredi 12 juillet 2023.<\/strong><\/p>\n\n\n\n<p>L\u2019invitation lui a \u00e9t\u00e9 adress\u00e9e par Jean Paul Mukolo Nkokesha, officier du Minist\u00e8re Public pr\u00e8s la Cour Constitutionnelle dont une copie est parvenue \u00e0 la r\u00e9daction de objectif-infos.cd.<\/p>\n\n\n\n<p>Dans sa lettre, il a indiqu\u00e9 que le pr\u00e9sident du parti politique de l\u2019opposition Leadership pour la Gouvernance et le D\u00e9veloppement (LGD), est convoqu\u00e9 pour y \u00eatre entendu, pr\u00e9cise-t-il, sur &nbsp;\u00bb les faits infractionnels lui imput\u00e9s&nbsp;\u00bb et lui fait savoir que &nbsp;\u00bb faut de ce faire, il y sera contrainte conform\u00e9ment \u00e0 la loi&nbsp;\u00bb.<\/p>\n\n\n\n<p>Ci-dessous l\u2019int\u00e9gralit\u00e9 de la lettre :<\/p>\n\n\n\n<figure class=\"wp-block-image size-full\"><img fetchpriority=\"high\" decoding=\"async\" width=\"720\" height=\"960\" src=\"https:\/\/congopubonline.com\/wp-content\/uploads\/2023\/07\/image-26.png\" alt=\"\" class=\"wp-image-43045\" srcset=\"https:\/\/congopubonline.com\/wp-content\/uploads\/2023\/07\/image-26.png 720w, https:\/\/congopubonline.com\/wp-content\/uploads\/2023\/07\/image-26-225x300.png 225w, https:\/\/congopubonline.com\/wp-content\/uploads\/2023\/07\/image-26-585x780.png 585w, https:\/\/congopubonline.com\/wp-content\/uploads\/2023\/07\/image-26-600x800.png 600w\" sizes=\"(max-width: 720px) 100vw, 720px\" \/><\/figure>\n\n\n\n<p>Murphy Fika<\/p>\n\n\n\n<p>Objectifs infos  via   CONGO PUB Online <\/p>\n<div class='epvc-post-count'><span class='epvc-eye'><\/span>  <span class=\"epvc-count\"> 266<\/span><span class='epvc-label'> Vues<\/span><\/div>","protected":false},"excerpt":{"rendered":"<p>On le croyait tourn\u00e9 la page avec la Justice, h\u00e9las!, le s\u00e9nateur Augustin Matata Ponyo de nouveau dans le collimateur de la justice congolaise. L\u2019homme \u00e0 la cravate rouge, est&hellip;<\/p>\n","protected":false},"author":71,"featured_media":35229,"comment_status":"closed","ping_status":"closed","sticky":false,"template":"","format":"standard","meta":{"content-type":"","_monsterinsights_skip_tracking":false,"_monsterinsights_sitenote_active":false,"_monsterinsights_sitenote_note":"","_monsterinsights_sitenote_category":0,"footnotes":""},"categories":[844,62],"tags":[],"class_list":["post-43044","post","type-post","status-publish","format-standard","has-post-thumbnail","hentry","category-a-la-une","category-societe"],"yoast_head":"<!-- This site is optimized with the Yoast SEO Premium plugin v25.4 (Yoast SEO v25.4) - https:\/\/yoast.com\/wordpress\/plugins\/seo\/ -->\n<title>Justice : Matata Ponyo convoqu\u00e9 par le parquet pr\u00e8s la Cour Constitutionnelle ce mercredi 12 juillet - Congo Pub Online<\/title>\n<meta name=\"description\" content=\"Justice : Matata Ponyo convoqu\u00e9 par le parquet pr\u00e8s la Cour Constitutionnelle ce mercredi 12 juillet \u00c0 la Une\" \/>\n<meta name=\"robots\" content=\"index, follow, max-snippet:-1, max-image-preview:large, max-video-preview:-1\" \/>\n<link rel=\"canonical\" href=\"https:\/\/congopubonline.com\/?p=43044\" \/>\n<meta property=\"og:locale\" content=\"fr_FR\" \/>\n<meta property=\"og:type\" content=\"article\" \/>\n<meta property=\"og:title\" content=\"Justice : Matata Ponyo convoqu\u00e9 par le parquet pr\u00e8s la Cour Constitutionnelle ce mercredi 12 juillet\" \/>\n<meta property=\"og:description\" content=\"Justice : Matata Ponyo convoqu\u00e9 par le parquet pr\u00e8s la Cour Constitutionnelle ce mercredi 12 juillet \u00c0 la Une\" \/>\n<meta property=\"og:url\" content=\"https:\/\/congopubonline.com\/?p=43044\" \/>\n<meta property=\"og:site_name\" content=\"Congo Pub Online\" \/>\n<meta property=\"article:publisher\" content=\"https:\/\/web.facebook.com\/Congopubonline\" \/>\n<meta property=\"article:published_time\" content=\"2023-07-11T22:59:59+00:00\" \/>\n<meta property=\"article:modified_time\" content=\"2023-07-11T23:00:06+00:00\" \/>\n<meta property=\"og:image\" content=\"https:\/\/congopubonline.com\/wp-content\/uploads\/2023\/04\/Matata-Ponyo.jpg\" \/>\n\t<meta property=\"og:image:width\" content=\"1024\" \/>\n\t<meta property=\"og:image:height\" content=\"874\" \/>\n\t<meta property=\"og:image:type\" content=\"image\/jpeg\" \/>\n<meta name=\"author\" content=\"Guyguy Lelo\" \/>\n<meta name=\"twitter:card\" content=\"summary_large_image\" \/>\n<meta name=\"twitter:creator\" content=\"@CONGOPUBOnline\" \/>\n<meta name=\"twitter:site\" content=\"@CONGOPUBOnline\" \/>\n<meta name=\"twitter:label1\" content=\"\u00c9crit par\" \/>\n\t<meta name=\"twitter:data1\" content=\"Guyguy Lelo\" \/>\n\t<meta name=\"twitter:label2\" content=\"Dur\u00e9e de lecture estim\u00e9e\" \/>\n\t<meta name=\"twitter:data2\" content=\"1 minute\" \/>\n<script type=\"application\/ld+json\" class=\"yoast-schema-graph\">{\"@context\":\"https:\/\/schema.org\",\"@graph\":[{\"@type\":\"Article\",\"@id\":\"https:\/\/congopubonline.com\/?p=43044#article\",\"isPartOf\":{\"@id\":\"https:\/\/congopubonline.com\/?p=43044\"},\"author\":{\"name\":\"Guyguy Lelo\",\"@id\":\"https:\/\/congopubonline.com\/#\/schema\/person\/eaa250ea5a17b1e5fd9b8415093072ab\"},\"headline\":\"Justice : Matata Ponyo convoqu\u00e9 par le parquet pr\u00e8s la Cour Constitutionnelle ce mercredi 12 juillet\",\"datePublished\":\"2023-07-11T22:59:59+00:00\",\"dateModified\":\"2023-07-11T23:00:06+00:00\",\"mainEntityOfPage\":{\"@id\":\"https:\/\/congopubonline.com\/?p=43044\"},\"wordCount\":174,\"publisher\":{\"@id\":\"https:\/\/congopubonline.com\/#organization\"},\"image\":{\"@id\":\"https:\/\/congopubonline.com\/?p=43044#primaryimage\"},\"thumbnailUrl\":\"https:\/\/congopubonline.com\/wp-content\/uploads\/2023\/04\/Matata-Ponyo.jpg\",\"articleSection\":[\"\u00c0 la Une\",\"Soci\u00e9t\u00e9\"],\"inLanguage\":\"fr-FR\"},{\"@type\":\"WebPage\",\"@id\":\"https:\/\/congopubonline.com\/?p=43044\",\"url\":\"https:\/\/congopubonline.com\/?p=43044\",\"name\":\"Justice : Matata Ponyo convoqu\u00e9 par le parquet pr\u00e8s la Cour Constitutionnelle ce mercredi 12 juillet - Congo Pub Online\",\"isPartOf\":{\"@id\":\"https:\/\/congopubonline.com\/#website\"},\"primaryImageOfPage\":{\"@id\":\"https:\/\/congopubonline.com\/?p=43044#primaryimage\"},\"image\":{\"@id\":\"https:\/\/congopubonline.com\/?p=43044#primaryimage\"},\"thumbnailUrl\":\"https:\/\/congopubonline.com\/wp-content\/uploads\/2023\/04\/Matata-Ponyo.jpg\",\"datePublished\":\"2023-07-11T22:59:59+00:00\",\"dateModified\":\"2023-07-11T23:00:06+00:00\",\"description\":\"Justice : Matata Ponyo convoqu\u00e9 par le parquet pr\u00e8s la Cour Constitutionnelle ce mercredi 12 juillet \u00c0 la Une\",\"breadcrumb\":{\"@id\":\"https:\/\/congopubonline.com\/?p=43044#breadcrumb\"},\"inLanguage\":\"fr-FR\",\"potentialAction\":[{\"@type\":\"ReadAction\",\"target\":[\"https:\/\/congopubonline.com\/?p=43044\"]}]},{\"@type\":\"ImageObject\",\"inLanguage\":\"fr-FR\",\"@id\":\"https:\/\/congopubonline.com\/?p=43044#primaryimage\",\"url\":\"https:\/\/congopubonline.com\/wp-content\/uploads\/2023\/04\/Matata-Ponyo.jpg\",\"contentUrl\":\"https:\/\/congopubonline.com\/wp-content\/uploads\/2023\/04\/Matata-Ponyo.jpg\",\"width\":1024,\"height\":874},{\"@type\":\"BreadcrumbList\",\"@id\":\"https:\/\/congopubonline.com\/?p=43044#breadcrumb\",\"itemListElement\":[{\"@type\":\"ListItem\",\"position\":1,\"name\":\"Accueil\",\"item\":\"https:\/\/congopubonline.com\/\"},{\"@type\":\"ListItem\",\"position\":2,\"name\":\"Justice : Matata Ponyo convoqu\u00e9 par le parquet pr\u00e8s la Cour Constitutionnelle ce mercredi 12 juillet\"}]},{\"@type\":\"WebSite\",\"@id\":\"https:\/\/congopubonline.com\/#website\",\"url\":\"https:\/\/congopubonline.com\/\",\"name\":\"Congo Pub Online\",\"description\":\"Votre site d&#039;actualit\u00e9\",\"publisher\":{\"@id\":\"https:\/\/congopubonline.com\/#organization\"},\"alternateName\":\"Marketing 3.0\",\"potentialAction\":[{\"@type\":\"SearchAction\",\"target\":{\"@type\":\"EntryPoint\",\"urlTemplate\":\"https:\/\/congopubonline.com\/?s={search_term_string}\"},\"query-input\":{\"@type\":\"PropertyValueSpecification\",\"valueRequired\":true,\"valueName\":\"search_term_string\"}}],\"inLanguage\":\"fr-FR\"},{\"@type\":\"Organization\",\"@id\":\"https:\/\/congopubonline.com\/#organization\",\"name\":\"Congo Pub Online\",\"url\":\"https:\/\/congopubonline.com\/\",\"logo\":{\"@type\":\"ImageObject\",\"inLanguage\":\"fr-FR\",\"@id\":\"https:\/\/congopubonline.com\/#\/schema\/logo\/image\/\",\"url\":\"https:\/\/congopubonline.com\/wp-content\/uploads\/2022\/09\/LOGO_CONGO-PUB-Online_Version-2.jpg\",\"contentUrl\":\"https:\/\/congopubonline.com\/wp-content\/uploads\/2022\/09\/LOGO_CONGO-PUB-Online_Version-2.jpg\",\"width\":374,\"height\":223,\"caption\":\"Congo Pub Online\"},\"image\":{\"@id\":\"https:\/\/congopubonline.com\/#\/schema\/logo\/image\/\"},\"sameAs\":[\"https:\/\/web.facebook.com\/Congopubonline\",\"https:\/\/x.com\/CONGOPUBOnline\"]},{\"@type\":\"Person\",\"@id\":\"https:\/\/congopubonline.com\/#\/schema\/person\/eaa250ea5a17b1e5fd9b8415093072ab\",\"name\":\"Guyguy Lelo\",\"url\":\"https:\/\/congopubonline.com\/?author=71\"}]}<\/script>\n<!-- \/ Yoast SEO Premium plugin. -->","yoast_head_json":{"title":"Justice : Matata Ponyo convoqu\u00e9 par le parquet pr\u00e8s la Cour Constitutionnelle ce mercredi 12 juillet - Congo Pub Online","description":"Justice : Matata Ponyo convoqu\u00e9 par le parquet pr\u00e8s la Cour Constitutionnelle ce mercredi 12 juillet \u00c0 la Une","robots":{"index":"index","follow":"follow","max-snippet":"max-snippet:-1","max-image-preview":"max-image-preview:large","max-video-preview":"max-video-preview:-1"},"canonical":"https:\/\/congopubonline.com\/?p=43044","og_locale":"fr_FR","og_type":"article","og_title":"Justice : Matata Ponyo convoqu\u00e9 par le parquet pr\u00e8s la Cour Constitutionnelle ce mercredi 12 juillet","og_description":"Justice : Matata Ponyo convoqu\u00e9 par le parquet pr\u00e8s la Cour Constitutionnelle ce mercredi 12 juillet \u00c0 la Une","og_url":"https:\/\/congopubonline.com\/?p=43044","og_site_name":"Congo Pub Online","article_publisher":"https:\/\/web.facebook.com\/Congopubonline","article_published_time":"2023-07-11T22:59:59+00:00","article_modified_time":"2023-07-11T23:00:06+00:00","og_image":[{"width":1024,"height":874,"url":"https:\/\/congopubonline.com\/wp-content\/uploads\/2023\/04\/Matata-Ponyo.jpg","type":"image\/jpeg"}],"author":"Guyguy Lelo","twitter_card":"summary_large_image","twitter_creator":"@CONGOPUBOnline","twitter_site":"@CONGOPUBOnline","twitter_misc":{"\u00c9crit par":"Guyguy Lelo","Dur\u00e9e de lecture estim\u00e9e":"1 minute"},"schema":{"@context":"https:\/\/schema.org","@graph":[{"@type":"Article","@id":"https:\/\/congopubonline.com\/?p=43044#article","isPartOf":{"@id":"https:\/\/congopubonline.com\/?p=43044"},"author":{"name":"Guyguy Lelo","@id":"https:\/\/congopubonline.com\/#\/schema\/person\/eaa250ea5a17b1e5fd9b8415093072ab"},"headline":"Justice : Matata Ponyo convoqu\u00e9 par le parquet pr\u00e8s la Cour Constitutionnelle ce mercredi 12 juillet","datePublished":"2023-07-11T22:59:59+00:00","dateModified":"2023-07-11T23:00:06+00:00","mainEntityOfPage":{"@id":"https:\/\/congopubonline.com\/?p=43044"},"wordCount":174,"publisher":{"@id":"https:\/\/congopubonline.com\/#organization"},"image":{"@id":"https:\/\/congopubonline.com\/?p=43044#primaryimage"},"thumbnailUrl":"https:\/\/congopubonline.com\/wp-content\/uploads\/2023\/04\/Matata-Ponyo.jpg","articleSection":["\u00c0 la Une","Soci\u00e9t\u00e9"],"inLanguage":"fr-FR"},{"@type":"WebPage","@id":"https:\/\/congopubonline.com\/?p=43044","url":"https:\/\/congopubonline.com\/?p=43044","name":"Justice : Matata Ponyo convoqu\u00e9 par le parquet pr\u00e8s la Cour Constitutionnelle ce mercredi 12 juillet - Congo Pub Online","isPartOf":{"@id":"https:\/\/congopubonline.com\/#website"},"primaryImageOfPage":{"@id":"https:\/\/congopubonline.com\/?p=43044#primaryimage"},"image":{"@id":"https:\/\/congopubonline.com\/?p=43044#primaryimage"},"thumbnailUrl":"https:\/\/congopubonline.com\/wp-content\/uploads\/2023\/04\/Matata-Ponyo.jpg","datePublished":"2023-07-11T22:59:59+00:00","dateModified":"2023-07-11T23:00:06+00:00","description":"Justice : Matata Ponyo convoqu\u00e9 par le parquet pr\u00e8s la Cour Constitutionnelle ce mercredi 12 juillet \u00c0 la Une","breadcrumb":{"@id":"https:\/\/congopubonline.com\/?p=43044#breadcrumb"},"inLanguage":"fr-FR","potentialAction":[{"@type":"ReadAction","target":["https:\/\/congopubonline.com\/?p=43044"]}]},{"@type":"ImageObject","inLanguage":"fr-FR","@id":"https:\/\/congopubonline.com\/?p=43044#primaryimage","url":"https:\/\/congopubonline.com\/wp-content\/uploads\/2023\/04\/Matata-Ponyo.jpg","contentUrl":"https:\/\/congopubonline.com\/wp-content\/uploads\/2023\/04\/Matata-Ponyo.jpg","width":1024,"height":874},{"@type":"BreadcrumbList","@id":"https:\/\/congopubonline.com\/?p=43044#breadcrumb","itemListElement":[{"@type":"ListItem","position":1,"name":"Accueil","item":"https:\/\/congopubonline.com\/"},{"@type":"ListItem","position":2,"name":"Justice : Matata Ponyo convoqu\u00e9 par le parquet pr\u00e8s la Cour Constitutionnelle ce mercredi 12 juillet"}]},{"@type":"WebSite","@id":"https:\/\/congopubonline.com\/#website","url":"https:\/\/congopubonline.com\/","name":"Congo Pub Online","description":"Votre site d&#039;actualit\u00e9","publisher":{"@id":"https:\/\/congopubonline.com\/#organization"},"alternateName":"Marketing 3.0","potentialAction":[{"@type":"SearchAction","target":{"@type":"EntryPoint","urlTemplate":"https:\/\/congopubonline.com\/?s={search_term_string}"},"query-input":{"@type":"PropertyValueSpecification","valueRequired":true,"valueName":"search_term_string"}}],"inLanguage":"fr-FR"},{"@type":"Organization","@id":"https:\/\/congopubonline.com\/#organization","name":"Congo Pub Online","url":"https:\/\/congopubonline.com\/","logo":{"@type":"ImageObject","inLanguage":"fr-FR","@id":"https:\/\/congopubonline.com\/#\/schema\/logo\/image\/","url":"https:\/\/congopubonline.com\/wp-content\/uploads\/2022\/09\/LOGO_CONGO-PUB-Online_Version-2.jpg","contentUrl":"https:\/\/congopubonline.com\/wp-content\/uploads\/2022\/09\/LOGO_CONGO-PUB-Online_Version-2.jpg","width":374,"height":223,"caption":"Congo Pub Online"},"image":{"@id":"https:\/\/congopubonline.com\/#\/schema\/logo\/image\/"},"sameAs":["https:\/\/web.facebook.com\/Congopubonline","https:\/\/x.com\/CONGOPUBOnline"]},{"@type":"Person","@id":"https:\/\/congopubonline.com\/#\/schema\/person\/eaa250ea5a17b1e5fd9b8415093072ab","name":"Guyguy Lelo","url":"https:\/\/congopubonline.com\/?author=71"}]}},"_links":{"self":[{"href":"https:\/\/congopubonline.com\/index.php?rest_route=\/wp\/v2\/posts\/43044","targetHints":{"allow":["GET"]}}],"collection":[{"href":"https:\/\/congopubonline.com\/index.php?rest_route=\/wp\/v2\/posts"}],"about":[{"href":"https:\/\/congopubonline.com\/index.php?rest_route=\/wp\/v2\/types\/post"}],"author":[{"embeddable":true,"href":"https:\/\/congopubonline.com\/index.php?rest_route=\/wp\/v2\/users\/71"}],"replies":[{"embeddable":true,"href":"https:\/\/congopubonline.com\/index.php?rest_route=%2Fwp%2Fv2%2Fcomments&post=43044"}],"version-history":[{"count":0,"href":"https:\/\/congopubonline.com\/index.php?rest_route=\/wp\/v2\/posts\/43044\/revisions"}],"wp:featuredmedia":[{"embeddable":true,"href":"https:\/\/congopubonline.com\/index.php?rest_route=\/wp\/v2\/media\/35229"}],"wp:attachment":[{"href":"https:\/\/congopubonline.com\/index.php?rest_route=%2Fwp%2Fv2%2Fmedia&parent=43044"}],"wp:term":[{"taxonomy":"category","embeddable":true,"href":"https:\/\/congopubonline.com\/index.php?rest_route=%2Fwp%2Fv2%2Fcategories&post=43044"},{"taxonomy":"post_tag","embeddable":true,"href":"https:\/\/congopubonline.com\/index.php?rest_route=%2Fwp%2Fv2%2Ftags&post=43044"}],"curies":[{"name":"wp","href":"https:\/\/api.w.org\/{rel}","templated":true}]}}