{"id":48372,"date":"2023-10-02T12:20:01","date_gmt":"2023-10-02T10:20:01","guid":{"rendered":"https:\/\/congopubonline.com\/?p=48372"},"modified":"2023-10-02T12:20:09","modified_gmt":"2023-10-02T10:20:09","slug":"presidentielle-carole-agito-sonne-la-cloche-de-la-victoire-de-felix-tshisekedi-dans-la-grande-orientale","status":"publish","type":"post","link":"https:\/\/congopubonline.com\/?p=48372","title":{"rendered":"Pr\u00e9sidentielle : Carole Agito sonne la cloche de la victoire de F\u00e9lix Tshisekedi dans la Grande Orientale"},"content":{"rendered":"\n<p><strong>Le parti politique Agir pour le Congo (AGPC) de la s\u00e9natrice Carole Agito Amela \u00e9tait mobilis\u00e9, dimanche 1er octobre 2023, au Palais du peuple pour le premier congr\u00e8s de l\u2019Union sacr\u00e9e de la Nation qui a ent\u00e9rin\u00e9 la candidature de F\u00e9lix Tshisekedi \u00e0 l\u2019\u00e9lection pr\u00e9sidentielle.<\/strong><\/p>\n\n\n\n<p>Les militants de cette formation politique ont, par leur mobilisation, traduit la pens\u00e9e de leur leader \u00e0 travers des calicots, banderoles et autres expressions pour soutenir ces assises.<\/p>\n\n\n\n<figure class=\"wp-block-image\"><img decoding=\"async\" src=\"https:\/\/i0.wp.com\/actu30.cd\/app\/uploads\/2023\/10\/IMG_2431.jpeg?resize=617%2C450&amp;ssl=1\" alt=\"img 2431\" class=\"wp-image-101301\"\/><\/figure>\n\n\n\n<p>De son c\u00f4t\u00e9, pour la r\u00e9\u00e9lection de F\u00e9lix Tshisekedi, Carole Agito promet la victoire avec un r\u00e9sultat sans pr\u00e9c\u00e9dent dans la Grande Orientale en g\u00e9n\u00e9ral et au Bas-U\u00e9l\u00e9 en particulier.<\/p>\n\n\n\n<p>\u00ab&nbsp;<em>Apr\u00e8s la d\u00e9signation et l\u2019investiture du pr\u00e9sident &nbsp;F\u00e9lix-Antoine Tshisekedi Tshilombo comme unique candidat de l\u2019union sacr\u00e9e de la nation \u00e0 la pr\u00e9sidentielle de d\u00e9cembre 2023, \u00e0 l\u2019issue du premier congr\u00e8s de cette m\u00e9ga plate-forme ce dimanche 1er octobre 2023 \u00e0 Kinshasa, la s\u00e9natrice Carole Agito Amela a sonn\u00e9 la cloche de la victoire de sa haute autorit\u00e9 politique avec un r\u00e9sultat sans pr\u00e9c\u00e9dent dans la Grande Orientale en g\u00e9n\u00e9ral et au Bas-U\u00e9l\u00e9 en particulier<\/em>&nbsp;\u00bb, note une d\u00e9p\u00eache de l\u2019AGPC.<\/p>\n\n\n\n<p>Il faut noter que Carole Agito se pr\u00e9sente \u00ab&nbsp;comme l\u2019architecte de la victoire de Fatshi en 2023&nbsp;\u00bb dans le Bas-U\u00e9l\u00e9. Elle s\u2019est engag\u00e9e, depuis 4 ans, \u00e0 soutenir l\u2019\u00e9ducation de la jeunesse en payant les frais de participation \u00e0 l\u2019\u00c9xamen d\u2019\u00c9tat pour des finalistes, appuyant la formation de la femme et de la jeune fille pour son autonomisation et d\u2019autres \u0153uvres au profit de la population dans les secteurs de la sant\u00e9, des infrastructures de base et du social.<\/p>\n\n\n\n<p><strong>James Mushiya<\/strong><\/p>\n\n\n\n<p><strong>ACTU 30 via CONGO PUB Online<\/strong><\/p>\n<div class='epvc-post-count'><span class='epvc-eye'><\/span>  <span class=\"epvc-count\"> 226<\/span><span class='epvc-label'> Vues<\/span><\/div>","protected":false},"excerpt":{"rendered":"<p>Le parti politique Agir pour le Congo (AGPC) de la s\u00e9natrice Carole Agito Amela \u00e9tait mobilis\u00e9, dimanche 1er octobre 2023, au Palais du peuple pour le premier congr\u00e8s de l\u2019Union&hellip;<\/p>\n","protected":false},"author":75,"featured_media":48376,"comment_status":"closed","ping_status":"closed","sticky":false,"template":"","format":"standard","meta":{"content-type":"","_monsterinsights_skip_tracking":false,"_monsterinsights_sitenote_active":false,"_monsterinsights_sitenote_note":"","_monsterinsights_sitenote_category":0,"footnotes":""},"categories":[844,58],"tags":[4269,4268,4228,254],"class_list":["post-48372","post","type-post","status-publish","format-standard","has-post-thumbnail","hentry","category-a-la-une","category-politiques","tag-carole-agito","tag-la-victoire-de-felix-tshisekedi","tag-presidentielle","tag-rdc"],"yoast_head":"<!-- This site is optimized with the Yoast SEO Premium plugin v25.4 (Yoast SEO v25.4) - https:\/\/yoast.com\/wordpress\/plugins\/seo\/ -->\n<title>Pr\u00e9sidentielle : Carole Agito sonne la cloche de la victoire de F\u00e9lix Tshisekedi dans la Grande Orientale<\/title>\n<meta name=\"description\" content=\"Le parti politique Agir pour le Congo (AGPC) de la s\u00e9natrice Carole Agito Amela \u00e9tait mobilis\u00e9, dimanche 1er octobre 2023, au Palais du peuple pour le premier congr\u00e8s..\" \/>\n<meta name=\"robots\" content=\"index, follow, max-snippet:-1, max-image-preview:large, max-video-preview:-1\" \/>\n<link rel=\"canonical\" href=\"https:\/\/congopubonline.com\/?p=48372\" \/>\n<meta property=\"og:locale\" content=\"fr_FR\" \/>\n<meta property=\"og:type\" content=\"article\" \/>\n<meta property=\"og:title\" content=\"Pr\u00e9sidentielle : Carole Agito sonne la cloche de la victoire de F\u00e9lix Tshisekedi dans la Grande Orientale\" \/>\n<meta property=\"og:description\" content=\"Le parti politique Agir pour le Congo (AGPC) de la s\u00e9natrice Carole Agito Amela \u00e9tait mobilis\u00e9, dimanche 1er octobre 2023, au Palais du peuple pour le premier congr\u00e8s..\" \/>\n<meta property=\"og:url\" content=\"https:\/\/congopubonline.com\/?p=48372\" \/>\n<meta property=\"og:site_name\" content=\"Congo Pub Online\" \/>\n<meta property=\"article:publisher\" content=\"https:\/\/web.facebook.com\/Congopubonline\" \/>\n<meta property=\"article:published_time\" content=\"2023-10-02T10:20:01+00:00\" \/>\n<meta property=\"article:modified_time\" content=\"2023-10-02T10:20:09+00:00\" \/>\n<meta property=\"og:image\" content=\"https:\/\/congopubonline.com\/wp-content\/uploads\/2023\/10\/Capture-decran-2023-10-02-111313.png\" \/>\n\t<meta property=\"og:image:width\" content=\"948\" \/>\n\t<meta property=\"og:image:height\" content=\"582\" \/>\n\t<meta property=\"og:image:type\" content=\"image\/png\" \/>\n<meta name=\"author\" content=\"Sam&#039;s Londele\" \/>\n<meta name=\"twitter:card\" content=\"summary_large_image\" \/>\n<meta name=\"twitter:creator\" content=\"@CONGOPUBOnline\" \/>\n<meta name=\"twitter:site\" content=\"@CONGOPUBOnline\" \/>\n<meta name=\"twitter:label1\" content=\"\u00c9crit par\" \/>\n\t<meta name=\"twitter:data1\" content=\"Sam&#039;s Londele\" \/>\n\t<meta name=\"twitter:label2\" content=\"Dur\u00e9e de lecture estim\u00e9e\" \/>\n\t<meta name=\"twitter:data2\" content=\"2 minutes\" \/>\n<script type=\"application\/ld+json\" class=\"yoast-schema-graph\">{\"@context\":\"https:\/\/schema.org\",\"@graph\":[{\"@type\":\"Article\",\"@id\":\"https:\/\/congopubonline.com\/?p=48372#article\",\"isPartOf\":{\"@id\":\"https:\/\/congopubonline.com\/?p=48372\"},\"author\":{\"name\":\"Sam's Londele\",\"@id\":\"https:\/\/congopubonline.com\/#\/schema\/person\/0d76ad55397527fd49db9d33cd5d6c6c\"},\"headline\":\"Pr\u00e9sidentielle : Carole Agito sonne la cloche de la victoire de F\u00e9lix Tshisekedi dans la Grande Orientale\",\"datePublished\":\"2023-10-02T10:20:01+00:00\",\"dateModified\":\"2023-10-02T10:20:09+00:00\",\"mainEntityOfPage\":{\"@id\":\"https:\/\/congopubonline.com\/?p=48372\"},\"wordCount\":328,\"publisher\":{\"@id\":\"https:\/\/congopubonline.com\/#organization\"},\"image\":{\"@id\":\"https:\/\/congopubonline.com\/?p=48372#primaryimage\"},\"thumbnailUrl\":\"https:\/\/congopubonline.com\/wp-content\/uploads\/2023\/10\/Capture-decran-2023-10-02-111313.png\",\"keywords\":[\"Carole Agito\",\"la victoire de F\u00e9lix Tshisekedi\",\"Pr\u00e9sidentielle\",\"RDC\"],\"articleSection\":[\"\u00c0 la Une\",\"Politique\"],\"inLanguage\":\"fr-FR\"},{\"@type\":\"WebPage\",\"@id\":\"https:\/\/congopubonline.com\/?p=48372\",\"url\":\"https:\/\/congopubonline.com\/?p=48372\",\"name\":\"Pr\u00e9sidentielle : Carole Agito sonne la cloche de la victoire de F\u00e9lix Tshisekedi dans la Grande Orientale\",\"isPartOf\":{\"@id\":\"https:\/\/congopubonline.com\/#website\"},\"primaryImageOfPage\":{\"@id\":\"https:\/\/congopubonline.com\/?p=48372#primaryimage\"},\"image\":{\"@id\":\"https:\/\/congopubonline.com\/?p=48372#primaryimage\"},\"thumbnailUrl\":\"https:\/\/congopubonline.com\/wp-content\/uploads\/2023\/10\/Capture-decran-2023-10-02-111313.png\",\"datePublished\":\"2023-10-02T10:20:01+00:00\",\"dateModified\":\"2023-10-02T10:20:09+00:00\",\"description\":\"Le parti politique Agir pour le Congo (AGPC) de la s\u00e9natrice Carole Agito Amela \u00e9tait mobilis\u00e9, dimanche 1er octobre 2023, au Palais du peuple pour le premier congr\u00e8s..\",\"breadcrumb\":{\"@id\":\"https:\/\/congopubonline.com\/?p=48372#breadcrumb\"},\"inLanguage\":\"fr-FR\",\"potentialAction\":[{\"@type\":\"ReadAction\",\"target\":[\"https:\/\/congopubonline.com\/?p=48372\"]}]},{\"@type\":\"ImageObject\",\"inLanguage\":\"fr-FR\",\"@id\":\"https:\/\/congopubonline.com\/?p=48372#primaryimage\",\"url\":\"https:\/\/congopubonline.com\/wp-content\/uploads\/2023\/10\/Capture-decran-2023-10-02-111313.png\",\"contentUrl\":\"https:\/\/congopubonline.com\/wp-content\/uploads\/2023\/10\/Capture-decran-2023-10-02-111313.png\",\"width\":948,\"height\":582},{\"@type\":\"BreadcrumbList\",\"@id\":\"https:\/\/congopubonline.com\/?p=48372#breadcrumb\",\"itemListElement\":[{\"@type\":\"ListItem\",\"position\":1,\"name\":\"Accueil\",\"item\":\"https:\/\/congopubonline.com\/\"},{\"@type\":\"ListItem\",\"position\":2,\"name\":\"Pr\u00e9sidentielle : Carole Agito sonne la cloche de la victoire de F\u00e9lix Tshisekedi dans la Grande Orientale\"}]},{\"@type\":\"WebSite\",\"@id\":\"https:\/\/congopubonline.com\/#website\",\"url\":\"https:\/\/congopubonline.com\/\",\"name\":\"Congo Pub Online\",\"description\":\"Votre site d&#039;actualit\u00e9\",\"publisher\":{\"@id\":\"https:\/\/congopubonline.com\/#organization\"},\"alternateName\":\"Marketing 3.0\",\"potentialAction\":[{\"@type\":\"SearchAction\",\"target\":{\"@type\":\"EntryPoint\",\"urlTemplate\":\"https:\/\/congopubonline.com\/?s={search_term_string}\"},\"query-input\":{\"@type\":\"PropertyValueSpecification\",\"valueRequired\":true,\"valueName\":\"search_term_string\"}}],\"inLanguage\":\"fr-FR\"},{\"@type\":\"Organization\",\"@id\":\"https:\/\/congopubonline.com\/#organization\",\"name\":\"Congo Pub Online\",\"url\":\"https:\/\/congopubonline.com\/\",\"logo\":{\"@type\":\"ImageObject\",\"inLanguage\":\"fr-FR\",\"@id\":\"https:\/\/congopubonline.com\/#\/schema\/logo\/image\/\",\"url\":\"https:\/\/congopubonline.com\/wp-content\/uploads\/2022\/09\/LOGO_CONGO-PUB-Online_Version-2.jpg\",\"contentUrl\":\"https:\/\/congopubonline.com\/wp-content\/uploads\/2022\/09\/LOGO_CONGO-PUB-Online_Version-2.jpg\",\"width\":374,\"height\":223,\"caption\":\"Congo Pub Online\"},\"image\":{\"@id\":\"https:\/\/congopubonline.com\/#\/schema\/logo\/image\/\"},\"sameAs\":[\"https:\/\/web.facebook.com\/Congopubonline\",\"https:\/\/x.com\/CONGOPUBOnline\"]},{\"@type\":\"Person\",\"@id\":\"https:\/\/congopubonline.com\/#\/schema\/person\/0d76ad55397527fd49db9d33cd5d6c6c\",\"name\":\"Sam's Londele\",\"url\":\"https:\/\/congopubonline.com\/?author=75\"}]}<\/script>\n<!-- \/ Yoast SEO Premium plugin. -->","yoast_head_json":{"title":"Pr\u00e9sidentielle : Carole Agito sonne la cloche de la victoire de F\u00e9lix Tshisekedi dans la Grande Orientale","description":"Le parti politique Agir pour le Congo (AGPC) de la s\u00e9natrice Carole Agito Amela \u00e9tait mobilis\u00e9, dimanche 1er octobre 2023, au Palais du peuple pour le premier congr\u00e8s..","robots":{"index":"index","follow":"follow","max-snippet":"max-snippet:-1","max-image-preview":"max-image-preview:large","max-video-preview":"max-video-preview:-1"},"canonical":"https:\/\/congopubonline.com\/?p=48372","og_locale":"fr_FR","og_type":"article","og_title":"Pr\u00e9sidentielle : Carole Agito sonne la cloche de la victoire de F\u00e9lix Tshisekedi dans la Grande Orientale","og_description":"Le parti politique Agir pour le Congo (AGPC) de la s\u00e9natrice Carole Agito Amela \u00e9tait mobilis\u00e9, dimanche 1er octobre 2023, au Palais du peuple pour le premier congr\u00e8s..","og_url":"https:\/\/congopubonline.com\/?p=48372","og_site_name":"Congo Pub Online","article_publisher":"https:\/\/web.facebook.com\/Congopubonline","article_published_time":"2023-10-02T10:20:01+00:00","article_modified_time":"2023-10-02T10:20:09+00:00","og_image":[{"width":948,"height":582,"url":"https:\/\/congopubonline.com\/wp-content\/uploads\/2023\/10\/Capture-decran-2023-10-02-111313.png","type":"image\/png"}],"author":"Sam's Londele","twitter_card":"summary_large_image","twitter_creator":"@CONGOPUBOnline","twitter_site":"@CONGOPUBOnline","twitter_misc":{"\u00c9crit par":"Sam's Londele","Dur\u00e9e de lecture estim\u00e9e":"2 minutes"},"schema":{"@context":"https:\/\/schema.org","@graph":[{"@type":"Article","@id":"https:\/\/congopubonline.com\/?p=48372#article","isPartOf":{"@id":"https:\/\/congopubonline.com\/?p=48372"},"author":{"name":"Sam's Londele","@id":"https:\/\/congopubonline.com\/#\/schema\/person\/0d76ad55397527fd49db9d33cd5d6c6c"},"headline":"Pr\u00e9sidentielle : Carole Agito sonne la cloche de la victoire de F\u00e9lix Tshisekedi dans la Grande Orientale","datePublished":"2023-10-02T10:20:01+00:00","dateModified":"2023-10-02T10:20:09+00:00","mainEntityOfPage":{"@id":"https:\/\/congopubonline.com\/?p=48372"},"wordCount":328,"publisher":{"@id":"https:\/\/congopubonline.com\/#organization"},"image":{"@id":"https:\/\/congopubonline.com\/?p=48372#primaryimage"},"thumbnailUrl":"https:\/\/congopubonline.com\/wp-content\/uploads\/2023\/10\/Capture-decran-2023-10-02-111313.png","keywords":["Carole Agito","la victoire de F\u00e9lix Tshisekedi","Pr\u00e9sidentielle","RDC"],"articleSection":["\u00c0 la Une","Politique"],"inLanguage":"fr-FR"},{"@type":"WebPage","@id":"https:\/\/congopubonline.com\/?p=48372","url":"https:\/\/congopubonline.com\/?p=48372","name":"Pr\u00e9sidentielle : Carole Agito sonne la cloche de la victoire de F\u00e9lix Tshisekedi dans la Grande Orientale","isPartOf":{"@id":"https:\/\/congopubonline.com\/#website"},"primaryImageOfPage":{"@id":"https:\/\/congopubonline.com\/?p=48372#primaryimage"},"image":{"@id":"https:\/\/congopubonline.com\/?p=48372#primaryimage"},"thumbnailUrl":"https:\/\/congopubonline.com\/wp-content\/uploads\/2023\/10\/Capture-decran-2023-10-02-111313.png","datePublished":"2023-10-02T10:20:01+00:00","dateModified":"2023-10-02T10:20:09+00:00","description":"Le parti politique Agir pour le Congo (AGPC) de la s\u00e9natrice Carole Agito Amela \u00e9tait mobilis\u00e9, dimanche 1er octobre 2023, au Palais du peuple pour le premier congr\u00e8s..","breadcrumb":{"@id":"https:\/\/congopubonline.com\/?p=48372#breadcrumb"},"inLanguage":"fr-FR","potentialAction":[{"@type":"ReadAction","target":["https:\/\/congopubonline.com\/?p=48372"]}]},{"@type":"ImageObject","inLanguage":"fr-FR","@id":"https:\/\/congopubonline.com\/?p=48372#primaryimage","url":"https:\/\/congopubonline.com\/wp-content\/uploads\/2023\/10\/Capture-decran-2023-10-02-111313.png","contentUrl":"https:\/\/congopubonline.com\/wp-content\/uploads\/2023\/10\/Capture-decran-2023-10-02-111313.png","width":948,"height":582},{"@type":"BreadcrumbList","@id":"https:\/\/congopubonline.com\/?p=48372#breadcrumb","itemListElement":[{"@type":"ListItem","position":1,"name":"Accueil","item":"https:\/\/congopubonline.com\/"},{"@type":"ListItem","position":2,"name":"Pr\u00e9sidentielle : Carole Agito sonne la cloche de la victoire de F\u00e9lix Tshisekedi dans la Grande Orientale"}]},{"@type":"WebSite","@id":"https:\/\/congopubonline.com\/#website","url":"https:\/\/congopubonline.com\/","name":"Congo Pub Online","description":"Votre site d&#039;actualit\u00e9","publisher":{"@id":"https:\/\/congopubonline.com\/#organization"},"alternateName":"Marketing 3.0","potentialAction":[{"@type":"SearchAction","target":{"@type":"EntryPoint","urlTemplate":"https:\/\/congopubonline.com\/?s={search_term_string}"},"query-input":{"@type":"PropertyValueSpecification","valueRequired":true,"valueName":"search_term_string"}}],"inLanguage":"fr-FR"},{"@type":"Organization","@id":"https:\/\/congopubonline.com\/#organization","name":"Congo Pub Online","url":"https:\/\/congopubonline.com\/","logo":{"@type":"ImageObject","inLanguage":"fr-FR","@id":"https:\/\/congopubonline.com\/#\/schema\/logo\/image\/","url":"https:\/\/congopubonline.com\/wp-content\/uploads\/2022\/09\/LOGO_CONGO-PUB-Online_Version-2.jpg","contentUrl":"https:\/\/congopubonline.com\/wp-content\/uploads\/2022\/09\/LOGO_CONGO-PUB-Online_Version-2.jpg","width":374,"height":223,"caption":"Congo Pub Online"},"image":{"@id":"https:\/\/congopubonline.com\/#\/schema\/logo\/image\/"},"sameAs":["https:\/\/web.facebook.com\/Congopubonline","https:\/\/x.com\/CONGOPUBOnline"]},{"@type":"Person","@id":"https:\/\/congopubonline.com\/#\/schema\/person\/0d76ad55397527fd49db9d33cd5d6c6c","name":"Sam's Londele","url":"https:\/\/congopubonline.com\/?author=75"}]}},"_links":{"self":[{"href":"https:\/\/congopubonline.com\/index.php?rest_route=\/wp\/v2\/posts\/48372","targetHints":{"allow":["GET"]}}],"collection":[{"href":"https:\/\/congopubonline.com\/index.php?rest_route=\/wp\/v2\/posts"}],"about":[{"href":"https:\/\/congopubonline.com\/index.php?rest_route=\/wp\/v2\/types\/post"}],"author":[{"embeddable":true,"href":"https:\/\/congopubonline.com\/index.php?rest_route=\/wp\/v2\/users\/75"}],"replies":[{"embeddable":true,"href":"https:\/\/congopubonline.com\/index.php?rest_route=%2Fwp%2Fv2%2Fcomments&post=48372"}],"version-history":[{"count":0,"href":"https:\/\/congopubonline.com\/index.php?rest_route=\/wp\/v2\/posts\/48372\/revisions"}],"wp:featuredmedia":[{"embeddable":true,"href":"https:\/\/congopubonline.com\/index.php?rest_route=\/wp\/v2\/media\/48376"}],"wp:attachment":[{"href":"https:\/\/congopubonline.com\/index.php?rest_route=%2Fwp%2Fv2%2Fmedia&parent=48372"}],"wp:term":[{"taxonomy":"category","embeddable":true,"href":"https:\/\/congopubonline.com\/index.php?rest_route=%2Fwp%2Fv2%2Fcategories&post=48372"},{"taxonomy":"post_tag","embeddable":true,"href":"https:\/\/congopubonline.com\/index.php?rest_route=%2Fwp%2Fv2%2Ftags&post=48372"}],"curies":[{"name":"wp","href":"https:\/\/api.w.org\/{rel}","templated":true}]}}