{"id":48377,"date":"2023-10-02T12:36:41","date_gmt":"2023-10-02T10:36:41","guid":{"rendered":"https:\/\/congopubonline.com\/?p=48377"},"modified":"2023-10-02T12:36:50","modified_gmt":"2023-10-02T10:36:50","slug":"a-boma-delly-sesanga-lance-le-2e-congres-de-son-parti-envol","status":"publish","type":"post","link":"https:\/\/congopubonline.com\/?p=48377","title":{"rendered":"\u00c0 Boma, Delly Sesanga lance le 2\u00e8 congr\u00e8s de son parti ENVOL"},"content":{"rendered":"\n<p><strong>Le deuxi\u00e8me congr\u00e8s ordinaire du parti politique ENVOL a d\u00e9but\u00e9, dimanche 1er octobre, \u00e0 Boma, dans la province du Kongo Central.<\/strong><\/p>\n\n\n\n<p>\u00c0 l\u2019occasion du lancement de ces assises, un meeting populaire a \u00e9t\u00e9 organis\u00e9 au stade Socol par le pr\u00e9sident national de cette formation politique et candidat pr\u00e9sident de la R\u00e9publique, Delly Sesanga, sous le th\u00e8me : &nbsp;\u00bbD\u00e9mocratie et soci\u00e9t\u00e9&nbsp;\u00bb.<\/p>\n\n\n\n<p>\u2018<em>\u2018Il s\u2019agit, avant tout, 7 ans apr\u00e8s le congr\u00e8s de Nioki, dans le Ma\u00ef-Ndombe, de plancher \u00e0 fond sur ce qu\u2019aura \u00e9t\u00e9 notre marche en tant que formation politique, engag\u00e9e dans une lutte r\u00e9publicaine et d\u00e9mocratique des valeurs pour la dignit\u00e9 de la Nation, le changement et l\u2019am\u00e9lioration des conditions de vie de nos compatriotes. Il est, en outre, question d\u2019\u00e9valuer \u00e0 fond, avec pertinence et la pleine responsabilit\u00e9, l\u2019efficacit\u00e9 et la r\u00e9silience de notre syst\u00e8me d\u2019organisation pour faire face aux d\u00e9fis qui sont les n\u00f4tres<\/em>&nbsp;\u00bb, a d\u00e9clar\u00e9 ce d\u00e9put\u00e9 national.<\/p>\n\n\n\n<p>Pour Delly Sesanga, Il s\u2019agit \u00e9galement, au regard du contexte socio-politique du pays et des enjeux de taille qui se dressent devant la Nation, de lever des options majeures quant au choix de demeurer et d\u2019avancer dans le processus \u00e9lectoral en cours, pour prendre effectivement part aux \u00e9lections du 20 d\u00e9cembre prochain voulues d\u00e9mocratiques, transparentes, libres et inclusives.<\/p>\n\n\n\n<p>Plus de 200 d\u00e9l\u00e9gations, venues de 26 provinces de la RDC et de la diaspora congolaise, prennent part \u00e0 ces travaux qui se d\u00e9roulent dans la salle Marie de la passion situ\u00e9e dans la commune de Kabondo, ville symbolique et historique de Boma.<\/p>\n\n\n\n<p>Trois th\u00e9matiques seront expos\u00e9es lors de ces assises. Il s\u2019agit de la position politique face aux \u00e9ch\u00e9ances de 2023 (quelles strat\u00e9gies \u00e9lectorales?), du projet de soci\u00e9t\u00e9 et feuille de route pour les 5 prochaines ann\u00e9es, et de la r\u00e9forme du parti et r\u00e9vision des statuts (flexibilit\u00e9 des dispositions et le\u00e7ons tir\u00e9es des difficult\u00e9s). Ce congr\u00e8s va se cl\u00f4turer le 3 octobre prochain.<\/p>\n\n\n\n<p><strong>Josu\u00e9 Bengbazo<\/strong><\/p>\n\n\n\n<p><strong>ACTU 30 via CONGO PUB Online<\/strong><\/p>\n<div class='epvc-post-count'><span class='epvc-eye'><\/span>  <span class=\"epvc-count\"> 247<\/span><span class='epvc-label'> Vues<\/span><\/div>","protected":false},"excerpt":{"rendered":"<p>Le deuxi\u00e8me congr\u00e8s ordinaire du parti politique ENVOL a d\u00e9but\u00e9, dimanche 1er octobre, \u00e0 Boma, dans la province du Kongo Central. \u00c0 l\u2019occasion du lancement de ces assises, un meeting&hellip;<\/p>\n","protected":false},"author":75,"featured_media":48380,"comment_status":"closed","ping_status":"closed","sticky":false,"template":"","format":"standard","meta":{"content-type":"","_monsterinsights_skip_tracking":false,"_monsterinsights_sitenote_active":false,"_monsterinsights_sitenote_note":"","_monsterinsights_sitenote_category":0,"footnotes":""},"categories":[844,58],"tags":[4270,1123,3882,254],"class_list":["post-48377","post","type-post","status-publish","format-standard","has-post-thumbnail","hentry","category-a-la-une","category-politiques","tag-boma","tag-delly-sesanga","tag-parti-envol","tag-rdc"],"yoast_head":"<!-- This site is optimized with the Yoast SEO Premium plugin v25.4 (Yoast SEO v25.4) - https:\/\/yoast.com\/wordpress\/plugins\/seo\/ -->\n<title>\u00c0 Boma, Delly Sesanga lance le 2\u00e8 congr\u00e8s de son parti ENVOL<\/title>\n<meta name=\"description\" content=\"Le deuxi\u00e8me congr\u00e8s ordinaire du parti politique ENVOL a d\u00e9but\u00e9, dimanche 1er octobre, \u00e0 Boma, dans la province du Kongo Central...\" \/>\n<meta name=\"robots\" content=\"index, follow, max-snippet:-1, max-image-preview:large, max-video-preview:-1\" \/>\n<link rel=\"canonical\" href=\"https:\/\/congopubonline.com\/?p=48377\" \/>\n<meta property=\"og:locale\" content=\"fr_FR\" \/>\n<meta property=\"og:type\" content=\"article\" \/>\n<meta property=\"og:title\" content=\"\u00c0 Boma, Delly Sesanga lance le 2\u00e8 congr\u00e8s de son parti ENVOL\" \/>\n<meta property=\"og:description\" content=\"Le deuxi\u00e8me congr\u00e8s ordinaire du parti politique ENVOL a d\u00e9but\u00e9, dimanche 1er octobre, \u00e0 Boma, dans la province du Kongo Central...\" \/>\n<meta property=\"og:url\" content=\"https:\/\/congopubonline.com\/?p=48377\" \/>\n<meta property=\"og:site_name\" content=\"Congo Pub Online\" \/>\n<meta property=\"article:publisher\" content=\"https:\/\/web.facebook.com\/Congopubonline\" \/>\n<meta property=\"article:published_time\" content=\"2023-10-02T10:36:41+00:00\" \/>\n<meta property=\"article:modified_time\" content=\"2023-10-02T10:36:50+00:00\" \/>\n<meta property=\"og:image\" content=\"https:\/\/congopubonline.com\/wp-content\/uploads\/2023\/10\/Capture-decran-2023-10-02-113040.png\" \/>\n\t<meta property=\"og:image:width\" content=\"946\" \/>\n\t<meta property=\"og:image:height\" content=\"612\" \/>\n\t<meta property=\"og:image:type\" content=\"image\/png\" \/>\n<meta name=\"author\" content=\"Sam&#039;s Londele\" \/>\n<meta name=\"twitter:card\" content=\"summary_large_image\" \/>\n<meta name=\"twitter:creator\" content=\"@CONGOPUBOnline\" \/>\n<meta name=\"twitter:site\" content=\"@CONGOPUBOnline\" \/>\n<meta name=\"twitter:label1\" content=\"\u00c9crit par\" \/>\n\t<meta name=\"twitter:data1\" content=\"Sam&#039;s Londele\" \/>\n\t<meta name=\"twitter:label2\" content=\"Dur\u00e9e de lecture estim\u00e9e\" \/>\n\t<meta name=\"twitter:data2\" content=\"2 minutes\" \/>\n<script type=\"application\/ld+json\" class=\"yoast-schema-graph\">{\"@context\":\"https:\/\/schema.org\",\"@graph\":[{\"@type\":\"Article\",\"@id\":\"https:\/\/congopubonline.com\/?p=48377#article\",\"isPartOf\":{\"@id\":\"https:\/\/congopubonline.com\/?p=48377\"},\"author\":{\"name\":\"Sam's Londele\",\"@id\":\"https:\/\/congopubonline.com\/#\/schema\/person\/0d76ad55397527fd49db9d33cd5d6c6c\"},\"headline\":\"\u00c0 Boma, Delly Sesanga lance le 2\u00e8 congr\u00e8s de son parti ENVOL\",\"datePublished\":\"2023-10-02T10:36:41+00:00\",\"dateModified\":\"2023-10-02T10:36:50+00:00\",\"mainEntityOfPage\":{\"@id\":\"https:\/\/congopubonline.com\/?p=48377\"},\"wordCount\":373,\"publisher\":{\"@id\":\"https:\/\/congopubonline.com\/#organization\"},\"image\":{\"@id\":\"https:\/\/congopubonline.com\/?p=48377#primaryimage\"},\"thumbnailUrl\":\"https:\/\/congopubonline.com\/wp-content\/uploads\/2023\/10\/Capture-decran-2023-10-02-113040.png\",\"keywords\":[\"Boma\",\"delly-sesanga\",\"parti Envol\",\"RDC\"],\"articleSection\":[\"\u00c0 la Une\",\"Politique\"],\"inLanguage\":\"fr-FR\"},{\"@type\":\"WebPage\",\"@id\":\"https:\/\/congopubonline.com\/?p=48377\",\"url\":\"https:\/\/congopubonline.com\/?p=48377\",\"name\":\"\u00c0 Boma, Delly Sesanga lance le 2\u00e8 congr\u00e8s de son parti ENVOL\",\"isPartOf\":{\"@id\":\"https:\/\/congopubonline.com\/#website\"},\"primaryImageOfPage\":{\"@id\":\"https:\/\/congopubonline.com\/?p=48377#primaryimage\"},\"image\":{\"@id\":\"https:\/\/congopubonline.com\/?p=48377#primaryimage\"},\"thumbnailUrl\":\"https:\/\/congopubonline.com\/wp-content\/uploads\/2023\/10\/Capture-decran-2023-10-02-113040.png\",\"datePublished\":\"2023-10-02T10:36:41+00:00\",\"dateModified\":\"2023-10-02T10:36:50+00:00\",\"description\":\"Le deuxi\u00e8me congr\u00e8s ordinaire du parti politique ENVOL a d\u00e9but\u00e9, dimanche 1er octobre, \u00e0 Boma, dans la province du Kongo Central...\",\"breadcrumb\":{\"@id\":\"https:\/\/congopubonline.com\/?p=48377#breadcrumb\"},\"inLanguage\":\"fr-FR\",\"potentialAction\":[{\"@type\":\"ReadAction\",\"target\":[\"https:\/\/congopubonline.com\/?p=48377\"]}]},{\"@type\":\"ImageObject\",\"inLanguage\":\"fr-FR\",\"@id\":\"https:\/\/congopubonline.com\/?p=48377#primaryimage\",\"url\":\"https:\/\/congopubonline.com\/wp-content\/uploads\/2023\/10\/Capture-decran-2023-10-02-113040.png\",\"contentUrl\":\"https:\/\/congopubonline.com\/wp-content\/uploads\/2023\/10\/Capture-decran-2023-10-02-113040.png\",\"width\":946,\"height\":612},{\"@type\":\"BreadcrumbList\",\"@id\":\"https:\/\/congopubonline.com\/?p=48377#breadcrumb\",\"itemListElement\":[{\"@type\":\"ListItem\",\"position\":1,\"name\":\"Accueil\",\"item\":\"https:\/\/congopubonline.com\/\"},{\"@type\":\"ListItem\",\"position\":2,\"name\":\"\u00c0 Boma, Delly Sesanga lance le 2\u00e8 congr\u00e8s de son parti ENVOL\"}]},{\"@type\":\"WebSite\",\"@id\":\"https:\/\/congopubonline.com\/#website\",\"url\":\"https:\/\/congopubonline.com\/\",\"name\":\"Congo Pub Online\",\"description\":\"Votre site d&#039;actualit\u00e9\",\"publisher\":{\"@id\":\"https:\/\/congopubonline.com\/#organization\"},\"alternateName\":\"Marketing 3.0\",\"potentialAction\":[{\"@type\":\"SearchAction\",\"target\":{\"@type\":\"EntryPoint\",\"urlTemplate\":\"https:\/\/congopubonline.com\/?s={search_term_string}\"},\"query-input\":{\"@type\":\"PropertyValueSpecification\",\"valueRequired\":true,\"valueName\":\"search_term_string\"}}],\"inLanguage\":\"fr-FR\"},{\"@type\":\"Organization\",\"@id\":\"https:\/\/congopubonline.com\/#organization\",\"name\":\"Congo Pub Online\",\"url\":\"https:\/\/congopubonline.com\/\",\"logo\":{\"@type\":\"ImageObject\",\"inLanguage\":\"fr-FR\",\"@id\":\"https:\/\/congopubonline.com\/#\/schema\/logo\/image\/\",\"url\":\"https:\/\/congopubonline.com\/wp-content\/uploads\/2022\/09\/LOGO_CONGO-PUB-Online_Version-2.jpg\",\"contentUrl\":\"https:\/\/congopubonline.com\/wp-content\/uploads\/2022\/09\/LOGO_CONGO-PUB-Online_Version-2.jpg\",\"width\":374,\"height\":223,\"caption\":\"Congo Pub Online\"},\"image\":{\"@id\":\"https:\/\/congopubonline.com\/#\/schema\/logo\/image\/\"},\"sameAs\":[\"https:\/\/web.facebook.com\/Congopubonline\",\"https:\/\/x.com\/CONGOPUBOnline\"]},{\"@type\":\"Person\",\"@id\":\"https:\/\/congopubonline.com\/#\/schema\/person\/0d76ad55397527fd49db9d33cd5d6c6c\",\"name\":\"Sam's Londele\",\"url\":\"https:\/\/congopubonline.com\/?author=75\"}]}<\/script>\n<!-- \/ Yoast SEO Premium plugin. -->","yoast_head_json":{"title":"\u00c0 Boma, Delly Sesanga lance le 2\u00e8 congr\u00e8s de son parti ENVOL","description":"Le deuxi\u00e8me congr\u00e8s ordinaire du parti politique ENVOL a d\u00e9but\u00e9, dimanche 1er octobre, \u00e0 Boma, dans la province du Kongo Central...","robots":{"index":"index","follow":"follow","max-snippet":"max-snippet:-1","max-image-preview":"max-image-preview:large","max-video-preview":"max-video-preview:-1"},"canonical":"https:\/\/congopubonline.com\/?p=48377","og_locale":"fr_FR","og_type":"article","og_title":"\u00c0 Boma, Delly Sesanga lance le 2\u00e8 congr\u00e8s de son parti ENVOL","og_description":"Le deuxi\u00e8me congr\u00e8s ordinaire du parti politique ENVOL a d\u00e9but\u00e9, dimanche 1er octobre, \u00e0 Boma, dans la province du Kongo Central...","og_url":"https:\/\/congopubonline.com\/?p=48377","og_site_name":"Congo Pub Online","article_publisher":"https:\/\/web.facebook.com\/Congopubonline","article_published_time":"2023-10-02T10:36:41+00:00","article_modified_time":"2023-10-02T10:36:50+00:00","og_image":[{"width":946,"height":612,"url":"https:\/\/congopubonline.com\/wp-content\/uploads\/2023\/10\/Capture-decran-2023-10-02-113040.png","type":"image\/png"}],"author":"Sam's Londele","twitter_card":"summary_large_image","twitter_creator":"@CONGOPUBOnline","twitter_site":"@CONGOPUBOnline","twitter_misc":{"\u00c9crit par":"Sam's Londele","Dur\u00e9e de lecture estim\u00e9e":"2 minutes"},"schema":{"@context":"https:\/\/schema.org","@graph":[{"@type":"Article","@id":"https:\/\/congopubonline.com\/?p=48377#article","isPartOf":{"@id":"https:\/\/congopubonline.com\/?p=48377"},"author":{"name":"Sam's Londele","@id":"https:\/\/congopubonline.com\/#\/schema\/person\/0d76ad55397527fd49db9d33cd5d6c6c"},"headline":"\u00c0 Boma, Delly Sesanga lance le 2\u00e8 congr\u00e8s de son parti ENVOL","datePublished":"2023-10-02T10:36:41+00:00","dateModified":"2023-10-02T10:36:50+00:00","mainEntityOfPage":{"@id":"https:\/\/congopubonline.com\/?p=48377"},"wordCount":373,"publisher":{"@id":"https:\/\/congopubonline.com\/#organization"},"image":{"@id":"https:\/\/congopubonline.com\/?p=48377#primaryimage"},"thumbnailUrl":"https:\/\/congopubonline.com\/wp-content\/uploads\/2023\/10\/Capture-decran-2023-10-02-113040.png","keywords":["Boma","delly-sesanga","parti Envol","RDC"],"articleSection":["\u00c0 la Une","Politique"],"inLanguage":"fr-FR"},{"@type":"WebPage","@id":"https:\/\/congopubonline.com\/?p=48377","url":"https:\/\/congopubonline.com\/?p=48377","name":"\u00c0 Boma, Delly Sesanga lance le 2\u00e8 congr\u00e8s de son parti ENVOL","isPartOf":{"@id":"https:\/\/congopubonline.com\/#website"},"primaryImageOfPage":{"@id":"https:\/\/congopubonline.com\/?p=48377#primaryimage"},"image":{"@id":"https:\/\/congopubonline.com\/?p=48377#primaryimage"},"thumbnailUrl":"https:\/\/congopubonline.com\/wp-content\/uploads\/2023\/10\/Capture-decran-2023-10-02-113040.png","datePublished":"2023-10-02T10:36:41+00:00","dateModified":"2023-10-02T10:36:50+00:00","description":"Le deuxi\u00e8me congr\u00e8s ordinaire du parti politique ENVOL a d\u00e9but\u00e9, dimanche 1er octobre, \u00e0 Boma, dans la province du Kongo Central...","breadcrumb":{"@id":"https:\/\/congopubonline.com\/?p=48377#breadcrumb"},"inLanguage":"fr-FR","potentialAction":[{"@type":"ReadAction","target":["https:\/\/congopubonline.com\/?p=48377"]}]},{"@type":"ImageObject","inLanguage":"fr-FR","@id":"https:\/\/congopubonline.com\/?p=48377#primaryimage","url":"https:\/\/congopubonline.com\/wp-content\/uploads\/2023\/10\/Capture-decran-2023-10-02-113040.png","contentUrl":"https:\/\/congopubonline.com\/wp-content\/uploads\/2023\/10\/Capture-decran-2023-10-02-113040.png","width":946,"height":612},{"@type":"BreadcrumbList","@id":"https:\/\/congopubonline.com\/?p=48377#breadcrumb","itemListElement":[{"@type":"ListItem","position":1,"name":"Accueil","item":"https:\/\/congopubonline.com\/"},{"@type":"ListItem","position":2,"name":"\u00c0 Boma, Delly Sesanga lance le 2\u00e8 congr\u00e8s de son parti ENVOL"}]},{"@type":"WebSite","@id":"https:\/\/congopubonline.com\/#website","url":"https:\/\/congopubonline.com\/","name":"Congo Pub Online","description":"Votre site d&#039;actualit\u00e9","publisher":{"@id":"https:\/\/congopubonline.com\/#organization"},"alternateName":"Marketing 3.0","potentialAction":[{"@type":"SearchAction","target":{"@type":"EntryPoint","urlTemplate":"https:\/\/congopubonline.com\/?s={search_term_string}"},"query-input":{"@type":"PropertyValueSpecification","valueRequired":true,"valueName":"search_term_string"}}],"inLanguage":"fr-FR"},{"@type":"Organization","@id":"https:\/\/congopubonline.com\/#organization","name":"Congo Pub Online","url":"https:\/\/congopubonline.com\/","logo":{"@type":"ImageObject","inLanguage":"fr-FR","@id":"https:\/\/congopubonline.com\/#\/schema\/logo\/image\/","url":"https:\/\/congopubonline.com\/wp-content\/uploads\/2022\/09\/LOGO_CONGO-PUB-Online_Version-2.jpg","contentUrl":"https:\/\/congopubonline.com\/wp-content\/uploads\/2022\/09\/LOGO_CONGO-PUB-Online_Version-2.jpg","width":374,"height":223,"caption":"Congo Pub Online"},"image":{"@id":"https:\/\/congopubonline.com\/#\/schema\/logo\/image\/"},"sameAs":["https:\/\/web.facebook.com\/Congopubonline","https:\/\/x.com\/CONGOPUBOnline"]},{"@type":"Person","@id":"https:\/\/congopubonline.com\/#\/schema\/person\/0d76ad55397527fd49db9d33cd5d6c6c","name":"Sam's Londele","url":"https:\/\/congopubonline.com\/?author=75"}]}},"_links":{"self":[{"href":"https:\/\/congopubonline.com\/index.php?rest_route=\/wp\/v2\/posts\/48377","targetHints":{"allow":["GET"]}}],"collection":[{"href":"https:\/\/congopubonline.com\/index.php?rest_route=\/wp\/v2\/posts"}],"about":[{"href":"https:\/\/congopubonline.com\/index.php?rest_route=\/wp\/v2\/types\/post"}],"author":[{"embeddable":true,"href":"https:\/\/congopubonline.com\/index.php?rest_route=\/wp\/v2\/users\/75"}],"replies":[{"embeddable":true,"href":"https:\/\/congopubonline.com\/index.php?rest_route=%2Fwp%2Fv2%2Fcomments&post=48377"}],"version-history":[{"count":0,"href":"https:\/\/congopubonline.com\/index.php?rest_route=\/wp\/v2\/posts\/48377\/revisions"}],"wp:featuredmedia":[{"embeddable":true,"href":"https:\/\/congopubonline.com\/index.php?rest_route=\/wp\/v2\/media\/48380"}],"wp:attachment":[{"href":"https:\/\/congopubonline.com\/index.php?rest_route=%2Fwp%2Fv2%2Fmedia&parent=48377"}],"wp:term":[{"taxonomy":"category","embeddable":true,"href":"https:\/\/congopubonline.com\/index.php?rest_route=%2Fwp%2Fv2%2Fcategories&post=48377"},{"taxonomy":"post_tag","embeddable":true,"href":"https:\/\/congopubonline.com\/index.php?rest_route=%2Fwp%2Fv2%2Ftags&post=48377"}],"curies":[{"name":"wp","href":"https:\/\/api.w.org\/{rel}","templated":true}]}}