{"id":48886,"date":"2023-10-09T15:09:37","date_gmt":"2023-10-09T13:09:37","guid":{"rendered":"https:\/\/congopubonline.com\/?p=48886"},"modified":"2023-10-09T15:10:16","modified_gmt":"2023-10-09T13:10:16","slug":"israel-hamas-a-lonu-la-guerre-des-mots-des-representants-israelien-et-palestinien","status":"publish","type":"post","link":"https:\/\/congopubonline.com\/?p=48886","title":{"rendered":"Isra\u00ebl-Hamas: \u00e0 l\u2019ONU, la guerre des mots des repr\u00e9sentants isra\u00e9lien et palestinien"},"content":{"rendered":"\n<p><strong>Le Conseil de s\u00e9curit\u00e9 de l\u2019ONU s\u2019est r\u00e9uni ce dimanche 8 octobre, mais ne s\u2019est pas exprim\u00e9 publiquement \u00e0 propos des attaques du Hamas en Isra\u00ebl ou des prises d\u2019otages. \u00c0 l\u2019entr\u00e9e du Conseil, les repr\u00e9sentants d\u2019Isra\u00ebl et de la Palestine \u00e0 l\u2019ONU se sont affront\u00e9 par discours successifs.<\/strong><\/p>\n\n\n\n<p>Si la plupart des quinze pays-membres du Conseil de s\u00e9curit\u00e9 des Nations unies ont condamn\u00e9 le Hamas, la Russie, la Chine et\u00a0<strong>les pays africains<\/strong>\u00a0n\u2019ont pas voulu le d\u00e9signer nomm\u00e9ment, ou faire de distinction dans les attaques de civils. Malgr\u00e9 tout, apr\u00e8s la r\u00e9union \u00e0 huis clos du Conseil, tous les membres pensaient qu\u2019il valait mieux se garder de toute d\u00e9claration qui pourrait avoir \u00e9t\u00e9 mal interpr\u00e9t\u00e9e, d\u2019un c\u00f4t\u00e9 comme de l\u2019autre.<\/p>\n\n\n\n<p>Ce dimanche, l\u2019ambassadeur isra\u00e9lien Gilan Erdan est arriv\u00e9 avec des photos et des vid\u00e9os en amont du Conseil, comparant les\u00a0<strong>victimes des attaques<\/strong>\u00a0ou des\u00a0<strong>prises d\u2019otages<\/strong>\u00a0de samedi aux descentes des nazis ou \u00e0 l\u2019Holocauste.<\/p>\n\n\n\n<p>Son ton a laiss\u00e9 croire qu\u2019Isra\u00ebl \u00e9tait pr\u00eate \u00e0 aller plus loin que de l\u2019autod\u00e9fense. \u00ab&nbsp;<em>Nous allons changer de paradigme<\/em>&nbsp;\u00bb, a-t-il affirm\u00e9, avant d\u2019exhorter le Conseil de s\u00e9curit\u00e9 \u00e0 arr\u00eater de n\u00e9gocier ou d\u2019essayer de raisonner les \u00ab&nbsp;<em>terroristes<\/em>&nbsp;\u00bb.<\/p>\n\n\n\n<p>\u00ab&nbsp;<em>La communaut\u00e9 internationale doit soutenir totalement&nbsp;Isra\u00ebl.&nbsp;Les crimes de guerre du Hamas doivent \u00eatre condamn\u00e9s sans \u00e9quivoque, ces atrocit\u00e9s inimaginables doivent \u00eatre condamn\u00e9es&nbsp;<\/em>\u00bb, a-t-il ajout\u00e9.<\/p>\n\n\n\n<h4 class=\"wp-block-heading\" id=\"h-ne-pas-renforcer-davantage-l-oppression\">Ne pas \u00ab&nbsp;<em>renforcer davantage l\u2019oppression<\/em>&nbsp;\u00bb<\/h4>\n\n\n\n<p>Son homologue palestinien, Riyad Mansour, a quant \u00e0 lui condamn\u00e9 entre les lignes la\u00a0<strong>strat\u00e9gie guerri\u00e8re d\u2019Isra\u00ebl<\/strong>. \u00ab\u00a0<em>S\u2019il s\u2019agit de paix, alors la mani\u00e8re d\u2019y parvenir n\u2019est pas de renforcer davantage l\u2019oppression et l\u2019occupation, mais d\u2019y mettre un terme. Vous ne pouvez pas dire : rien ne justifie le meurtre d\u2019Isra\u00e9liens, puis justifier le meurtre de Palestiniens\u00a0<\/em>\u00bb, a-t-il lanc\u00e9.<\/p>\n\n\n\n<p>Gilan Erdan, qui s\u2019exprimait au nom d\u2019Isra\u00ebl, ne pensait pas pour autant que ces attaques puissent remettre en cause la reconnaissance mutuelle de son pays et de l\u2019Arabie Saoudite.<\/p>\n\n\n\n<p><strong>RFI via France 24 <\/strong><\/p>\n<div class='epvc-post-count'><span class='epvc-eye'><\/span>  <span class=\"epvc-count\"> 284<\/span><span class='epvc-label'> Vues<\/span><\/div>","protected":false},"excerpt":{"rendered":"<p>Le Conseil de s\u00e9curit\u00e9 de l\u2019ONU s\u2019est r\u00e9uni ce dimanche 8 octobre, mais ne s\u2019est pas exprim\u00e9 publiquement \u00e0 propos des attaques du Hamas en Isra\u00ebl ou des prises d\u2019otages.&hellip;<\/p>\n","protected":false},"author":74,"featured_media":48890,"comment_status":"closed","ping_status":"closed","sticky":false,"template":"","format":"standard","meta":{"content-type":"","_monsterinsights_skip_tracking":false,"_monsterinsights_sitenote_active":false,"_monsterinsights_sitenote_note":"","_monsterinsights_sitenote_category":0,"footnotes":""},"categories":[844,54],"tags":[4377,4379,1342,4378],"class_list":["post-48886","post","type-post","status-publish","format-standard","has-post-thumbnail","hentry","category-a-la-une","category-monde","tag-israel-hamas","tag-israelien","tag-onu","tag-palestinien"],"yoast_head":"<!-- This site is optimized with the Yoast SEO Premium plugin v25.4 (Yoast SEO v25.4) - https:\/\/yoast.com\/wordpress\/plugins\/seo\/ -->\n<title>Isra\u00ebl-Hamas: \u00e0 l\u2019ONU, la guerre des mots des repr\u00e9sentants isra\u00e9lien et palestinien - Congo Pub Online<\/title>\n<meta name=\"description\" content=\"Le Conseil de s\u00e9curit\u00e9 de l\u2019ONU s\u2019est r\u00e9uni ce dimanche 8 octobre, mais ne s\u2019est pas exprim\u00e9 publiquement \u00e0 propos des attaques du Hamas\" \/>\n<meta name=\"robots\" content=\"index, follow, max-snippet:-1, max-image-preview:large, max-video-preview:-1\" \/>\n<link rel=\"canonical\" href=\"https:\/\/congopubonline.com\/?p=48886\" \/>\n<meta property=\"og:locale\" content=\"fr_FR\" \/>\n<meta property=\"og:type\" content=\"article\" \/>\n<meta property=\"og:title\" content=\"Isra\u00ebl-Hamas: \u00e0 l\u2019ONU, la guerre des mots des repr\u00e9sentants isra\u00e9lien et palestinien\" \/>\n<meta property=\"og:description\" content=\"Le Conseil de s\u00e9curit\u00e9 de l\u2019ONU s\u2019est r\u00e9uni ce dimanche 8 octobre, mais ne s\u2019est pas exprim\u00e9 publiquement \u00e0 propos des attaques du Hamas\" \/>\n<meta property=\"og:url\" content=\"https:\/\/congopubonline.com\/?p=48886\" \/>\n<meta property=\"og:site_name\" content=\"Congo Pub Online\" \/>\n<meta property=\"article:publisher\" content=\"https:\/\/web.facebook.com\/Congopubonline\" \/>\n<meta property=\"article:published_time\" content=\"2023-10-09T13:09:37+00:00\" \/>\n<meta property=\"article:modified_time\" content=\"2023-10-09T13:10:16+00:00\" \/>\n<meta property=\"og:image\" content=\"https:\/\/congopubonline.com\/wp-content\/uploads\/2023\/10\/EDUARDO-MUNOZ-ALVAREZ.webp\" \/>\n\t<meta property=\"og:image:width\" content=\"980\" \/>\n\t<meta property=\"og:image:height\" content=\"551\" \/>\n\t<meta property=\"og:image:type\" content=\"image\/webp\" \/>\n<meta name=\"author\" content=\"Ruben Yale\" \/>\n<meta name=\"twitter:card\" content=\"summary_large_image\" \/>\n<meta name=\"twitter:creator\" content=\"@CONGOPUBOnline\" \/>\n<meta name=\"twitter:site\" content=\"@CONGOPUBOnline\" \/>\n<meta name=\"twitter:label1\" content=\"\u00c9crit par\" \/>\n\t<meta name=\"twitter:data1\" content=\"Ruben Yale\" \/>\n\t<meta name=\"twitter:label2\" content=\"Dur\u00e9e de lecture estim\u00e9e\" \/>\n\t<meta name=\"twitter:data2\" content=\"2 minutes\" \/>\n<script type=\"application\/ld+json\" class=\"yoast-schema-graph\">{\"@context\":\"https:\/\/schema.org\",\"@graph\":[{\"@type\":\"Article\",\"@id\":\"https:\/\/congopubonline.com\/?p=48886#article\",\"isPartOf\":{\"@id\":\"https:\/\/congopubonline.com\/?p=48886\"},\"author\":{\"name\":\"Ruben Yale\",\"@id\":\"https:\/\/congopubonline.com\/#\/schema\/person\/602917c8716d290c89ca7df6c4a0ffe5\"},\"headline\":\"Isra\u00ebl-Hamas: \u00e0 l\u2019ONU, la guerre des mots des repr\u00e9sentants isra\u00e9lien et palestinien\",\"datePublished\":\"2023-10-09T13:09:37+00:00\",\"dateModified\":\"2023-10-09T13:10:16+00:00\",\"mainEntityOfPage\":{\"@id\":\"https:\/\/congopubonline.com\/?p=48886\"},\"wordCount\":397,\"publisher\":{\"@id\":\"https:\/\/congopubonline.com\/#organization\"},\"image\":{\"@id\":\"https:\/\/congopubonline.com\/?p=48886#primaryimage\"},\"thumbnailUrl\":\"https:\/\/congopubonline.com\/wp-content\/uploads\/2023\/10\/EDUARDO-MUNOZ-ALVAREZ.webp\",\"keywords\":[\"Isra\u00ebl-Hamas\",\"isra\u00e9lien\",\"ONU\",\"palestinien\"],\"articleSection\":[\"\u00c0 la Une\",\"Monde\"],\"inLanguage\":\"fr-FR\"},{\"@type\":\"WebPage\",\"@id\":\"https:\/\/congopubonline.com\/?p=48886\",\"url\":\"https:\/\/congopubonline.com\/?p=48886\",\"name\":\"Isra\u00ebl-Hamas: \u00e0 l\u2019ONU, la guerre des mots des repr\u00e9sentants isra\u00e9lien et palestinien - Congo Pub Online\",\"isPartOf\":{\"@id\":\"https:\/\/congopubonline.com\/#website\"},\"primaryImageOfPage\":{\"@id\":\"https:\/\/congopubonline.com\/?p=48886#primaryimage\"},\"image\":{\"@id\":\"https:\/\/congopubonline.com\/?p=48886#primaryimage\"},\"thumbnailUrl\":\"https:\/\/congopubonline.com\/wp-content\/uploads\/2023\/10\/EDUARDO-MUNOZ-ALVAREZ.webp\",\"datePublished\":\"2023-10-09T13:09:37+00:00\",\"dateModified\":\"2023-10-09T13:10:16+00:00\",\"description\":\"Le Conseil de s\u00e9curit\u00e9 de l\u2019ONU s\u2019est r\u00e9uni ce dimanche 8 octobre, mais ne s\u2019est pas exprim\u00e9 publiquement \u00e0 propos des attaques du Hamas\",\"breadcrumb\":{\"@id\":\"https:\/\/congopubonline.com\/?p=48886#breadcrumb\"},\"inLanguage\":\"fr-FR\",\"potentialAction\":[{\"@type\":\"ReadAction\",\"target\":[\"https:\/\/congopubonline.com\/?p=48886\"]}]},{\"@type\":\"ImageObject\",\"inLanguage\":\"fr-FR\",\"@id\":\"https:\/\/congopubonline.com\/?p=48886#primaryimage\",\"url\":\"https:\/\/congopubonline.com\/wp-content\/uploads\/2023\/10\/EDUARDO-MUNOZ-ALVAREZ.webp\",\"contentUrl\":\"https:\/\/congopubonline.com\/wp-content\/uploads\/2023\/10\/EDUARDO-MUNOZ-ALVAREZ.webp\",\"width\":980,\"height\":551},{\"@type\":\"BreadcrumbList\",\"@id\":\"https:\/\/congopubonline.com\/?p=48886#breadcrumb\",\"itemListElement\":[{\"@type\":\"ListItem\",\"position\":1,\"name\":\"Accueil\",\"item\":\"https:\/\/congopubonline.com\/\"},{\"@type\":\"ListItem\",\"position\":2,\"name\":\"Isra\u00ebl-Hamas: \u00e0 l\u2019ONU, la guerre des mots des repr\u00e9sentants isra\u00e9lien et palestinien\"}]},{\"@type\":\"WebSite\",\"@id\":\"https:\/\/congopubonline.com\/#website\",\"url\":\"https:\/\/congopubonline.com\/\",\"name\":\"Congo Pub Online\",\"description\":\"Votre site d&#039;actualit\u00e9\",\"publisher\":{\"@id\":\"https:\/\/congopubonline.com\/#organization\"},\"alternateName\":\"Marketing 3.0\",\"potentialAction\":[{\"@type\":\"SearchAction\",\"target\":{\"@type\":\"EntryPoint\",\"urlTemplate\":\"https:\/\/congopubonline.com\/?s={search_term_string}\"},\"query-input\":{\"@type\":\"PropertyValueSpecification\",\"valueRequired\":true,\"valueName\":\"search_term_string\"}}],\"inLanguage\":\"fr-FR\"},{\"@type\":\"Organization\",\"@id\":\"https:\/\/congopubonline.com\/#organization\",\"name\":\"Congo Pub Online\",\"url\":\"https:\/\/congopubonline.com\/\",\"logo\":{\"@type\":\"ImageObject\",\"inLanguage\":\"fr-FR\",\"@id\":\"https:\/\/congopubonline.com\/#\/schema\/logo\/image\/\",\"url\":\"https:\/\/congopubonline.com\/wp-content\/uploads\/2022\/09\/LOGO_CONGO-PUB-Online_Version-2.jpg\",\"contentUrl\":\"https:\/\/congopubonline.com\/wp-content\/uploads\/2022\/09\/LOGO_CONGO-PUB-Online_Version-2.jpg\",\"width\":374,\"height\":223,\"caption\":\"Congo Pub Online\"},\"image\":{\"@id\":\"https:\/\/congopubonline.com\/#\/schema\/logo\/image\/\"},\"sameAs\":[\"https:\/\/web.facebook.com\/Congopubonline\",\"https:\/\/x.com\/CONGOPUBOnline\"]},{\"@type\":\"Person\",\"@id\":\"https:\/\/congopubonline.com\/#\/schema\/person\/602917c8716d290c89ca7df6c4a0ffe5\",\"name\":\"Ruben Yale\",\"url\":\"https:\/\/congopubonline.com\/?author=74\"}]}<\/script>\n<!-- \/ Yoast SEO Premium plugin. -->","yoast_head_json":{"title":"Isra\u00ebl-Hamas: \u00e0 l\u2019ONU, la guerre des mots des repr\u00e9sentants isra\u00e9lien et palestinien - Congo Pub Online","description":"Le Conseil de s\u00e9curit\u00e9 de l\u2019ONU s\u2019est r\u00e9uni ce dimanche 8 octobre, mais ne s\u2019est pas exprim\u00e9 publiquement \u00e0 propos des attaques du Hamas","robots":{"index":"index","follow":"follow","max-snippet":"max-snippet:-1","max-image-preview":"max-image-preview:large","max-video-preview":"max-video-preview:-1"},"canonical":"https:\/\/congopubonline.com\/?p=48886","og_locale":"fr_FR","og_type":"article","og_title":"Isra\u00ebl-Hamas: \u00e0 l\u2019ONU, la guerre des mots des repr\u00e9sentants isra\u00e9lien et palestinien","og_description":"Le Conseil de s\u00e9curit\u00e9 de l\u2019ONU s\u2019est r\u00e9uni ce dimanche 8 octobre, mais ne s\u2019est pas exprim\u00e9 publiquement \u00e0 propos des attaques du Hamas","og_url":"https:\/\/congopubonline.com\/?p=48886","og_site_name":"Congo Pub Online","article_publisher":"https:\/\/web.facebook.com\/Congopubonline","article_published_time":"2023-10-09T13:09:37+00:00","article_modified_time":"2023-10-09T13:10:16+00:00","og_image":[{"width":980,"height":551,"url":"https:\/\/congopubonline.com\/wp-content\/uploads\/2023\/10\/EDUARDO-MUNOZ-ALVAREZ.webp","type":"image\/webp"}],"author":"Ruben Yale","twitter_card":"summary_large_image","twitter_creator":"@CONGOPUBOnline","twitter_site":"@CONGOPUBOnline","twitter_misc":{"\u00c9crit par":"Ruben Yale","Dur\u00e9e de lecture estim\u00e9e":"2 minutes"},"schema":{"@context":"https:\/\/schema.org","@graph":[{"@type":"Article","@id":"https:\/\/congopubonline.com\/?p=48886#article","isPartOf":{"@id":"https:\/\/congopubonline.com\/?p=48886"},"author":{"name":"Ruben Yale","@id":"https:\/\/congopubonline.com\/#\/schema\/person\/602917c8716d290c89ca7df6c4a0ffe5"},"headline":"Isra\u00ebl-Hamas: \u00e0 l\u2019ONU, la guerre des mots des repr\u00e9sentants isra\u00e9lien et palestinien","datePublished":"2023-10-09T13:09:37+00:00","dateModified":"2023-10-09T13:10:16+00:00","mainEntityOfPage":{"@id":"https:\/\/congopubonline.com\/?p=48886"},"wordCount":397,"publisher":{"@id":"https:\/\/congopubonline.com\/#organization"},"image":{"@id":"https:\/\/congopubonline.com\/?p=48886#primaryimage"},"thumbnailUrl":"https:\/\/congopubonline.com\/wp-content\/uploads\/2023\/10\/EDUARDO-MUNOZ-ALVAREZ.webp","keywords":["Isra\u00ebl-Hamas","isra\u00e9lien","ONU","palestinien"],"articleSection":["\u00c0 la Une","Monde"],"inLanguage":"fr-FR"},{"@type":"WebPage","@id":"https:\/\/congopubonline.com\/?p=48886","url":"https:\/\/congopubonline.com\/?p=48886","name":"Isra\u00ebl-Hamas: \u00e0 l\u2019ONU, la guerre des mots des repr\u00e9sentants isra\u00e9lien et palestinien - Congo Pub Online","isPartOf":{"@id":"https:\/\/congopubonline.com\/#website"},"primaryImageOfPage":{"@id":"https:\/\/congopubonline.com\/?p=48886#primaryimage"},"image":{"@id":"https:\/\/congopubonline.com\/?p=48886#primaryimage"},"thumbnailUrl":"https:\/\/congopubonline.com\/wp-content\/uploads\/2023\/10\/EDUARDO-MUNOZ-ALVAREZ.webp","datePublished":"2023-10-09T13:09:37+00:00","dateModified":"2023-10-09T13:10:16+00:00","description":"Le Conseil de s\u00e9curit\u00e9 de l\u2019ONU s\u2019est r\u00e9uni ce dimanche 8 octobre, mais ne s\u2019est pas exprim\u00e9 publiquement \u00e0 propos des attaques du Hamas","breadcrumb":{"@id":"https:\/\/congopubonline.com\/?p=48886#breadcrumb"},"inLanguage":"fr-FR","potentialAction":[{"@type":"ReadAction","target":["https:\/\/congopubonline.com\/?p=48886"]}]},{"@type":"ImageObject","inLanguage":"fr-FR","@id":"https:\/\/congopubonline.com\/?p=48886#primaryimage","url":"https:\/\/congopubonline.com\/wp-content\/uploads\/2023\/10\/EDUARDO-MUNOZ-ALVAREZ.webp","contentUrl":"https:\/\/congopubonline.com\/wp-content\/uploads\/2023\/10\/EDUARDO-MUNOZ-ALVAREZ.webp","width":980,"height":551},{"@type":"BreadcrumbList","@id":"https:\/\/congopubonline.com\/?p=48886#breadcrumb","itemListElement":[{"@type":"ListItem","position":1,"name":"Accueil","item":"https:\/\/congopubonline.com\/"},{"@type":"ListItem","position":2,"name":"Isra\u00ebl-Hamas: \u00e0 l\u2019ONU, la guerre des mots des repr\u00e9sentants isra\u00e9lien et palestinien"}]},{"@type":"WebSite","@id":"https:\/\/congopubonline.com\/#website","url":"https:\/\/congopubonline.com\/","name":"Congo Pub Online","description":"Votre site d&#039;actualit\u00e9","publisher":{"@id":"https:\/\/congopubonline.com\/#organization"},"alternateName":"Marketing 3.0","potentialAction":[{"@type":"SearchAction","target":{"@type":"EntryPoint","urlTemplate":"https:\/\/congopubonline.com\/?s={search_term_string}"},"query-input":{"@type":"PropertyValueSpecification","valueRequired":true,"valueName":"search_term_string"}}],"inLanguage":"fr-FR"},{"@type":"Organization","@id":"https:\/\/congopubonline.com\/#organization","name":"Congo Pub Online","url":"https:\/\/congopubonline.com\/","logo":{"@type":"ImageObject","inLanguage":"fr-FR","@id":"https:\/\/congopubonline.com\/#\/schema\/logo\/image\/","url":"https:\/\/congopubonline.com\/wp-content\/uploads\/2022\/09\/LOGO_CONGO-PUB-Online_Version-2.jpg","contentUrl":"https:\/\/congopubonline.com\/wp-content\/uploads\/2022\/09\/LOGO_CONGO-PUB-Online_Version-2.jpg","width":374,"height":223,"caption":"Congo Pub Online"},"image":{"@id":"https:\/\/congopubonline.com\/#\/schema\/logo\/image\/"},"sameAs":["https:\/\/web.facebook.com\/Congopubonline","https:\/\/x.com\/CONGOPUBOnline"]},{"@type":"Person","@id":"https:\/\/congopubonline.com\/#\/schema\/person\/602917c8716d290c89ca7df6c4a0ffe5","name":"Ruben Yale","url":"https:\/\/congopubonline.com\/?author=74"}]}},"_links":{"self":[{"href":"https:\/\/congopubonline.com\/index.php?rest_route=\/wp\/v2\/posts\/48886","targetHints":{"allow":["GET"]}}],"collection":[{"href":"https:\/\/congopubonline.com\/index.php?rest_route=\/wp\/v2\/posts"}],"about":[{"href":"https:\/\/congopubonline.com\/index.php?rest_route=\/wp\/v2\/types\/post"}],"author":[{"embeddable":true,"href":"https:\/\/congopubonline.com\/index.php?rest_route=\/wp\/v2\/users\/74"}],"replies":[{"embeddable":true,"href":"https:\/\/congopubonline.com\/index.php?rest_route=%2Fwp%2Fv2%2Fcomments&post=48886"}],"version-history":[{"count":0,"href":"https:\/\/congopubonline.com\/index.php?rest_route=\/wp\/v2\/posts\/48886\/revisions"}],"wp:featuredmedia":[{"embeddable":true,"href":"https:\/\/congopubonline.com\/index.php?rest_route=\/wp\/v2\/media\/48890"}],"wp:attachment":[{"href":"https:\/\/congopubonline.com\/index.php?rest_route=%2Fwp%2Fv2%2Fmedia&parent=48886"}],"wp:term":[{"taxonomy":"category","embeddable":true,"href":"https:\/\/congopubonline.com\/index.php?rest_route=%2Fwp%2Fv2%2Fcategories&post=48886"},{"taxonomy":"post_tag","embeddable":true,"href":"https:\/\/congopubonline.com\/index.php?rest_route=%2Fwp%2Fv2%2Ftags&post=48886"}],"curies":[{"name":"wp","href":"https:\/\/api.w.org\/{rel}","templated":true}]}}