{"id":50043,"date":"2023-10-23T13:21:45","date_gmt":"2023-10-23T11:21:45","guid":{"rendered":"https:\/\/congopubonline.com\/?p=50043"},"modified":"2023-10-23T13:21:51","modified_gmt":"2023-10-23T11:21:51","slug":"presidentielle-en-argentine-sergio-massa-et-javier-milei-saffronteront-au-second-tour","status":"publish","type":"post","link":"https:\/\/congopubonline.com\/?p=50043","title":{"rendered":"Pr\u00e9sidentielle en Argentine : Sergio Massa et Javier Milei s&rsquo;affronteront au second tour"},"content":{"rendered":"\n<p><strong>Les Argentins ont port\u00e9, dimanche, le candidat antisyst\u00e8me Javier Milei (30\u00a0% des voix) et le ministre de l&rsquo;\u00c9conomie Sergio Massa (36,6\u00a0%) au second tour de l&rsquo;\u00e9lection pr\u00e9sidentielle, selon des r\u00e9sultats partiels communiqu\u00e9s par l&rsquo;Autorit\u00e9 \u00e9lectorale. Ils se d\u00e9partageront le 19 novembre.<\/strong><\/p>\n\n\n\n<p>Le ministre argentin de l&rsquo;\u00c9conomie face \u00e0 un ultralib\u00e9ral antisyst\u00e8me qui veut \u00ab\u00a0tron\u00e7onner\u00a0\u00bb l&rsquo;\u00c9tat. Sergio Massa et Javier Milei sont arriv\u00e9s en t\u00eate, dimanche 22 octobre, du premier tour de la\u00a0pr\u00e9sidentielle argentine, selon des r\u00e9sultats officiels partiels. Ils disputeront le second tour le 19 novembre, en vue d&rsquo;une investiture le 10 d\u00e9cembre.<\/p>\n\n\n\n<p>Sergio Massa, 51&nbsp;ans, candidat du bloc gouvernemental de centre-gauche, a surmont\u00e9 le handicap d&rsquo;une inflation record en arrivant en t\u00eate avec&nbsp;36,6&nbsp;% des voix, devant Javier Milei, 53 ans, \u00e0 30&nbsp;%, qui confirme sa perc\u00e9e depuis son irruption sur la sc\u00e8ne politique il y a deux ans, selon les chiffres communiqu\u00e9s par l&rsquo;Autorit\u00e9 \u00e9lectorale, avec 97&nbsp;% des votes d\u00e9compt\u00e9s.<\/p>\n\n\n\n<p>La candidate de l&rsquo;alliance d&rsquo;opposition (centre-droit) Patricia Bullrich, une ex-ministre de la S\u00e9curit\u00e9 et prot\u00e9g\u00e9e de l&rsquo;ancien pr\u00e9sident lib\u00e9ral\u00a0Mauricio Macri\u00a0(2015-2019), est distanc\u00e9e, avec\u00a023,8\u00a0% des voix.<\/p>\n\n\n\n<p>Le taux de participation est estim\u00e9 \u00e0 74\u00a0% en\u00a0Argentine.<\/p>\n\n\n\n<h4 class=\"wp-block-heading\" id=\"h-une-population-aux-abois\">Une population aux abois<\/h4>\n\n\n\n<p>Les Argentins ont vot\u00e9 dans un climat d&rsquo;incertitude et d&rsquo;inqui\u00e9tude, comme rarement depuis le retour de la d\u00e9mocratie il y a 40 ans, sur fond d&rsquo;endettement chronique et d&rsquo;un taux d&rsquo;inflation qui compte d\u00e9sormais parmi les plus \u00e9lev\u00e9s au monde.<\/p>\n\n\n\n<p>Autour des bureaux de vote, les mots de \u00ab\u00a0ras-le-bol\u00a0\u00bb, \u00ab\u00a0anxi\u00e9t\u00e9\u00a0\u00bb, \u00ab\u00a0pas de formule magique\u00a0\u00bb revenaient chez les \u00e9lecteurs approch\u00e9s par l&rsquo;Agence France-Presse (AFP), traduisant une atmosph\u00e8re partag\u00e9e entre d\u00e9sir de changement et peur d&rsquo;un \u00ab\u00a0saut dans le vide\u00a0\u00bb.<\/p>\n\n\n\n<p>\u00ab\u00a0On a besoin d&rsquo;un changement. Ce pays est un d\u00e9sastre, vraiment. Entre la pauvret\u00e9, l&rsquo;inflation, les gens ne vont pas bien\u00a0\u00bb, se d\u00e9solait Gabriela Paperini, 57 ans, pr\u00e8s d&rsquo;un bureau de vote du quartier de Palermo.<\/p>\n\n\n\n<iframe width=\"850\" height=\"478\" src=\"https:\/\/www.youtube.com\/embed\/QKSpQP5Y9V8\" title=\"Le surendettement et l&#39;inflation au coeur de la pr\u00e9sidentielle argentine \u2022 FRANCE 24\" frameborder=\"0\" allow=\"accelerometer; autoplay; clipboard-write; encrypted-media; gyroscope; picture-in-picture; web-share\" allowfullscreen><\/iframe>\n\n\n\n<h4 class=\"wp-block-heading\">D\u00e9ception au QG de Javier Milei<\/h4>\n\n\n\n<p>Les sondages, qui par le pass\u00e9 avaient sous-estim\u00e9 l&rsquo;ascension de Javier Milei, l&rsquo;avaient plac\u00e9 en t\u00eate des intentions de vote ces derni\u00e8res semaines, devan\u00e7ant Sergio Massa.<\/p>\n\n\n\n<p>\u00ab\u00a0Nous sommes pr\u00e9par\u00e9s \u00e0 faire le meilleur gouvernement de l&rsquo;histoire\u00a0\u00bb, a lanc\u00e9 Javier Milei au moment de voter. Il a suivi depuis un fil rouge \u00ab\u00a0d\u00e9gagiste\u00a0\u00bb contre la \u00ab\u00a0caste parasite\u00a0\u00bb, compos\u00e9e selon lui des p\u00e9ronistes (centre-gauche) et lib\u00e9raux qui alternent au pouvoir depuis vingt ans. \u00ab\u00a0Qu&rsquo;ils s&rsquo;en aillent tous, qu&rsquo;il n&rsquo;en reste plus un&nbsp;!\u00a0\u00bb, a-t-il lanc\u00e9.<\/p>\n\n\n\n<figure class=\"wp-block-image\"><img decoding=\"async\" src=\"https:\/\/s.france24.com\/media\/display\/239f3ba2-7149-11ee-9654-005056bfb2b6\/000_33YR7RK.jpg\" alt=\"Le candidat du parti La Libertad Avanza, Javier Milei, c\u00e9l\u00e8bre ses r\u00e9sultats avec ses partisans, le 22 octobre 2023 \u00e0 Buenos Aires.\"\/><figcaption class=\"wp-element-caption\">Le candidat du parti La Libertad Avanza, Javier Milei, c\u00e9l\u00e8bre ses r\u00e9sultats avec ses partisans, le 22 octobre 2023 \u00e0 Buenos Aires.&nbsp;\u00a9 Luis Robayo, AFP<\/figcaption><\/figure>\n\n\n\n<p>\u00c0 son QG de campagne dimanche soir, la d\u00e9ception \u00e9tait manifeste, apr\u00e8s l&rsquo;espoir suscit\u00e9 par les sondages depuis deux mois. \u00ab\u00a0Mais je suis s\u00fbr qu&rsquo;on va retourner \u00e7a. Beaucoup de voix qui n&rsquo;ont pas port\u00e9 sur lui reviendront au second tour\u00a0\u00bb, d\u00e9clarait Nahuel Pasquale, 27 ans, en r\u00e9f\u00e9rence \u00e0 des \u00e9lecteurs de Patricia Bullrich.<\/p>\n\n\n\n<p>Dimanche soir, Javier Milei a salu\u00e9 \u00ab\u00a0la meilleure \u00e9lection de l&rsquo;histoire du lib\u00e9ralisme\u00a0\u00bb, un \u00ab\u00a0jour historique car deux tiers [des Argentins] ont vot\u00e9 pour un changement\u00a0\u00bb, en r\u00e9f\u00e9rence \u00e0 ses \u00e9lecteurs et ceux de Patricia Bullrich. Et il a tendu la main \u00e0 la candidate battue, pour que \u00ab\u00a0tous ceux qui veulent ce changement travaillent ensemble pour r\u00e9cup\u00e9rer notre pays\u00a0\u00bb.<\/p>\n\n\n\n<p>Sergio Massa, un centriste qui s&rsquo;\u00e9tait d\u00e9j\u00e0 pr\u00e9sent\u00e9 \u00e0 la pr\u00e9sidentielle en 2015 contre ses alli\u00e9s p\u00e9ronistes d&rsquo;aujourd&rsquo;hui, a pris soin en campagne de se distancer de l&rsquo;ex\u00e9cutif \u2013\u00a0ni le pr\u00e9sident\u00a0Alberto Fernandez\u00a0ni l&rsquo;ex-cheffe de l&rsquo;\u00c9tat\u00a0Cristina Kirchner\u00a0ne sont apparus \u00e0 ses c\u00f4t\u00e9s.<\/p>\n\n\n\n<iframe width=\"850\" height=\"478\" src=\"https:\/\/www.youtube.com\/embed\/gi2fuUNx0Zk\" title=\"Pr\u00e9sidentielle en Argentine : d\u00e9ception pour les partisans de Mileil, sc\u00e8nes de liesse chez Massa\" frameborder=\"0\" allow=\"accelerometer; autoplay; clipboard-write; encrypted-media; gyroscope; picture-in-picture; web-share\" allowfullscreen><\/iframe>\n\n\n\n<p>Il a tent\u00e9 de convaincre que \u00ab\u00a0le pire de la crise\u00a0\u00bb est pass\u00e9, gr\u00e2ce \u00e0 un prochain boom des exportations et la fin d&rsquo;une s\u00e9cheresse historique en 2022-23 \u2013&nbsp;la pire en 100 ans&nbsp;\u2013 qui a priv\u00e9 l&rsquo;Argentine, g\u00e9ant agro-exportateur, de 20&nbsp;milliards de dollars de recettes.<\/p>\n\n\n\n<p>Ces derniers mois, il a surtout multipli\u00e9 les largesses budg\u00e9taires&nbsp;: r\u00e9duction du nombre de personnes imposables, subventions, exemptions de TVA pour amortir le choc de l&rsquo;inflation. \u00ab\u00a0Irresponsabilit\u00e9 \u00e9lectoraliste\u00a0\u00bb, ont hurl\u00e9 ses adversaires, alors que l&rsquo;Argentine peine a rembourser au&nbsp;<a href=\"https:\/\/www.france24.com\/fr\/tag\/fmi\/\">FMI<\/a>&nbsp;un pr\u00eat de 44&nbsp;milliards de dollars.<\/p>\n\n\n\n<p>Dimanche soir, Sergio Massa a promis, s&rsquo;il est \u00e9lu, de convoquer un \u00ab\u00a0gouvernement d&rsquo;unit\u00e9 nationale\u00a0\u00bb, qui serait une premi\u00e8re dans l&rsquo;Argentine d\u00e9mocratique. Il a lanc\u00e9 un appel aux radicaux, l&rsquo;aile mod\u00e9r\u00e9e de l&rsquo;alliance d&rsquo;opposition, \u00ab\u00a0\u00e0 tous ceux qui partagent nos valeurs d\u00e9mocratiques\u00a0\u00bb.<\/p>\n\n\n\n<p><strong>France 24 via CONGO PUB Online<\/strong><\/p>\n<div class='epvc-post-count'><span class='epvc-eye'><\/span>  <span class=\"epvc-count\"> 250<\/span><span class='epvc-label'> Vues<\/span><\/div>","protected":false},"excerpt":{"rendered":"<p>Les Argentins ont port\u00e9, dimanche, le candidat antisyst\u00e8me Javier Milei (30\u00a0% des voix) et le ministre de l&rsquo;\u00c9conomie Sergio Massa (36,6\u00a0%) au second tour de l&rsquo;\u00e9lection pr\u00e9sidentielle, selon des r\u00e9sultats&hellip;<\/p>\n","protected":false},"author":74,"featured_media":50047,"comment_status":"closed","ping_status":"closed","sticky":false,"template":"","format":"standard","meta":{"content-type":"","_monsterinsights_skip_tracking":false,"_monsterinsights_sitenote_active":false,"_monsterinsights_sitenote_note":"","_monsterinsights_sitenote_category":0,"footnotes":""},"categories":[844,54],"tags":[],"class_list":["post-50043","post","type-post","status-publish","format-standard","has-post-thumbnail","hentry","category-a-la-une","category-monde"],"yoast_head":"<!-- This site is optimized with the Yoast SEO Premium plugin v25.4 (Yoast SEO v25.4) - https:\/\/yoast.com\/wordpress\/plugins\/seo\/ -->\n<title>Pr\u00e9sidentielle en Argentine : Sergio Massa et Javier Milei s&#039;affronteront au second tour - Congo Pub Online<\/title>\n<meta name=\"description\" content=\"Les Argentins ont port\u00e9, dimanche, le candidat antisyst\u00e8me Javier Milei (30\u00a0% des voix) et le ministre de l&#039;\u00c9conomie Sergio Massa (36,6\u00a0%)\" \/>\n<meta name=\"robots\" content=\"index, follow, max-snippet:-1, max-image-preview:large, max-video-preview:-1\" \/>\n<link rel=\"canonical\" href=\"https:\/\/congopubonline.com\/?p=50043\" \/>\n<meta property=\"og:locale\" content=\"fr_FR\" \/>\n<meta property=\"og:type\" content=\"article\" \/>\n<meta property=\"og:title\" content=\"Pr\u00e9sidentielle en Argentine : Sergio Massa et Javier Milei s&#039;affronteront au second tour\" \/>\n<meta property=\"og:description\" content=\"Les Argentins ont port\u00e9, dimanche, le candidat antisyst\u00e8me Javier Milei (30\u00a0% des voix) et le ministre de l&#039;\u00c9conomie Sergio Massa (36,6\u00a0%)\" \/>\n<meta property=\"og:url\" content=\"https:\/\/congopubonline.com\/?p=50043\" \/>\n<meta property=\"og:site_name\" content=\"Congo Pub Online\" \/>\n<meta property=\"article:publisher\" content=\"https:\/\/web.facebook.com\/Congopubonline\" \/>\n<meta property=\"article:published_time\" content=\"2023-10-23T11:21:45+00:00\" \/>\n<meta property=\"article:modified_time\" content=\"2023-10-23T11:21:51+00:00\" \/>\n<meta property=\"og:image\" content=\"https:\/\/congopubonline.com\/wp-content\/uploads\/2023\/10\/Presentielle.jpg\" \/>\n\t<meta property=\"og:image:width\" content=\"734\" \/>\n\t<meta property=\"og:image:height\" content=\"551\" \/>\n\t<meta property=\"og:image:type\" content=\"image\/jpeg\" \/>\n<meta name=\"author\" content=\"Ruben Yale\" \/>\n<meta name=\"twitter:card\" content=\"summary_large_image\" \/>\n<meta name=\"twitter:creator\" content=\"@CONGOPUBOnline\" \/>\n<meta name=\"twitter:site\" content=\"@CONGOPUBOnline\" \/>\n<meta name=\"twitter:label1\" content=\"\u00c9crit par\" \/>\n\t<meta name=\"twitter:data1\" content=\"Ruben Yale\" \/>\n\t<meta name=\"twitter:label2\" content=\"Dur\u00e9e de lecture estim\u00e9e\" \/>\n\t<meta name=\"twitter:data2\" content=\"4 minutes\" \/>\n<script type=\"application\/ld+json\" class=\"yoast-schema-graph\">{\"@context\":\"https:\/\/schema.org\",\"@graph\":[{\"@type\":\"Article\",\"@id\":\"https:\/\/congopubonline.com\/?p=50043#article\",\"isPartOf\":{\"@id\":\"https:\/\/congopubonline.com\/?p=50043\"},\"author\":{\"name\":\"Ruben Yale\",\"@id\":\"https:\/\/congopubonline.com\/#\/schema\/person\/602917c8716d290c89ca7df6c4a0ffe5\"},\"headline\":\"Pr\u00e9sidentielle en Argentine : Sergio Massa et Javier Milei s&rsquo;affronteront au second tour\",\"datePublished\":\"2023-10-23T11:21:45+00:00\",\"dateModified\":\"2023-10-23T11:21:51+00:00\",\"mainEntityOfPage\":{\"@id\":\"https:\/\/congopubonline.com\/?p=50043\"},\"wordCount\":844,\"publisher\":{\"@id\":\"https:\/\/congopubonline.com\/#organization\"},\"image\":{\"@id\":\"https:\/\/congopubonline.com\/?p=50043#primaryimage\"},\"thumbnailUrl\":\"https:\/\/congopubonline.com\/wp-content\/uploads\/2023\/10\/Presentielle.jpg\",\"articleSection\":[\"\u00c0 la Une\",\"Monde\"],\"inLanguage\":\"fr-FR\"},{\"@type\":\"WebPage\",\"@id\":\"https:\/\/congopubonline.com\/?p=50043\",\"url\":\"https:\/\/congopubonline.com\/?p=50043\",\"name\":\"Pr\u00e9sidentielle en Argentine : Sergio Massa et Javier Milei s'affronteront au second tour - Congo Pub Online\",\"isPartOf\":{\"@id\":\"https:\/\/congopubonline.com\/#website\"},\"primaryImageOfPage\":{\"@id\":\"https:\/\/congopubonline.com\/?p=50043#primaryimage\"},\"image\":{\"@id\":\"https:\/\/congopubonline.com\/?p=50043#primaryimage\"},\"thumbnailUrl\":\"https:\/\/congopubonline.com\/wp-content\/uploads\/2023\/10\/Presentielle.jpg\",\"datePublished\":\"2023-10-23T11:21:45+00:00\",\"dateModified\":\"2023-10-23T11:21:51+00:00\",\"description\":\"Les Argentins ont port\u00e9, dimanche, le candidat antisyst\u00e8me Javier Milei (30\u00a0% des voix) et le ministre de l'\u00c9conomie Sergio Massa (36,6\u00a0%)\",\"breadcrumb\":{\"@id\":\"https:\/\/congopubonline.com\/?p=50043#breadcrumb\"},\"inLanguage\":\"fr-FR\",\"potentialAction\":[{\"@type\":\"ReadAction\",\"target\":[\"https:\/\/congopubonline.com\/?p=50043\"]}]},{\"@type\":\"ImageObject\",\"inLanguage\":\"fr-FR\",\"@id\":\"https:\/\/congopubonline.com\/?p=50043#primaryimage\",\"url\":\"https:\/\/congopubonline.com\/wp-content\/uploads\/2023\/10\/Presentielle.jpg\",\"contentUrl\":\"https:\/\/congopubonline.com\/wp-content\/uploads\/2023\/10\/Presentielle.jpg\",\"width\":734,\"height\":551},{\"@type\":\"BreadcrumbList\",\"@id\":\"https:\/\/congopubonline.com\/?p=50043#breadcrumb\",\"itemListElement\":[{\"@type\":\"ListItem\",\"position\":1,\"name\":\"Accueil\",\"item\":\"https:\/\/congopubonline.com\/\"},{\"@type\":\"ListItem\",\"position\":2,\"name\":\"Pr\u00e9sidentielle en Argentine : Sergio Massa et Javier Milei s&rsquo;affronteront au second tour\"}]},{\"@type\":\"WebSite\",\"@id\":\"https:\/\/congopubonline.com\/#website\",\"url\":\"https:\/\/congopubonline.com\/\",\"name\":\"Congo Pub Online\",\"description\":\"Votre site d&#039;actualit\u00e9\",\"publisher\":{\"@id\":\"https:\/\/congopubonline.com\/#organization\"},\"alternateName\":\"Marketing 3.0\",\"potentialAction\":[{\"@type\":\"SearchAction\",\"target\":{\"@type\":\"EntryPoint\",\"urlTemplate\":\"https:\/\/congopubonline.com\/?s={search_term_string}\"},\"query-input\":{\"@type\":\"PropertyValueSpecification\",\"valueRequired\":true,\"valueName\":\"search_term_string\"}}],\"inLanguage\":\"fr-FR\"},{\"@type\":\"Organization\",\"@id\":\"https:\/\/congopubonline.com\/#organization\",\"name\":\"Congo Pub Online\",\"url\":\"https:\/\/congopubonline.com\/\",\"logo\":{\"@type\":\"ImageObject\",\"inLanguage\":\"fr-FR\",\"@id\":\"https:\/\/congopubonline.com\/#\/schema\/logo\/image\/\",\"url\":\"https:\/\/congopubonline.com\/wp-content\/uploads\/2022\/09\/LOGO_CONGO-PUB-Online_Version-2.jpg\",\"contentUrl\":\"https:\/\/congopubonline.com\/wp-content\/uploads\/2022\/09\/LOGO_CONGO-PUB-Online_Version-2.jpg\",\"width\":374,\"height\":223,\"caption\":\"Congo Pub Online\"},\"image\":{\"@id\":\"https:\/\/congopubonline.com\/#\/schema\/logo\/image\/\"},\"sameAs\":[\"https:\/\/web.facebook.com\/Congopubonline\",\"https:\/\/x.com\/CONGOPUBOnline\"]},{\"@type\":\"Person\",\"@id\":\"https:\/\/congopubonline.com\/#\/schema\/person\/602917c8716d290c89ca7df6c4a0ffe5\",\"name\":\"Ruben Yale\",\"url\":\"https:\/\/congopubonline.com\/?author=74\"}]}<\/script>\n<!-- \/ Yoast SEO Premium plugin. -->","yoast_head_json":{"title":"Pr\u00e9sidentielle en Argentine : Sergio Massa et Javier Milei s'affronteront au second tour - Congo Pub Online","description":"Les Argentins ont port\u00e9, dimanche, le candidat antisyst\u00e8me Javier Milei (30\u00a0% des voix) et le ministre de l'\u00c9conomie Sergio Massa (36,6\u00a0%)","robots":{"index":"index","follow":"follow","max-snippet":"max-snippet:-1","max-image-preview":"max-image-preview:large","max-video-preview":"max-video-preview:-1"},"canonical":"https:\/\/congopubonline.com\/?p=50043","og_locale":"fr_FR","og_type":"article","og_title":"Pr\u00e9sidentielle en Argentine : Sergio Massa et Javier Milei s'affronteront au second tour","og_description":"Les Argentins ont port\u00e9, dimanche, le candidat antisyst\u00e8me Javier Milei (30\u00a0% des voix) et le ministre de l'\u00c9conomie Sergio Massa (36,6\u00a0%)","og_url":"https:\/\/congopubonline.com\/?p=50043","og_site_name":"Congo Pub Online","article_publisher":"https:\/\/web.facebook.com\/Congopubonline","article_published_time":"2023-10-23T11:21:45+00:00","article_modified_time":"2023-10-23T11:21:51+00:00","og_image":[{"width":734,"height":551,"url":"https:\/\/congopubonline.com\/wp-content\/uploads\/2023\/10\/Presentielle.jpg","type":"image\/jpeg"}],"author":"Ruben Yale","twitter_card":"summary_large_image","twitter_creator":"@CONGOPUBOnline","twitter_site":"@CONGOPUBOnline","twitter_misc":{"\u00c9crit par":"Ruben Yale","Dur\u00e9e de lecture estim\u00e9e":"4 minutes"},"schema":{"@context":"https:\/\/schema.org","@graph":[{"@type":"Article","@id":"https:\/\/congopubonline.com\/?p=50043#article","isPartOf":{"@id":"https:\/\/congopubonline.com\/?p=50043"},"author":{"name":"Ruben Yale","@id":"https:\/\/congopubonline.com\/#\/schema\/person\/602917c8716d290c89ca7df6c4a0ffe5"},"headline":"Pr\u00e9sidentielle en Argentine : Sergio Massa et Javier Milei s&rsquo;affronteront au second tour","datePublished":"2023-10-23T11:21:45+00:00","dateModified":"2023-10-23T11:21:51+00:00","mainEntityOfPage":{"@id":"https:\/\/congopubonline.com\/?p=50043"},"wordCount":844,"publisher":{"@id":"https:\/\/congopubonline.com\/#organization"},"image":{"@id":"https:\/\/congopubonline.com\/?p=50043#primaryimage"},"thumbnailUrl":"https:\/\/congopubonline.com\/wp-content\/uploads\/2023\/10\/Presentielle.jpg","articleSection":["\u00c0 la Une","Monde"],"inLanguage":"fr-FR"},{"@type":"WebPage","@id":"https:\/\/congopubonline.com\/?p=50043","url":"https:\/\/congopubonline.com\/?p=50043","name":"Pr\u00e9sidentielle en Argentine : Sergio Massa et Javier Milei s'affronteront au second tour - Congo Pub Online","isPartOf":{"@id":"https:\/\/congopubonline.com\/#website"},"primaryImageOfPage":{"@id":"https:\/\/congopubonline.com\/?p=50043#primaryimage"},"image":{"@id":"https:\/\/congopubonline.com\/?p=50043#primaryimage"},"thumbnailUrl":"https:\/\/congopubonline.com\/wp-content\/uploads\/2023\/10\/Presentielle.jpg","datePublished":"2023-10-23T11:21:45+00:00","dateModified":"2023-10-23T11:21:51+00:00","description":"Les Argentins ont port\u00e9, dimanche, le candidat antisyst\u00e8me Javier Milei (30\u00a0% des voix) et le ministre de l'\u00c9conomie Sergio Massa (36,6\u00a0%)","breadcrumb":{"@id":"https:\/\/congopubonline.com\/?p=50043#breadcrumb"},"inLanguage":"fr-FR","potentialAction":[{"@type":"ReadAction","target":["https:\/\/congopubonline.com\/?p=50043"]}]},{"@type":"ImageObject","inLanguage":"fr-FR","@id":"https:\/\/congopubonline.com\/?p=50043#primaryimage","url":"https:\/\/congopubonline.com\/wp-content\/uploads\/2023\/10\/Presentielle.jpg","contentUrl":"https:\/\/congopubonline.com\/wp-content\/uploads\/2023\/10\/Presentielle.jpg","width":734,"height":551},{"@type":"BreadcrumbList","@id":"https:\/\/congopubonline.com\/?p=50043#breadcrumb","itemListElement":[{"@type":"ListItem","position":1,"name":"Accueil","item":"https:\/\/congopubonline.com\/"},{"@type":"ListItem","position":2,"name":"Pr\u00e9sidentielle en Argentine : Sergio Massa et Javier Milei s&rsquo;affronteront au second tour"}]},{"@type":"WebSite","@id":"https:\/\/congopubonline.com\/#website","url":"https:\/\/congopubonline.com\/","name":"Congo Pub Online","description":"Votre site d&#039;actualit\u00e9","publisher":{"@id":"https:\/\/congopubonline.com\/#organization"},"alternateName":"Marketing 3.0","potentialAction":[{"@type":"SearchAction","target":{"@type":"EntryPoint","urlTemplate":"https:\/\/congopubonline.com\/?s={search_term_string}"},"query-input":{"@type":"PropertyValueSpecification","valueRequired":true,"valueName":"search_term_string"}}],"inLanguage":"fr-FR"},{"@type":"Organization","@id":"https:\/\/congopubonline.com\/#organization","name":"Congo Pub Online","url":"https:\/\/congopubonline.com\/","logo":{"@type":"ImageObject","inLanguage":"fr-FR","@id":"https:\/\/congopubonline.com\/#\/schema\/logo\/image\/","url":"https:\/\/congopubonline.com\/wp-content\/uploads\/2022\/09\/LOGO_CONGO-PUB-Online_Version-2.jpg","contentUrl":"https:\/\/congopubonline.com\/wp-content\/uploads\/2022\/09\/LOGO_CONGO-PUB-Online_Version-2.jpg","width":374,"height":223,"caption":"Congo Pub Online"},"image":{"@id":"https:\/\/congopubonline.com\/#\/schema\/logo\/image\/"},"sameAs":["https:\/\/web.facebook.com\/Congopubonline","https:\/\/x.com\/CONGOPUBOnline"]},{"@type":"Person","@id":"https:\/\/congopubonline.com\/#\/schema\/person\/602917c8716d290c89ca7df6c4a0ffe5","name":"Ruben Yale","url":"https:\/\/congopubonline.com\/?author=74"}]}},"_links":{"self":[{"href":"https:\/\/congopubonline.com\/index.php?rest_route=\/wp\/v2\/posts\/50043","targetHints":{"allow":["GET"]}}],"collection":[{"href":"https:\/\/congopubonline.com\/index.php?rest_route=\/wp\/v2\/posts"}],"about":[{"href":"https:\/\/congopubonline.com\/index.php?rest_route=\/wp\/v2\/types\/post"}],"author":[{"embeddable":true,"href":"https:\/\/congopubonline.com\/index.php?rest_route=\/wp\/v2\/users\/74"}],"replies":[{"embeddable":true,"href":"https:\/\/congopubonline.com\/index.php?rest_route=%2Fwp%2Fv2%2Fcomments&post=50043"}],"version-history":[{"count":0,"href":"https:\/\/congopubonline.com\/index.php?rest_route=\/wp\/v2\/posts\/50043\/revisions"}],"wp:featuredmedia":[{"embeddable":true,"href":"https:\/\/congopubonline.com\/index.php?rest_route=\/wp\/v2\/media\/50047"}],"wp:attachment":[{"href":"https:\/\/congopubonline.com\/index.php?rest_route=%2Fwp%2Fv2%2Fmedia&parent=50043"}],"wp:term":[{"taxonomy":"category","embeddable":true,"href":"https:\/\/congopubonline.com\/index.php?rest_route=%2Fwp%2Fv2%2Fcategories&post=50043"},{"taxonomy":"post_tag","embeddable":true,"href":"https:\/\/congopubonline.com\/index.php?rest_route=%2Fwp%2Fv2%2Ftags&post=50043"}],"curies":[{"name":"wp","href":"https:\/\/api.w.org\/{rel}","templated":true}]}}