{"id":50272,"date":"2023-10-25T11:45:26","date_gmt":"2023-10-25T09:45:26","guid":{"rendered":"https:\/\/congopubonline.com\/?p=50272"},"modified":"2023-10-25T11:45:33","modified_gmt":"2023-10-25T09:45:33","slug":"beni-la-societe-civile-appelle-a-lintensification-des-operations-conjointes-fardc-updf-contre-les-adf-a-mamove","status":"publish","type":"post","link":"https:\/\/congopubonline.com\/?p=50272","title":{"rendered":"Beni : la soci\u00e9t\u00e9 civile appelle \u00e0 l\u2019intensification des op\u00e9rations conjointes FARDC-UPDF contre les ADF \u00e0 Mamove"},"content":{"rendered":"\n<p><strong>La soci\u00e9t\u00e9 civile de Mamove, territoire de Beni (Nord-Kivu) a&nbsp;appel\u00e9, mardi 24 octobre, \u00e0 l\u2019intensification des op\u00e9rations conjointes FARDC-UPDF contre les ADF dans ce coin du pays.<\/strong><\/p>\n\n\n\n<p>Cet appel fait suite aux&nbsp;attaques de ces rebelles du dimanche dernier, ayant fait 3 morts, et de mardi dernier ayant co\u00fbt\u00e9 la vie \u00e0 26 personnes.<\/p>\n\n\n\n<p>&nbsp;Les ADF se d\u00e9placent actuellement de la province de l\u2019Ituri vers le territoire de Beni (Nord-Kivu), o\u00f9 ils m\u00e8nent des attaques contre des civils, selon le pr\u00e9sident de la soci\u00e9t\u00e9 civile de Mamove, Kinos Katuo.<\/p>\n\n\n\n<p>Ce dernier demande \u00e9galement l\u2019installation des positions militaires dans plusieurs localit\u00e9s de cette r\u00e9gion:<\/p>\n\n\n\n<blockquote class=\"wp-block-quote is-layout-flow wp-block-quote-is-layout-flow\">\n<p>\u00ab&nbsp;Ces ennemis (NDLR&nbsp;: rebelles ADF) quittent la province de l\u2019Ituri dans la chefferie de Walese Vunkutu pour venir imposer leurs lois dans la province du Nord-Kivu. Nous demandons aux FARDC -UPDF qui sont dans l\u2019Ituri d\u2019intensifier les op\u00e9rations militaires qui sont en cours. Nous souhaitons qu\u2019on mette aussi des positions militaires \u00e0 Kalalangwe, Makakwa, Kasoko, tapis rouge et Mambume-mbume. Il faut aussi installer une grande base militaire a Mamove, Mangazi et Beu-Manyama&nbsp;\u00bb.&nbsp;<\/p>\n<\/blockquote>\n\n\n\n<p>Selon le bilan encore provisoire,&nbsp;au moins vingt-six civils ont \u00e9t\u00e9 tu\u00e9s,&nbsp;une dizaine&nbsp;de&nbsp;bless\u00e9s et&nbsp;plusieurs autres personnes port\u00e9s disparus,&nbsp;dans une attaque arm\u00e9e des&nbsp;rebelles ADF \u00e0&nbsp;Oicha, \u00e0 30 Km de la ville de Beni dans la nuit de lundi \u00e0 mardi 24 octobre.<\/p>\n\n\n\n<p>Trois civils, dont une femme, ont \u00e9t\u00e9 tu\u00e9s la nuit de dimanche \u00e0 lundi 23 octobre dans une autre attaque attribu\u00e9e \u00e0 ces m\u00eames rebelles \u00e0 Mangazi, localit\u00e9 situ\u00e9e \u00e0 une quarantaine de kilom\u00e8tres de Beni.<\/p>\n\n\n\n<p><strong>RADIO OKAPI via CONGO PUB Online<\/strong><\/p>\n<div class='epvc-post-count'><span class='epvc-eye'><\/span>  <span class=\"epvc-count\"> 163<\/span><span class='epvc-label'> Vues<\/span><\/div>","protected":false},"excerpt":{"rendered":"<p>La soci\u00e9t\u00e9 civile de Mamove, territoire de Beni (Nord-Kivu) a&nbsp;appel\u00e9, mardi 24 octobre, \u00e0 l\u2019intensification des op\u00e9rations conjointes FARDC-UPDF contre les ADF dans ce coin du pays. Cet appel fait&hellip;<\/p>\n","protected":false},"author":75,"featured_media":50275,"comment_status":"closed","ping_status":"closed","sticky":false,"template":"","format":"standard","meta":{"content-type":"","_monsterinsights_skip_tracking":false,"_monsterinsights_sitenote_active":false,"_monsterinsights_sitenote_note":"","_monsterinsights_sitenote_category":0,"footnotes":""},"categories":[844,59],"tags":[297,1649,4696,254],"class_list":["post-50272","post","type-post","status-publish","format-standard","has-post-thumbnail","hentry","category-a-la-une","category-province","tag-beni","tag-fardc-updf","tag-la-societe-civile-appelle-a-lintensification-des-operations-conjointes","tag-rdc"],"yoast_head":"<!-- This site is optimized with the Yoast SEO Premium plugin v25.4 (Yoast SEO v25.4) - https:\/\/yoast.com\/wordpress\/plugins\/seo\/ -->\n<title>Beni : la soci\u00e9t\u00e9 civile appelle \u00e0 l\u2019intensification des op\u00e9rations conjointes FARDC-UPDF contre les ADF \u00e0 Mamove<\/title>\n<meta name=\"description\" content=\"La soci\u00e9t\u00e9 civile de Mamove, territoire de Beni (Nord-Kivu) a\u00a0appel\u00e9, mardi 24 octobre, \u00e0 l\u2019intensification des op\u00e9rations conjointes FARDC-UPDF contre les ADF...\" \/>\n<meta name=\"robots\" content=\"index, follow, max-snippet:-1, max-image-preview:large, max-video-preview:-1\" \/>\n<link rel=\"canonical\" href=\"https:\/\/congopubonline.com\/?p=50272\" \/>\n<meta property=\"og:locale\" content=\"fr_FR\" \/>\n<meta property=\"og:type\" content=\"article\" \/>\n<meta property=\"og:title\" content=\"Beni : la soci\u00e9t\u00e9 civile appelle \u00e0 l\u2019intensification des op\u00e9rations conjointes FARDC-UPDF contre les ADF \u00e0 Mamove\" \/>\n<meta property=\"og:description\" content=\"La soci\u00e9t\u00e9 civile de Mamove, territoire de Beni (Nord-Kivu) a\u00a0appel\u00e9, mardi 24 octobre, \u00e0 l\u2019intensification des op\u00e9rations conjointes FARDC-UPDF contre les ADF...\" \/>\n<meta property=\"og:url\" content=\"https:\/\/congopubonline.com\/?p=50272\" \/>\n<meta property=\"og:site_name\" content=\"Congo Pub Online\" \/>\n<meta property=\"article:publisher\" content=\"https:\/\/web.facebook.com\/Congopubonline\" \/>\n<meta property=\"article:published_time\" content=\"2023-10-25T09:45:26+00:00\" \/>\n<meta property=\"article:modified_time\" content=\"2023-10-25T09:45:33+00:00\" \/>\n<meta property=\"og:image\" content=\"https:\/\/congopubonline.com\/wp-content\/uploads\/2023\/10\/Capture-decran-2023-10-25-102805.png\" \/>\n\t<meta property=\"og:image:width\" content=\"761\" \/>\n\t<meta property=\"og:image:height\" content=\"655\" \/>\n\t<meta property=\"og:image:type\" content=\"image\/png\" \/>\n<meta name=\"author\" content=\"Sam&#039;s Londele\" \/>\n<meta name=\"twitter:card\" content=\"summary_large_image\" \/>\n<meta name=\"twitter:creator\" content=\"@CONGOPUBOnline\" \/>\n<meta name=\"twitter:site\" content=\"@CONGOPUBOnline\" \/>\n<meta name=\"twitter:label1\" content=\"\u00c9crit par\" \/>\n\t<meta name=\"twitter:data1\" content=\"Sam&#039;s Londele\" \/>\n\t<meta name=\"twitter:label2\" content=\"Dur\u00e9e de lecture estim\u00e9e\" \/>\n\t<meta name=\"twitter:data2\" content=\"1 minute\" \/>\n<script type=\"application\/ld+json\" class=\"yoast-schema-graph\">{\"@context\":\"https:\/\/schema.org\",\"@graph\":[{\"@type\":\"Article\",\"@id\":\"https:\/\/congopubonline.com\/?p=50272#article\",\"isPartOf\":{\"@id\":\"https:\/\/congopubonline.com\/?p=50272\"},\"author\":{\"name\":\"Sam's Londele\",\"@id\":\"https:\/\/congopubonline.com\/#\/schema\/person\/0d76ad55397527fd49db9d33cd5d6c6c\"},\"headline\":\"Beni : la soci\u00e9t\u00e9 civile appelle \u00e0 l\u2019intensification des op\u00e9rations conjointes FARDC-UPDF contre les ADF \u00e0 Mamove\",\"datePublished\":\"2023-10-25T09:45:26+00:00\",\"dateModified\":\"2023-10-25T09:45:33+00:00\",\"mainEntityOfPage\":{\"@id\":\"https:\/\/congopubonline.com\/?p=50272\"},\"wordCount\":308,\"publisher\":{\"@id\":\"https:\/\/congopubonline.com\/#organization\"},\"image\":{\"@id\":\"https:\/\/congopubonline.com\/?p=50272#primaryimage\"},\"thumbnailUrl\":\"https:\/\/congopubonline.com\/wp-content\/uploads\/2023\/10\/Capture-decran-2023-10-25-102805.png\",\"keywords\":[\"Beni\",\"FARDC-UPDF\",\"la soci\u00e9t\u00e9 civile appelle \u00e0 l\u2019intensification des op\u00e9rations conjointes\",\"RDC\"],\"articleSection\":[\"\u00c0 la Une\",\"Province\"],\"inLanguage\":\"fr-FR\"},{\"@type\":\"WebPage\",\"@id\":\"https:\/\/congopubonline.com\/?p=50272\",\"url\":\"https:\/\/congopubonline.com\/?p=50272\",\"name\":\"Beni : la soci\u00e9t\u00e9 civile appelle \u00e0 l\u2019intensification des op\u00e9rations conjointes FARDC-UPDF contre les ADF \u00e0 Mamove\",\"isPartOf\":{\"@id\":\"https:\/\/congopubonline.com\/#website\"},\"primaryImageOfPage\":{\"@id\":\"https:\/\/congopubonline.com\/?p=50272#primaryimage\"},\"image\":{\"@id\":\"https:\/\/congopubonline.com\/?p=50272#primaryimage\"},\"thumbnailUrl\":\"https:\/\/congopubonline.com\/wp-content\/uploads\/2023\/10\/Capture-decran-2023-10-25-102805.png\",\"datePublished\":\"2023-10-25T09:45:26+00:00\",\"dateModified\":\"2023-10-25T09:45:33+00:00\",\"description\":\"La soci\u00e9t\u00e9 civile de Mamove, territoire de Beni (Nord-Kivu) a\u00a0appel\u00e9, mardi 24 octobre, \u00e0 l\u2019intensification des op\u00e9rations conjointes FARDC-UPDF contre les ADF...\",\"breadcrumb\":{\"@id\":\"https:\/\/congopubonline.com\/?p=50272#breadcrumb\"},\"inLanguage\":\"fr-FR\",\"potentialAction\":[{\"@type\":\"ReadAction\",\"target\":[\"https:\/\/congopubonline.com\/?p=50272\"]}]},{\"@type\":\"ImageObject\",\"inLanguage\":\"fr-FR\",\"@id\":\"https:\/\/congopubonline.com\/?p=50272#primaryimage\",\"url\":\"https:\/\/congopubonline.com\/wp-content\/uploads\/2023\/10\/Capture-decran-2023-10-25-102805.png\",\"contentUrl\":\"https:\/\/congopubonline.com\/wp-content\/uploads\/2023\/10\/Capture-decran-2023-10-25-102805.png\",\"width\":761,\"height\":655},{\"@type\":\"BreadcrumbList\",\"@id\":\"https:\/\/congopubonline.com\/?p=50272#breadcrumb\",\"itemListElement\":[{\"@type\":\"ListItem\",\"position\":1,\"name\":\"Accueil\",\"item\":\"https:\/\/congopubonline.com\/\"},{\"@type\":\"ListItem\",\"position\":2,\"name\":\"Beni : la soci\u00e9t\u00e9 civile appelle \u00e0 l\u2019intensification des op\u00e9rations conjointes FARDC-UPDF contre les ADF \u00e0 Mamove\"}]},{\"@type\":\"WebSite\",\"@id\":\"https:\/\/congopubonline.com\/#website\",\"url\":\"https:\/\/congopubonline.com\/\",\"name\":\"Congo Pub Online\",\"description\":\"Votre site d&#039;actualit\u00e9\",\"publisher\":{\"@id\":\"https:\/\/congopubonline.com\/#organization\"},\"alternateName\":\"Marketing 3.0\",\"potentialAction\":[{\"@type\":\"SearchAction\",\"target\":{\"@type\":\"EntryPoint\",\"urlTemplate\":\"https:\/\/congopubonline.com\/?s={search_term_string}\"},\"query-input\":{\"@type\":\"PropertyValueSpecification\",\"valueRequired\":true,\"valueName\":\"search_term_string\"}}],\"inLanguage\":\"fr-FR\"},{\"@type\":\"Organization\",\"@id\":\"https:\/\/congopubonline.com\/#organization\",\"name\":\"Congo Pub Online\",\"url\":\"https:\/\/congopubonline.com\/\",\"logo\":{\"@type\":\"ImageObject\",\"inLanguage\":\"fr-FR\",\"@id\":\"https:\/\/congopubonline.com\/#\/schema\/logo\/image\/\",\"url\":\"https:\/\/congopubonline.com\/wp-content\/uploads\/2022\/09\/LOGO_CONGO-PUB-Online_Version-2.jpg\",\"contentUrl\":\"https:\/\/congopubonline.com\/wp-content\/uploads\/2022\/09\/LOGO_CONGO-PUB-Online_Version-2.jpg\",\"width\":374,\"height\":223,\"caption\":\"Congo Pub Online\"},\"image\":{\"@id\":\"https:\/\/congopubonline.com\/#\/schema\/logo\/image\/\"},\"sameAs\":[\"https:\/\/web.facebook.com\/Congopubonline\",\"https:\/\/x.com\/CONGOPUBOnline\"]},{\"@type\":\"Person\",\"@id\":\"https:\/\/congopubonline.com\/#\/schema\/person\/0d76ad55397527fd49db9d33cd5d6c6c\",\"name\":\"Sam's Londele\",\"url\":\"https:\/\/congopubonline.com\/?author=75\"}]}<\/script>\n<!-- \/ Yoast SEO Premium plugin. -->","yoast_head_json":{"title":"Beni : la soci\u00e9t\u00e9 civile appelle \u00e0 l\u2019intensification des op\u00e9rations conjointes FARDC-UPDF contre les ADF \u00e0 Mamove","description":"La soci\u00e9t\u00e9 civile de Mamove, territoire de Beni (Nord-Kivu) a\u00a0appel\u00e9, mardi 24 octobre, \u00e0 l\u2019intensification des op\u00e9rations conjointes FARDC-UPDF contre les ADF...","robots":{"index":"index","follow":"follow","max-snippet":"max-snippet:-1","max-image-preview":"max-image-preview:large","max-video-preview":"max-video-preview:-1"},"canonical":"https:\/\/congopubonline.com\/?p=50272","og_locale":"fr_FR","og_type":"article","og_title":"Beni : la soci\u00e9t\u00e9 civile appelle \u00e0 l\u2019intensification des op\u00e9rations conjointes FARDC-UPDF contre les ADF \u00e0 Mamove","og_description":"La soci\u00e9t\u00e9 civile de Mamove, territoire de Beni (Nord-Kivu) a\u00a0appel\u00e9, mardi 24 octobre, \u00e0 l\u2019intensification des op\u00e9rations conjointes FARDC-UPDF contre les ADF...","og_url":"https:\/\/congopubonline.com\/?p=50272","og_site_name":"Congo Pub Online","article_publisher":"https:\/\/web.facebook.com\/Congopubonline","article_published_time":"2023-10-25T09:45:26+00:00","article_modified_time":"2023-10-25T09:45:33+00:00","og_image":[{"width":761,"height":655,"url":"https:\/\/congopubonline.com\/wp-content\/uploads\/2023\/10\/Capture-decran-2023-10-25-102805.png","type":"image\/png"}],"author":"Sam's Londele","twitter_card":"summary_large_image","twitter_creator":"@CONGOPUBOnline","twitter_site":"@CONGOPUBOnline","twitter_misc":{"\u00c9crit par":"Sam's Londele","Dur\u00e9e de lecture estim\u00e9e":"1 minute"},"schema":{"@context":"https:\/\/schema.org","@graph":[{"@type":"Article","@id":"https:\/\/congopubonline.com\/?p=50272#article","isPartOf":{"@id":"https:\/\/congopubonline.com\/?p=50272"},"author":{"name":"Sam's Londele","@id":"https:\/\/congopubonline.com\/#\/schema\/person\/0d76ad55397527fd49db9d33cd5d6c6c"},"headline":"Beni : la soci\u00e9t\u00e9 civile appelle \u00e0 l\u2019intensification des op\u00e9rations conjointes FARDC-UPDF contre les ADF \u00e0 Mamove","datePublished":"2023-10-25T09:45:26+00:00","dateModified":"2023-10-25T09:45:33+00:00","mainEntityOfPage":{"@id":"https:\/\/congopubonline.com\/?p=50272"},"wordCount":308,"publisher":{"@id":"https:\/\/congopubonline.com\/#organization"},"image":{"@id":"https:\/\/congopubonline.com\/?p=50272#primaryimage"},"thumbnailUrl":"https:\/\/congopubonline.com\/wp-content\/uploads\/2023\/10\/Capture-decran-2023-10-25-102805.png","keywords":["Beni","FARDC-UPDF","la soci\u00e9t\u00e9 civile appelle \u00e0 l\u2019intensification des op\u00e9rations conjointes","RDC"],"articleSection":["\u00c0 la Une","Province"],"inLanguage":"fr-FR"},{"@type":"WebPage","@id":"https:\/\/congopubonline.com\/?p=50272","url":"https:\/\/congopubonline.com\/?p=50272","name":"Beni : la soci\u00e9t\u00e9 civile appelle \u00e0 l\u2019intensification des op\u00e9rations conjointes FARDC-UPDF contre les ADF \u00e0 Mamove","isPartOf":{"@id":"https:\/\/congopubonline.com\/#website"},"primaryImageOfPage":{"@id":"https:\/\/congopubonline.com\/?p=50272#primaryimage"},"image":{"@id":"https:\/\/congopubonline.com\/?p=50272#primaryimage"},"thumbnailUrl":"https:\/\/congopubonline.com\/wp-content\/uploads\/2023\/10\/Capture-decran-2023-10-25-102805.png","datePublished":"2023-10-25T09:45:26+00:00","dateModified":"2023-10-25T09:45:33+00:00","description":"La soci\u00e9t\u00e9 civile de Mamove, territoire de Beni (Nord-Kivu) a\u00a0appel\u00e9, mardi 24 octobre, \u00e0 l\u2019intensification des op\u00e9rations conjointes FARDC-UPDF contre les ADF...","breadcrumb":{"@id":"https:\/\/congopubonline.com\/?p=50272#breadcrumb"},"inLanguage":"fr-FR","potentialAction":[{"@type":"ReadAction","target":["https:\/\/congopubonline.com\/?p=50272"]}]},{"@type":"ImageObject","inLanguage":"fr-FR","@id":"https:\/\/congopubonline.com\/?p=50272#primaryimage","url":"https:\/\/congopubonline.com\/wp-content\/uploads\/2023\/10\/Capture-decran-2023-10-25-102805.png","contentUrl":"https:\/\/congopubonline.com\/wp-content\/uploads\/2023\/10\/Capture-decran-2023-10-25-102805.png","width":761,"height":655},{"@type":"BreadcrumbList","@id":"https:\/\/congopubonline.com\/?p=50272#breadcrumb","itemListElement":[{"@type":"ListItem","position":1,"name":"Accueil","item":"https:\/\/congopubonline.com\/"},{"@type":"ListItem","position":2,"name":"Beni : la soci\u00e9t\u00e9 civile appelle \u00e0 l\u2019intensification des op\u00e9rations conjointes FARDC-UPDF contre les ADF \u00e0 Mamove"}]},{"@type":"WebSite","@id":"https:\/\/congopubonline.com\/#website","url":"https:\/\/congopubonline.com\/","name":"Congo Pub Online","description":"Votre site d&#039;actualit\u00e9","publisher":{"@id":"https:\/\/congopubonline.com\/#organization"},"alternateName":"Marketing 3.0","potentialAction":[{"@type":"SearchAction","target":{"@type":"EntryPoint","urlTemplate":"https:\/\/congopubonline.com\/?s={search_term_string}"},"query-input":{"@type":"PropertyValueSpecification","valueRequired":true,"valueName":"search_term_string"}}],"inLanguage":"fr-FR"},{"@type":"Organization","@id":"https:\/\/congopubonline.com\/#organization","name":"Congo Pub Online","url":"https:\/\/congopubonline.com\/","logo":{"@type":"ImageObject","inLanguage":"fr-FR","@id":"https:\/\/congopubonline.com\/#\/schema\/logo\/image\/","url":"https:\/\/congopubonline.com\/wp-content\/uploads\/2022\/09\/LOGO_CONGO-PUB-Online_Version-2.jpg","contentUrl":"https:\/\/congopubonline.com\/wp-content\/uploads\/2022\/09\/LOGO_CONGO-PUB-Online_Version-2.jpg","width":374,"height":223,"caption":"Congo Pub Online"},"image":{"@id":"https:\/\/congopubonline.com\/#\/schema\/logo\/image\/"},"sameAs":["https:\/\/web.facebook.com\/Congopubonline","https:\/\/x.com\/CONGOPUBOnline"]},{"@type":"Person","@id":"https:\/\/congopubonline.com\/#\/schema\/person\/0d76ad55397527fd49db9d33cd5d6c6c","name":"Sam's Londele","url":"https:\/\/congopubonline.com\/?author=75"}]}},"_links":{"self":[{"href":"https:\/\/congopubonline.com\/index.php?rest_route=\/wp\/v2\/posts\/50272","targetHints":{"allow":["GET"]}}],"collection":[{"href":"https:\/\/congopubonline.com\/index.php?rest_route=\/wp\/v2\/posts"}],"about":[{"href":"https:\/\/congopubonline.com\/index.php?rest_route=\/wp\/v2\/types\/post"}],"author":[{"embeddable":true,"href":"https:\/\/congopubonline.com\/index.php?rest_route=\/wp\/v2\/users\/75"}],"replies":[{"embeddable":true,"href":"https:\/\/congopubonline.com\/index.php?rest_route=%2Fwp%2Fv2%2Fcomments&post=50272"}],"version-history":[{"count":0,"href":"https:\/\/congopubonline.com\/index.php?rest_route=\/wp\/v2\/posts\/50272\/revisions"}],"wp:featuredmedia":[{"embeddable":true,"href":"https:\/\/congopubonline.com\/index.php?rest_route=\/wp\/v2\/media\/50275"}],"wp:attachment":[{"href":"https:\/\/congopubonline.com\/index.php?rest_route=%2Fwp%2Fv2%2Fmedia&parent=50272"}],"wp:term":[{"taxonomy":"category","embeddable":true,"href":"https:\/\/congopubonline.com\/index.php?rest_route=%2Fwp%2Fv2%2Fcategories&post=50272"},{"taxonomy":"post_tag","embeddable":true,"href":"https:\/\/congopubonline.com\/index.php?rest_route=%2Fwp%2Fv2%2Ftags&post=50272"}],"curies":[{"name":"wp","href":"https:\/\/api.w.org\/{rel}","templated":true}]}}