{"id":51358,"date":"2023-11-06T13:04:46","date_gmt":"2023-11-06T12:04:46","guid":{"rendered":"https:\/\/congopubonline.com\/?p=51358"},"modified":"2023-11-06T13:04:53","modified_gmt":"2023-11-06T12:04:53","slug":"kongo-central-roger-nimi-dement-le-deversement-sur-le-marche-dau-moins-6-089-sacs-de-riz-avaries","status":"publish","type":"post","link":"https:\/\/congopubonline.com\/?p=51358","title":{"rendered":"Kongo-Central : Roger Nimi d\u00e9ment le d\u00e9versement sur le march\u00e9 d\u2019au moins 6 089 sacs de riz avari\u00e9s"},"content":{"rendered":"\n<p><strong>Le ministre provincial de l\u2019Economie du Kongo-Central, Roger Nimi a d\u00e9menti, dimanche 5 novembre, le d\u00e9versement des sacs de riz avari\u00e9s de marque BB sur le march\u00e9 de consommation.<\/strong><\/p>\n\n\n\n<p>Il a apport\u00e9 cette pr\u00e9cision au cours d\u2019un point de presse tenu, \u00e0 Matadi, chef de la province.<\/p>\n\n\n\n<p>Pour dissiper tout malentendu, Roger Nimi a affirm\u00e9 que le stock de ces sacs de riz que vend la Soci\u00e9t\u00e9 d\u2019import et export (SOCIMEX) est comestible.<\/p>\n\n\n\n<p>Le ministre provincial de l\u2019Economie a expliqu\u00e9 que sur au moins 740 000 sacs (soit 18 tonnes du riz que la soci\u00e9t\u00e9 avait import\u00e9s de la Chine), seuls 6 089 ont \u00e9t\u00e9 ab\u00eem\u00e9s pendant son exp\u00e9dition par la chaleur de la cale du bateau.<\/p>\n\n\n\n<p>Mais, a-t-il pr\u00e9cis\u00e9, les 733 000 autres sacs d\u00e9charg\u00e9s au port international de Matadi sont consommables.<\/p>\n\n\n\n<p>Roger Nimi a cependant invit\u00e9 la population \u00e0 ne pas se m\u00e9fier du riz de marque BB vendu par SOCIMEX.<\/p>\n\n\n\n<p>\u00ab&nbsp;<em>Je confirme qu\u2019il y avait 6. 089 sacs de riz d\u00e9clar\u00e9s impropres \u00e0 la consommation par nos services techniques cantonn\u00e9s au niveau du port de Matadi mais tous ces sacs de riz ont \u00e9t\u00e9 refoul\u00e9s en suivant bien la proc\u00e9dure l\u00e9gale<\/em>&nbsp;\u00bb, a-t-il soulign\u00e9.<\/p>\n\n\n\n<p>Cependant, les services de s\u00e9curit\u00e9 poursuivent la traque du riz non conforme destin\u00e9s \u00e0 la destruction, d\u00e9charg\u00e9 clandestinement dans un village situ\u00e9 entre Matadi et Boma.<\/p>\n\n\n\n<p>\u00ab&nbsp;<em>Malheureusement, nos propres fr\u00e8res congolais se sont transform\u00e9s en service de l\u2019Etat pour aller d\u00e9charger ces sacs l\u00e0 et tenter de les vendre \u00e0 la population. Leur manoeuvre n\u2019a pas abouti parce que pendant que nous avons commenc\u00e9 la vente, nous avons intercept\u00e9 et on a \u00e9touff\u00e9 la vente de ces sacs. Mais toutes les quantit\u00e9s ont \u00e9t\u00e9 intercept\u00e9es et se trouvent pour l\u2019instant \u00e0 Boma et \u00e0 Moanda en train d\u2019attendre la proc\u00e9dure de destruction<\/em>&nbsp;\u00bb, a conclu Roger Nimi.<\/p>\n\n\n\n<p>Ce membre du gouvernement provincial du Kongo-Central a par ailleurs demand\u00e9 \u00e0 la population de ne pas c\u00e9der \u00e0 la panique et d\u2019acheter le riz de marque BB qui se vend sur le march\u00e9.<\/p>\n\n\n\n<p><strong>RADIO OKAPI via CONGO PUB Online<\/strong><\/p>\n<div class='epvc-post-count'><span class='epvc-eye'><\/span>  <span class=\"epvc-count\"> 217<\/span><span class='epvc-label'> Vues<\/span><\/div>","protected":false},"excerpt":{"rendered":"<p>Le ministre provincial de l\u2019Economie du Kongo-Central, Roger Nimi a d\u00e9menti, dimanche 5 novembre, le d\u00e9versement des sacs de riz avari\u00e9s de marque BB sur le march\u00e9 de consommation. Il&hellip;<\/p>\n","protected":false},"author":75,"featured_media":51360,"comment_status":"closed","ping_status":"closed","sticky":false,"template":"","format":"standard","meta":{"content-type":"","_monsterinsights_skip_tracking":false,"_monsterinsights_sitenote_active":false,"_monsterinsights_sitenote_note":"","_monsterinsights_sitenote_category":0,"footnotes":""},"categories":[844,59],"tags":[828,254,4921],"class_list":["post-51358","post","type-post","status-publish","format-standard","has-post-thumbnail","hentry","category-a-la-une","category-province","tag-kongo-central-2","tag-rdc","tag-roger-nimi"],"yoast_head":"<!-- This site is optimized with the Yoast SEO Premium plugin v25.4 (Yoast SEO v25.4) - https:\/\/yoast.com\/wordpress\/plugins\/seo\/ -->\n<title>Kongo-Central : Roger Nimi d\u00e9ment le d\u00e9versement sur le march\u00e9 d\u2019au moins 6 089 sacs de riz avari\u00e9s<\/title>\n<meta name=\"description\" content=\"Le ministre provincial de l\u2019Economie du Kongo-Central, Roger Nimi a d\u00e9menti, dimanche 5 novembre, le d\u00e9versement des sacs de riz avari\u00e9s de marque BB sur le march\u00e9 de consommation...\" \/>\n<meta name=\"robots\" content=\"index, follow, max-snippet:-1, max-image-preview:large, max-video-preview:-1\" \/>\n<link rel=\"canonical\" href=\"https:\/\/congopubonline.com\/?p=51358\" \/>\n<meta property=\"og:locale\" content=\"fr_FR\" \/>\n<meta property=\"og:type\" content=\"article\" \/>\n<meta property=\"og:title\" content=\"Kongo-Central : Roger Nimi d\u00e9ment le d\u00e9versement sur le march\u00e9 d\u2019au moins 6 089 sacs de riz avari\u00e9s\" \/>\n<meta property=\"og:description\" content=\"Le ministre provincial de l\u2019Economie du Kongo-Central, Roger Nimi a d\u00e9menti, dimanche 5 novembre, le d\u00e9versement des sacs de riz avari\u00e9s de marque BB sur le march\u00e9 de consommation...\" \/>\n<meta property=\"og:url\" content=\"https:\/\/congopubonline.com\/?p=51358\" \/>\n<meta property=\"og:site_name\" content=\"Congo Pub Online\" \/>\n<meta property=\"article:publisher\" content=\"https:\/\/web.facebook.com\/Congopubonline\" \/>\n<meta property=\"article:published_time\" content=\"2023-11-06T12:04:46+00:00\" \/>\n<meta property=\"article:modified_time\" content=\"2023-11-06T12:04:53+00:00\" \/>\n<meta property=\"og:image\" content=\"https:\/\/congopubonline.com\/wp-content\/uploads\/2023\/11\/Capture-decran-2023-11-06-125556.png\" \/>\n\t<meta property=\"og:image:width\" content=\"765\" \/>\n\t<meta property=\"og:image:height\" content=\"546\" \/>\n\t<meta property=\"og:image:type\" content=\"image\/png\" \/>\n<meta name=\"author\" content=\"Sam&#039;s Londele\" \/>\n<meta name=\"twitter:card\" content=\"summary_large_image\" \/>\n<meta name=\"twitter:creator\" content=\"@CONGOPUBOnline\" \/>\n<meta name=\"twitter:site\" content=\"@CONGOPUBOnline\" \/>\n<meta name=\"twitter:label1\" content=\"\u00c9crit par\" \/>\n\t<meta name=\"twitter:data1\" content=\"Sam&#039;s Londele\" \/>\n\t<meta name=\"twitter:label2\" content=\"Dur\u00e9e de lecture estim\u00e9e\" \/>\n\t<meta name=\"twitter:data2\" content=\"2 minutes\" \/>\n<script type=\"application\/ld+json\" class=\"yoast-schema-graph\">{\"@context\":\"https:\/\/schema.org\",\"@graph\":[{\"@type\":\"Article\",\"@id\":\"https:\/\/congopubonline.com\/?p=51358#article\",\"isPartOf\":{\"@id\":\"https:\/\/congopubonline.com\/?p=51358\"},\"author\":{\"name\":\"Sam's Londele\",\"@id\":\"https:\/\/congopubonline.com\/#\/schema\/person\/0d76ad55397527fd49db9d33cd5d6c6c\"},\"headline\":\"Kongo-Central : Roger Nimi d\u00e9ment le d\u00e9versement sur le march\u00e9 d\u2019au moins 6 089 sacs de riz avari\u00e9s\",\"datePublished\":\"2023-11-06T12:04:46+00:00\",\"dateModified\":\"2023-11-06T12:04:53+00:00\",\"mainEntityOfPage\":{\"@id\":\"https:\/\/congopubonline.com\/?p=51358\"},\"wordCount\":386,\"publisher\":{\"@id\":\"https:\/\/congopubonline.com\/#organization\"},\"image\":{\"@id\":\"https:\/\/congopubonline.com\/?p=51358#primaryimage\"},\"thumbnailUrl\":\"https:\/\/congopubonline.com\/wp-content\/uploads\/2023\/11\/Capture-decran-2023-11-06-125556.png\",\"keywords\":[\"Kongo-Central\",\"RDC\",\"Roger Nimi\"],\"articleSection\":[\"\u00c0 la Une\",\"Province\"],\"inLanguage\":\"fr-FR\"},{\"@type\":\"WebPage\",\"@id\":\"https:\/\/congopubonline.com\/?p=51358\",\"url\":\"https:\/\/congopubonline.com\/?p=51358\",\"name\":\"Kongo-Central : Roger Nimi d\u00e9ment le d\u00e9versement sur le march\u00e9 d\u2019au moins 6 089 sacs de riz avari\u00e9s\",\"isPartOf\":{\"@id\":\"https:\/\/congopubonline.com\/#website\"},\"primaryImageOfPage\":{\"@id\":\"https:\/\/congopubonline.com\/?p=51358#primaryimage\"},\"image\":{\"@id\":\"https:\/\/congopubonline.com\/?p=51358#primaryimage\"},\"thumbnailUrl\":\"https:\/\/congopubonline.com\/wp-content\/uploads\/2023\/11\/Capture-decran-2023-11-06-125556.png\",\"datePublished\":\"2023-11-06T12:04:46+00:00\",\"dateModified\":\"2023-11-06T12:04:53+00:00\",\"description\":\"Le ministre provincial de l\u2019Economie du Kongo-Central, Roger Nimi a d\u00e9menti, dimanche 5 novembre, le d\u00e9versement des sacs de riz avari\u00e9s de marque BB sur le march\u00e9 de consommation...\",\"breadcrumb\":{\"@id\":\"https:\/\/congopubonline.com\/?p=51358#breadcrumb\"},\"inLanguage\":\"fr-FR\",\"potentialAction\":[{\"@type\":\"ReadAction\",\"target\":[\"https:\/\/congopubonline.com\/?p=51358\"]}]},{\"@type\":\"ImageObject\",\"inLanguage\":\"fr-FR\",\"@id\":\"https:\/\/congopubonline.com\/?p=51358#primaryimage\",\"url\":\"https:\/\/congopubonline.com\/wp-content\/uploads\/2023\/11\/Capture-decran-2023-11-06-125556.png\",\"contentUrl\":\"https:\/\/congopubonline.com\/wp-content\/uploads\/2023\/11\/Capture-decran-2023-11-06-125556.png\",\"width\":765,\"height\":546},{\"@type\":\"BreadcrumbList\",\"@id\":\"https:\/\/congopubonline.com\/?p=51358#breadcrumb\",\"itemListElement\":[{\"@type\":\"ListItem\",\"position\":1,\"name\":\"Accueil\",\"item\":\"https:\/\/congopubonline.com\/\"},{\"@type\":\"ListItem\",\"position\":2,\"name\":\"Kongo-Central : Roger Nimi d\u00e9ment le d\u00e9versement sur le march\u00e9 d\u2019au moins 6 089 sacs de riz avari\u00e9s\"}]},{\"@type\":\"WebSite\",\"@id\":\"https:\/\/congopubonline.com\/#website\",\"url\":\"https:\/\/congopubonline.com\/\",\"name\":\"Congo Pub Online\",\"description\":\"Votre site d&#039;actualit\u00e9\",\"publisher\":{\"@id\":\"https:\/\/congopubonline.com\/#organization\"},\"alternateName\":\"Marketing 3.0\",\"potentialAction\":[{\"@type\":\"SearchAction\",\"target\":{\"@type\":\"EntryPoint\",\"urlTemplate\":\"https:\/\/congopubonline.com\/?s={search_term_string}\"},\"query-input\":{\"@type\":\"PropertyValueSpecification\",\"valueRequired\":true,\"valueName\":\"search_term_string\"}}],\"inLanguage\":\"fr-FR\"},{\"@type\":\"Organization\",\"@id\":\"https:\/\/congopubonline.com\/#organization\",\"name\":\"Congo Pub Online\",\"url\":\"https:\/\/congopubonline.com\/\",\"logo\":{\"@type\":\"ImageObject\",\"inLanguage\":\"fr-FR\",\"@id\":\"https:\/\/congopubonline.com\/#\/schema\/logo\/image\/\",\"url\":\"https:\/\/congopubonline.com\/wp-content\/uploads\/2022\/09\/LOGO_CONGO-PUB-Online_Version-2.jpg\",\"contentUrl\":\"https:\/\/congopubonline.com\/wp-content\/uploads\/2022\/09\/LOGO_CONGO-PUB-Online_Version-2.jpg\",\"width\":374,\"height\":223,\"caption\":\"Congo Pub Online\"},\"image\":{\"@id\":\"https:\/\/congopubonline.com\/#\/schema\/logo\/image\/\"},\"sameAs\":[\"https:\/\/web.facebook.com\/Congopubonline\",\"https:\/\/x.com\/CONGOPUBOnline\"]},{\"@type\":\"Person\",\"@id\":\"https:\/\/congopubonline.com\/#\/schema\/person\/0d76ad55397527fd49db9d33cd5d6c6c\",\"name\":\"Sam's Londele\",\"url\":\"https:\/\/congopubonline.com\/?author=75\"}]}<\/script>\n<!-- \/ Yoast SEO Premium plugin. -->","yoast_head_json":{"title":"Kongo-Central : Roger Nimi d\u00e9ment le d\u00e9versement sur le march\u00e9 d\u2019au moins 6 089 sacs de riz avari\u00e9s","description":"Le ministre provincial de l\u2019Economie du Kongo-Central, Roger Nimi a d\u00e9menti, dimanche 5 novembre, le d\u00e9versement des sacs de riz avari\u00e9s de marque BB sur le march\u00e9 de consommation...","robots":{"index":"index","follow":"follow","max-snippet":"max-snippet:-1","max-image-preview":"max-image-preview:large","max-video-preview":"max-video-preview:-1"},"canonical":"https:\/\/congopubonline.com\/?p=51358","og_locale":"fr_FR","og_type":"article","og_title":"Kongo-Central : Roger Nimi d\u00e9ment le d\u00e9versement sur le march\u00e9 d\u2019au moins 6 089 sacs de riz avari\u00e9s","og_description":"Le ministre provincial de l\u2019Economie du Kongo-Central, Roger Nimi a d\u00e9menti, dimanche 5 novembre, le d\u00e9versement des sacs de riz avari\u00e9s de marque BB sur le march\u00e9 de consommation...","og_url":"https:\/\/congopubonline.com\/?p=51358","og_site_name":"Congo Pub Online","article_publisher":"https:\/\/web.facebook.com\/Congopubonline","article_published_time":"2023-11-06T12:04:46+00:00","article_modified_time":"2023-11-06T12:04:53+00:00","og_image":[{"width":765,"height":546,"url":"https:\/\/congopubonline.com\/wp-content\/uploads\/2023\/11\/Capture-decran-2023-11-06-125556.png","type":"image\/png"}],"author":"Sam's Londele","twitter_card":"summary_large_image","twitter_creator":"@CONGOPUBOnline","twitter_site":"@CONGOPUBOnline","twitter_misc":{"\u00c9crit par":"Sam's Londele","Dur\u00e9e de lecture estim\u00e9e":"2 minutes"},"schema":{"@context":"https:\/\/schema.org","@graph":[{"@type":"Article","@id":"https:\/\/congopubonline.com\/?p=51358#article","isPartOf":{"@id":"https:\/\/congopubonline.com\/?p=51358"},"author":{"name":"Sam's Londele","@id":"https:\/\/congopubonline.com\/#\/schema\/person\/0d76ad55397527fd49db9d33cd5d6c6c"},"headline":"Kongo-Central : Roger Nimi d\u00e9ment le d\u00e9versement sur le march\u00e9 d\u2019au moins 6 089 sacs de riz avari\u00e9s","datePublished":"2023-11-06T12:04:46+00:00","dateModified":"2023-11-06T12:04:53+00:00","mainEntityOfPage":{"@id":"https:\/\/congopubonline.com\/?p=51358"},"wordCount":386,"publisher":{"@id":"https:\/\/congopubonline.com\/#organization"},"image":{"@id":"https:\/\/congopubonline.com\/?p=51358#primaryimage"},"thumbnailUrl":"https:\/\/congopubonline.com\/wp-content\/uploads\/2023\/11\/Capture-decran-2023-11-06-125556.png","keywords":["Kongo-Central","RDC","Roger Nimi"],"articleSection":["\u00c0 la Une","Province"],"inLanguage":"fr-FR"},{"@type":"WebPage","@id":"https:\/\/congopubonline.com\/?p=51358","url":"https:\/\/congopubonline.com\/?p=51358","name":"Kongo-Central : Roger Nimi d\u00e9ment le d\u00e9versement sur le march\u00e9 d\u2019au moins 6 089 sacs de riz avari\u00e9s","isPartOf":{"@id":"https:\/\/congopubonline.com\/#website"},"primaryImageOfPage":{"@id":"https:\/\/congopubonline.com\/?p=51358#primaryimage"},"image":{"@id":"https:\/\/congopubonline.com\/?p=51358#primaryimage"},"thumbnailUrl":"https:\/\/congopubonline.com\/wp-content\/uploads\/2023\/11\/Capture-decran-2023-11-06-125556.png","datePublished":"2023-11-06T12:04:46+00:00","dateModified":"2023-11-06T12:04:53+00:00","description":"Le ministre provincial de l\u2019Economie du Kongo-Central, Roger Nimi a d\u00e9menti, dimanche 5 novembre, le d\u00e9versement des sacs de riz avari\u00e9s de marque BB sur le march\u00e9 de consommation...","breadcrumb":{"@id":"https:\/\/congopubonline.com\/?p=51358#breadcrumb"},"inLanguage":"fr-FR","potentialAction":[{"@type":"ReadAction","target":["https:\/\/congopubonline.com\/?p=51358"]}]},{"@type":"ImageObject","inLanguage":"fr-FR","@id":"https:\/\/congopubonline.com\/?p=51358#primaryimage","url":"https:\/\/congopubonline.com\/wp-content\/uploads\/2023\/11\/Capture-decran-2023-11-06-125556.png","contentUrl":"https:\/\/congopubonline.com\/wp-content\/uploads\/2023\/11\/Capture-decran-2023-11-06-125556.png","width":765,"height":546},{"@type":"BreadcrumbList","@id":"https:\/\/congopubonline.com\/?p=51358#breadcrumb","itemListElement":[{"@type":"ListItem","position":1,"name":"Accueil","item":"https:\/\/congopubonline.com\/"},{"@type":"ListItem","position":2,"name":"Kongo-Central : Roger Nimi d\u00e9ment le d\u00e9versement sur le march\u00e9 d\u2019au moins 6 089 sacs de riz avari\u00e9s"}]},{"@type":"WebSite","@id":"https:\/\/congopubonline.com\/#website","url":"https:\/\/congopubonline.com\/","name":"Congo Pub Online","description":"Votre site d&#039;actualit\u00e9","publisher":{"@id":"https:\/\/congopubonline.com\/#organization"},"alternateName":"Marketing 3.0","potentialAction":[{"@type":"SearchAction","target":{"@type":"EntryPoint","urlTemplate":"https:\/\/congopubonline.com\/?s={search_term_string}"},"query-input":{"@type":"PropertyValueSpecification","valueRequired":true,"valueName":"search_term_string"}}],"inLanguage":"fr-FR"},{"@type":"Organization","@id":"https:\/\/congopubonline.com\/#organization","name":"Congo Pub Online","url":"https:\/\/congopubonline.com\/","logo":{"@type":"ImageObject","inLanguage":"fr-FR","@id":"https:\/\/congopubonline.com\/#\/schema\/logo\/image\/","url":"https:\/\/congopubonline.com\/wp-content\/uploads\/2022\/09\/LOGO_CONGO-PUB-Online_Version-2.jpg","contentUrl":"https:\/\/congopubonline.com\/wp-content\/uploads\/2022\/09\/LOGO_CONGO-PUB-Online_Version-2.jpg","width":374,"height":223,"caption":"Congo Pub Online"},"image":{"@id":"https:\/\/congopubonline.com\/#\/schema\/logo\/image\/"},"sameAs":["https:\/\/web.facebook.com\/Congopubonline","https:\/\/x.com\/CONGOPUBOnline"]},{"@type":"Person","@id":"https:\/\/congopubonline.com\/#\/schema\/person\/0d76ad55397527fd49db9d33cd5d6c6c","name":"Sam's Londele","url":"https:\/\/congopubonline.com\/?author=75"}]}},"_links":{"self":[{"href":"https:\/\/congopubonline.com\/index.php?rest_route=\/wp\/v2\/posts\/51358","targetHints":{"allow":["GET"]}}],"collection":[{"href":"https:\/\/congopubonline.com\/index.php?rest_route=\/wp\/v2\/posts"}],"about":[{"href":"https:\/\/congopubonline.com\/index.php?rest_route=\/wp\/v2\/types\/post"}],"author":[{"embeddable":true,"href":"https:\/\/congopubonline.com\/index.php?rest_route=\/wp\/v2\/users\/75"}],"replies":[{"embeddable":true,"href":"https:\/\/congopubonline.com\/index.php?rest_route=%2Fwp%2Fv2%2Fcomments&post=51358"}],"version-history":[{"count":0,"href":"https:\/\/congopubonline.com\/index.php?rest_route=\/wp\/v2\/posts\/51358\/revisions"}],"wp:featuredmedia":[{"embeddable":true,"href":"https:\/\/congopubonline.com\/index.php?rest_route=\/wp\/v2\/media\/51360"}],"wp:attachment":[{"href":"https:\/\/congopubonline.com\/index.php?rest_route=%2Fwp%2Fv2%2Fmedia&parent=51358"}],"wp:term":[{"taxonomy":"category","embeddable":true,"href":"https:\/\/congopubonline.com\/index.php?rest_route=%2Fwp%2Fv2%2Fcategories&post=51358"},{"taxonomy":"post_tag","embeddable":true,"href":"https:\/\/congopubonline.com\/index.php?rest_route=%2Fwp%2Fv2%2Ftags&post=51358"}],"curies":[{"name":"wp","href":"https:\/\/api.w.org\/{rel}","templated":true}]}}