{"id":58072,"date":"2024-02-04T22:56:04","date_gmt":"2024-02-04T21:56:04","guid":{"rendered":"https:\/\/congopubonline.com\/?p=58072"},"modified":"2024-02-04T22:59:14","modified_gmt":"2024-02-04T21:59:14","slug":"report-de-la-presidentielle-au-senegal-lopposition-empechee-de-se-rassembler","status":"publish","type":"post","link":"https:\/\/congopubonline.com\/?p=58072","title":{"rendered":"Report de la pr\u00e9sidentielle au S\u00e9n\u00e9gal: l&rsquo;opposition emp\u00each\u00e9e de se rassembler"},"content":{"rendered":"\n<p><strong>En riposte \u00e0 l&rsquo;annonce du report\u00a0<em>sine die<\/em>\u00a0de la pr\u00e9sidentielle du 25 f\u00e9vrier par le pr\u00e9sident Macky Sall, plusieurs candidats de l&rsquo;opposition avaient appel\u00e9 au rassemblement ce dimanche 4 f\u00e9vrier pour d\u00e9marrer la campagne \u00e9lectorale. Sans succ\u00e8s.<\/strong><\/p>\n\n\n\n<p>Tout l&rsquo;apr\u00e8s-midi, des militants de l&rsquo;opposition et de simples citoyens ont tent\u00e9 de se rassembler pr\u00e8s du rond-point Saint-Lazare, sur l&rsquo;une des art\u00e8res centrales de Dakar, apr\u00e8s&nbsp;<strong><a href=\"https:\/\/www.rfi.fr\/fr\/afrique\/20240203-s%C3%A9n%C3%A9gal-l-%C3%A9lection-pr%C3%A9sidentielle-du-25-f%C3%A9vrier-report%C3%A9e-sine-die\">l&rsquo;annonce du report&nbsp;<em>sine die<\/em>&nbsp;de l&rsquo;\u00e9lection pr\u00e9sidentielle<\/a><\/strong>. En vain. Syst\u00e9matiquement, les gendarmes, d\u00e9ploy\u00e9s par dizaines, ont dispers\u00e9 les petits groupes \u00e0 coups de gaz lacrymog\u00e8nes, rapporte notre correspondante \u00e0 Dakar<em>,<\/em>&nbsp;<strong>L\u00e9a-Lisa Westerhoff<\/strong>. Au fil des heures, la tension est mont\u00e9e et des jets de pierre ont r\u00e9pondu aux lacrymos. Des pneus ont \u00e9t\u00e9 br\u00fbl\u00e9s et chaque fois, les groupes s\u00e9par\u00e9s. Ce dimanche soir, le quartier est boucl\u00e9 par les gendarmes, les rideaux des boutiques tir\u00e9es et \u00e0 intervalles r\u00e9guliers r\u00e9sonnent les tirs de gaz lacrymog\u00e8nes.<\/p>\n\n\n\n<p>Les candidats et leaders de l&rsquo;opposition ont \u00e9chou\u00e9 \u00e0 se rendre sur le lieu du rassemblement. Certains ont \u00e9t\u00e9 bloqu\u00e9s au si\u00e8ge de leur parti, d&rsquo;autres dans leur voiture. L&rsquo;ancienne Premi\u00e8re ministre Aminata Tour\u00e9 a annonc\u00e9 avoir \u00e9t\u00e9 embarqu\u00e9e par les gendarmes d\u00e8s qu&rsquo;elle est sortie de son v\u00e9hicule. Idem pour la candidate Anta Babacar Ngom, interpell\u00e9e parce qu&rsquo;elle refusait de quitter le point de rassemblement. Le candidat Serigne Mboup fait \u00e9tat de l&rsquo;arrestation de quatre membres de son \u00e9quipe de communication.<\/p>\n\n\n\n<p>Le signal est clair : aucun rassemblement n&rsquo;est tol\u00e9r\u00e9. Il en va de m\u00eame dans d&rsquo;autres villes du pays, comme Thi\u00e8s, Mbour et Louga. L&rsquo;opposition dit actuellement r\u00e9fl\u00e9chir \u00e0 la fa\u00e7on de se mobiliser dans les prochains jours. \u00ab&nbsp;<em>C&rsquo;est totalement injuste<\/em>&nbsp;\u00bb, lance un manifestant. \u00ab<em>&nbsp;<\/em><em>Ici, il ne nous laisse m\u00eame plus nous exprimer. On est fatigu\u00e9s,<\/em>&nbsp;proteste une femme.&nbsp;<em>On veut pouvoir voter et choisir notre pr\u00e9sident.<\/em>&nbsp;\u00bb&nbsp;<\/p>\n\n\n\n<blockquote class=\"wp-block-quote is-layout-flow wp-block-quote-is-layout-flow\">\n<p>C&rsquo;est la Constitution qui fixe les \u00e9ch\u00e9ances \u00e9lectorales et le mandat du pr\u00e9sident. Il ne peut pas se lever un bon matin pour, sous des pr\u00e9textes fallacieux, vouloir interrompre le processus \u00e9lectoral.<\/p>\n<\/blockquote>\n\n\n\n<p>Rassemblement contre le report de la pr\u00e9sidentielle: paroles de manifestantsL\u00e9a-Lisa Westerhoff<\/p>\n\n\n\n<figure class=\"wp-block-audio\"><audio controls src=\"https:\/\/congopubonline.com\/wp-content\/uploads\/2024\/02\/SENEGAL_Son_SOIR_-_Manif_contre_le_report_micro_trott_manifestants-1.mp3\"><\/audio><\/figure>\n\n\n\n<p>Ce soir, le minist\u00e8re&nbsp;de la Communication, \u00ab&nbsp;<em>en accord avec le Conseil national de r\u00e9gulation de l&rsquo;audiovisuel (CNRA), a donn\u00e9 l&rsquo;ordre aux diffuseurs de Walf TV de couper temporairement le signal pour incitation \u00e0 la violence<\/em>&nbsp;\u00bb, a dit \u00e0 l&rsquo;Agence France-Presse son directeur de la communication, Ousseynou Dieng. Le groupe Walf a annonc\u00e9 sur les r\u00e9seaux sociaux un \u00ab&nbsp;<em>retrait d\u00e9finitif de sa licence par l&rsquo;\u00c9tat&nbsp;<\/em>\u00bb.<\/p>\n\n\n\n<h2 class=\"wp-block-heading\" id=\"h-les-reactions-se-poursuivent\">Les r\u00e9actions se poursuivent<\/h2>\n\n\n\n<p>Le report de la pr\u00e9sidentielle au S\u00e9n\u00e9gal, in\u00e9dit dans l&rsquo;histoire du pays, a \u00e9galement provoqu\u00e9 de nombreuses r\u00e9actions \u00e0 l\u2019\u00e9tranger. Les m\u00eames mots reviennent \u00e0 chaque fois : incertitude, pr\u00e9occupation, appels \u00e0 des \u00e9lections rapides, ce qui traduit l\u2019inqui\u00e9tude d\u2019une grande partie de la communaut\u00e9 internationale.\u00a0Si les r\u00e9actions ont \u00e9t\u00e9 peu nombreuses sur le continent, la C\u00e9d\u00e9ao, par la voix de sa commission, avait r\u00e9agi d\u00e8s samedi soir et a exprim\u00e9 dimanche \u00ab\u00a0<em>sa pr\u00e9occupation quant aux circonstances qui ont conduit au report de l\u2019\u00e9lection<\/em>\u00a0\u00bb. L\u2019organisation sous-r\u00e9gionale demande \u00e0 nouveau les autorit\u00e9s \u00e0 oeuvrer pour fixer rapidement une nouvelle date et elle \u00ab\u00a0<em>exhorte la classe politique \u00e0 prioriser le dialogue pour l\u2019organisation d\u2019une \u00e9lection transparente, inclusive et cr\u00e9dible<\/em>\u00a0\u00bb. La C\u00e9d\u00e9ao encourage \u00e9galement Macky Sall \u00ab<em>\u00a0\u00e0 continuer de d\u00e9fendre et de prot\u00e9ger la longue tradition d\u00e9mocratique du S\u00e9n\u00e9gal<\/em>\u00a0\u00bb.<\/p>\n\n\n\n<p>Dans un communiqu\u00e9 diffus\u00e9 dimanche, l\u2019Union europ\u00e9enne estime que l\u2019annonce de ce report \u00ab&nbsp;<em>ouvre une p\u00e9riode d\u2019incertitude au S\u00e9n\u00e9gal&nbsp;<\/em>\u00bb. En cons\u00e9quence, l\u2019UE dit appeler \u00ab&nbsp;<em>tous les acteurs \u00e0 \u0153uvrer, dans un climat apais\u00e9, \u00e0 la tenue d\u2019une \u00e9lection, transparente, inclusive et cr\u00e9dible dans les meilleurs d\u00e9lais<\/em>&nbsp;\u00bb, \u00ab&nbsp;<em>afin&nbsp;<\/em>\u00bb, ajoute le texte, \u00ab&nbsp;<em>de pr\u00e9server la longue tradition de stabilit\u00e9 et de d\u00e9mocratie au S\u00e9n\u00e9gal&nbsp;<\/em>\u00bb. Les \u00c9tats-Unis se sont dits pour leur part profond\u00e9ment pr\u00e9occup\u00e9s par cette situation et r\u00e9clament qu&rsquo;une nouvelle date soit annonc\u00e9e rapidement.<\/p>\n\n\n\n<p>Sur la m\u00eame ligne, la France appelle les autorit\u00e9s \u00e0 \u00ab&nbsp;<em>lever les incertitudes autour du calendrier \u00e9lectoral pour que les \u00e9lections puissent se tenir dans le meilleur d\u00e9lai possible<\/em>&nbsp;\u00bb. \u00ab&nbsp;<em>Profond\u00e9ment pr\u00e9occup\u00e9s<\/em>&nbsp;\u00bb par ce report, les \u00c9tats-Unis avaient eux \u00ab&nbsp;<em>exhort\u00e9&nbsp;<\/em>\u00bb samedi soir les acteurs politiques \u00ab&nbsp;<em>\u00e0 s\u2019engager pacifiquement<\/em>&nbsp;\u00bb pour \u00ab&nbsp;<em>fixer rapidement une nouvelle date et les conditions d&rsquo;une \u00e9lection libre et \u00e9quitable<\/em>&nbsp;\u00bb.<\/p>\n\n\n\n<h2 class=\"wp-block-heading\" id=\"h-l-election-renvoyee-au-25-aout\">L&rsquo;\u00e9lection renvoy\u00e9e au 25 ao\u00fbt ?<\/h2>\n\n\n\n<p>Justement, l\u2019Assembl\u00e9e nationale acc\u00e9l\u00e8re la cadence pour examiner un projet de loi sur le report de l\u2019\u00e9lection pr\u00e9sidentielle d\u00e9pos\u00e9 par Mamadou Lamine Thiam du Parti d\u00e9mocratique s\u00e9n\u00e9galais de Karim Wade.&nbsp;Les d\u00e9put\u00e9s seront r\u00e9unis en pl\u00e9ni\u00e8re ce lundi 5 f\u00e9vrier pour examiner le texte contre lequel l&rsquo;opposition est vent debout.&nbsp;Le calendrier pourrait \u00eatre pr\u00e9cis\u00e9 \u00e0 l\u2019issue des d\u00e9bats.<\/p>\n\n\n\n<p>En attendant, c\u2019est la commission des lois qui b\u00fbche sur la proposition de loi constitutionnelle, qui renverrait l\u2019\u00e9lection au 25 ao\u00fbt, rapporte notre correspondante \u00e0 Dakar,&nbsp;<strong>Juliette Dubois<\/strong>.&nbsp;Cette commission est charg\u00e9e du travail technique et d\u2019un premier examen du texte. Le projet demande un report de l\u2019\u00e9lection en avan\u00e7ant que le processus \u00e9lectoral est d\u00e9j\u00e0 \u00e9maill\u00e9 d\u2019incidents et de dysfonctionnements graves. Des arguments que Macky Sall a repris samedi lors de son adresse \u00e0 la nation, lorsqu\u2019il a annonc\u00e9 abroger le d\u00e9cret qui fixait l\u2019\u00e9lection au 25 f\u00e9vrier, et donc repousser&nbsp;<em>de facto<\/em>&nbsp;le scrutin.<\/p>\n\n\n\n<p>Le projet de loi parle aussi d\u2019une crise institutionnelle entre les pouvoirs judiciaire et l\u00e9gislatif autour du processus de validation des candidats et propose de repousser l\u2019\u00e9lection de six mois, au 25 ao\u00fbt prochain. Selon un d\u00e9put\u00e9 d\u2019opposition pr\u00e9sent dans la salle, plusieurs d\u00e9put\u00e9s de la coalition au pouvoir Benno Bokk Yakaar sont m\u00eame all\u00e9s plus loin en demandant la prolongation d\u2019un an du mandat de Macky Sall.<\/p>\n\n\n\n<p><strong>RFI via CONGO PUB Online<\/strong><\/p>\n<div class='epvc-post-count'><span class='epvc-eye'><\/span>  <span class=\"epvc-count\"> 267<\/span><span class='epvc-label'> Vues<\/span><\/div>","protected":false},"excerpt":{"rendered":"<p>En riposte \u00e0 l&rsquo;annonce du report\u00a0sine die\u00a0de la pr\u00e9sidentielle du 25 f\u00e9vrier par le pr\u00e9sident Macky Sall, plusieurs candidats de l&rsquo;opposition avaient appel\u00e9 au rassemblement ce dimanche 4 f\u00e9vrier pour&hellip;<\/p>\n","protected":false},"author":75,"featured_media":58082,"comment_status":"closed","ping_status":"closed","sticky":false,"template":"","format":"standard","meta":{"content-type":"","_monsterinsights_skip_tracking":false,"_monsterinsights_sitenote_active":false,"_monsterinsights_sitenote_note":"","_monsterinsights_sitenote_category":0,"footnotes":""},"categories":[844,43],"tags":[6090,6089,255],"class_list":["post-58072","post","type-post","status-publish","format-standard","has-post-thumbnail","hentry","category-a-la-une","category-afrique","tag-lopposition-empechee-de-se-rassembler","tag-report-de-la-presidentielle","tag-senegal"],"yoast_head":"<!-- This site is optimized with the Yoast SEO Premium plugin v25.4 (Yoast SEO v25.4) - https:\/\/yoast.com\/wordpress\/plugins\/seo\/ -->\n<title>Report de la pr\u00e9sidentielle au S\u00e9n\u00e9gal: l&#039;opposition emp\u00each\u00e9e de se rassembler<\/title>\n<meta name=\"description\" content=\"En riposte \u00e0 l&#039;annonce du report\u00a0sine die\u00a0de la pr\u00e9sidentielle du 25 f\u00e9vrier par le pr\u00e9sident Macky Sall, plusieurs candidats de l&#039;opposition avaient appel\u00e9 au rassemblement ce dimanche 4 f\u00e9vrier pour d\u00e9marrer la campagne \u00e9lectorale. Sans succ\u00e8s.\" \/>\n<meta name=\"robots\" content=\"index, follow, max-snippet:-1, max-image-preview:large, max-video-preview:-1\" \/>\n<link rel=\"canonical\" href=\"https:\/\/congopubonline.com\/?p=58072\" \/>\n<meta property=\"og:locale\" content=\"fr_FR\" \/>\n<meta property=\"og:type\" content=\"article\" \/>\n<meta property=\"og:title\" content=\"Report de la pr\u00e9sidentielle au S\u00e9n\u00e9gal: l&#039;opposition emp\u00each\u00e9e de se rassembler\" \/>\n<meta property=\"og:description\" content=\"En riposte \u00e0 l&#039;annonce du report\u00a0sine die\u00a0de la pr\u00e9sidentielle du 25 f\u00e9vrier par le pr\u00e9sident Macky Sall, plusieurs candidats de l&#039;opposition avaient appel\u00e9 au rassemblement ce dimanche 4 f\u00e9vrier pour d\u00e9marrer la campagne \u00e9lectorale. Sans succ\u00e8s.\" \/>\n<meta property=\"og:url\" content=\"https:\/\/congopubonline.com\/?p=58072\" \/>\n<meta property=\"og:site_name\" content=\"Congo Pub Online\" \/>\n<meta property=\"article:publisher\" content=\"https:\/\/web.facebook.com\/Congopubonline\" \/>\n<meta property=\"article:published_time\" content=\"2024-02-04T21:56:04+00:00\" \/>\n<meta property=\"article:modified_time\" content=\"2024-02-04T21:59:14+00:00\" \/>\n<meta property=\"og:image\" content=\"https:\/\/congopubonline.com\/wp-content\/uploads\/2024\/02\/Capture-decran-2024-02-04-225407.png\" \/>\n\t<meta property=\"og:image:width\" content=\"967\" \/>\n\t<meta property=\"og:image:height\" content=\"536\" \/>\n\t<meta property=\"og:image:type\" content=\"image\/png\" \/>\n<meta name=\"author\" content=\"Sam&#039;s Londele\" \/>\n<meta name=\"twitter:card\" content=\"summary_large_image\" \/>\n<meta name=\"twitter:creator\" content=\"@CONGOPUBOnline\" \/>\n<meta name=\"twitter:site\" content=\"@CONGOPUBOnline\" \/>\n<meta name=\"twitter:label1\" content=\"\u00c9crit par\" \/>\n\t<meta name=\"twitter:data1\" content=\"Sam&#039;s Londele\" \/>\n\t<meta name=\"twitter:label2\" content=\"Dur\u00e9e de lecture estim\u00e9e\" \/>\n\t<meta name=\"twitter:data2\" content=\"5 minutes\" \/>\n<script type=\"application\/ld+json\" class=\"yoast-schema-graph\">{\"@context\":\"https:\/\/schema.org\",\"@graph\":[{\"@type\":\"Article\",\"@id\":\"https:\/\/congopubonline.com\/?p=58072#article\",\"isPartOf\":{\"@id\":\"https:\/\/congopubonline.com\/?p=58072\"},\"author\":{\"name\":\"Sam's Londele\",\"@id\":\"https:\/\/congopubonline.com\/#\/schema\/person\/0d76ad55397527fd49db9d33cd5d6c6c\"},\"headline\":\"Report de la pr\u00e9sidentielle au S\u00e9n\u00e9gal: l&rsquo;opposition emp\u00each\u00e9e de se rassembler\",\"datePublished\":\"2024-02-04T21:56:04+00:00\",\"dateModified\":\"2024-02-04T21:59:14+00:00\",\"mainEntityOfPage\":{\"@id\":\"https:\/\/congopubonline.com\/?p=58072\"},\"wordCount\":1137,\"publisher\":{\"@id\":\"https:\/\/congopubonline.com\/#organization\"},\"image\":{\"@id\":\"https:\/\/congopubonline.com\/?p=58072#primaryimage\"},\"thumbnailUrl\":\"https:\/\/congopubonline.com\/wp-content\/uploads\/2024\/02\/Capture-decran-2024-02-04-225407.png\",\"keywords\":[\"l'opposition emp\u00each\u00e9e de se rassembler\",\"Report de la pr\u00e9sidentielle\",\"senegal\"],\"articleSection\":[\"\u00c0 la Une\",\"Afrique\"],\"inLanguage\":\"fr-FR\"},{\"@type\":\"WebPage\",\"@id\":\"https:\/\/congopubonline.com\/?p=58072\",\"url\":\"https:\/\/congopubonline.com\/?p=58072\",\"name\":\"Report de la pr\u00e9sidentielle au S\u00e9n\u00e9gal: l'opposition emp\u00each\u00e9e de se rassembler\",\"isPartOf\":{\"@id\":\"https:\/\/congopubonline.com\/#website\"},\"primaryImageOfPage\":{\"@id\":\"https:\/\/congopubonline.com\/?p=58072#primaryimage\"},\"image\":{\"@id\":\"https:\/\/congopubonline.com\/?p=58072#primaryimage\"},\"thumbnailUrl\":\"https:\/\/congopubonline.com\/wp-content\/uploads\/2024\/02\/Capture-decran-2024-02-04-225407.png\",\"datePublished\":\"2024-02-04T21:56:04+00:00\",\"dateModified\":\"2024-02-04T21:59:14+00:00\",\"description\":\"En riposte \u00e0 l'annonce du report\u00a0sine die\u00a0de la pr\u00e9sidentielle du 25 f\u00e9vrier par le pr\u00e9sident Macky Sall, plusieurs candidats de l'opposition avaient appel\u00e9 au rassemblement ce dimanche 4 f\u00e9vrier pour d\u00e9marrer la campagne \u00e9lectorale. Sans succ\u00e8s.\",\"breadcrumb\":{\"@id\":\"https:\/\/congopubonline.com\/?p=58072#breadcrumb\"},\"inLanguage\":\"fr-FR\",\"potentialAction\":[{\"@type\":\"ReadAction\",\"target\":[\"https:\/\/congopubonline.com\/?p=58072\"]}]},{\"@type\":\"ImageObject\",\"inLanguage\":\"fr-FR\",\"@id\":\"https:\/\/congopubonline.com\/?p=58072#primaryimage\",\"url\":\"https:\/\/congopubonline.com\/wp-content\/uploads\/2024\/02\/Capture-decran-2024-02-04-225407.png\",\"contentUrl\":\"https:\/\/congopubonline.com\/wp-content\/uploads\/2024\/02\/Capture-decran-2024-02-04-225407.png\",\"width\":967,\"height\":536},{\"@type\":\"BreadcrumbList\",\"@id\":\"https:\/\/congopubonline.com\/?p=58072#breadcrumb\",\"itemListElement\":[{\"@type\":\"ListItem\",\"position\":1,\"name\":\"Accueil\",\"item\":\"https:\/\/congopubonline.com\/\"},{\"@type\":\"ListItem\",\"position\":2,\"name\":\"Report de la pr\u00e9sidentielle au S\u00e9n\u00e9gal: l&rsquo;opposition emp\u00each\u00e9e de se rassembler\"}]},{\"@type\":\"WebSite\",\"@id\":\"https:\/\/congopubonline.com\/#website\",\"url\":\"https:\/\/congopubonline.com\/\",\"name\":\"Congo Pub Online\",\"description\":\"Votre site d&#039;actualit\u00e9\",\"publisher\":{\"@id\":\"https:\/\/congopubonline.com\/#organization\"},\"alternateName\":\"Marketing 3.0\",\"potentialAction\":[{\"@type\":\"SearchAction\",\"target\":{\"@type\":\"EntryPoint\",\"urlTemplate\":\"https:\/\/congopubonline.com\/?s={search_term_string}\"},\"query-input\":{\"@type\":\"PropertyValueSpecification\",\"valueRequired\":true,\"valueName\":\"search_term_string\"}}],\"inLanguage\":\"fr-FR\"},{\"@type\":\"Organization\",\"@id\":\"https:\/\/congopubonline.com\/#organization\",\"name\":\"Congo Pub Online\",\"url\":\"https:\/\/congopubonline.com\/\",\"logo\":{\"@type\":\"ImageObject\",\"inLanguage\":\"fr-FR\",\"@id\":\"https:\/\/congopubonline.com\/#\/schema\/logo\/image\/\",\"url\":\"https:\/\/congopubonline.com\/wp-content\/uploads\/2022\/09\/LOGO_CONGO-PUB-Online_Version-2.jpg\",\"contentUrl\":\"https:\/\/congopubonline.com\/wp-content\/uploads\/2022\/09\/LOGO_CONGO-PUB-Online_Version-2.jpg\",\"width\":374,\"height\":223,\"caption\":\"Congo Pub Online\"},\"image\":{\"@id\":\"https:\/\/congopubonline.com\/#\/schema\/logo\/image\/\"},\"sameAs\":[\"https:\/\/web.facebook.com\/Congopubonline\",\"https:\/\/x.com\/CONGOPUBOnline\"]},{\"@type\":\"Person\",\"@id\":\"https:\/\/congopubonline.com\/#\/schema\/person\/0d76ad55397527fd49db9d33cd5d6c6c\",\"name\":\"Sam's Londele\",\"url\":\"https:\/\/congopubonline.com\/?author=75\"}]}<\/script>\n<!-- \/ Yoast SEO Premium plugin. -->","yoast_head_json":{"title":"Report de la pr\u00e9sidentielle au S\u00e9n\u00e9gal: l'opposition emp\u00each\u00e9e de se rassembler","description":"En riposte \u00e0 l'annonce du report\u00a0sine die\u00a0de la pr\u00e9sidentielle du 25 f\u00e9vrier par le pr\u00e9sident Macky Sall, plusieurs candidats de l'opposition avaient appel\u00e9 au rassemblement ce dimanche 4 f\u00e9vrier pour d\u00e9marrer la campagne \u00e9lectorale. Sans succ\u00e8s.","robots":{"index":"index","follow":"follow","max-snippet":"max-snippet:-1","max-image-preview":"max-image-preview:large","max-video-preview":"max-video-preview:-1"},"canonical":"https:\/\/congopubonline.com\/?p=58072","og_locale":"fr_FR","og_type":"article","og_title":"Report de la pr\u00e9sidentielle au S\u00e9n\u00e9gal: l'opposition emp\u00each\u00e9e de se rassembler","og_description":"En riposte \u00e0 l'annonce du report\u00a0sine die\u00a0de la pr\u00e9sidentielle du 25 f\u00e9vrier par le pr\u00e9sident Macky Sall, plusieurs candidats de l'opposition avaient appel\u00e9 au rassemblement ce dimanche 4 f\u00e9vrier pour d\u00e9marrer la campagne \u00e9lectorale. Sans succ\u00e8s.","og_url":"https:\/\/congopubonline.com\/?p=58072","og_site_name":"Congo Pub Online","article_publisher":"https:\/\/web.facebook.com\/Congopubonline","article_published_time":"2024-02-04T21:56:04+00:00","article_modified_time":"2024-02-04T21:59:14+00:00","og_image":[{"width":967,"height":536,"url":"https:\/\/congopubonline.com\/wp-content\/uploads\/2024\/02\/Capture-decran-2024-02-04-225407.png","type":"image\/png"}],"author":"Sam's Londele","twitter_card":"summary_large_image","twitter_creator":"@CONGOPUBOnline","twitter_site":"@CONGOPUBOnline","twitter_misc":{"\u00c9crit par":"Sam's Londele","Dur\u00e9e de lecture estim\u00e9e":"5 minutes"},"schema":{"@context":"https:\/\/schema.org","@graph":[{"@type":"Article","@id":"https:\/\/congopubonline.com\/?p=58072#article","isPartOf":{"@id":"https:\/\/congopubonline.com\/?p=58072"},"author":{"name":"Sam's Londele","@id":"https:\/\/congopubonline.com\/#\/schema\/person\/0d76ad55397527fd49db9d33cd5d6c6c"},"headline":"Report de la pr\u00e9sidentielle au S\u00e9n\u00e9gal: l&rsquo;opposition emp\u00each\u00e9e de se rassembler","datePublished":"2024-02-04T21:56:04+00:00","dateModified":"2024-02-04T21:59:14+00:00","mainEntityOfPage":{"@id":"https:\/\/congopubonline.com\/?p=58072"},"wordCount":1137,"publisher":{"@id":"https:\/\/congopubonline.com\/#organization"},"image":{"@id":"https:\/\/congopubonline.com\/?p=58072#primaryimage"},"thumbnailUrl":"https:\/\/congopubonline.com\/wp-content\/uploads\/2024\/02\/Capture-decran-2024-02-04-225407.png","keywords":["l'opposition emp\u00each\u00e9e de se rassembler","Report de la pr\u00e9sidentielle","senegal"],"articleSection":["\u00c0 la Une","Afrique"],"inLanguage":"fr-FR"},{"@type":"WebPage","@id":"https:\/\/congopubonline.com\/?p=58072","url":"https:\/\/congopubonline.com\/?p=58072","name":"Report de la pr\u00e9sidentielle au S\u00e9n\u00e9gal: l'opposition emp\u00each\u00e9e de se rassembler","isPartOf":{"@id":"https:\/\/congopubonline.com\/#website"},"primaryImageOfPage":{"@id":"https:\/\/congopubonline.com\/?p=58072#primaryimage"},"image":{"@id":"https:\/\/congopubonline.com\/?p=58072#primaryimage"},"thumbnailUrl":"https:\/\/congopubonline.com\/wp-content\/uploads\/2024\/02\/Capture-decran-2024-02-04-225407.png","datePublished":"2024-02-04T21:56:04+00:00","dateModified":"2024-02-04T21:59:14+00:00","description":"En riposte \u00e0 l'annonce du report\u00a0sine die\u00a0de la pr\u00e9sidentielle du 25 f\u00e9vrier par le pr\u00e9sident Macky Sall, plusieurs candidats de l'opposition avaient appel\u00e9 au rassemblement ce dimanche 4 f\u00e9vrier pour d\u00e9marrer la campagne \u00e9lectorale. Sans succ\u00e8s.","breadcrumb":{"@id":"https:\/\/congopubonline.com\/?p=58072#breadcrumb"},"inLanguage":"fr-FR","potentialAction":[{"@type":"ReadAction","target":["https:\/\/congopubonline.com\/?p=58072"]}]},{"@type":"ImageObject","inLanguage":"fr-FR","@id":"https:\/\/congopubonline.com\/?p=58072#primaryimage","url":"https:\/\/congopubonline.com\/wp-content\/uploads\/2024\/02\/Capture-decran-2024-02-04-225407.png","contentUrl":"https:\/\/congopubonline.com\/wp-content\/uploads\/2024\/02\/Capture-decran-2024-02-04-225407.png","width":967,"height":536},{"@type":"BreadcrumbList","@id":"https:\/\/congopubonline.com\/?p=58072#breadcrumb","itemListElement":[{"@type":"ListItem","position":1,"name":"Accueil","item":"https:\/\/congopubonline.com\/"},{"@type":"ListItem","position":2,"name":"Report de la pr\u00e9sidentielle au S\u00e9n\u00e9gal: l&rsquo;opposition emp\u00each\u00e9e de se rassembler"}]},{"@type":"WebSite","@id":"https:\/\/congopubonline.com\/#website","url":"https:\/\/congopubonline.com\/","name":"Congo Pub Online","description":"Votre site d&#039;actualit\u00e9","publisher":{"@id":"https:\/\/congopubonline.com\/#organization"},"alternateName":"Marketing 3.0","potentialAction":[{"@type":"SearchAction","target":{"@type":"EntryPoint","urlTemplate":"https:\/\/congopubonline.com\/?s={search_term_string}"},"query-input":{"@type":"PropertyValueSpecification","valueRequired":true,"valueName":"search_term_string"}}],"inLanguage":"fr-FR"},{"@type":"Organization","@id":"https:\/\/congopubonline.com\/#organization","name":"Congo Pub Online","url":"https:\/\/congopubonline.com\/","logo":{"@type":"ImageObject","inLanguage":"fr-FR","@id":"https:\/\/congopubonline.com\/#\/schema\/logo\/image\/","url":"https:\/\/congopubonline.com\/wp-content\/uploads\/2022\/09\/LOGO_CONGO-PUB-Online_Version-2.jpg","contentUrl":"https:\/\/congopubonline.com\/wp-content\/uploads\/2022\/09\/LOGO_CONGO-PUB-Online_Version-2.jpg","width":374,"height":223,"caption":"Congo Pub Online"},"image":{"@id":"https:\/\/congopubonline.com\/#\/schema\/logo\/image\/"},"sameAs":["https:\/\/web.facebook.com\/Congopubonline","https:\/\/x.com\/CONGOPUBOnline"]},{"@type":"Person","@id":"https:\/\/congopubonline.com\/#\/schema\/person\/0d76ad55397527fd49db9d33cd5d6c6c","name":"Sam's Londele","url":"https:\/\/congopubonline.com\/?author=75"}]}},"_links":{"self":[{"href":"https:\/\/congopubonline.com\/index.php?rest_route=\/wp\/v2\/posts\/58072","targetHints":{"allow":["GET"]}}],"collection":[{"href":"https:\/\/congopubonline.com\/index.php?rest_route=\/wp\/v2\/posts"}],"about":[{"href":"https:\/\/congopubonline.com\/index.php?rest_route=\/wp\/v2\/types\/post"}],"author":[{"embeddable":true,"href":"https:\/\/congopubonline.com\/index.php?rest_route=\/wp\/v2\/users\/75"}],"replies":[{"embeddable":true,"href":"https:\/\/congopubonline.com\/index.php?rest_route=%2Fwp%2Fv2%2Fcomments&post=58072"}],"version-history":[{"count":0,"href":"https:\/\/congopubonline.com\/index.php?rest_route=\/wp\/v2\/posts\/58072\/revisions"}],"wp:featuredmedia":[{"embeddable":true,"href":"https:\/\/congopubonline.com\/index.php?rest_route=\/wp\/v2\/media\/58082"}],"wp:attachment":[{"href":"https:\/\/congopubonline.com\/index.php?rest_route=%2Fwp%2Fv2%2Fmedia&parent=58072"}],"wp:term":[{"taxonomy":"category","embeddable":true,"href":"https:\/\/congopubonline.com\/index.php?rest_route=%2Fwp%2Fv2%2Fcategories&post=58072"},{"taxonomy":"post_tag","embeddable":true,"href":"https:\/\/congopubonline.com\/index.php?rest_route=%2Fwp%2Fv2%2Ftags&post=58072"}],"curies":[{"name":"wp","href":"https:\/\/api.w.org\/{rel}","templated":true}]}}