{"id":66819,"date":"2024-06-13T10:19:22","date_gmt":"2024-06-13T08:19:22","guid":{"rendered":"https:\/\/congopubonline.com\/?p=66819"},"modified":"2024-06-13T10:23:15","modified_gmt":"2024-06-13T08:23:15","slug":"domine-par-les-tensions-geopolitiques-le-sommet-du-g7-souvre-en-italie","status":"publish","type":"post","link":"https:\/\/congopubonline.com\/?p=66819","title":{"rendered":"Domin\u00e9 par les tensions g\u00e9opolitiques, le sommet du G7 s&rsquo;ouvre en Italie"},"content":{"rendered":"\n<p><strong>L\u2019Italie accueille de jeudi 13 \u00e0 samedi 15 le sommet du G7 \u00e0 Borgo Egnazia, pr\u00e8s de Bari, dans les Pouilles (sud-est). Au menu de ce regroupement des sept plus puissantes d\u00e9mocraties du monde, les tensions internationales autour de l\u2019Ukraine ou de Gaza occuperont une place de choix. Il sera aussi question des rapports avec la Chine, la lutte contre le r\u00e9chauffement climatique et la dette des pays en d\u00e9veloppement.<\/strong><\/p>\n\n\n\n<p>C\u2019est sur un site enchanteur et loin des regards que se tient le sommet du G7, dans les Pouilles, au sud de l&rsquo;Italie. En plus des pays historiques (\u00c9tats-Unis, Japon, Allemagne, France, Italie, Canada et Royaume-Uni), les dirigeants de l\u2019Ukraine, de l\u2019Inde, du Br\u00e9sil, de l\u2019Alg\u00e9rie, du Kenya et m\u00eame le pape Fran\u00e7ois sont invit\u00e9s \u00e0 ce rendez-vous, rapporte notre envoy\u00e9e sp\u00e9ciale \u00e0 Bari,&nbsp;<strong>Aabla Jouna\u00efdi<\/strong>.<\/p>\n\n\n\n<p>Lors du premier G7 pour un souverain pontife, Fran\u00e7ois aura plusieurs rendez-vous bilat\u00e9raux, comptant parler des dangers de l\u2019intelligence artificielle non ma\u00eetris\u00e9e. Cela en plus d\u2019appeler&nbsp;\u00e0 la paix, alors que les pays seront en pleines discussions sur&nbsp;<strong><a href=\"https:\/\/www.rfi.fr\/fr\/moyen-orient\/20240612-apr%C3%A8s-la-r%C3%A9ponse-du-hamas-l-accord-sur-une-tr%C3%AAve-%C3%A0-gaza-reste-introuvable\">la recherche d\u2019une tr\u00eave \u00e0 Gaza<\/a><\/strong>.<\/p>\n\n\n\n<h2 class=\"wp-block-heading\">Avoirs russes gel\u00e9s<\/h2>\n\n\n\n<p>En plus du Proche-Orient,&nbsp;<strong><a href=\"https:\/\/www.rfi.fr\/fr\/europe\/20240611-conf%C3%A9rence-pour-la-reconstruction-de-l-ukraine-kiev-face-au-d%C3%A9fi-de-la-lutte-anti-corruption\">l\u2019autre grand dossier est ukrainien<\/a><\/strong>. Le pr\u00e9sident Volodymyr Zelensky viendra en esp\u00e9rant entendre de bonnes nouvelles car les dirigeants du G7 se sont mis d\u2019accord pour mettre \u00e0 profit les avoirs gel\u00e9s de la Russie afin d\u2019aider financi\u00e8rement l\u2019Ukraine et son effort de guerre. Depuis des mois, les dirigeants occidentaux \u00e9taient divis\u00e9s sur comment donner acc\u00e8s \u00e0 Kiev \u00e0 une partie des b\u00e9n\u00e9fices g\u00e9n\u00e9r\u00e9s par les avoirs russes gel\u00e9s depuis deux ans.<\/p>\n\n\n\n<p>Au total, 300 milliards de dollars de la banque centrale russe ont \u00e9t\u00e9 rendus inaccessibles dans le monde. Certains \u00c9tats &#8211; comme l\u2019Allemagne et m\u00eame la France et l\u2019Italie &#8211; s\u2019inqui\u00e8tent des cons\u00e9quences l\u00e9gales, voire de la stabilit\u00e9 du march\u00e9 europ\u00e9en, en cas de saisie pure et simple de ces sommes.<\/p>\n\n\n\n<p>Interrog\u00e9 la semaine derni\u00e8re en France, le pr\u00e9sident am\u00e9ricain Joe Biden a assur\u00e9 avoir trouv\u00e9 une solution. La proposition des \u00c9tats-Unis consiste \u00e0 octroyer eux-m\u00eames un pr\u00eat de 50 milliards de dollars \u00e0 Kiev d\u2019ici la fin de l\u2019ann\u00e9e qui serait rembours\u00e9 gr\u00e2ce aux profits g\u00e9n\u00e9r\u00e9s par les avoirs russes en Europe.<\/p>\n\n\n\n<p>Les 50 milliards de dollars garantiraient \u00e0 Kiev le financement de son effort de guerre pour 2025. Cela en plus de ce qui existe d\u00e9j\u00e0 au niveau europ\u00e9en&nbsp;: la facilit\u00e9 europ\u00e9enne pour la paix et ses 11 milliards d\u2019euros. L\u2019accord entre chefs d\u2019\u00c9tats trouv\u00e9, reste \u00e0 voir les modalit\u00e9s pratiques de ce pr\u00eat de 50 milliards de dollars. Ce sera le travail des ministres des Finances du G7, confie une source \u00e0 l\u2019\u00c9lys\u00e9e.<\/p>\n\n\n\n<p>Dans ce cadre, les \u00c9tats-Unis&nbsp;<strong><a href=\"https:\/\/www.rfi.fr\/fr\/am%C3%A9riques\/20240612-les-%C3%A9tats-unis-d%C3%A9voilent-une-nouvelle-vague-de-sanctions-am%C3%A9ricaines-contre-l-effort-de-guerre-russe\">ont annonc\u00e9 mercredi 12 juin de nouvelles sanctions contre la Russie<\/a><\/strong>. Cette panoplie plus large vise notamment \u00e0 emp\u00eacher Moscou de contourner les sanctions occidentales pour s\u2019\u00e9quiper en mat\u00e9riel technologique dans sa guerre contre l&rsquo;Ukraine.<\/p>\n\n\n\n<p>Via ces nouvelles sanctions, Washington vise \u00e9galement la Chine et son rapprochement \u00e9conomique avec la Russie, qui pourrait aider cette derni\u00e8re dans la guerre. Les dirigeants du G7 pourraient interpeler directement P\u00e9kin dans une d\u00e9claration finale.<\/p>\n\n\n\n<h2 class=\"wp-block-heading\">Meloni met l&rsquo;immigration sur la table<\/h2>\n\n\n\n<p>En plus des questions de migrations et de l\u2019acc\u00e8s \u00e0 l\u2019\u00e9nergie, qui devraient \u00eatre deux autres th\u00e8mes abord\u00e9s, l\u2019Italie a insist\u00e9 pour inscrire l\u2019Afrique et la m\u00e9diterran\u00e9e au menu des discussions. En \u00e9voquant le d\u00e9veloppement des pays africains, la pr\u00e9sidente du Conseil italien Giorgia Meloni ne cache pas les ambitions de son pays et de son programme d\u2019extr\u00eame droite anti-immigration.<\/p>\n\n\n\n<p>L\u2019Union africaine, l\u2019Alg\u00e9rie, l\u2019\u00c9gypte, la Tunisie, le Kenya et l\u2019Afrique du Sud ne seront pas tous du voyage. Mais Giorgia Meloni a invit\u00e9 leurs dirigeants dans les Pouilles. La Premi\u00e8re ministre avait r\u00e9ussi l\u2019exploit d\u2019en r\u00e9unir une vingtaine&nbsp;<strong><a href=\"https:\/\/www.rfi.fr\/fr\/afrique\/20240129-sommet-italie-afrique-rome-veut-%C3%A9crire-une-nouvelle-page-dans-les-relations-avec-le-continent\">d\u00e9j\u00e0 fin janvier \u00e0 Rome, pour un sommet Italie-Afrique<\/a><\/strong>. Elle y avait pr\u00e9sent\u00e9&nbsp;<strong><a href=\"https:\/\/www.rfi.fr\/fr\/afrique\/20240128-le-plan-mattei-pour-l-afrique-une-opportunit%C3%A9-de-grande-visibilit%C3%A9-pour-giorgia-meloni\">son plan \u00ab Mattei \u00bb pour l\u2019Afrique<\/a><\/strong>. Ce dernier veut encourager le d\u00e9veloppement durable du continent via des investissements vertueux. Cela dans un objectif affich\u00e9 de d\u00e9courager les d\u00e9parts de migrants.<\/p>\n\n\n\n<p>Des investissements \u00e0 hauteur de 5,5 milliards d\u2019euros avaient \u00e9t\u00e9 annonc\u00e9s dans une s\u00e9rie de projets cens\u00e9s donner une large place aux infrastructures \u00e9nerg\u00e9tiques car l\u2019Italie veut toujours \u00eatre la plaque tournante qui fait transiter le gaz, et bient\u00f4t l\u2019hydrog\u00e8ne, entre les deux rives de la M\u00e9diterran\u00e9e.<\/p>\n\n\n\n<p>Dans les \u00e9changes annonc\u00e9s, la soci\u00e9t\u00e9 civile est remarquablement absente. Celle-ci est pourtant inqui\u00e8te des cons\u00e9quences potentielles de ces politiques pour le climat et pour les populations les plus vuln\u00e9rables. Le financement de long-terme du d\u00e9veloppement dans les pays les plus pauvres et la restructuration de leur dette, seront des sujets sur la table \u00e9galement \u00e0 Borgo Egnazia.<\/p>\n\n\n\n<h2 class=\"wp-block-heading\">Influence italienne grandissante<\/h2>\n\n\n\n<p>La dirigeante italienne et h\u00f4te de l\u2019\u00e9v\u00e9nement profitera d\u2019ailleurs d\u2019une l\u00e9gitimit\u00e9 suppl\u00e9mentaire cette ann\u00e9e, elle qui est<strong><a href=\"https:\/\/www.rfi.fr\/fr\/europe\/20240611-apr%C3%A8s-les-%C3%A9lections-europ%C3%A9ennes-giorgia-meloni-conforte-sa-position-en-italie-et-en-europe\">&nbsp;confort\u00e9e par le r\u00e9cent scrutin europ\u00e9en<\/a><\/strong>. Giorgia Meloni a \u00e9t\u00e9 l\u2019une des grandes gagnantes des Europ\u00e9ennes&nbsp;: son parti Fratelli d\u2019Italia a recueilli 28,8&nbsp;% en Italie, soit le plus grand score.<\/p>\n\n\n\n<p>En revanche, le pr\u00e9sident fran\u00e7ais Emmanuel Macron, souvent extr\u00eamement investi dans ce genre de rassemblements internationaux, arrive affaibli par l&rsquo;\u00e9chec de son parti aux europ\u00e9ennes et la perspective d\u2019une victoire de l\u2019extr\u00eame-droite lors des \u00e9lections l\u00e9gislatives anticip\u00e9es qu\u2019il a convoqu\u00e9es.&nbsp;Il aura donc une voix qui \u00ab&nbsp;<em>ne pourra que tr\u00e8s difficilement engager l\u2019avenir, m\u00eame \u00e0 court terme, de la France<\/em>&nbsp;\u00bb, analyse Bertrand Badie, professeur \u00e9m\u00e9rite \u00e0 Science Po Paris.<\/p>\n\n\n\n<p>Apr\u00e8s son \u00e9chec aux Europ\u00e9ennes et en raison des l\u00e9gislatives anticip\u00e9es, la voix d\u2019Emmanuel Macron au G7 \u00ab&nbsp;ne pourra que tr\u00e8s difficilement engager l\u2019avenir m\u00eame \u00e0 court terme de la France&nbsp;\u00bb, selon Bertrand Badie, professeur \u00e9m\u00e9rite \u00e0 Science Po ParisHeike Schmidt<\/p>\n\n\n\n<p>Un dispositif s\u00e9curitaire pl\u00e9thorique d\u00e9ploy\u00e9 par l\u2019Italie pour le G7, dont les contr\u00f4les aux fronti\u00e8res<\/p>\n\n\n\n<p>Afin de garantir la s\u00e9curit\u00e9 du G7, l\u2019Italie, qui assure sa pr\u00e9sidence tournante, a r\u00e9introduit les contr\u00f4les aux fronti\u00e8res pour la p\u00e9riode du 5 au 18 juin. Alors que l\u2019extr\u00eame droite est au pouvoir \u00e0 Rome, les autorit\u00e9s ont impos\u00e9 des mesures drastiques, notamment dans les Pouilles, r\u00e9gion du sud bord\u00e9e par la mer Adriatique et la mer Ionienne et o\u00f9 les nombreux dirigeants se r\u00e9unissent.<\/p>\n\n\n\n<p>Le dispositif pour l\u2019ordre public et la pr\u00e9vention du terrorisme mobilise pr\u00e8s de 10&nbsp;000 hommes, dont des policiers d\u00e9mineurs, des tireurs d\u2019\u00e9lite, des soldats, des pompiers, des scaphandriers et des experts des services de renseignement.<\/p>\n\n\n\n<p>Parmi les \u00e9quipements, on compte une myriade de cam\u00e9ras de surveillance install\u00e9es entre Bari, Brindisi et Borgo Egnazia, le lieu du sommet. Particuli\u00e8rement le contre-torpilleur Doria arm\u00e9 de missiles, des scooters de mer, des avions de reconnaissance, des h\u00e9licopt\u00e8res et une multitude de drones.<\/p>\n\n\n\n<p>Les r\u00e9sidents dans les zones \u00ab\u00a0<em>rouges<\/em>\u00a0\u00bb ne pourront circuler qu\u2019avec des laissez-passer et les plages seront interdites \u00e0 la baignade jusqu\u2019au 16 juin. Le co\u00fbt total pour prot\u00e9ger les dirigeants du G7 et les autres invit\u00e9s, dont le pape Fran\u00e7ois et le pr\u00e9sident ukrainien Volodymyr Zelensky, s\u2019\u00e9l\u00e8ve \u00e0 environ 25\u00a0millions d\u2019euros. <\/p>\n\n\n\n<p><strong>RFI via CONGO PUB Online<\/strong><\/p>\n<div class='epvc-post-count'><span class='epvc-eye'><\/span>  <span class=\"epvc-count\"> 174<\/span><span class='epvc-label'> Vues<\/span><\/div>","protected":false},"excerpt":{"rendered":"<p>L\u2019Italie accueille de jeudi 13 \u00e0 samedi 15 le sommet du G7 \u00e0 Borgo Egnazia, pr\u00e8s de Bari, dans les Pouilles (sud-est). Au menu de ce regroupement des sept plus&hellip;<\/p>\n","protected":false},"author":75,"featured_media":66822,"comment_status":"closed","ping_status":"closed","sticky":false,"template":"","format":"standard","meta":{"content-type":"","_monsterinsights_skip_tracking":false,"_monsterinsights_sitenote_active":false,"_monsterinsights_sitenote_note":"","_monsterinsights_sitenote_category":0,"footnotes":""},"categories":[844,54],"tags":[7109,7110],"class_list":["post-66819","post","type-post","status-publish","format-standard","has-post-thumbnail","hentry","category-a-la-une","category-monde","tag-domine-par-les-tensions-geopolitiques","tag-le-sommet-du-g7-souvre-en-italie"],"yoast_head":"<!-- This site is optimized with the Yoast SEO Premium plugin v25.4 (Yoast SEO v25.4) - https:\/\/yoast.com\/wordpress\/plugins\/seo\/ -->\n<title>Domin\u00e9 par les tensions g\u00e9opolitiques, le sommet du G7 s&#039;ouvre en Italie<\/title>\n<meta name=\"description\" content=\"L\u2019Italie accueille de jeudi 13 \u00e0 samedi 15 le sommet du G7 \u00e0 Borgo Egnazia, pr\u00e8s de Bari, dans les Pouilles (sud-est)\" \/>\n<meta name=\"robots\" content=\"index, follow, max-snippet:-1, max-image-preview:large, max-video-preview:-1\" \/>\n<link rel=\"canonical\" href=\"https:\/\/congopubonline.com\/?p=66819\" \/>\n<meta property=\"og:locale\" content=\"fr_FR\" \/>\n<meta property=\"og:type\" content=\"article\" \/>\n<meta property=\"og:title\" content=\"Domin\u00e9 par les tensions g\u00e9opolitiques, le sommet du G7 s&#039;ouvre en Italie\" \/>\n<meta property=\"og:description\" content=\"L\u2019Italie accueille de jeudi 13 \u00e0 samedi 15 le sommet du G7 \u00e0 Borgo Egnazia, pr\u00e8s de Bari, dans les Pouilles (sud-est)\" \/>\n<meta property=\"og:url\" content=\"https:\/\/congopubonline.com\/?p=66819\" \/>\n<meta property=\"og:site_name\" content=\"Congo Pub Online\" \/>\n<meta property=\"article:publisher\" content=\"https:\/\/web.facebook.com\/Congopubonline\" \/>\n<meta property=\"article:published_time\" content=\"2024-06-13T08:19:22+00:00\" \/>\n<meta property=\"article:modified_time\" content=\"2024-06-13T08:23:15+00:00\" \/>\n<meta property=\"og:image\" content=\"https:\/\/congopubonline.com\/wp-content\/uploads\/2024\/06\/Capture-decran-2024-06-13-091646.png\" \/>\n\t<meta property=\"og:image:width\" content=\"902\" \/>\n\t<meta property=\"og:image:height\" content=\"507\" \/>\n\t<meta property=\"og:image:type\" content=\"image\/png\" \/>\n<meta name=\"author\" content=\"Sam&#039;s Londele\" \/>\n<meta name=\"twitter:card\" content=\"summary_large_image\" \/>\n<meta name=\"twitter:creator\" content=\"@CONGOPUBOnline\" \/>\n<meta name=\"twitter:site\" content=\"@CONGOPUBOnline\" \/>\n<meta name=\"twitter:label1\" content=\"\u00c9crit par\" \/>\n\t<meta name=\"twitter:data1\" content=\"Sam&#039;s Londele\" \/>\n\t<meta name=\"twitter:label2\" content=\"Dur\u00e9e de lecture estim\u00e9e\" \/>\n\t<meta name=\"twitter:data2\" content=\"7 minutes\" \/>\n<script type=\"application\/ld+json\" class=\"yoast-schema-graph\">{\"@context\":\"https:\/\/schema.org\",\"@graph\":[{\"@type\":\"Article\",\"@id\":\"https:\/\/congopubonline.com\/?p=66819#article\",\"isPartOf\":{\"@id\":\"https:\/\/congopubonline.com\/?p=66819\"},\"author\":{\"name\":\"Sam's Londele\",\"@id\":\"https:\/\/congopubonline.com\/#\/schema\/person\/0d76ad55397527fd49db9d33cd5d6c6c\"},\"headline\":\"Domin\u00e9 par les tensions g\u00e9opolitiques, le sommet du G7 s&rsquo;ouvre en Italie\",\"datePublished\":\"2024-06-13T08:19:22+00:00\",\"dateModified\":\"2024-06-13T08:23:15+00:00\",\"mainEntityOfPage\":{\"@id\":\"https:\/\/congopubonline.com\/?p=66819\"},\"wordCount\":1335,\"publisher\":{\"@id\":\"https:\/\/congopubonline.com\/#organization\"},\"image\":{\"@id\":\"https:\/\/congopubonline.com\/?p=66819#primaryimage\"},\"thumbnailUrl\":\"https:\/\/congopubonline.com\/wp-content\/uploads\/2024\/06\/Capture-decran-2024-06-13-091646.png\",\"keywords\":[\"Domin\u00e9 par les tensions g\u00e9opolitiques\",\"le sommet du G7 s'ouvre en Italie\"],\"articleSection\":[\"\u00c0 la Une\",\"Monde\"],\"inLanguage\":\"fr-FR\"},{\"@type\":\"WebPage\",\"@id\":\"https:\/\/congopubonline.com\/?p=66819\",\"url\":\"https:\/\/congopubonline.com\/?p=66819\",\"name\":\"Domin\u00e9 par les tensions g\u00e9opolitiques, le sommet du G7 s'ouvre en Italie\",\"isPartOf\":{\"@id\":\"https:\/\/congopubonline.com\/#website\"},\"primaryImageOfPage\":{\"@id\":\"https:\/\/congopubonline.com\/?p=66819#primaryimage\"},\"image\":{\"@id\":\"https:\/\/congopubonline.com\/?p=66819#primaryimage\"},\"thumbnailUrl\":\"https:\/\/congopubonline.com\/wp-content\/uploads\/2024\/06\/Capture-decran-2024-06-13-091646.png\",\"datePublished\":\"2024-06-13T08:19:22+00:00\",\"dateModified\":\"2024-06-13T08:23:15+00:00\",\"description\":\"L\u2019Italie accueille de jeudi 13 \u00e0 samedi 15 le sommet du G7 \u00e0 Borgo Egnazia, pr\u00e8s de Bari, dans les Pouilles (sud-est)\",\"breadcrumb\":{\"@id\":\"https:\/\/congopubonline.com\/?p=66819#breadcrumb\"},\"inLanguage\":\"fr-FR\",\"potentialAction\":[{\"@type\":\"ReadAction\",\"target\":[\"https:\/\/congopubonline.com\/?p=66819\"]}]},{\"@type\":\"ImageObject\",\"inLanguage\":\"fr-FR\",\"@id\":\"https:\/\/congopubonline.com\/?p=66819#primaryimage\",\"url\":\"https:\/\/congopubonline.com\/wp-content\/uploads\/2024\/06\/Capture-decran-2024-06-13-091646.png\",\"contentUrl\":\"https:\/\/congopubonline.com\/wp-content\/uploads\/2024\/06\/Capture-decran-2024-06-13-091646.png\",\"width\":902,\"height\":507},{\"@type\":\"BreadcrumbList\",\"@id\":\"https:\/\/congopubonline.com\/?p=66819#breadcrumb\",\"itemListElement\":[{\"@type\":\"ListItem\",\"position\":1,\"name\":\"Accueil\",\"item\":\"https:\/\/congopubonline.com\/\"},{\"@type\":\"ListItem\",\"position\":2,\"name\":\"Domin\u00e9 par les tensions g\u00e9opolitiques, le sommet du G7 s&rsquo;ouvre en Italie\"}]},{\"@type\":\"WebSite\",\"@id\":\"https:\/\/congopubonline.com\/#website\",\"url\":\"https:\/\/congopubonline.com\/\",\"name\":\"Congo Pub Online\",\"description\":\"Votre site d&#039;actualit\u00e9\",\"publisher\":{\"@id\":\"https:\/\/congopubonline.com\/#organization\"},\"alternateName\":\"Marketing 3.0\",\"potentialAction\":[{\"@type\":\"SearchAction\",\"target\":{\"@type\":\"EntryPoint\",\"urlTemplate\":\"https:\/\/congopubonline.com\/?s={search_term_string}\"},\"query-input\":{\"@type\":\"PropertyValueSpecification\",\"valueRequired\":true,\"valueName\":\"search_term_string\"}}],\"inLanguage\":\"fr-FR\"},{\"@type\":\"Organization\",\"@id\":\"https:\/\/congopubonline.com\/#organization\",\"name\":\"Congo Pub Online\",\"url\":\"https:\/\/congopubonline.com\/\",\"logo\":{\"@type\":\"ImageObject\",\"inLanguage\":\"fr-FR\",\"@id\":\"https:\/\/congopubonline.com\/#\/schema\/logo\/image\/\",\"url\":\"https:\/\/congopubonline.com\/wp-content\/uploads\/2022\/09\/LOGO_CONGO-PUB-Online_Version-2.jpg\",\"contentUrl\":\"https:\/\/congopubonline.com\/wp-content\/uploads\/2022\/09\/LOGO_CONGO-PUB-Online_Version-2.jpg\",\"width\":374,\"height\":223,\"caption\":\"Congo Pub Online\"},\"image\":{\"@id\":\"https:\/\/congopubonline.com\/#\/schema\/logo\/image\/\"},\"sameAs\":[\"https:\/\/web.facebook.com\/Congopubonline\",\"https:\/\/x.com\/CONGOPUBOnline\"]},{\"@type\":\"Person\",\"@id\":\"https:\/\/congopubonline.com\/#\/schema\/person\/0d76ad55397527fd49db9d33cd5d6c6c\",\"name\":\"Sam's Londele\",\"url\":\"https:\/\/congopubonline.com\/?author=75\"}]}<\/script>\n<!-- \/ Yoast SEO Premium plugin. -->","yoast_head_json":{"title":"Domin\u00e9 par les tensions g\u00e9opolitiques, le sommet du G7 s'ouvre en Italie","description":"L\u2019Italie accueille de jeudi 13 \u00e0 samedi 15 le sommet du G7 \u00e0 Borgo Egnazia, pr\u00e8s de Bari, dans les Pouilles (sud-est)","robots":{"index":"index","follow":"follow","max-snippet":"max-snippet:-1","max-image-preview":"max-image-preview:large","max-video-preview":"max-video-preview:-1"},"canonical":"https:\/\/congopubonline.com\/?p=66819","og_locale":"fr_FR","og_type":"article","og_title":"Domin\u00e9 par les tensions g\u00e9opolitiques, le sommet du G7 s'ouvre en Italie","og_description":"L\u2019Italie accueille de jeudi 13 \u00e0 samedi 15 le sommet du G7 \u00e0 Borgo Egnazia, pr\u00e8s de Bari, dans les Pouilles (sud-est)","og_url":"https:\/\/congopubonline.com\/?p=66819","og_site_name":"Congo Pub Online","article_publisher":"https:\/\/web.facebook.com\/Congopubonline","article_published_time":"2024-06-13T08:19:22+00:00","article_modified_time":"2024-06-13T08:23:15+00:00","og_image":[{"width":902,"height":507,"url":"https:\/\/congopubonline.com\/wp-content\/uploads\/2024\/06\/Capture-decran-2024-06-13-091646.png","type":"image\/png"}],"author":"Sam's Londele","twitter_card":"summary_large_image","twitter_creator":"@CONGOPUBOnline","twitter_site":"@CONGOPUBOnline","twitter_misc":{"\u00c9crit par":"Sam's Londele","Dur\u00e9e de lecture estim\u00e9e":"7 minutes"},"schema":{"@context":"https:\/\/schema.org","@graph":[{"@type":"Article","@id":"https:\/\/congopubonline.com\/?p=66819#article","isPartOf":{"@id":"https:\/\/congopubonline.com\/?p=66819"},"author":{"name":"Sam's Londele","@id":"https:\/\/congopubonline.com\/#\/schema\/person\/0d76ad55397527fd49db9d33cd5d6c6c"},"headline":"Domin\u00e9 par les tensions g\u00e9opolitiques, le sommet du G7 s&rsquo;ouvre en Italie","datePublished":"2024-06-13T08:19:22+00:00","dateModified":"2024-06-13T08:23:15+00:00","mainEntityOfPage":{"@id":"https:\/\/congopubonline.com\/?p=66819"},"wordCount":1335,"publisher":{"@id":"https:\/\/congopubonline.com\/#organization"},"image":{"@id":"https:\/\/congopubonline.com\/?p=66819#primaryimage"},"thumbnailUrl":"https:\/\/congopubonline.com\/wp-content\/uploads\/2024\/06\/Capture-decran-2024-06-13-091646.png","keywords":["Domin\u00e9 par les tensions g\u00e9opolitiques","le sommet du G7 s'ouvre en Italie"],"articleSection":["\u00c0 la Une","Monde"],"inLanguage":"fr-FR"},{"@type":"WebPage","@id":"https:\/\/congopubonline.com\/?p=66819","url":"https:\/\/congopubonline.com\/?p=66819","name":"Domin\u00e9 par les tensions g\u00e9opolitiques, le sommet du G7 s'ouvre en Italie","isPartOf":{"@id":"https:\/\/congopubonline.com\/#website"},"primaryImageOfPage":{"@id":"https:\/\/congopubonline.com\/?p=66819#primaryimage"},"image":{"@id":"https:\/\/congopubonline.com\/?p=66819#primaryimage"},"thumbnailUrl":"https:\/\/congopubonline.com\/wp-content\/uploads\/2024\/06\/Capture-decran-2024-06-13-091646.png","datePublished":"2024-06-13T08:19:22+00:00","dateModified":"2024-06-13T08:23:15+00:00","description":"L\u2019Italie accueille de jeudi 13 \u00e0 samedi 15 le sommet du G7 \u00e0 Borgo Egnazia, pr\u00e8s de Bari, dans les Pouilles (sud-est)","breadcrumb":{"@id":"https:\/\/congopubonline.com\/?p=66819#breadcrumb"},"inLanguage":"fr-FR","potentialAction":[{"@type":"ReadAction","target":["https:\/\/congopubonline.com\/?p=66819"]}]},{"@type":"ImageObject","inLanguage":"fr-FR","@id":"https:\/\/congopubonline.com\/?p=66819#primaryimage","url":"https:\/\/congopubonline.com\/wp-content\/uploads\/2024\/06\/Capture-decran-2024-06-13-091646.png","contentUrl":"https:\/\/congopubonline.com\/wp-content\/uploads\/2024\/06\/Capture-decran-2024-06-13-091646.png","width":902,"height":507},{"@type":"BreadcrumbList","@id":"https:\/\/congopubonline.com\/?p=66819#breadcrumb","itemListElement":[{"@type":"ListItem","position":1,"name":"Accueil","item":"https:\/\/congopubonline.com\/"},{"@type":"ListItem","position":2,"name":"Domin\u00e9 par les tensions g\u00e9opolitiques, le sommet du G7 s&rsquo;ouvre en Italie"}]},{"@type":"WebSite","@id":"https:\/\/congopubonline.com\/#website","url":"https:\/\/congopubonline.com\/","name":"Congo Pub Online","description":"Votre site d&#039;actualit\u00e9","publisher":{"@id":"https:\/\/congopubonline.com\/#organization"},"alternateName":"Marketing 3.0","potentialAction":[{"@type":"SearchAction","target":{"@type":"EntryPoint","urlTemplate":"https:\/\/congopubonline.com\/?s={search_term_string}"},"query-input":{"@type":"PropertyValueSpecification","valueRequired":true,"valueName":"search_term_string"}}],"inLanguage":"fr-FR"},{"@type":"Organization","@id":"https:\/\/congopubonline.com\/#organization","name":"Congo Pub Online","url":"https:\/\/congopubonline.com\/","logo":{"@type":"ImageObject","inLanguage":"fr-FR","@id":"https:\/\/congopubonline.com\/#\/schema\/logo\/image\/","url":"https:\/\/congopubonline.com\/wp-content\/uploads\/2022\/09\/LOGO_CONGO-PUB-Online_Version-2.jpg","contentUrl":"https:\/\/congopubonline.com\/wp-content\/uploads\/2022\/09\/LOGO_CONGO-PUB-Online_Version-2.jpg","width":374,"height":223,"caption":"Congo Pub Online"},"image":{"@id":"https:\/\/congopubonline.com\/#\/schema\/logo\/image\/"},"sameAs":["https:\/\/web.facebook.com\/Congopubonline","https:\/\/x.com\/CONGOPUBOnline"]},{"@type":"Person","@id":"https:\/\/congopubonline.com\/#\/schema\/person\/0d76ad55397527fd49db9d33cd5d6c6c","name":"Sam's Londele","url":"https:\/\/congopubonline.com\/?author=75"}]}},"_links":{"self":[{"href":"https:\/\/congopubonline.com\/index.php?rest_route=\/wp\/v2\/posts\/66819","targetHints":{"allow":["GET"]}}],"collection":[{"href":"https:\/\/congopubonline.com\/index.php?rest_route=\/wp\/v2\/posts"}],"about":[{"href":"https:\/\/congopubonline.com\/index.php?rest_route=\/wp\/v2\/types\/post"}],"author":[{"embeddable":true,"href":"https:\/\/congopubonline.com\/index.php?rest_route=\/wp\/v2\/users\/75"}],"replies":[{"embeddable":true,"href":"https:\/\/congopubonline.com\/index.php?rest_route=%2Fwp%2Fv2%2Fcomments&post=66819"}],"version-history":[{"count":0,"href":"https:\/\/congopubonline.com\/index.php?rest_route=\/wp\/v2\/posts\/66819\/revisions"}],"wp:featuredmedia":[{"embeddable":true,"href":"https:\/\/congopubonline.com\/index.php?rest_route=\/wp\/v2\/media\/66822"}],"wp:attachment":[{"href":"https:\/\/congopubonline.com\/index.php?rest_route=%2Fwp%2Fv2%2Fmedia&parent=66819"}],"wp:term":[{"taxonomy":"category","embeddable":true,"href":"https:\/\/congopubonline.com\/index.php?rest_route=%2Fwp%2Fv2%2Fcategories&post=66819"},{"taxonomy":"post_tag","embeddable":true,"href":"https:\/\/congopubonline.com\/index.php?rest_route=%2Fwp%2Fv2%2Ftags&post=66819"}],"curies":[{"name":"wp","href":"https:\/\/api.w.org\/{rel}","templated":true}]}}