{"id":67777,"date":"2024-06-29T19:00:49","date_gmt":"2024-06-29T17:00:49","guid":{"rendered":"https:\/\/congopubonline.com\/?p=67777"},"modified":"2024-06-29T19:03:02","modified_gmt":"2024-06-29T17:03:02","slug":"liban-apres-de-nouveaux-combats-a-la-frontiere-avec-israel-le-spectre-dun-conflit-generalise","status":"publish","type":"post","link":"https:\/\/congopubonline.com\/?p=67777","title":{"rendered":"Liban: apr\u00e8s de nouveaux combats \u00e0 la fronti\u00e8re avec Isra\u00ebl, le spectre d&rsquo;un conflit g\u00e9n\u00e9ralis\u00e9"},"content":{"rendered":"\n<p><strong>De nouveaux combats ont \u00e9clat\u00e9 \u00e0 la fronti\u00e8re libano-isra\u00e9lienne, entre Isra\u00ebl et le Hezbollah le vendredi 28 juin. Ces derniers jours, des responsables de l\u2019ONU ou des capitales occidentales ont mis en garde contre le risque d\u2019un conflit d\u00e9vastateur si la guerre \u00e0 Gaza s\u2019\u00e9tend au Liban. Le chef de la diplomatie libanaise Abdallah Bou Habib a appel\u00e9 \u00e0 faire preuve de \u00ab\u00a0<em>positions de solidarit\u00e9 avec le Liban\u00a0<\/em>\u00bb et \u00e0 \u00ab<em>\u00a0intensifier les pressions sur Isra\u00ebl pour qu\u2019il mette fin \u00e0 son agression militaire<\/em>\u00a0\u00bb.<\/strong><\/p>\n\n\n\n<p>\u00c0 Beyrouth, si la vie continue, le climat est anxiog\u00e8ne. Le jeune Saad\u00e9 a toujours v\u00e9cu \u00e0 Ain El-Remmaneh, une banlieue au sud de la capitale. Alors que la rh\u00e9torique belliqueuse enfle entre le Hezbollah et Isra\u00ebl, il s\u2019inqui\u00e8te : \u00ab&nbsp;<em>Pourvu que rien ne se passe ! Nous ne pouvons plus supporter davantage, ni conflits, ni guerres \u00e9conomiques. S\u2019il y a une guerre, ce sera un grand effondrement pour le Liban. Nous ne voulons pas qu\u2019il y ait la guerre.<\/em>&nbsp;\u00bb<\/p>\n\n\n\n<p>Le ministre isra\u00e9lien de la D\u00e9fense a menac\u00e9, il y a quelques jours : son pays, dit-il, \u00e0 la \u00ab\u00a0<em>capacit\u00e9 de ramener le Liban \u00e0 l\u2019\u00e2ge de pierre\u00a0<\/em>\u00bb en cas de conflit g\u00e9n\u00e9ralis\u00e9.<\/p>\n\n\n\n<p>Ali, voisin de Saad\u00e9, hausse les \u00e9paules : \u00ab&nbsp;<em>Il n\u2019y aura pas de guerre. Les menaces isra\u00e9liennes sont creuses. Pourquoi devrions-nous avoir peur ? Nous sommes habitu\u00e9s. J\u2019\u00e9tais petit pendant la guerre de 2006, je ne m\u2019en souviens pas. On est juste confront\u00e9s \u00e0 une guerre psychologique.<\/em>&nbsp;\u00bb<\/p>\n\n\n\n<h2 class=\"wp-block-heading\">Un risque de d\u00e9flagration pr\u00e9sent dans tous les esprits<\/h2>\n\n\n\n<p>Des ambassades, comme celle d\u2019Allemagne, ont demand\u00e9 \u00e0&nbsp;<a href=\"https:\/\/www.rfi.fr\/fr\/moyen-orient\/20240628-liban-escalade-entre-isra%C3%ABl-et-le-hezbollah-plusieurs-pays-rappellent-leurs-ressortissants\"><strong>leurs ressortissants de quitter le Liban<\/strong><\/a>.<\/p>\n\n\n\n<p>Assis sur une chaise, \u00e0 l\u2019ombre du soleil br\u00fblant, Omar est Irakien et les nouvelles le minent : \u00ab&nbsp;<em>Nous avons fui une guerre, est-ce pour en retrouver une autre ici ? J\u2019ai peur pour les miens, j\u2019ai des enfants. Les avertissements et les menaces annoncent peut-\u00eatre une guerre ; des menaces avant une guerre, \u00e7a fait peur.<\/em>&nbsp;\u00bb<\/p>\n\n\n\n<p>Le risque d\u2019une grande d\u00e9flagration est dans tous les esprits. Cela n\u2019emp\u00eache pas de nombreux Libanais de profiter du d\u00e9but de l\u2019\u00e9t\u00e9, comme si de rien n\u2019\u00e9tait.<\/p>\n\n\n\n<p><strong>RFI via CONGO PUB Online<\/strong><\/p>\n<div class='epvc-post-count'><span class='epvc-eye'><\/span>  <span class=\"epvc-count\"> 255<\/span><span class='epvc-label'> Vues<\/span><\/div>","protected":false},"excerpt":{"rendered":"<p>De nouveaux combats ont \u00e9clat\u00e9 \u00e0 la fronti\u00e8re libano-isra\u00e9lienne, entre Isra\u00ebl et le Hezbollah le vendredi 28 juin. Ces derniers jours, des responsables de l\u2019ONU ou des capitales occidentales ont&hellip;<\/p>\n","protected":false},"author":75,"featured_media":67779,"comment_status":"closed","ping_status":"closed","sticky":false,"template":"","format":"standard","meta":{"content-type":"","_monsterinsights_skip_tracking":false,"_monsterinsights_sitenote_active":false,"_monsterinsights_sitenote_note":"","_monsterinsights_sitenote_category":0,"footnotes":""},"categories":[844,54],"tags":[7246,7247,370],"class_list":["post-67777","post","type-post","status-publish","format-standard","has-post-thumbnail","hentry","category-a-la-une","category-monde","tag-apres-de-nouveaux-combats-a-la-frontiere-avec-israel","tag-le-spectre-dun-conflit-generalise","tag-liban"],"yoast_head":"<!-- This site is optimized with the Yoast SEO Premium plugin v25.4 (Yoast SEO v25.4) - https:\/\/yoast.com\/wordpress\/plugins\/seo\/ -->\n<title>Liban: apr\u00e8s de nouveaux combats \u00e0 la fronti\u00e8re avec Isra\u00ebl, le spectre d&#039;un conflit g\u00e9n\u00e9ralis\u00e9<\/title>\n<meta name=\"description\" content=\"De nouveaux combats ont \u00e9clat\u00e9 \u00e0 la fronti\u00e8re libano-isra\u00e9lienne, entre Isra\u00ebl et le Hezbollah le vendredi 28 juin. Ces derniers jours, des responsables de l\u2019ONU\" \/>\n<meta name=\"robots\" content=\"index, follow, max-snippet:-1, max-image-preview:large, max-video-preview:-1\" \/>\n<link rel=\"canonical\" href=\"https:\/\/congopubonline.com\/?p=67777\" \/>\n<meta property=\"og:locale\" content=\"fr_FR\" \/>\n<meta property=\"og:type\" content=\"article\" \/>\n<meta property=\"og:title\" content=\"Liban: apr\u00e8s de nouveaux combats \u00e0 la fronti\u00e8re avec Isra\u00ebl, le spectre d&#039;un conflit g\u00e9n\u00e9ralis\u00e9\" \/>\n<meta property=\"og:description\" content=\"De nouveaux combats ont \u00e9clat\u00e9 \u00e0 la fronti\u00e8re libano-isra\u00e9lienne, entre Isra\u00ebl et le Hezbollah le vendredi 28 juin. Ces derniers jours, des responsables de l\u2019ONU\" \/>\n<meta property=\"og:url\" content=\"https:\/\/congopubonline.com\/?p=67777\" \/>\n<meta property=\"og:site_name\" content=\"Congo Pub Online\" \/>\n<meta property=\"article:publisher\" content=\"https:\/\/web.facebook.com\/Congopubonline\" \/>\n<meta property=\"article:published_time\" content=\"2024-06-29T17:00:49+00:00\" \/>\n<meta property=\"article:modified_time\" content=\"2024-06-29T17:03:02+00:00\" \/>\n<meta property=\"og:image\" content=\"https:\/\/congopubonline.com\/wp-content\/uploads\/2024\/06\/Capture-decran-2024-06-29-175926.png\" \/>\n\t<meta property=\"og:image:width\" content=\"907\" \/>\n\t<meta property=\"og:image:height\" content=\"507\" \/>\n\t<meta property=\"og:image:type\" content=\"image\/png\" \/>\n<meta name=\"author\" content=\"Sam&#039;s Londele\" \/>\n<meta name=\"twitter:card\" content=\"summary_large_image\" \/>\n<meta name=\"twitter:creator\" content=\"@CONGOPUBOnline\" \/>\n<meta name=\"twitter:site\" content=\"@CONGOPUBOnline\" \/>\n<meta name=\"twitter:label1\" content=\"\u00c9crit par\" \/>\n\t<meta name=\"twitter:data1\" content=\"Sam&#039;s Londele\" \/>\n\t<meta name=\"twitter:label2\" content=\"Dur\u00e9e de lecture estim\u00e9e\" \/>\n\t<meta name=\"twitter:data2\" content=\"2 minutes\" \/>\n<script type=\"application\/ld+json\" class=\"yoast-schema-graph\">{\"@context\":\"https:\/\/schema.org\",\"@graph\":[{\"@type\":\"Article\",\"@id\":\"https:\/\/congopubonline.com\/?p=67777#article\",\"isPartOf\":{\"@id\":\"https:\/\/congopubonline.com\/?p=67777\"},\"author\":{\"name\":\"Sam's Londele\",\"@id\":\"https:\/\/congopubonline.com\/#\/schema\/person\/0d76ad55397527fd49db9d33cd5d6c6c\"},\"headline\":\"Liban: apr\u00e8s de nouveaux combats \u00e0 la fronti\u00e8re avec Isra\u00ebl, le spectre d&rsquo;un conflit g\u00e9n\u00e9ralis\u00e9\",\"datePublished\":\"2024-06-29T17:00:49+00:00\",\"dateModified\":\"2024-06-29T17:03:02+00:00\",\"mainEntityOfPage\":{\"@id\":\"https:\/\/congopubonline.com\/?p=67777\"},\"wordCount\":403,\"publisher\":{\"@id\":\"https:\/\/congopubonline.com\/#organization\"},\"image\":{\"@id\":\"https:\/\/congopubonline.com\/?p=67777#primaryimage\"},\"thumbnailUrl\":\"https:\/\/congopubonline.com\/wp-content\/uploads\/2024\/06\/Capture-decran-2024-06-29-175926.png\",\"keywords\":[\"apr\u00e8s de nouveaux combats \u00e0 la fronti\u00e8re avec Isra\u00ebl\",\"le spectre d'un conflit g\u00e9n\u00e9ralis\u00e9\",\"Liban\"],\"articleSection\":[\"\u00c0 la Une\",\"Monde\"],\"inLanguage\":\"fr-FR\"},{\"@type\":\"WebPage\",\"@id\":\"https:\/\/congopubonline.com\/?p=67777\",\"url\":\"https:\/\/congopubonline.com\/?p=67777\",\"name\":\"Liban: apr\u00e8s de nouveaux combats \u00e0 la fronti\u00e8re avec Isra\u00ebl, le spectre d'un conflit g\u00e9n\u00e9ralis\u00e9\",\"isPartOf\":{\"@id\":\"https:\/\/congopubonline.com\/#website\"},\"primaryImageOfPage\":{\"@id\":\"https:\/\/congopubonline.com\/?p=67777#primaryimage\"},\"image\":{\"@id\":\"https:\/\/congopubonline.com\/?p=67777#primaryimage\"},\"thumbnailUrl\":\"https:\/\/congopubonline.com\/wp-content\/uploads\/2024\/06\/Capture-decran-2024-06-29-175926.png\",\"datePublished\":\"2024-06-29T17:00:49+00:00\",\"dateModified\":\"2024-06-29T17:03:02+00:00\",\"description\":\"De nouveaux combats ont \u00e9clat\u00e9 \u00e0 la fronti\u00e8re libano-isra\u00e9lienne, entre Isra\u00ebl et le Hezbollah le vendredi 28 juin. Ces derniers jours, des responsables de l\u2019ONU\",\"breadcrumb\":{\"@id\":\"https:\/\/congopubonline.com\/?p=67777#breadcrumb\"},\"inLanguage\":\"fr-FR\",\"potentialAction\":[{\"@type\":\"ReadAction\",\"target\":[\"https:\/\/congopubonline.com\/?p=67777\"]}]},{\"@type\":\"ImageObject\",\"inLanguage\":\"fr-FR\",\"@id\":\"https:\/\/congopubonline.com\/?p=67777#primaryimage\",\"url\":\"https:\/\/congopubonline.com\/wp-content\/uploads\/2024\/06\/Capture-decran-2024-06-29-175926.png\",\"contentUrl\":\"https:\/\/congopubonline.com\/wp-content\/uploads\/2024\/06\/Capture-decran-2024-06-29-175926.png\",\"width\":907,\"height\":507},{\"@type\":\"BreadcrumbList\",\"@id\":\"https:\/\/congopubonline.com\/?p=67777#breadcrumb\",\"itemListElement\":[{\"@type\":\"ListItem\",\"position\":1,\"name\":\"Accueil\",\"item\":\"https:\/\/congopubonline.com\/\"},{\"@type\":\"ListItem\",\"position\":2,\"name\":\"Liban: apr\u00e8s de nouveaux combats \u00e0 la fronti\u00e8re avec Isra\u00ebl, le spectre d&rsquo;un conflit g\u00e9n\u00e9ralis\u00e9\"}]},{\"@type\":\"WebSite\",\"@id\":\"https:\/\/congopubonline.com\/#website\",\"url\":\"https:\/\/congopubonline.com\/\",\"name\":\"Congo Pub Online\",\"description\":\"Votre site d&#039;actualit\u00e9\",\"publisher\":{\"@id\":\"https:\/\/congopubonline.com\/#organization\"},\"alternateName\":\"Marketing 3.0\",\"potentialAction\":[{\"@type\":\"SearchAction\",\"target\":{\"@type\":\"EntryPoint\",\"urlTemplate\":\"https:\/\/congopubonline.com\/?s={search_term_string}\"},\"query-input\":{\"@type\":\"PropertyValueSpecification\",\"valueRequired\":true,\"valueName\":\"search_term_string\"}}],\"inLanguage\":\"fr-FR\"},{\"@type\":\"Organization\",\"@id\":\"https:\/\/congopubonline.com\/#organization\",\"name\":\"Congo Pub Online\",\"url\":\"https:\/\/congopubonline.com\/\",\"logo\":{\"@type\":\"ImageObject\",\"inLanguage\":\"fr-FR\",\"@id\":\"https:\/\/congopubonline.com\/#\/schema\/logo\/image\/\",\"url\":\"https:\/\/congopubonline.com\/wp-content\/uploads\/2022\/09\/LOGO_CONGO-PUB-Online_Version-2.jpg\",\"contentUrl\":\"https:\/\/congopubonline.com\/wp-content\/uploads\/2022\/09\/LOGO_CONGO-PUB-Online_Version-2.jpg\",\"width\":374,\"height\":223,\"caption\":\"Congo Pub Online\"},\"image\":{\"@id\":\"https:\/\/congopubonline.com\/#\/schema\/logo\/image\/\"},\"sameAs\":[\"https:\/\/web.facebook.com\/Congopubonline\",\"https:\/\/x.com\/CONGOPUBOnline\"]},{\"@type\":\"Person\",\"@id\":\"https:\/\/congopubonline.com\/#\/schema\/person\/0d76ad55397527fd49db9d33cd5d6c6c\",\"name\":\"Sam's Londele\",\"url\":\"https:\/\/congopubonline.com\/?author=75\"}]}<\/script>\n<!-- \/ Yoast SEO Premium plugin. -->","yoast_head_json":{"title":"Liban: apr\u00e8s de nouveaux combats \u00e0 la fronti\u00e8re avec Isra\u00ebl, le spectre d'un conflit g\u00e9n\u00e9ralis\u00e9","description":"De nouveaux combats ont \u00e9clat\u00e9 \u00e0 la fronti\u00e8re libano-isra\u00e9lienne, entre Isra\u00ebl et le Hezbollah le vendredi 28 juin. Ces derniers jours, des responsables de l\u2019ONU","robots":{"index":"index","follow":"follow","max-snippet":"max-snippet:-1","max-image-preview":"max-image-preview:large","max-video-preview":"max-video-preview:-1"},"canonical":"https:\/\/congopubonline.com\/?p=67777","og_locale":"fr_FR","og_type":"article","og_title":"Liban: apr\u00e8s de nouveaux combats \u00e0 la fronti\u00e8re avec Isra\u00ebl, le spectre d'un conflit g\u00e9n\u00e9ralis\u00e9","og_description":"De nouveaux combats ont \u00e9clat\u00e9 \u00e0 la fronti\u00e8re libano-isra\u00e9lienne, entre Isra\u00ebl et le Hezbollah le vendredi 28 juin. Ces derniers jours, des responsables de l\u2019ONU","og_url":"https:\/\/congopubonline.com\/?p=67777","og_site_name":"Congo Pub Online","article_publisher":"https:\/\/web.facebook.com\/Congopubonline","article_published_time":"2024-06-29T17:00:49+00:00","article_modified_time":"2024-06-29T17:03:02+00:00","og_image":[{"width":907,"height":507,"url":"https:\/\/congopubonline.com\/wp-content\/uploads\/2024\/06\/Capture-decran-2024-06-29-175926.png","type":"image\/png"}],"author":"Sam's Londele","twitter_card":"summary_large_image","twitter_creator":"@CONGOPUBOnline","twitter_site":"@CONGOPUBOnline","twitter_misc":{"\u00c9crit par":"Sam's Londele","Dur\u00e9e de lecture estim\u00e9e":"2 minutes"},"schema":{"@context":"https:\/\/schema.org","@graph":[{"@type":"Article","@id":"https:\/\/congopubonline.com\/?p=67777#article","isPartOf":{"@id":"https:\/\/congopubonline.com\/?p=67777"},"author":{"name":"Sam's Londele","@id":"https:\/\/congopubonline.com\/#\/schema\/person\/0d76ad55397527fd49db9d33cd5d6c6c"},"headline":"Liban: apr\u00e8s de nouveaux combats \u00e0 la fronti\u00e8re avec Isra\u00ebl, le spectre d&rsquo;un conflit g\u00e9n\u00e9ralis\u00e9","datePublished":"2024-06-29T17:00:49+00:00","dateModified":"2024-06-29T17:03:02+00:00","mainEntityOfPage":{"@id":"https:\/\/congopubonline.com\/?p=67777"},"wordCount":403,"publisher":{"@id":"https:\/\/congopubonline.com\/#organization"},"image":{"@id":"https:\/\/congopubonline.com\/?p=67777#primaryimage"},"thumbnailUrl":"https:\/\/congopubonline.com\/wp-content\/uploads\/2024\/06\/Capture-decran-2024-06-29-175926.png","keywords":["apr\u00e8s de nouveaux combats \u00e0 la fronti\u00e8re avec Isra\u00ebl","le spectre d'un conflit g\u00e9n\u00e9ralis\u00e9","Liban"],"articleSection":["\u00c0 la Une","Monde"],"inLanguage":"fr-FR"},{"@type":"WebPage","@id":"https:\/\/congopubonline.com\/?p=67777","url":"https:\/\/congopubonline.com\/?p=67777","name":"Liban: apr\u00e8s de nouveaux combats \u00e0 la fronti\u00e8re avec Isra\u00ebl, le spectre d'un conflit g\u00e9n\u00e9ralis\u00e9","isPartOf":{"@id":"https:\/\/congopubonline.com\/#website"},"primaryImageOfPage":{"@id":"https:\/\/congopubonline.com\/?p=67777#primaryimage"},"image":{"@id":"https:\/\/congopubonline.com\/?p=67777#primaryimage"},"thumbnailUrl":"https:\/\/congopubonline.com\/wp-content\/uploads\/2024\/06\/Capture-decran-2024-06-29-175926.png","datePublished":"2024-06-29T17:00:49+00:00","dateModified":"2024-06-29T17:03:02+00:00","description":"De nouveaux combats ont \u00e9clat\u00e9 \u00e0 la fronti\u00e8re libano-isra\u00e9lienne, entre Isra\u00ebl et le Hezbollah le vendredi 28 juin. Ces derniers jours, des responsables de l\u2019ONU","breadcrumb":{"@id":"https:\/\/congopubonline.com\/?p=67777#breadcrumb"},"inLanguage":"fr-FR","potentialAction":[{"@type":"ReadAction","target":["https:\/\/congopubonline.com\/?p=67777"]}]},{"@type":"ImageObject","inLanguage":"fr-FR","@id":"https:\/\/congopubonline.com\/?p=67777#primaryimage","url":"https:\/\/congopubonline.com\/wp-content\/uploads\/2024\/06\/Capture-decran-2024-06-29-175926.png","contentUrl":"https:\/\/congopubonline.com\/wp-content\/uploads\/2024\/06\/Capture-decran-2024-06-29-175926.png","width":907,"height":507},{"@type":"BreadcrumbList","@id":"https:\/\/congopubonline.com\/?p=67777#breadcrumb","itemListElement":[{"@type":"ListItem","position":1,"name":"Accueil","item":"https:\/\/congopubonline.com\/"},{"@type":"ListItem","position":2,"name":"Liban: apr\u00e8s de nouveaux combats \u00e0 la fronti\u00e8re avec Isra\u00ebl, le spectre d&rsquo;un conflit g\u00e9n\u00e9ralis\u00e9"}]},{"@type":"WebSite","@id":"https:\/\/congopubonline.com\/#website","url":"https:\/\/congopubonline.com\/","name":"Congo Pub Online","description":"Votre site d&#039;actualit\u00e9","publisher":{"@id":"https:\/\/congopubonline.com\/#organization"},"alternateName":"Marketing 3.0","potentialAction":[{"@type":"SearchAction","target":{"@type":"EntryPoint","urlTemplate":"https:\/\/congopubonline.com\/?s={search_term_string}"},"query-input":{"@type":"PropertyValueSpecification","valueRequired":true,"valueName":"search_term_string"}}],"inLanguage":"fr-FR"},{"@type":"Organization","@id":"https:\/\/congopubonline.com\/#organization","name":"Congo Pub Online","url":"https:\/\/congopubonline.com\/","logo":{"@type":"ImageObject","inLanguage":"fr-FR","@id":"https:\/\/congopubonline.com\/#\/schema\/logo\/image\/","url":"https:\/\/congopubonline.com\/wp-content\/uploads\/2022\/09\/LOGO_CONGO-PUB-Online_Version-2.jpg","contentUrl":"https:\/\/congopubonline.com\/wp-content\/uploads\/2022\/09\/LOGO_CONGO-PUB-Online_Version-2.jpg","width":374,"height":223,"caption":"Congo Pub Online"},"image":{"@id":"https:\/\/congopubonline.com\/#\/schema\/logo\/image\/"},"sameAs":["https:\/\/web.facebook.com\/Congopubonline","https:\/\/x.com\/CONGOPUBOnline"]},{"@type":"Person","@id":"https:\/\/congopubonline.com\/#\/schema\/person\/0d76ad55397527fd49db9d33cd5d6c6c","name":"Sam's Londele","url":"https:\/\/congopubonline.com\/?author=75"}]}},"_links":{"self":[{"href":"https:\/\/congopubonline.com\/index.php?rest_route=\/wp\/v2\/posts\/67777","targetHints":{"allow":["GET"]}}],"collection":[{"href":"https:\/\/congopubonline.com\/index.php?rest_route=\/wp\/v2\/posts"}],"about":[{"href":"https:\/\/congopubonline.com\/index.php?rest_route=\/wp\/v2\/types\/post"}],"author":[{"embeddable":true,"href":"https:\/\/congopubonline.com\/index.php?rest_route=\/wp\/v2\/users\/75"}],"replies":[{"embeddable":true,"href":"https:\/\/congopubonline.com\/index.php?rest_route=%2Fwp%2Fv2%2Fcomments&post=67777"}],"version-history":[{"count":0,"href":"https:\/\/congopubonline.com\/index.php?rest_route=\/wp\/v2\/posts\/67777\/revisions"}],"wp:featuredmedia":[{"embeddable":true,"href":"https:\/\/congopubonline.com\/index.php?rest_route=\/wp\/v2\/media\/67779"}],"wp:attachment":[{"href":"https:\/\/congopubonline.com\/index.php?rest_route=%2Fwp%2Fv2%2Fmedia&parent=67777"}],"wp:term":[{"taxonomy":"category","embeddable":true,"href":"https:\/\/congopubonline.com\/index.php?rest_route=%2Fwp%2Fv2%2Fcategories&post=67777"},{"taxonomy":"post_tag","embeddable":true,"href":"https:\/\/congopubonline.com\/index.php?rest_route=%2Fwp%2Fv2%2Ftags&post=67777"}],"curies":[{"name":"wp","href":"https:\/\/api.w.org\/{rel}","templated":true}]}}