{"id":67781,"date":"2024-06-29T19:16:12","date_gmt":"2024-06-29T17:16:12","guid":{"rendered":"https:\/\/congopubonline.com\/?p=67781"},"modified":"2024-06-29T19:21:04","modified_gmt":"2024-06-29T17:21:04","slug":"pour-son-dernier-tour-de-france-romain-bardet-soffre-son-premier-maillot-jaune","status":"publish","type":"post","link":"https:\/\/congopubonline.com\/?p=67781","title":{"rendered":"Pour son dernier Tour de France, Romain Bardet s&rsquo;offre son premier maillot jaune"},"content":{"rendered":"\n<p><strong><em>De notre envoy\u00e9 sp\u00e9cial \u00e0 Rimini \u2013\u00a0<\/em>Romain Bardet a remport\u00e9 samedi la premi\u00e8re \u00e9tape du Tour de France 2024, \u00e0 Rimini. Le Fran\u00e7ais de 33 ans va rev\u00eatir pour la premi\u00e8re fois de sa carri\u00e8re le maillot jaune alors qu&rsquo;il dispute sa derni\u00e8re Grande Boucle.<\/strong><\/p>\n\n\n\n<p>\u00ab\u00a0Mais qu&rsquo;est ce qui t&rsquo;a pris ? D&rsquo;aller gagner \u00e0 Rimini ?\u00a0\u00bb\u00a0Sur la premi\u00e8re \u00e9tape du Tour de France, Romain Bardet a rendu hommage, samedi 29 juin, au h\u00e9ros local Marco Pantani en piratant la course. D&rsquo;une banderille plant\u00e9e \u00e0 52 km de l&rsquo;arriv\u00e9e, il s&rsquo;est offert l&rsquo;\u00e9tape et le premier maillot jaune de sa carri\u00e8re.\u00a0<\/p>\n\n\n\n<p>Une belle r\u00e9compense pour un cycliste qui aura longtemps d\u00e9di\u00e9 sa carri\u00e8re au Tour de France. Malgr\u00e9 deux podiums (<a href=\"https:\/\/www.france24.com\/fr\/20160723-tour-france-2016-bilan-francais-bardet-alaphillipe-pinot-rolland-coquard-cyclisme\">2e en 2016<\/a>, 3e en 2017), il n&rsquo;avait jamais rev\u00eatu la tunique jaune. Une erreur d\u00e9sormais r\u00e9par\u00e9e et cette quatri\u00e8me victoire d&rsquo;\u00e9tape sur le Tour est sans doute la plus belle.<\/p>\n\n\n\n<p>\u00ab\u00a0Le maillot jaune&nbsp;? C\u2019\u00e9tait un de mes buts de carri\u00e8re, mais j\u2019en avais fait un peu le deuil. J\u2019\u00e9tais parfois trop proche pour qu\u2019on me laisse partir. L\u00e0, j\u2019ai suivi mon instinct et \u00e0 chaque fois que j\u2019ai suivi mon instinct dans le v\u00e9lo, \u00e7a a plut\u00f4t bien march\u00e9\u00a0\u00bb, a-t-il d\u00e9clar\u00e9 \u00e0 l&rsquo;arriv\u00e9e, avant de savourer la remise de la tunique tant convoit\u00e9e.<\/p>\n\n\n\n<blockquote class=\"twitter-tweet\" data-media-max-width=\"560\"><p lang=\"fr\" dir=\"ltr\">\ud835\udc11\ud835\udc0e\ud835\udc0c\ud835\udc00\ud835\udc08\ud835\udc0d \ud835\udc01\ud835\udc00\ud835\udc11\ud835\udc03\ud835\udc04\ud835\udc13, \ud835\udc0b\ud835\udc04 \ud835\udc09\ud835\udc0e\ud835\udc14\ud835\udc11 \ud835\udc03\ud835\udc04 \ud835\udc06\ud835\udc0b\ud835\udc0e\ud835\udc08\ud835\udc11\ud835\udc04 <a href=\"https:\/\/twitter.com\/hashtag\/TDF2024?src=hash&amp;ref_src=twsrc%5Etfw\">#TDF2024<\/a> <a href=\"https:\/\/t.co\/wja3aOf9LQ\">pic.twitter.com\/wja3aOf9LQ<\/a><\/p>&mdash; Eurosport France (@Eurosport_FR) <a href=\"https:\/\/twitter.com\/Eurosport_FR\/status\/1807086705784000804?ref_src=twsrc%5Etfw\">June 29, 2024<\/a><\/blockquote> <script async src=\"https:\/\/platform.twitter.com\/widgets.js\" charset=\"utf-8\"><\/script>\n\n\n\n<h2 class=\"wp-block-heading\">Un Grand d\u00e9part spectaculaire<\/h2>\n\n\n\n<p>Ce Grand d\u00e9part\u00a0du Tour de France 2024\u00a0en Italie aura tenu toutes ses promesses en termes de spectacle et d&rsquo;\u00e9motion. Sous le soleil de plomb de l&rsquo;\u00e9t\u00e9 toscan, les coureurs ont d&rsquo;abord effectu\u00e9 un long d\u00e9fil\u00e9 d&rsquo;une quarantaine de minutes dans les rues de la cit\u00e9 des M\u00e9dicis avec en point d&rsquo;orgue une travers\u00e9e du\u00a0Ponte\u00a0Vecchio.<\/p>\n\n\n\n<blockquote class=\"twitter-tweet\" data-media-max-width=\"560\"><p lang=\"fr\" dir=\"ltr\">La FFL \u00e9tait fi\u00e8re de toi (ouh-ouh)<br>Non mais vraiment, qu&#39;est-ce qu&#39;il t&#39;a pris (ouh-ouh)<br>D&#39;aller gagner \u00e0 Rimini (ouh-ouh) <a href=\"https:\/\/t.co\/lGgW7av33M\">pic.twitter.com\/lGgW7av33M<\/a><\/p>&mdash; F\u00e9d\u00e9 \ud83c\uddeb\ud83c\uddf7 de la Lose (@FFLose) <a href=\"https:\/\/twitter.com\/FFLose\/status\/1807088332683239629?ref_src=twsrc%5Etfw\">June 29, 2024<\/a><\/blockquote> <script async src=\"https:\/\/platform.twitter.com\/widgets.js\" charset=\"utf-8\"><\/script>\n\n\n\n<p>Un antipasti gouleyant avant un repas plus copieux \u00e0 base de sept ascensions r\u00e9pertori\u00e9s et 3 600 m\u00e8tres de d\u00e9nivel\u00e9 positif, un record pour une premi\u00e8re \u00e9tape du Tour. Un profil d&rsquo;\u00e9tape qui a vite fait des d\u00e9g\u00e2ts, notamment pour Mark Cavendish. Le sprinteur de 39 ans,\u00a0en qu\u00eate d&rsquo;une 35e victoire sur le Tour\u00a0pour battre le record d&rsquo;Eddy Merckx, a tr\u00e8s vite \u00e9t\u00e9 l\u00e2ch\u00e9, d\u00e8s que la pente s&rsquo;\u00e9levait, et il s&rsquo;est battu toute la journ\u00e9e avec l&rsquo;aide de ses partenaires pour rester dans les d\u00e9lais.\u00a0<\/p>\n\n\n\n<p>Mais avec un\u00a0d\u00e9part \u00e0 Florence\u00a0et une arriv\u00e9e \u00e0 Rimini, le Tour de France souhaitait surtout honorer ses h\u00e9ros italiens. \u00c0 la sortie de la cit\u00e9 toscane, l&rsquo;\u00e9tape a visit\u00e9 Ponte a Ema, ville natale de Gino Bartali, un\u00a0champion cycliste reconnu Juste parmi les Nations pour avoir sauv\u00e9 des juifs de la d\u00e9portation.\u00a0<\/p>\n\n\n\n<p>Si le \u00ab\u00a0Campissimo\u00a0\u00bb n&rsquo;a pas \u00e9t\u00e9 oubli\u00e9, les Italiens ont surtout rendu hommage sur les bords de la route \u00e0 l&rsquo;enfant ch\u00e9ri de l&rsquo;Emilie-Romagne, Marco Pantani, retrouv\u00e9 mort d&rsquo;une overdose en 2004 \u00e0 Rimini. Banderoles, photos, bandana de Pirate&#8230; \u00ab\u00a0Pantani vive\u00a0\u00bb (Pantani vit) toujours dans le coeur des Transalpins. Un bel hommage lui ait d&rsquo;ailleurs rendu sur la c\u00f4te Barbotto sous forme d&rsquo;un virage Pantani.<\/p>\n\n\n\n<h2 class=\"wp-block-heading\">Beaucoup de favoris d\u00e9j\u00e0 en difficult\u00e9<\/h2>\n\n\n\n<p><strong>Le r\u00e9sum\u00e9 de la semaine<\/strong>France 24 vous propose de revenir sur les actualit\u00e9s qui ont marqu\u00e9 la semaine<a href=\"https:\/\/emailing.france24.com\/fr\/subscribe\" target=\"_blank\" rel=\"noreferrer noopener\">Je m&rsquo;abonne<\/a><\/p>\n\n\n\n<p>Dans l&rsquo;\u00e9tape, les premiers h\u00e9ros s&rsquo;appellent Matej Mohoric, Ion Izaguirre, Frank Van den Broek, Valentin Madouas, Cl\u00e9ment Champoussin, Sandy Dujardin et Matt\u00e9o&nbsp;Vercher, bient\u00f4t rejoints par Jonas Abrahamsen et Ryan Gibbons. Les neuf ont constitu\u00e9 la premi\u00e8re \u00e9chapp\u00e9e du Tour. Leur fugue s&rsquo;est amoindrie \u00e0 mesure des kilom\u00e8tres et des c\u00f4tes et elle a finalement \u00e9t\u00e9 victime de l&rsquo;offensive de Romain Bardet, port\u00e9e \u00e0 50 km de l&rsquo;arriv\u00e9e en coordination avec son co\u00e9quipier Frank Van den Broek \u00e0 partir de la c\u00f4te de San Leo.<\/p>\n\n\n\n<p>Derri\u00e8re le Fran\u00e7ais bien d\u00e9cid\u00e9 \u00e0 marquer les esprits\u00a0<a href=\"https:\/\/www.france24.com\/fr\/info-en-continu\/20240621-cyclisme-romain-bardet-arr%C3%AAtera-sa-carri%C3%A8re-sur-route-en-juin-2025\">pour son dernier Tour de France<\/a>, la poursuite s&rsquo;organise et un mano a mano commence. Une chasse \u00e0 l&rsquo;homme qui bien souvent se termine mal pour les \u00e9chapp\u00e9es et le suspens tient jusqu&rsquo;\u00e0 la ligne.<\/p>\n\n\n\n<p>Romain Bardet peut remercier&nbsp; Frank van der Broek qui donne tout ce qu&rsquo;il a pour garder quelques m\u00e8tres d&rsquo;avance sur le peloton. Les deux hommes s&rsquo;imposent juste devant le peloton, dont le sprint a \u00e9t\u00e9 remport\u00e9 par Wout van Aert.<\/p>\n\n\n\n<p>\u00ab\u00a0On a pas eu le temps de penser \u00e0 quoi que ce soit. L&rsquo;effort \u00e9tait total. Je commen\u00e7ais \u00e0 cramper. \u00c0 500 m, j&rsquo;ai vu le peloton mais il y avait encore un peu de marge. On n&rsquo;a pas cess\u00e9 de s&rsquo;encourager\u00a0\u00bb, relate Bardet. \u00ab\u00a0On s&rsquo;est&nbsp; bien r\u00e9parti les t\u00e2ches tous les deux. Moi, je faisais le train dans les c\u00f4tes, lui sur le plat.\u00a0\u00bb<\/p>\n\n\n\n<p>Romain Bardet esp\u00e8re ramener le maillot en France mardi mais reste r\u00e9aliste \u00ab\u00a0J&rsquo;ai couru comme si c&rsquo;\u00e9tait une classique d&rsquo;une journ\u00e9e aujourd&rsquo;hui. Pas s\u00fbr d&rsquo;avoir les jambes pour r\u00e9sister demain dans la c\u00f4te de San Luca.\u00a0\u00bb<\/p>\n\n\n\n<p><strong>FRANCE 24 via CONGO PUB Online<\/strong><\/p>\n<div class='epvc-post-count'><span class='epvc-eye'><\/span>  <span class=\"epvc-count\"> 278<\/span><span class='epvc-label'> Vues<\/span><\/div>","protected":false},"excerpt":{"rendered":"<p>De notre envoy\u00e9 sp\u00e9cial \u00e0 Rimini \u2013\u00a0Romain Bardet a remport\u00e9 samedi la premi\u00e8re \u00e9tape du Tour de France 2024, \u00e0 Rimini. Le Fran\u00e7ais de 33 ans va rev\u00eatir pour la&hellip;<\/p>\n","protected":false},"author":75,"featured_media":67783,"comment_status":"closed","ping_status":"closed","sticky":false,"template":"","format":"standard","meta":{"content-type":"","_monsterinsights_skip_tracking":false,"_monsterinsights_sitenote_active":false,"_monsterinsights_sitenote_note":"","_monsterinsights_sitenote_category":0,"footnotes":""},"categories":[844,63],"tags":[7248,7249],"class_list":["post-67781","post","type-post","status-publish","format-standard","has-post-thumbnail","hentry","category-a-la-une","category-bimber-sport","tag-pour-son-dernier-tour-de-france","tag-romain-bardet-soffre-son-premier-maillot-jaune"],"yoast_head":"<!-- This site is optimized with the Yoast SEO Premium plugin v25.4 (Yoast SEO v25.4) - https:\/\/yoast.com\/wordpress\/plugins\/seo\/ -->\n<title>Pour son dernier Tour de France, Romain Bardet s&#039;offre son premier maillot jaune<\/title>\n<meta name=\"description\" content=\"De notre envoy\u00e9 sp\u00e9cial \u00e0 Rimini \u2013\u00a0Romain Bardet a remport\u00e9 samedi la premi\u00e8re \u00e9tape du Tour de France 2024, \u00e0 Rimini. Le Fran\u00e7ais de 33 ans va rev\u00eatir\" \/>\n<meta name=\"robots\" content=\"index, follow, max-snippet:-1, max-image-preview:large, max-video-preview:-1\" \/>\n<link rel=\"canonical\" href=\"https:\/\/congopubonline.com\/?p=67781\" \/>\n<meta property=\"og:locale\" content=\"fr_FR\" \/>\n<meta property=\"og:type\" content=\"article\" \/>\n<meta property=\"og:title\" content=\"Pour son dernier Tour de France, Romain Bardet s&#039;offre son premier maillot jaune\" \/>\n<meta property=\"og:description\" content=\"De notre envoy\u00e9 sp\u00e9cial \u00e0 Rimini \u2013\u00a0Romain Bardet a remport\u00e9 samedi la premi\u00e8re \u00e9tape du Tour de France 2024, \u00e0 Rimini. Le Fran\u00e7ais de 33 ans va rev\u00eatir\" \/>\n<meta property=\"og:url\" content=\"https:\/\/congopubonline.com\/?p=67781\" \/>\n<meta property=\"og:site_name\" content=\"Congo Pub Online\" \/>\n<meta property=\"article:publisher\" content=\"https:\/\/web.facebook.com\/Congopubonline\" \/>\n<meta property=\"article:published_time\" content=\"2024-06-29T17:16:12+00:00\" \/>\n<meta property=\"article:modified_time\" content=\"2024-06-29T17:21:04+00:00\" \/>\n<meta property=\"og:image\" content=\"https:\/\/congopubonline.com\/wp-content\/uploads\/2024\/06\/Capture-decran-2024-06-29-181523.png\" \/>\n\t<meta property=\"og:image:width\" content=\"1218\" \/>\n\t<meta property=\"og:image:height\" content=\"657\" \/>\n\t<meta property=\"og:image:type\" content=\"image\/png\" \/>\n<meta name=\"author\" content=\"Sam&#039;s Londele\" \/>\n<meta name=\"twitter:card\" content=\"summary_large_image\" \/>\n<meta name=\"twitter:creator\" content=\"@CONGOPUBOnline\" \/>\n<meta name=\"twitter:site\" content=\"@CONGOPUBOnline\" \/>\n<meta name=\"twitter:label1\" content=\"\u00c9crit par\" \/>\n\t<meta name=\"twitter:data1\" content=\"Sam&#039;s Londele\" \/>\n\t<meta name=\"twitter:label2\" content=\"Dur\u00e9e de lecture estim\u00e9e\" \/>\n\t<meta name=\"twitter:data2\" content=\"5 minutes\" \/>\n<script type=\"application\/ld+json\" class=\"yoast-schema-graph\">{\"@context\":\"https:\/\/schema.org\",\"@graph\":[{\"@type\":\"Article\",\"@id\":\"https:\/\/congopubonline.com\/?p=67781#article\",\"isPartOf\":{\"@id\":\"https:\/\/congopubonline.com\/?p=67781\"},\"author\":{\"name\":\"Sam's Londele\",\"@id\":\"https:\/\/congopubonline.com\/#\/schema\/person\/0d76ad55397527fd49db9d33cd5d6c6c\"},\"headline\":\"Pour son dernier Tour de France, Romain Bardet s&rsquo;offre son premier maillot jaune\",\"datePublished\":\"2024-06-29T17:16:12+00:00\",\"dateModified\":\"2024-06-29T17:21:04+00:00\",\"mainEntityOfPage\":{\"@id\":\"https:\/\/congopubonline.com\/?p=67781\"},\"wordCount\":954,\"publisher\":{\"@id\":\"https:\/\/congopubonline.com\/#organization\"},\"image\":{\"@id\":\"https:\/\/congopubonline.com\/?p=67781#primaryimage\"},\"thumbnailUrl\":\"https:\/\/congopubonline.com\/wp-content\/uploads\/2024\/06\/Capture-decran-2024-06-29-181523.png\",\"keywords\":[\"Pour son dernier Tour de France\",\"Romain Bardet s'offre son premier maillot jaune\"],\"articleSection\":[\"\u00c0 la Une\",\"Sport\"],\"inLanguage\":\"fr-FR\"},{\"@type\":\"WebPage\",\"@id\":\"https:\/\/congopubonline.com\/?p=67781\",\"url\":\"https:\/\/congopubonline.com\/?p=67781\",\"name\":\"Pour son dernier Tour de France, Romain Bardet s'offre son premier maillot jaune\",\"isPartOf\":{\"@id\":\"https:\/\/congopubonline.com\/#website\"},\"primaryImageOfPage\":{\"@id\":\"https:\/\/congopubonline.com\/?p=67781#primaryimage\"},\"image\":{\"@id\":\"https:\/\/congopubonline.com\/?p=67781#primaryimage\"},\"thumbnailUrl\":\"https:\/\/congopubonline.com\/wp-content\/uploads\/2024\/06\/Capture-decran-2024-06-29-181523.png\",\"datePublished\":\"2024-06-29T17:16:12+00:00\",\"dateModified\":\"2024-06-29T17:21:04+00:00\",\"description\":\"De notre envoy\u00e9 sp\u00e9cial \u00e0 Rimini \u2013\u00a0Romain Bardet a remport\u00e9 samedi la premi\u00e8re \u00e9tape du Tour de France 2024, \u00e0 Rimini. Le Fran\u00e7ais de 33 ans va rev\u00eatir\",\"breadcrumb\":{\"@id\":\"https:\/\/congopubonline.com\/?p=67781#breadcrumb\"},\"inLanguage\":\"fr-FR\",\"potentialAction\":[{\"@type\":\"ReadAction\",\"target\":[\"https:\/\/congopubonline.com\/?p=67781\"]}]},{\"@type\":\"ImageObject\",\"inLanguage\":\"fr-FR\",\"@id\":\"https:\/\/congopubonline.com\/?p=67781#primaryimage\",\"url\":\"https:\/\/congopubonline.com\/wp-content\/uploads\/2024\/06\/Capture-decran-2024-06-29-181523.png\",\"contentUrl\":\"https:\/\/congopubonline.com\/wp-content\/uploads\/2024\/06\/Capture-decran-2024-06-29-181523.png\",\"width\":1218,\"height\":657},{\"@type\":\"BreadcrumbList\",\"@id\":\"https:\/\/congopubonline.com\/?p=67781#breadcrumb\",\"itemListElement\":[{\"@type\":\"ListItem\",\"position\":1,\"name\":\"Accueil\",\"item\":\"https:\/\/congopubonline.com\/\"},{\"@type\":\"ListItem\",\"position\":2,\"name\":\"Pour son dernier Tour de France, Romain Bardet s&rsquo;offre son premier maillot jaune\"}]},{\"@type\":\"WebSite\",\"@id\":\"https:\/\/congopubonline.com\/#website\",\"url\":\"https:\/\/congopubonline.com\/\",\"name\":\"Congo Pub Online\",\"description\":\"Votre site d&#039;actualit\u00e9\",\"publisher\":{\"@id\":\"https:\/\/congopubonline.com\/#organization\"},\"alternateName\":\"Marketing 3.0\",\"potentialAction\":[{\"@type\":\"SearchAction\",\"target\":{\"@type\":\"EntryPoint\",\"urlTemplate\":\"https:\/\/congopubonline.com\/?s={search_term_string}\"},\"query-input\":{\"@type\":\"PropertyValueSpecification\",\"valueRequired\":true,\"valueName\":\"search_term_string\"}}],\"inLanguage\":\"fr-FR\"},{\"@type\":\"Organization\",\"@id\":\"https:\/\/congopubonline.com\/#organization\",\"name\":\"Congo Pub Online\",\"url\":\"https:\/\/congopubonline.com\/\",\"logo\":{\"@type\":\"ImageObject\",\"inLanguage\":\"fr-FR\",\"@id\":\"https:\/\/congopubonline.com\/#\/schema\/logo\/image\/\",\"url\":\"https:\/\/congopubonline.com\/wp-content\/uploads\/2022\/09\/LOGO_CONGO-PUB-Online_Version-2.jpg\",\"contentUrl\":\"https:\/\/congopubonline.com\/wp-content\/uploads\/2022\/09\/LOGO_CONGO-PUB-Online_Version-2.jpg\",\"width\":374,\"height\":223,\"caption\":\"Congo Pub Online\"},\"image\":{\"@id\":\"https:\/\/congopubonline.com\/#\/schema\/logo\/image\/\"},\"sameAs\":[\"https:\/\/web.facebook.com\/Congopubonline\",\"https:\/\/x.com\/CONGOPUBOnline\"]},{\"@type\":\"Person\",\"@id\":\"https:\/\/congopubonline.com\/#\/schema\/person\/0d76ad55397527fd49db9d33cd5d6c6c\",\"name\":\"Sam's Londele\",\"url\":\"https:\/\/congopubonline.com\/?author=75\"}]}<\/script>\n<!-- \/ Yoast SEO Premium plugin. -->","yoast_head_json":{"title":"Pour son dernier Tour de France, Romain Bardet s'offre son premier maillot jaune","description":"De notre envoy\u00e9 sp\u00e9cial \u00e0 Rimini \u2013\u00a0Romain Bardet a remport\u00e9 samedi la premi\u00e8re \u00e9tape du Tour de France 2024, \u00e0 Rimini. Le Fran\u00e7ais de 33 ans va rev\u00eatir","robots":{"index":"index","follow":"follow","max-snippet":"max-snippet:-1","max-image-preview":"max-image-preview:large","max-video-preview":"max-video-preview:-1"},"canonical":"https:\/\/congopubonline.com\/?p=67781","og_locale":"fr_FR","og_type":"article","og_title":"Pour son dernier Tour de France, Romain Bardet s'offre son premier maillot jaune","og_description":"De notre envoy\u00e9 sp\u00e9cial \u00e0 Rimini \u2013\u00a0Romain Bardet a remport\u00e9 samedi la premi\u00e8re \u00e9tape du Tour de France 2024, \u00e0 Rimini. Le Fran\u00e7ais de 33 ans va rev\u00eatir","og_url":"https:\/\/congopubonline.com\/?p=67781","og_site_name":"Congo Pub Online","article_publisher":"https:\/\/web.facebook.com\/Congopubonline","article_published_time":"2024-06-29T17:16:12+00:00","article_modified_time":"2024-06-29T17:21:04+00:00","og_image":[{"width":1218,"height":657,"url":"https:\/\/congopubonline.com\/wp-content\/uploads\/2024\/06\/Capture-decran-2024-06-29-181523.png","type":"image\/png"}],"author":"Sam's Londele","twitter_card":"summary_large_image","twitter_creator":"@CONGOPUBOnline","twitter_site":"@CONGOPUBOnline","twitter_misc":{"\u00c9crit par":"Sam's Londele","Dur\u00e9e de lecture estim\u00e9e":"5 minutes"},"schema":{"@context":"https:\/\/schema.org","@graph":[{"@type":"Article","@id":"https:\/\/congopubonline.com\/?p=67781#article","isPartOf":{"@id":"https:\/\/congopubonline.com\/?p=67781"},"author":{"name":"Sam's Londele","@id":"https:\/\/congopubonline.com\/#\/schema\/person\/0d76ad55397527fd49db9d33cd5d6c6c"},"headline":"Pour son dernier Tour de France, Romain Bardet s&rsquo;offre son premier maillot jaune","datePublished":"2024-06-29T17:16:12+00:00","dateModified":"2024-06-29T17:21:04+00:00","mainEntityOfPage":{"@id":"https:\/\/congopubonline.com\/?p=67781"},"wordCount":954,"publisher":{"@id":"https:\/\/congopubonline.com\/#organization"},"image":{"@id":"https:\/\/congopubonline.com\/?p=67781#primaryimage"},"thumbnailUrl":"https:\/\/congopubonline.com\/wp-content\/uploads\/2024\/06\/Capture-decran-2024-06-29-181523.png","keywords":["Pour son dernier Tour de France","Romain Bardet s'offre son premier maillot jaune"],"articleSection":["\u00c0 la Une","Sport"],"inLanguage":"fr-FR"},{"@type":"WebPage","@id":"https:\/\/congopubonline.com\/?p=67781","url":"https:\/\/congopubonline.com\/?p=67781","name":"Pour son dernier Tour de France, Romain Bardet s'offre son premier maillot jaune","isPartOf":{"@id":"https:\/\/congopubonline.com\/#website"},"primaryImageOfPage":{"@id":"https:\/\/congopubonline.com\/?p=67781#primaryimage"},"image":{"@id":"https:\/\/congopubonline.com\/?p=67781#primaryimage"},"thumbnailUrl":"https:\/\/congopubonline.com\/wp-content\/uploads\/2024\/06\/Capture-decran-2024-06-29-181523.png","datePublished":"2024-06-29T17:16:12+00:00","dateModified":"2024-06-29T17:21:04+00:00","description":"De notre envoy\u00e9 sp\u00e9cial \u00e0 Rimini \u2013\u00a0Romain Bardet a remport\u00e9 samedi la premi\u00e8re \u00e9tape du Tour de France 2024, \u00e0 Rimini. Le Fran\u00e7ais de 33 ans va rev\u00eatir","breadcrumb":{"@id":"https:\/\/congopubonline.com\/?p=67781#breadcrumb"},"inLanguage":"fr-FR","potentialAction":[{"@type":"ReadAction","target":["https:\/\/congopubonline.com\/?p=67781"]}]},{"@type":"ImageObject","inLanguage":"fr-FR","@id":"https:\/\/congopubonline.com\/?p=67781#primaryimage","url":"https:\/\/congopubonline.com\/wp-content\/uploads\/2024\/06\/Capture-decran-2024-06-29-181523.png","contentUrl":"https:\/\/congopubonline.com\/wp-content\/uploads\/2024\/06\/Capture-decran-2024-06-29-181523.png","width":1218,"height":657},{"@type":"BreadcrumbList","@id":"https:\/\/congopubonline.com\/?p=67781#breadcrumb","itemListElement":[{"@type":"ListItem","position":1,"name":"Accueil","item":"https:\/\/congopubonline.com\/"},{"@type":"ListItem","position":2,"name":"Pour son dernier Tour de France, Romain Bardet s&rsquo;offre son premier maillot jaune"}]},{"@type":"WebSite","@id":"https:\/\/congopubonline.com\/#website","url":"https:\/\/congopubonline.com\/","name":"Congo Pub Online","description":"Votre site d&#039;actualit\u00e9","publisher":{"@id":"https:\/\/congopubonline.com\/#organization"},"alternateName":"Marketing 3.0","potentialAction":[{"@type":"SearchAction","target":{"@type":"EntryPoint","urlTemplate":"https:\/\/congopubonline.com\/?s={search_term_string}"},"query-input":{"@type":"PropertyValueSpecification","valueRequired":true,"valueName":"search_term_string"}}],"inLanguage":"fr-FR"},{"@type":"Organization","@id":"https:\/\/congopubonline.com\/#organization","name":"Congo Pub Online","url":"https:\/\/congopubonline.com\/","logo":{"@type":"ImageObject","inLanguage":"fr-FR","@id":"https:\/\/congopubonline.com\/#\/schema\/logo\/image\/","url":"https:\/\/congopubonline.com\/wp-content\/uploads\/2022\/09\/LOGO_CONGO-PUB-Online_Version-2.jpg","contentUrl":"https:\/\/congopubonline.com\/wp-content\/uploads\/2022\/09\/LOGO_CONGO-PUB-Online_Version-2.jpg","width":374,"height":223,"caption":"Congo Pub Online"},"image":{"@id":"https:\/\/congopubonline.com\/#\/schema\/logo\/image\/"},"sameAs":["https:\/\/web.facebook.com\/Congopubonline","https:\/\/x.com\/CONGOPUBOnline"]},{"@type":"Person","@id":"https:\/\/congopubonline.com\/#\/schema\/person\/0d76ad55397527fd49db9d33cd5d6c6c","name":"Sam's Londele","url":"https:\/\/congopubonline.com\/?author=75"}]}},"_links":{"self":[{"href":"https:\/\/congopubonline.com\/index.php?rest_route=\/wp\/v2\/posts\/67781","targetHints":{"allow":["GET"]}}],"collection":[{"href":"https:\/\/congopubonline.com\/index.php?rest_route=\/wp\/v2\/posts"}],"about":[{"href":"https:\/\/congopubonline.com\/index.php?rest_route=\/wp\/v2\/types\/post"}],"author":[{"embeddable":true,"href":"https:\/\/congopubonline.com\/index.php?rest_route=\/wp\/v2\/users\/75"}],"replies":[{"embeddable":true,"href":"https:\/\/congopubonline.com\/index.php?rest_route=%2Fwp%2Fv2%2Fcomments&post=67781"}],"version-history":[{"count":0,"href":"https:\/\/congopubonline.com\/index.php?rest_route=\/wp\/v2\/posts\/67781\/revisions"}],"wp:featuredmedia":[{"embeddable":true,"href":"https:\/\/congopubonline.com\/index.php?rest_route=\/wp\/v2\/media\/67783"}],"wp:attachment":[{"href":"https:\/\/congopubonline.com\/index.php?rest_route=%2Fwp%2Fv2%2Fmedia&parent=67781"}],"wp:term":[{"taxonomy":"category","embeddable":true,"href":"https:\/\/congopubonline.com\/index.php?rest_route=%2Fwp%2Fv2%2Fcategories&post=67781"},{"taxonomy":"post_tag","embeddable":true,"href":"https:\/\/congopubonline.com\/index.php?rest_route=%2Fwp%2Fv2%2Ftags&post=67781"}],"curies":[{"name":"wp","href":"https:\/\/api.w.org\/{rel}","templated":true}]}}