{"id":69034,"date":"2024-07-16T13:22:26","date_gmt":"2024-07-16T11:22:26","guid":{"rendered":"https:\/\/congopubonline.com\/?p=69034"},"modified":"2024-07-16T13:34:39","modified_gmt":"2024-07-16T11:34:39","slug":"a-butembo-shabani-rassure-le-gouvernement-est-davantage-implique-pour-le-retour-de-la-paix","status":"publish","type":"post","link":"https:\/\/congopubonline.com\/?p=69034","title":{"rendered":"A Butembo, Shabani rassure : \u00ab\u00a0le gouvernement est davantage impliqu\u00e9 pour le retour de la paix\u00a0\u00bb"},"content":{"rendered":"\n<p><strong>Le vice-premier ministre de l\u2019int\u00e9rieur, s\u00e9curit\u00e9, d\u00e9centralisation et affaires coutumi\u00e8res, en sejour de travail dans la ville de Butembo, au Nord-Kivu, a rassur\u00e9 les forces vives locales sur la d\u00e9termination du gouvernement \u00e0 restaurer la paix dans le plus bref d\u00e9lai.<\/strong><\/p>\n\n\n\n<p>Jacquemain Shabani s\u2019est exprim\u00e9 devant la presse, le lundi 15 juillet, avant de quitter Butembo et apr\u00e8s avoir \u00e9chang\u00e9 avec plusieurs d\u00e9l\u00e9gations repr\u00e9sentatives de la population de cette partie du pays.<\/p>\n\n\n\n<p>Au cours de ces consultations, le patron de la s\u00e9curit\u00e9 nationale a re\u00e7u des pr\u00e9occupations mais aussi et surtout des recommandations et strat\u00e9gies soumises par les diff\u00e9rentes structures pour la pacification de l\u2019Est de la R\u00e9publique d\u00e9mocratique du Congo.<\/p>\n\n\n\n<p>\u00ab&nbsp;<em>Le pr\u00e9sident de la R\u00e9publique et la premi\u00e8re ministre ont jug\u00e9 utile que nous puissions venir pour \u00e9changer avec les forces vives, prendre les informations utiles mais aussi les r\u00e9conforter et les rassurer qu\u2019ils ne sont pas seules et que le gouvernement s\u2019implique davantage pour mettre fin \u00e0 toutes les difficult\u00e9s, \u00e0 cette guerre pour que le retour de la paix soit effectif dans le d\u00e9lai le plus bref<\/em>\u00ab&nbsp;, a d\u00e9clar\u00e9 Jacquemain Shabani.<\/p>\n\n\n\n<p>Il a \u00e9galement soulign\u00e9 que le pr\u00e9sident de la R\u00e9publique a convoqu\u00e9 le conseil national de d\u00e9fense depuis bient\u00f4t une semaine, les diff\u00e9rents responsables qui sont dans les op\u00e9rations ont \u00e9t\u00e9 rappel\u00e9s \u00e0 Kinshasa&nbsp;\u00bb.<\/p>\n\n\n\n<p>A l\u2019en croire, les r\u00e9unions se poursuivent et dans un d\u00e9lai assez bref, les conclusions vont faire objet de cet espoir qu\u2019attend la population, en terme d\u2019\u00e9valuation, de restructuration et de la mise en place de nouvelles strat\u00e9gies&nbsp;\u00bb.<\/p>\n\n\n\n<p>Le vice-premier ministre de l\u2019int\u00e9rieur, s\u00e9curit\u00e9, d\u00e9centralisation et affaires coutumi\u00e8res est \u00e0 la t\u00eate d\u2019une d\u00e9l\u00e9gation compos\u00e9e du ministre de d\u00e9veloppement rural, Muhindo Nzangi, du vice-ministre de la d\u00e9fense Samy Adubango, ainsi que de quelques d\u00e9put\u00e9s nationaux.<\/p>\n\n\n\n<p>Apr\u00e8s Butembo, la mission va se poursuivre dans la ville de Goma, dans le m\u00eame objectif d\u2019\u00e9couter la population mais aussi d\u2019apporter du r\u00e9confort et des assurances du gouvernement.<\/p>\n\n\n\n<p><strong>Corneille Lubaki<\/strong><\/p>\n\n\n\n<p><strong>ACTU 30 via CONGO PUB Online<\/strong><\/p>\n<div class='epvc-post-count'><span class='epvc-eye'><\/span>  <span class=\"epvc-count\"> 194<\/span><span class='epvc-label'> Vues<\/span><\/div>","protected":false},"excerpt":{"rendered":"<p>Le vice-premier ministre de l\u2019int\u00e9rieur, s\u00e9curit\u00e9, d\u00e9centralisation et affaires coutumi\u00e8res, en sejour de travail dans la ville de Butembo, au Nord-Kivu, a rassur\u00e9 les forces vives locales sur la d\u00e9termination&hellip;<\/p>\n","protected":false},"author":75,"featured_media":69037,"comment_status":"closed","ping_status":"closed","sticky":false,"template":"","format":"standard","meta":{"content-type":"","_monsterinsights_skip_tracking":false,"_monsterinsights_sitenote_active":false,"_monsterinsights_sitenote_note":"","_monsterinsights_sitenote_category":0,"footnotes":""},"categories":[844,59],"tags":[7475,7473,7474],"class_list":["post-69034","post","type-post","status-publish","format-standard","has-post-thumbnail","hentry","category-a-la-une","category-province","tag-le-gouvernement-est-davantage-implique-pour-le-retour-de-la-paix","tag-a-butembo","tag-shabani-rassure"],"yoast_head":"<!-- This site is optimized with the Yoast SEO Premium plugin v25.4 (Yoast SEO v25.4) - https:\/\/yoast.com\/wordpress\/plugins\/seo\/ -->\n<title>A Butembo, Shabani rassure : \u00ab\u00a0le gouvernement est davantage impliqu\u00e9 pour le retour de la paix\u00a0\u00bb<\/title>\n<meta name=\"description\" content=\"Le vice-premier ministre de l\u2019int\u00e9rieur, s\u00e9curit\u00e9, d\u00e9centralisation et affaires coutumi\u00e8res, en sejour de travail dans la ville de Butembo, au Nord-Kivu,\" \/>\n<meta name=\"robots\" content=\"index, follow, max-snippet:-1, max-image-preview:large, max-video-preview:-1\" \/>\n<link rel=\"canonical\" href=\"https:\/\/congopubonline.com\/?p=69034\" \/>\n<meta property=\"og:locale\" content=\"fr_FR\" \/>\n<meta property=\"og:type\" content=\"article\" \/>\n<meta property=\"og:title\" content=\"A Butembo, Shabani rassure : \u00ab\u00a0le gouvernement est davantage impliqu\u00e9 pour le retour de la paix\u00a0\u00bb\" \/>\n<meta property=\"og:description\" content=\"Le vice-premier ministre de l\u2019int\u00e9rieur, s\u00e9curit\u00e9, d\u00e9centralisation et affaires coutumi\u00e8res, en sejour de travail dans la ville de Butembo, au Nord-Kivu,\" \/>\n<meta property=\"og:url\" content=\"https:\/\/congopubonline.com\/?p=69034\" \/>\n<meta property=\"og:site_name\" content=\"Congo Pub Online\" \/>\n<meta property=\"article:publisher\" content=\"https:\/\/web.facebook.com\/Congopubonline\" \/>\n<meta property=\"article:published_time\" content=\"2024-07-16T11:22:26+00:00\" \/>\n<meta property=\"article:modified_time\" content=\"2024-07-16T11:34:39+00:00\" \/>\n<meta property=\"og:image\" content=\"https:\/\/congopubonline.com\/wp-content\/uploads\/2024\/07\/Capture-decran-2024-07-16-121800.jpg\" \/>\n\t<meta property=\"og:image:width\" content=\"950\" \/>\n\t<meta property=\"og:image:height\" content=\"608\" \/>\n\t<meta property=\"og:image:type\" content=\"image\/jpeg\" \/>\n<meta name=\"author\" content=\"Sam&#039;s Londele\" \/>\n<meta name=\"twitter:card\" content=\"summary_large_image\" \/>\n<meta name=\"twitter:creator\" content=\"@CONGOPUBOnline\" \/>\n<meta name=\"twitter:site\" content=\"@CONGOPUBOnline\" \/>\n<meta name=\"twitter:label1\" content=\"\u00c9crit par\" \/>\n\t<meta name=\"twitter:data1\" content=\"Sam&#039;s Londele\" \/>\n\t<meta name=\"twitter:label2\" content=\"Dur\u00e9e de lecture estim\u00e9e\" \/>\n\t<meta name=\"twitter:data2\" content=\"2 minutes\" \/>\n<script type=\"application\/ld+json\" class=\"yoast-schema-graph\">{\"@context\":\"https:\/\/schema.org\",\"@graph\":[{\"@type\":\"Article\",\"@id\":\"https:\/\/congopubonline.com\/?p=69034#article\",\"isPartOf\":{\"@id\":\"https:\/\/congopubonline.com\/?p=69034\"},\"author\":{\"name\":\"Sam's Londele\",\"@id\":\"https:\/\/congopubonline.com\/#\/schema\/person\/0d76ad55397527fd49db9d33cd5d6c6c\"},\"headline\":\"A Butembo, Shabani rassure : \u00ab\u00a0le gouvernement est davantage impliqu\u00e9 pour le retour de la paix\u00a0\u00bb\",\"datePublished\":\"2024-07-16T11:22:26+00:00\",\"dateModified\":\"2024-07-16T11:34:39+00:00\",\"mainEntityOfPage\":{\"@id\":\"https:\/\/congopubonline.com\/?p=69034\"},\"wordCount\":403,\"publisher\":{\"@id\":\"https:\/\/congopubonline.com\/#organization\"},\"image\":{\"@id\":\"https:\/\/congopubonline.com\/?p=69034#primaryimage\"},\"thumbnailUrl\":\"https:\/\/congopubonline.com\/wp-content\/uploads\/2024\/07\/Capture-decran-2024-07-16-121800.jpg\",\"keywords\":[\"\u00ab\u00a0le gouvernement est davantage impliqu\u00e9 pour le retour de la paix\u00a0\u00bb\",\"A Butembo\",\"Shabani rassure\"],\"articleSection\":[\"\u00c0 la Une\",\"Province\"],\"inLanguage\":\"fr-FR\"},{\"@type\":\"WebPage\",\"@id\":\"https:\/\/congopubonline.com\/?p=69034\",\"url\":\"https:\/\/congopubonline.com\/?p=69034\",\"name\":\"A Butembo, Shabani rassure : \u00ab\u00a0le gouvernement est davantage impliqu\u00e9 pour le retour de la paix\u00a0\u00bb\",\"isPartOf\":{\"@id\":\"https:\/\/congopubonline.com\/#website\"},\"primaryImageOfPage\":{\"@id\":\"https:\/\/congopubonline.com\/?p=69034#primaryimage\"},\"image\":{\"@id\":\"https:\/\/congopubonline.com\/?p=69034#primaryimage\"},\"thumbnailUrl\":\"https:\/\/congopubonline.com\/wp-content\/uploads\/2024\/07\/Capture-decran-2024-07-16-121800.jpg\",\"datePublished\":\"2024-07-16T11:22:26+00:00\",\"dateModified\":\"2024-07-16T11:34:39+00:00\",\"description\":\"Le vice-premier ministre de l\u2019int\u00e9rieur, s\u00e9curit\u00e9, d\u00e9centralisation et affaires coutumi\u00e8res, en sejour de travail dans la ville de Butembo, au Nord-Kivu,\",\"breadcrumb\":{\"@id\":\"https:\/\/congopubonline.com\/?p=69034#breadcrumb\"},\"inLanguage\":\"fr-FR\",\"potentialAction\":[{\"@type\":\"ReadAction\",\"target\":[\"https:\/\/congopubonline.com\/?p=69034\"]}]},{\"@type\":\"ImageObject\",\"inLanguage\":\"fr-FR\",\"@id\":\"https:\/\/congopubonline.com\/?p=69034#primaryimage\",\"url\":\"https:\/\/congopubonline.com\/wp-content\/uploads\/2024\/07\/Capture-decran-2024-07-16-121800.jpg\",\"contentUrl\":\"https:\/\/congopubonline.com\/wp-content\/uploads\/2024\/07\/Capture-decran-2024-07-16-121800.jpg\",\"width\":950,\"height\":608},{\"@type\":\"BreadcrumbList\",\"@id\":\"https:\/\/congopubonline.com\/?p=69034#breadcrumb\",\"itemListElement\":[{\"@type\":\"ListItem\",\"position\":1,\"name\":\"Accueil\",\"item\":\"https:\/\/congopubonline.com\/\"},{\"@type\":\"ListItem\",\"position\":2,\"name\":\"A Butembo, Shabani rassure : \u00ab\u00a0le gouvernement est davantage impliqu\u00e9 pour le retour de la paix\u00a0\u00bb\"}]},{\"@type\":\"WebSite\",\"@id\":\"https:\/\/congopubonline.com\/#website\",\"url\":\"https:\/\/congopubonline.com\/\",\"name\":\"Congo Pub Online\",\"description\":\"Votre site d&#039;actualit\u00e9\",\"publisher\":{\"@id\":\"https:\/\/congopubonline.com\/#organization\"},\"alternateName\":\"Marketing 3.0\",\"potentialAction\":[{\"@type\":\"SearchAction\",\"target\":{\"@type\":\"EntryPoint\",\"urlTemplate\":\"https:\/\/congopubonline.com\/?s={search_term_string}\"},\"query-input\":{\"@type\":\"PropertyValueSpecification\",\"valueRequired\":true,\"valueName\":\"search_term_string\"}}],\"inLanguage\":\"fr-FR\"},{\"@type\":\"Organization\",\"@id\":\"https:\/\/congopubonline.com\/#organization\",\"name\":\"Congo Pub Online\",\"url\":\"https:\/\/congopubonline.com\/\",\"logo\":{\"@type\":\"ImageObject\",\"inLanguage\":\"fr-FR\",\"@id\":\"https:\/\/congopubonline.com\/#\/schema\/logo\/image\/\",\"url\":\"https:\/\/congopubonline.com\/wp-content\/uploads\/2022\/09\/LOGO_CONGO-PUB-Online_Version-2.jpg\",\"contentUrl\":\"https:\/\/congopubonline.com\/wp-content\/uploads\/2022\/09\/LOGO_CONGO-PUB-Online_Version-2.jpg\",\"width\":374,\"height\":223,\"caption\":\"Congo Pub Online\"},\"image\":{\"@id\":\"https:\/\/congopubonline.com\/#\/schema\/logo\/image\/\"},\"sameAs\":[\"https:\/\/web.facebook.com\/Congopubonline\",\"https:\/\/x.com\/CONGOPUBOnline\"]},{\"@type\":\"Person\",\"@id\":\"https:\/\/congopubonline.com\/#\/schema\/person\/0d76ad55397527fd49db9d33cd5d6c6c\",\"name\":\"Sam's Londele\",\"url\":\"https:\/\/congopubonline.com\/?author=75\"}]}<\/script>\n<!-- \/ Yoast SEO Premium plugin. -->","yoast_head_json":{"title":"A Butembo, Shabani rassure : \u00ab\u00a0le gouvernement est davantage impliqu\u00e9 pour le retour de la paix\u00a0\u00bb","description":"Le vice-premier ministre de l\u2019int\u00e9rieur, s\u00e9curit\u00e9, d\u00e9centralisation et affaires coutumi\u00e8res, en sejour de travail dans la ville de Butembo, au Nord-Kivu,","robots":{"index":"index","follow":"follow","max-snippet":"max-snippet:-1","max-image-preview":"max-image-preview:large","max-video-preview":"max-video-preview:-1"},"canonical":"https:\/\/congopubonline.com\/?p=69034","og_locale":"fr_FR","og_type":"article","og_title":"A Butembo, Shabani rassure : \u00ab\u00a0le gouvernement est davantage impliqu\u00e9 pour le retour de la paix\u00a0\u00bb","og_description":"Le vice-premier ministre de l\u2019int\u00e9rieur, s\u00e9curit\u00e9, d\u00e9centralisation et affaires coutumi\u00e8res, en sejour de travail dans la ville de Butembo, au Nord-Kivu,","og_url":"https:\/\/congopubonline.com\/?p=69034","og_site_name":"Congo Pub Online","article_publisher":"https:\/\/web.facebook.com\/Congopubonline","article_published_time":"2024-07-16T11:22:26+00:00","article_modified_time":"2024-07-16T11:34:39+00:00","og_image":[{"width":950,"height":608,"url":"https:\/\/congopubonline.com\/wp-content\/uploads\/2024\/07\/Capture-decran-2024-07-16-121800.jpg","type":"image\/jpeg"}],"author":"Sam's Londele","twitter_card":"summary_large_image","twitter_creator":"@CONGOPUBOnline","twitter_site":"@CONGOPUBOnline","twitter_misc":{"\u00c9crit par":"Sam's Londele","Dur\u00e9e de lecture estim\u00e9e":"2 minutes"},"schema":{"@context":"https:\/\/schema.org","@graph":[{"@type":"Article","@id":"https:\/\/congopubonline.com\/?p=69034#article","isPartOf":{"@id":"https:\/\/congopubonline.com\/?p=69034"},"author":{"name":"Sam's Londele","@id":"https:\/\/congopubonline.com\/#\/schema\/person\/0d76ad55397527fd49db9d33cd5d6c6c"},"headline":"A Butembo, Shabani rassure : \u00ab\u00a0le gouvernement est davantage impliqu\u00e9 pour le retour de la paix\u00a0\u00bb","datePublished":"2024-07-16T11:22:26+00:00","dateModified":"2024-07-16T11:34:39+00:00","mainEntityOfPage":{"@id":"https:\/\/congopubonline.com\/?p=69034"},"wordCount":403,"publisher":{"@id":"https:\/\/congopubonline.com\/#organization"},"image":{"@id":"https:\/\/congopubonline.com\/?p=69034#primaryimage"},"thumbnailUrl":"https:\/\/congopubonline.com\/wp-content\/uploads\/2024\/07\/Capture-decran-2024-07-16-121800.jpg","keywords":["\u00ab\u00a0le gouvernement est davantage impliqu\u00e9 pour le retour de la paix\u00a0\u00bb","A Butembo","Shabani rassure"],"articleSection":["\u00c0 la Une","Province"],"inLanguage":"fr-FR"},{"@type":"WebPage","@id":"https:\/\/congopubonline.com\/?p=69034","url":"https:\/\/congopubonline.com\/?p=69034","name":"A Butembo, Shabani rassure : \u00ab\u00a0le gouvernement est davantage impliqu\u00e9 pour le retour de la paix\u00a0\u00bb","isPartOf":{"@id":"https:\/\/congopubonline.com\/#website"},"primaryImageOfPage":{"@id":"https:\/\/congopubonline.com\/?p=69034#primaryimage"},"image":{"@id":"https:\/\/congopubonline.com\/?p=69034#primaryimage"},"thumbnailUrl":"https:\/\/congopubonline.com\/wp-content\/uploads\/2024\/07\/Capture-decran-2024-07-16-121800.jpg","datePublished":"2024-07-16T11:22:26+00:00","dateModified":"2024-07-16T11:34:39+00:00","description":"Le vice-premier ministre de l\u2019int\u00e9rieur, s\u00e9curit\u00e9, d\u00e9centralisation et affaires coutumi\u00e8res, en sejour de travail dans la ville de Butembo, au Nord-Kivu,","breadcrumb":{"@id":"https:\/\/congopubonline.com\/?p=69034#breadcrumb"},"inLanguage":"fr-FR","potentialAction":[{"@type":"ReadAction","target":["https:\/\/congopubonline.com\/?p=69034"]}]},{"@type":"ImageObject","inLanguage":"fr-FR","@id":"https:\/\/congopubonline.com\/?p=69034#primaryimage","url":"https:\/\/congopubonline.com\/wp-content\/uploads\/2024\/07\/Capture-decran-2024-07-16-121800.jpg","contentUrl":"https:\/\/congopubonline.com\/wp-content\/uploads\/2024\/07\/Capture-decran-2024-07-16-121800.jpg","width":950,"height":608},{"@type":"BreadcrumbList","@id":"https:\/\/congopubonline.com\/?p=69034#breadcrumb","itemListElement":[{"@type":"ListItem","position":1,"name":"Accueil","item":"https:\/\/congopubonline.com\/"},{"@type":"ListItem","position":2,"name":"A Butembo, Shabani rassure : \u00ab\u00a0le gouvernement est davantage impliqu\u00e9 pour le retour de la paix\u00a0\u00bb"}]},{"@type":"WebSite","@id":"https:\/\/congopubonline.com\/#website","url":"https:\/\/congopubonline.com\/","name":"Congo Pub Online","description":"Votre site d&#039;actualit\u00e9","publisher":{"@id":"https:\/\/congopubonline.com\/#organization"},"alternateName":"Marketing 3.0","potentialAction":[{"@type":"SearchAction","target":{"@type":"EntryPoint","urlTemplate":"https:\/\/congopubonline.com\/?s={search_term_string}"},"query-input":{"@type":"PropertyValueSpecification","valueRequired":true,"valueName":"search_term_string"}}],"inLanguage":"fr-FR"},{"@type":"Organization","@id":"https:\/\/congopubonline.com\/#organization","name":"Congo Pub Online","url":"https:\/\/congopubonline.com\/","logo":{"@type":"ImageObject","inLanguage":"fr-FR","@id":"https:\/\/congopubonline.com\/#\/schema\/logo\/image\/","url":"https:\/\/congopubonline.com\/wp-content\/uploads\/2022\/09\/LOGO_CONGO-PUB-Online_Version-2.jpg","contentUrl":"https:\/\/congopubonline.com\/wp-content\/uploads\/2022\/09\/LOGO_CONGO-PUB-Online_Version-2.jpg","width":374,"height":223,"caption":"Congo Pub Online"},"image":{"@id":"https:\/\/congopubonline.com\/#\/schema\/logo\/image\/"},"sameAs":["https:\/\/web.facebook.com\/Congopubonline","https:\/\/x.com\/CONGOPUBOnline"]},{"@type":"Person","@id":"https:\/\/congopubonline.com\/#\/schema\/person\/0d76ad55397527fd49db9d33cd5d6c6c","name":"Sam's Londele","url":"https:\/\/congopubonline.com\/?author=75"}]}},"_links":{"self":[{"href":"https:\/\/congopubonline.com\/index.php?rest_route=\/wp\/v2\/posts\/69034","targetHints":{"allow":["GET"]}}],"collection":[{"href":"https:\/\/congopubonline.com\/index.php?rest_route=\/wp\/v2\/posts"}],"about":[{"href":"https:\/\/congopubonline.com\/index.php?rest_route=\/wp\/v2\/types\/post"}],"author":[{"embeddable":true,"href":"https:\/\/congopubonline.com\/index.php?rest_route=\/wp\/v2\/users\/75"}],"replies":[{"embeddable":true,"href":"https:\/\/congopubonline.com\/index.php?rest_route=%2Fwp%2Fv2%2Fcomments&post=69034"}],"version-history":[{"count":0,"href":"https:\/\/congopubonline.com\/index.php?rest_route=\/wp\/v2\/posts\/69034\/revisions"}],"wp:featuredmedia":[{"embeddable":true,"href":"https:\/\/congopubonline.com\/index.php?rest_route=\/wp\/v2\/media\/69037"}],"wp:attachment":[{"href":"https:\/\/congopubonline.com\/index.php?rest_route=%2Fwp%2Fv2%2Fmedia&parent=69034"}],"wp:term":[{"taxonomy":"category","embeddable":true,"href":"https:\/\/congopubonline.com\/index.php?rest_route=%2Fwp%2Fv2%2Fcategories&post=69034"},{"taxonomy":"post_tag","embeddable":true,"href":"https:\/\/congopubonline.com\/index.php?rest_route=%2Fwp%2Fv2%2Ftags&post=69034"}],"curies":[{"name":"wp","href":"https:\/\/api.w.org\/{rel}","templated":true}]}}