{"id":72214,"date":"2024-08-29T14:36:49","date_gmt":"2024-08-29T12:36:49","guid":{"rendered":"https:\/\/congopubonline.com\/?p=72214"},"modified":"2024-08-29T14:37:01","modified_gmt":"2024-08-29T12:37:01","slug":"loms-alerte-sur-la-baisse-de-lutilisation-du-preservatif-chez-les-adolescents","status":"publish","type":"post","link":"https:\/\/congopubonline.com\/?p=72214","title":{"rendered":"L&rsquo;OMS alerte sur la baisse de l&rsquo;utilisation du pr\u00e9servatif chez les adolescents"},"content":{"rendered":"\n<p><strong>Le bureau europ\u00e9en de l&rsquo;Organisation mondiale de la sant\u00e9 a d\u00e9nonc\u00e9 jeudi une baisse de l&rsquo;utilisation du pr\u00e9servatif chez les adolescents ces derni\u00e8res ann\u00e9es, mettant en garde contre les risques d&rsquo;infection et de grossesses non d\u00e9sir\u00e9es dans des pays allant du Canada \u00e0 l&rsquo;Asie centrale.<\/strong><\/p>\n\n\n\n<p>Les r\u00e9sultats sont pr\u00e9sent\u00e9s dans le dernier rapport de l&rsquo;OMS Europe sur le comportement sanitaire des enfants d&rsquo;\u00e2ge scolaire et sont tir\u00e9s d&rsquo;enqu\u00eates men\u00e9es aupr\u00e8s de pr\u00e8s d&rsquo;un quart de million d&rsquo;\u00e9l\u00e8ves de 15 ans dans 42 pays entre 2014 et 2022.<\/p>\n\n\n\n<p>\u00ab Bien que les r\u00e9sultats varient consid\u00e9rablement selon les pays et les r\u00e9gions, la tendance la plus importante observ\u00e9e depuis l&rsquo;enqu\u00eate sur le comportement sanitaire des enfants d&rsquo;\u00e2ge scolaire en 2014 est une baisse dans certains pays et r\u00e9gions de l&rsquo;utilisation du pr\u00e9servatif chez les jeunes de 15 ans sexuellement actifs \u00bb, a d\u00e9clar\u00e9 le Dr Hans Kluge, directeur r\u00e9gional de l&rsquo;OMS Europe, dans une pr\u00e9face au rapport.<\/p>\n\n\n\n<p>Il a d\u00e9clar\u00e9 que les r\u00e9sultats, qui examinaient \u00e9galement l&rsquo;utilisation de la pilule contraceptive, \u00e9taient \u00ab consternants \u00bb mais \u00ab pas surprenants \u00bb, au vu de l&rsquo;\u00e9ducation sexuelle n\u00e9glig\u00e9e dans de nombreux pays. L&rsquo;OMS et les auteurs ont exhort\u00e9 les d\u00e9cideurs \u00e0 faire davantage pour l&rsquo;am\u00e9liorer.<\/p>\n\n\n\n<p>Dans les pays o\u00f9 une \u00e9ducation sexuelle \u00ab adapt\u00e9e \u00e0 l&rsquo;\u00e2ge \u00bb est disponible, \u00ab elle est de plus en plus attaqu\u00e9e ces derni\u00e8res ann\u00e9es sur la fausse pr\u00e9misse selon laquelle elle encourage le comportement sexuel \u00bb, a d\u00e9clar\u00e9 Kluge ajout\u00e9.<\/p>\n\n\n\n<p>Parmi les adolescents sexuellement actifs interrog\u00e9s, le pourcentage de gar\u00e7ons d\u00e9clarant avoir utilis\u00e9 un pr\u00e9servatif lors de leur dernier rapport sexuel est tomb\u00e9 \u00e0 61 % en 2022, contre 70 % en 2014. Parmi les filles interrog\u00e9es, ce chiffre est pass\u00e9 de 63 % \u00e0 57 % sur la m\u00eame p\u00e9riode.<\/p>\n\n\n\n<p>Dans l\u2019ensemble, la proportion d\u2019adolescents d\u00e9clarant avoir eu des rapports sexuels est rest\u00e9e \u00ab relativement stable \u00bb depuis 2014, avec un gar\u00e7on de 15 ans sur cinq et 15 % des filles du m\u00eame \u00e2ge d\u00e9clarant avoir eu des rapports sexuels. Le chiffre pour les gar\u00e7ons est en l\u00e9g\u00e8re baisse par rapport \u00e0 2018, o\u00f9 un sur quatre d\u00e9clarait avoir eu des rapports sexuels.<\/p>\n\n\n\n<p>Selon les r\u00e9sultats de l&rsquo;\u00e9tude, les adolescents issus de familles pauvres ou \u00ab \u00e0 faible revenu \u00bb \u00e9taient plus susceptibles de ne pas utiliser de pr\u00e9servatif : un sur trois contre un sur quatre parmi les adolescents issus de milieux plus ais\u00e9s, selon l&rsquo;OMS Europe, bas\u00e9e \u00e0 Copenhague, au Danemark.<\/p>\n\n\n\n<p>L&rsquo;utilisation du pr\u00e9servatif chez les filles \u00e9tait la plus faible en Albanie (24 %) et la plus \u00e9lev\u00e9e en Serbie (81 %), selon le rapport. Chez les gar\u00e7ons, le taux d&rsquo;utilisation le plus faible a \u00e9t\u00e9 observ\u00e9 en Su\u00e8de (43 %), tandis que le taux le plus \u00e9lev\u00e9 a \u00e9t\u00e9 observ\u00e9 en Suisse (77 %).<\/p>\n\n\n\n<p><strong>Africanews via CONGO PUB Online<\/strong><\/p>\n<div class='epvc-post-count'><span class='epvc-eye'><\/span>  <span class=\"epvc-count\"> 223<\/span><span class='epvc-label'> Vues<\/span><\/div>","protected":false},"excerpt":{"rendered":"<p>Le bureau europ\u00e9en de l&rsquo;Organisation mondiale de la sant\u00e9 a d\u00e9nonc\u00e9 jeudi une baisse de l&rsquo;utilisation du pr\u00e9servatif chez les adolescents ces derni\u00e8res ann\u00e9es, mettant en garde contre les risques&hellip;<\/p>\n","protected":false},"author":74,"featured_media":72215,"comment_status":"closed","ping_status":"closed","sticky":false,"template":"","format":"standard","meta":{"content-type":"","_monsterinsights_skip_tracking":false,"_monsterinsights_sitenote_active":false,"_monsterinsights_sitenote_note":"","_monsterinsights_sitenote_category":0,"footnotes":""},"categories":[60],"tags":[],"class_list":["post-72214","post","type-post","status-publish","format-standard","has-post-thumbnail","hentry","category-sante"],"yoast_head":"<!-- This site is optimized with the Yoast SEO Premium plugin v25.4 (Yoast SEO v25.4) - https:\/\/yoast.com\/wordpress\/plugins\/seo\/ -->\n<title>L&#039;OMS alerte sur la baisse de l&#039;utilisation du pr\u00e9servatif chez les adolescents - Congo Pub Online<\/title>\n<meta name=\"description\" content=\"Le bureau europ\u00e9en de l&#039;Organisation mondiale de la sant\u00e9 a d\u00e9nonc\u00e9 jeudi une baisse de l&#039;utilisation du pr\u00e9servatif\" \/>\n<meta name=\"robots\" content=\"index, follow, max-snippet:-1, max-image-preview:large, max-video-preview:-1\" \/>\n<link rel=\"canonical\" href=\"https:\/\/congopubonline.com\/?p=72214\" \/>\n<meta property=\"og:locale\" content=\"fr_FR\" \/>\n<meta property=\"og:type\" content=\"article\" \/>\n<meta property=\"og:title\" content=\"L&#039;OMS alerte sur la baisse de l&#039;utilisation du pr\u00e9servatif chez les adolescents\" \/>\n<meta property=\"og:description\" content=\"Le bureau europ\u00e9en de l&#039;Organisation mondiale de la sant\u00e9 a d\u00e9nonc\u00e9 jeudi une baisse de l&#039;utilisation du pr\u00e9servatif\" \/>\n<meta property=\"og:url\" content=\"https:\/\/congopubonline.com\/?p=72214\" \/>\n<meta property=\"og:site_name\" content=\"Congo Pub Online\" \/>\n<meta property=\"article:publisher\" content=\"https:\/\/web.facebook.com\/Congopubonline\" \/>\n<meta property=\"article:published_time\" content=\"2024-08-29T12:36:49+00:00\" \/>\n<meta property=\"article:modified_time\" content=\"2024-08-29T12:37:01+00:00\" \/>\n<meta property=\"og:image\" content=\"https:\/\/congopubonline.com\/wp-content\/uploads\/2024\/08\/preservatif.webp\" \/>\n\t<meta property=\"og:image:width\" content=\"1024\" \/>\n\t<meta property=\"og:image:height\" content=\"576\" \/>\n\t<meta property=\"og:image:type\" content=\"image\/webp\" \/>\n<meta name=\"author\" content=\"Ruben Yale\" \/>\n<meta name=\"twitter:card\" content=\"summary_large_image\" \/>\n<meta name=\"twitter:creator\" content=\"@CONGOPUBOnline\" \/>\n<meta name=\"twitter:site\" content=\"@CONGOPUBOnline\" \/>\n<meta name=\"twitter:label1\" content=\"\u00c9crit par\" \/>\n\t<meta name=\"twitter:data1\" content=\"Ruben Yale\" \/>\n\t<meta name=\"twitter:label2\" content=\"Dur\u00e9e de lecture estim\u00e9e\" \/>\n\t<meta name=\"twitter:data2\" content=\"3 minutes\" \/>\n<script type=\"application\/ld+json\" class=\"yoast-schema-graph\">{\"@context\":\"https:\/\/schema.org\",\"@graph\":[{\"@type\":\"Article\",\"@id\":\"https:\/\/congopubonline.com\/?p=72214#article\",\"isPartOf\":{\"@id\":\"https:\/\/congopubonline.com\/?p=72214\"},\"author\":{\"name\":\"Ruben Yale\",\"@id\":\"https:\/\/congopubonline.com\/#\/schema\/person\/602917c8716d290c89ca7df6c4a0ffe5\"},\"headline\":\"L&rsquo;OMS alerte sur la baisse de l&rsquo;utilisation du pr\u00e9servatif chez les adolescents\",\"datePublished\":\"2024-08-29T12:36:49+00:00\",\"dateModified\":\"2024-08-29T12:37:01+00:00\",\"mainEntityOfPage\":{\"@id\":\"https:\/\/congopubonline.com\/?p=72214\"},\"wordCount\":516,\"publisher\":{\"@id\":\"https:\/\/congopubonline.com\/#organization\"},\"image\":{\"@id\":\"https:\/\/congopubonline.com\/?p=72214#primaryimage\"},\"thumbnailUrl\":\"https:\/\/congopubonline.com\/wp-content\/uploads\/2024\/08\/preservatif.webp\",\"articleSection\":[\"Sant\u00e9\"],\"inLanguage\":\"fr-FR\"},{\"@type\":\"WebPage\",\"@id\":\"https:\/\/congopubonline.com\/?p=72214\",\"url\":\"https:\/\/congopubonline.com\/?p=72214\",\"name\":\"L'OMS alerte sur la baisse de l'utilisation du pr\u00e9servatif chez les adolescents - Congo Pub Online\",\"isPartOf\":{\"@id\":\"https:\/\/congopubonline.com\/#website\"},\"primaryImageOfPage\":{\"@id\":\"https:\/\/congopubonline.com\/?p=72214#primaryimage\"},\"image\":{\"@id\":\"https:\/\/congopubonline.com\/?p=72214#primaryimage\"},\"thumbnailUrl\":\"https:\/\/congopubonline.com\/wp-content\/uploads\/2024\/08\/preservatif.webp\",\"datePublished\":\"2024-08-29T12:36:49+00:00\",\"dateModified\":\"2024-08-29T12:37:01+00:00\",\"description\":\"Le bureau europ\u00e9en de l'Organisation mondiale de la sant\u00e9 a d\u00e9nonc\u00e9 jeudi une baisse de l'utilisation du pr\u00e9servatif\",\"breadcrumb\":{\"@id\":\"https:\/\/congopubonline.com\/?p=72214#breadcrumb\"},\"inLanguage\":\"fr-FR\",\"potentialAction\":[{\"@type\":\"ReadAction\",\"target\":[\"https:\/\/congopubonline.com\/?p=72214\"]}]},{\"@type\":\"ImageObject\",\"inLanguage\":\"fr-FR\",\"@id\":\"https:\/\/congopubonline.com\/?p=72214#primaryimage\",\"url\":\"https:\/\/congopubonline.com\/wp-content\/uploads\/2024\/08\/preservatif.webp\",\"contentUrl\":\"https:\/\/congopubonline.com\/wp-content\/uploads\/2024\/08\/preservatif.webp\",\"width\":1024,\"height\":576},{\"@type\":\"BreadcrumbList\",\"@id\":\"https:\/\/congopubonline.com\/?p=72214#breadcrumb\",\"itemListElement\":[{\"@type\":\"ListItem\",\"position\":1,\"name\":\"Accueil\",\"item\":\"https:\/\/congopubonline.com\/\"},{\"@type\":\"ListItem\",\"position\":2,\"name\":\"L&rsquo;OMS alerte sur la baisse de l&rsquo;utilisation du pr\u00e9servatif chez les adolescents\"}]},{\"@type\":\"WebSite\",\"@id\":\"https:\/\/congopubonline.com\/#website\",\"url\":\"https:\/\/congopubonline.com\/\",\"name\":\"Congo Pub Online\",\"description\":\"Votre site d&#039;actualit\u00e9\",\"publisher\":{\"@id\":\"https:\/\/congopubonline.com\/#organization\"},\"alternateName\":\"Marketing 3.0\",\"potentialAction\":[{\"@type\":\"SearchAction\",\"target\":{\"@type\":\"EntryPoint\",\"urlTemplate\":\"https:\/\/congopubonline.com\/?s={search_term_string}\"},\"query-input\":{\"@type\":\"PropertyValueSpecification\",\"valueRequired\":true,\"valueName\":\"search_term_string\"}}],\"inLanguage\":\"fr-FR\"},{\"@type\":\"Organization\",\"@id\":\"https:\/\/congopubonline.com\/#organization\",\"name\":\"Congo Pub Online\",\"url\":\"https:\/\/congopubonline.com\/\",\"logo\":{\"@type\":\"ImageObject\",\"inLanguage\":\"fr-FR\",\"@id\":\"https:\/\/congopubonline.com\/#\/schema\/logo\/image\/\",\"url\":\"https:\/\/congopubonline.com\/wp-content\/uploads\/2022\/09\/LOGO_CONGO-PUB-Online_Version-2.jpg\",\"contentUrl\":\"https:\/\/congopubonline.com\/wp-content\/uploads\/2022\/09\/LOGO_CONGO-PUB-Online_Version-2.jpg\",\"width\":374,\"height\":223,\"caption\":\"Congo Pub Online\"},\"image\":{\"@id\":\"https:\/\/congopubonline.com\/#\/schema\/logo\/image\/\"},\"sameAs\":[\"https:\/\/web.facebook.com\/Congopubonline\",\"https:\/\/x.com\/CONGOPUBOnline\"]},{\"@type\":\"Person\",\"@id\":\"https:\/\/congopubonline.com\/#\/schema\/person\/602917c8716d290c89ca7df6c4a0ffe5\",\"name\":\"Ruben Yale\",\"url\":\"https:\/\/congopubonline.com\/?author=74\"}]}<\/script>\n<!-- \/ Yoast SEO Premium plugin. -->","yoast_head_json":{"title":"L'OMS alerte sur la baisse de l'utilisation du pr\u00e9servatif chez les adolescents - Congo Pub Online","description":"Le bureau europ\u00e9en de l'Organisation mondiale de la sant\u00e9 a d\u00e9nonc\u00e9 jeudi une baisse de l'utilisation du pr\u00e9servatif","robots":{"index":"index","follow":"follow","max-snippet":"max-snippet:-1","max-image-preview":"max-image-preview:large","max-video-preview":"max-video-preview:-1"},"canonical":"https:\/\/congopubonline.com\/?p=72214","og_locale":"fr_FR","og_type":"article","og_title":"L'OMS alerte sur la baisse de l'utilisation du pr\u00e9servatif chez les adolescents","og_description":"Le bureau europ\u00e9en de l'Organisation mondiale de la sant\u00e9 a d\u00e9nonc\u00e9 jeudi une baisse de l'utilisation du pr\u00e9servatif","og_url":"https:\/\/congopubonline.com\/?p=72214","og_site_name":"Congo Pub Online","article_publisher":"https:\/\/web.facebook.com\/Congopubonline","article_published_time":"2024-08-29T12:36:49+00:00","article_modified_time":"2024-08-29T12:37:01+00:00","og_image":[{"width":1024,"height":576,"url":"https:\/\/congopubonline.com\/wp-content\/uploads\/2024\/08\/preservatif.webp","type":"image\/webp"}],"author":"Ruben Yale","twitter_card":"summary_large_image","twitter_creator":"@CONGOPUBOnline","twitter_site":"@CONGOPUBOnline","twitter_misc":{"\u00c9crit par":"Ruben Yale","Dur\u00e9e de lecture estim\u00e9e":"3 minutes"},"schema":{"@context":"https:\/\/schema.org","@graph":[{"@type":"Article","@id":"https:\/\/congopubonline.com\/?p=72214#article","isPartOf":{"@id":"https:\/\/congopubonline.com\/?p=72214"},"author":{"name":"Ruben Yale","@id":"https:\/\/congopubonline.com\/#\/schema\/person\/602917c8716d290c89ca7df6c4a0ffe5"},"headline":"L&rsquo;OMS alerte sur la baisse de l&rsquo;utilisation du pr\u00e9servatif chez les adolescents","datePublished":"2024-08-29T12:36:49+00:00","dateModified":"2024-08-29T12:37:01+00:00","mainEntityOfPage":{"@id":"https:\/\/congopubonline.com\/?p=72214"},"wordCount":516,"publisher":{"@id":"https:\/\/congopubonline.com\/#organization"},"image":{"@id":"https:\/\/congopubonline.com\/?p=72214#primaryimage"},"thumbnailUrl":"https:\/\/congopubonline.com\/wp-content\/uploads\/2024\/08\/preservatif.webp","articleSection":["Sant\u00e9"],"inLanguage":"fr-FR"},{"@type":"WebPage","@id":"https:\/\/congopubonline.com\/?p=72214","url":"https:\/\/congopubonline.com\/?p=72214","name":"L'OMS alerte sur la baisse de l'utilisation du pr\u00e9servatif chez les adolescents - Congo Pub Online","isPartOf":{"@id":"https:\/\/congopubonline.com\/#website"},"primaryImageOfPage":{"@id":"https:\/\/congopubonline.com\/?p=72214#primaryimage"},"image":{"@id":"https:\/\/congopubonline.com\/?p=72214#primaryimage"},"thumbnailUrl":"https:\/\/congopubonline.com\/wp-content\/uploads\/2024\/08\/preservatif.webp","datePublished":"2024-08-29T12:36:49+00:00","dateModified":"2024-08-29T12:37:01+00:00","description":"Le bureau europ\u00e9en de l'Organisation mondiale de la sant\u00e9 a d\u00e9nonc\u00e9 jeudi une baisse de l'utilisation du pr\u00e9servatif","breadcrumb":{"@id":"https:\/\/congopubonline.com\/?p=72214#breadcrumb"},"inLanguage":"fr-FR","potentialAction":[{"@type":"ReadAction","target":["https:\/\/congopubonline.com\/?p=72214"]}]},{"@type":"ImageObject","inLanguage":"fr-FR","@id":"https:\/\/congopubonline.com\/?p=72214#primaryimage","url":"https:\/\/congopubonline.com\/wp-content\/uploads\/2024\/08\/preservatif.webp","contentUrl":"https:\/\/congopubonline.com\/wp-content\/uploads\/2024\/08\/preservatif.webp","width":1024,"height":576},{"@type":"BreadcrumbList","@id":"https:\/\/congopubonline.com\/?p=72214#breadcrumb","itemListElement":[{"@type":"ListItem","position":1,"name":"Accueil","item":"https:\/\/congopubonline.com\/"},{"@type":"ListItem","position":2,"name":"L&rsquo;OMS alerte sur la baisse de l&rsquo;utilisation du pr\u00e9servatif chez les adolescents"}]},{"@type":"WebSite","@id":"https:\/\/congopubonline.com\/#website","url":"https:\/\/congopubonline.com\/","name":"Congo Pub Online","description":"Votre site d&#039;actualit\u00e9","publisher":{"@id":"https:\/\/congopubonline.com\/#organization"},"alternateName":"Marketing 3.0","potentialAction":[{"@type":"SearchAction","target":{"@type":"EntryPoint","urlTemplate":"https:\/\/congopubonline.com\/?s={search_term_string}"},"query-input":{"@type":"PropertyValueSpecification","valueRequired":true,"valueName":"search_term_string"}}],"inLanguage":"fr-FR"},{"@type":"Organization","@id":"https:\/\/congopubonline.com\/#organization","name":"Congo Pub Online","url":"https:\/\/congopubonline.com\/","logo":{"@type":"ImageObject","inLanguage":"fr-FR","@id":"https:\/\/congopubonline.com\/#\/schema\/logo\/image\/","url":"https:\/\/congopubonline.com\/wp-content\/uploads\/2022\/09\/LOGO_CONGO-PUB-Online_Version-2.jpg","contentUrl":"https:\/\/congopubonline.com\/wp-content\/uploads\/2022\/09\/LOGO_CONGO-PUB-Online_Version-2.jpg","width":374,"height":223,"caption":"Congo Pub Online"},"image":{"@id":"https:\/\/congopubonline.com\/#\/schema\/logo\/image\/"},"sameAs":["https:\/\/web.facebook.com\/Congopubonline","https:\/\/x.com\/CONGOPUBOnline"]},{"@type":"Person","@id":"https:\/\/congopubonline.com\/#\/schema\/person\/602917c8716d290c89ca7df6c4a0ffe5","name":"Ruben Yale","url":"https:\/\/congopubonline.com\/?author=74"}]}},"_links":{"self":[{"href":"https:\/\/congopubonline.com\/index.php?rest_route=\/wp\/v2\/posts\/72214","targetHints":{"allow":["GET"]}}],"collection":[{"href":"https:\/\/congopubonline.com\/index.php?rest_route=\/wp\/v2\/posts"}],"about":[{"href":"https:\/\/congopubonline.com\/index.php?rest_route=\/wp\/v2\/types\/post"}],"author":[{"embeddable":true,"href":"https:\/\/congopubonline.com\/index.php?rest_route=\/wp\/v2\/users\/74"}],"replies":[{"embeddable":true,"href":"https:\/\/congopubonline.com\/index.php?rest_route=%2Fwp%2Fv2%2Fcomments&post=72214"}],"version-history":[{"count":0,"href":"https:\/\/congopubonline.com\/index.php?rest_route=\/wp\/v2\/posts\/72214\/revisions"}],"wp:featuredmedia":[{"embeddable":true,"href":"https:\/\/congopubonline.com\/index.php?rest_route=\/wp\/v2\/media\/72215"}],"wp:attachment":[{"href":"https:\/\/congopubonline.com\/index.php?rest_route=%2Fwp%2Fv2%2Fmedia&parent=72214"}],"wp:term":[{"taxonomy":"category","embeddable":true,"href":"https:\/\/congopubonline.com\/index.php?rest_route=%2Fwp%2Fv2%2Fcategories&post=72214"},{"taxonomy":"post_tag","embeddable":true,"href":"https:\/\/congopubonline.com\/index.php?rest_route=%2Fwp%2Fv2%2Ftags&post=72214"}],"curies":[{"name":"wp","href":"https:\/\/api.w.org\/{rel}","templated":true}]}}