{"id":85119,"date":"2025-05-28T12:13:01","date_gmt":"2025-05-28T10:13:01","guid":{"rendered":"https:\/\/congopubonline.com\/?p=85119"},"modified":"2025-05-28T12:13:09","modified_gmt":"2025-05-28T10:13:09","slug":"la-premiere-ministre-judith-suminwa-renforce-le-controle-des-marches-publics-en-rdc","status":"publish","type":"post","link":"https:\/\/congopubonline.com\/?p=85119","title":{"rendered":"La Premi\u00e8re ministre Judith Suminwa renforce le contr\u00f4le des march\u00e9s publics en RDC"},"content":{"rendered":"\n<p>Dans une circulaire officielle adress\u00e9e au Pr\u00e9sident de la R\u00e9publique et aux membres du gouvernement, la Premi\u00e8re ministre Judith Suminwa Tuluka a pris des mesures \u00e9nergiques pour encadrer strictement le recours aux march\u00e9s de gr\u00e9 \u00e0 gr\u00e9. Cette initiative fait suite au constat de nombreuses irr\u00e9gularit\u00e9s dans l&rsquo;attribution de ces march\u00e9s publics.<\/p>\n\n\n\n<p>La Premi\u00e8re ministre a relev\u00e9 avec pr\u00e9occupation que de nombreuses proc\u00e9dures de gr\u00e9 \u00e0 gr\u00e9 ne respectaient pas les dispositions l\u00e9gales, en particulier l&rsquo;article 42 de la loi du 27 avril 2010 relative aux march\u00e9s publics. Elle a soulign\u00e9 deux probl\u00e8mes majeurs : les justifications invoqu\u00e9es pour le recours \u00e0 cette proc\u00e9dure d\u00e9rogatoire sont souvent infond\u00e9es, et les entreprises s\u00e9lectionn\u00e9es manquent fr\u00e9quemment des capacit\u00e9s techniques et financi\u00e8res requises.<\/p>\n\n\n\n<p>Face \u00e0 ces d\u00e9rives qui compromettent les principes de transparence et de bonne gestion des deniers publics, la cheffe du gouvernement a instaur\u00e9 un cadre strict pour toute nouvelle demande de march\u00e9 de gr\u00e9 \u00e0 gr\u00e9. Pour les march\u00e9s d\u00e9passant le seuil d&rsquo;appel d&rsquo;offres international, les autorit\u00e9s contractantes doivent d\u00e9sormais transmettre syst\u00e9matiquement un dossier complet \u00e0 la Primature. Ce dossier doit notamment inclure une justification conforme \u00e0 la loi, la preuve de disponibilit\u00e9 des cr\u00e9dits budg\u00e9taires, ainsi que tous les documents attestant des capacit\u00e9s et de l&rsquo;exp\u00e9rience de l&rsquo;entreprise s\u00e9lectionn\u00e9e.<\/p>\n\n\n\n<p>La circulaire pr\u00e9cise que dans un premier temps, les contrats ne pourront \u00eatre que paraph\u00e9s et non sign\u00e9s. Chaque dossier devra \u00e9galement comprendre un inventaire d\u00e9taill\u00e9 des pi\u00e8ces jointes. La Premi\u00e8re ministre a averti que des sanctions seraient appliqu\u00e9es en cas de non-respect de ces nouvelles dispositions.<\/p>\n\n\n\n<p>Cette mesure s&rsquo;inscrit dans la volont\u00e9 du gouvernement d&rsquo;assainir les pratiques en mati\u00e8re de march\u00e9s publics, de garantir une utilisation optimale des fonds publics et d&rsquo;assurer la qualit\u00e9 des travaux financ\u00e9s par l&rsquo;\u00c9tat. Elle t\u00e9moigne de l&rsquo;engagement de l&rsquo;administration Suminwa \u00e0 moraliser et moderniser la gestion publique en RDC. Toutes les autorit\u00e9s contractantes sont somm\u00e9es de se conformer sans d\u00e9lai \u00e0 ces nouvelles r\u00e8gles qui marquent un tournant dans la gestion des march\u00e9s publics dans le pays.<\/p>\n\n\n\n<p><strong>Par Marc Etumba, correspondant \u00e0 Kinshasa<br>CONGO PUB Online<\/strong><\/p>\n\n\n\n<p><\/p>\n<div class='epvc-post-count'><span class='epvc-eye'><\/span>  <span class=\"epvc-count\"> 133<\/span><span class='epvc-label'> Vues<\/span><\/div>","protected":false},"excerpt":{"rendered":"<p>Dans une circulaire officielle adress\u00e9e au Pr\u00e9sident de la R\u00e9publique et aux membres du gouvernement, la Premi\u00e8re ministre Judith Suminwa Tuluka a pris des mesures \u00e9nergiques pour encadrer strictement le&hellip;<\/p>\n","protected":false},"author":1,"featured_media":85124,"comment_status":"closed","ping_status":"closed","sticky":false,"template":"","format":"standard","meta":{"content-type":"","_monsterinsights_skip_tracking":false,"_monsterinsights_sitenote_active":false,"_monsterinsights_sitenote_note":"","_monsterinsights_sitenote_category":0,"footnotes":""},"categories":[844,58],"tags":[],"class_list":["post-85119","post","type-post","status-publish","format-standard","has-post-thumbnail","hentry","category-a-la-une","category-politiques"],"yoast_head":"<!-- This site is optimized with the Yoast SEO Premium plugin v25.4 (Yoast SEO v25.4) - https:\/\/yoast.com\/wordpress\/plugins\/seo\/ -->\n<title>La Premi\u00e8re ministre Judith Suminwa renforce le contr\u00f4le des march\u00e9s publics en RDC - Congo Pub Online<\/title>\n<meta name=\"description\" content=\"La Premi\u00e8re ministre Judith Suminwa renforce le contr\u00f4le des march\u00e9s publics en RDC \u00c0 la Une\" \/>\n<meta name=\"robots\" content=\"index, follow, max-snippet:-1, max-image-preview:large, max-video-preview:-1\" \/>\n<link rel=\"canonical\" href=\"https:\/\/congopubonline.com\/?p=85119\" \/>\n<meta property=\"og:locale\" content=\"fr_FR\" \/>\n<meta property=\"og:type\" content=\"article\" \/>\n<meta property=\"og:title\" content=\"La Premi\u00e8re ministre Judith Suminwa renforce le contr\u00f4le des march\u00e9s publics en RDC\" \/>\n<meta property=\"og:description\" content=\"La Premi\u00e8re ministre Judith Suminwa renforce le contr\u00f4le des march\u00e9s publics en RDC \u00c0 la Une\" \/>\n<meta property=\"og:url\" content=\"https:\/\/congopubonline.com\/?p=85119\" \/>\n<meta property=\"og:site_name\" content=\"Congo Pub Online\" \/>\n<meta property=\"article:publisher\" content=\"https:\/\/web.facebook.com\/Congopubonline\" \/>\n<meta property=\"article:published_time\" content=\"2025-05-28T10:13:01+00:00\" \/>\n<meta property=\"article:modified_time\" content=\"2025-05-28T10:13:09+00:00\" \/>\n<meta property=\"og:image\" content=\"https:\/\/congopubonline.com\/wp-content\/uploads\/2025\/05\/GS3V69jXIAA2zpS.jpg\" \/>\n\t<meta property=\"og:image:width\" content=\"1080\" \/>\n\t<meta property=\"og:image:height\" content=\"1097\" \/>\n\t<meta property=\"og:image:type\" content=\"image\/jpeg\" \/>\n<meta name=\"author\" content=\"admin9775\" \/>\n<meta name=\"twitter:card\" content=\"summary_large_image\" \/>\n<meta name=\"twitter:creator\" content=\"@CONGOPUBOnline\" \/>\n<meta name=\"twitter:site\" content=\"@CONGOPUBOnline\" \/>\n<meta name=\"twitter:label1\" content=\"\u00c9crit par\" \/>\n\t<meta name=\"twitter:data1\" content=\"admin9775\" \/>\n\t<meta name=\"twitter:label2\" content=\"Dur\u00e9e de lecture estim\u00e9e\" \/>\n\t<meta name=\"twitter:data2\" content=\"2 minutes\" \/>\n<script type=\"application\/ld+json\" class=\"yoast-schema-graph\">{\"@context\":\"https:\/\/schema.org\",\"@graph\":[{\"@type\":\"Article\",\"@id\":\"https:\/\/congopubonline.com\/?p=85119#article\",\"isPartOf\":{\"@id\":\"https:\/\/congopubonline.com\/?p=85119\"},\"author\":{\"name\":\"admin9775\",\"@id\":\"https:\/\/congopubonline.com\/#\/schema\/person\/d2f3a940be2e9c1a0e4f8831e203f3cc\"},\"headline\":\"La Premi\u00e8re ministre Judith Suminwa renforce le contr\u00f4le des march\u00e9s publics en RDC\",\"datePublished\":\"2025-05-28T10:13:01+00:00\",\"dateModified\":\"2025-05-28T10:13:09+00:00\",\"mainEntityOfPage\":{\"@id\":\"https:\/\/congopubonline.com\/?p=85119\"},\"wordCount\":407,\"publisher\":{\"@id\":\"https:\/\/congopubonline.com\/#organization\"},\"image\":{\"@id\":\"https:\/\/congopubonline.com\/?p=85119#primaryimage\"},\"thumbnailUrl\":\"https:\/\/congopubonline.com\/wp-content\/uploads\/2025\/05\/GS3V69jXIAA2zpS.jpg\",\"articleSection\":[\"\u00c0 la Une\",\"Politique\"],\"inLanguage\":\"fr-FR\"},{\"@type\":\"WebPage\",\"@id\":\"https:\/\/congopubonline.com\/?p=85119\",\"url\":\"https:\/\/congopubonline.com\/?p=85119\",\"name\":\"La Premi\u00e8re ministre Judith Suminwa renforce le contr\u00f4le des march\u00e9s publics en RDC - Congo Pub Online\",\"isPartOf\":{\"@id\":\"https:\/\/congopubonline.com\/#website\"},\"primaryImageOfPage\":{\"@id\":\"https:\/\/congopubonline.com\/?p=85119#primaryimage\"},\"image\":{\"@id\":\"https:\/\/congopubonline.com\/?p=85119#primaryimage\"},\"thumbnailUrl\":\"https:\/\/congopubonline.com\/wp-content\/uploads\/2025\/05\/GS3V69jXIAA2zpS.jpg\",\"datePublished\":\"2025-05-28T10:13:01+00:00\",\"dateModified\":\"2025-05-28T10:13:09+00:00\",\"description\":\"La Premi\u00e8re ministre Judith Suminwa renforce le contr\u00f4le des march\u00e9s publics en RDC \u00c0 la Une\",\"breadcrumb\":{\"@id\":\"https:\/\/congopubonline.com\/?p=85119#breadcrumb\"},\"inLanguage\":\"fr-FR\",\"potentialAction\":[{\"@type\":\"ReadAction\",\"target\":[\"https:\/\/congopubonline.com\/?p=85119\"]}]},{\"@type\":\"ImageObject\",\"inLanguage\":\"fr-FR\",\"@id\":\"https:\/\/congopubonline.com\/?p=85119#primaryimage\",\"url\":\"https:\/\/congopubonline.com\/wp-content\/uploads\/2025\/05\/GS3V69jXIAA2zpS.jpg\",\"contentUrl\":\"https:\/\/congopubonline.com\/wp-content\/uploads\/2025\/05\/GS3V69jXIAA2zpS.jpg\",\"width\":1080,\"height\":1097},{\"@type\":\"BreadcrumbList\",\"@id\":\"https:\/\/congopubonline.com\/?p=85119#breadcrumb\",\"itemListElement\":[{\"@type\":\"ListItem\",\"position\":1,\"name\":\"Accueil\",\"item\":\"https:\/\/congopubonline.com\/\"},{\"@type\":\"ListItem\",\"position\":2,\"name\":\"La Premi\u00e8re ministre Judith Suminwa renforce le contr\u00f4le des march\u00e9s publics en RDC\"}]},{\"@type\":\"WebSite\",\"@id\":\"https:\/\/congopubonline.com\/#website\",\"url\":\"https:\/\/congopubonline.com\/\",\"name\":\"Congo Pub Online\",\"description\":\"Votre site d&#039;actualit\u00e9\",\"publisher\":{\"@id\":\"https:\/\/congopubonline.com\/#organization\"},\"alternateName\":\"Marketing 3.0\",\"potentialAction\":[{\"@type\":\"SearchAction\",\"target\":{\"@type\":\"EntryPoint\",\"urlTemplate\":\"https:\/\/congopubonline.com\/?s={search_term_string}\"},\"query-input\":{\"@type\":\"PropertyValueSpecification\",\"valueRequired\":true,\"valueName\":\"search_term_string\"}}],\"inLanguage\":\"fr-FR\"},{\"@type\":\"Organization\",\"@id\":\"https:\/\/congopubonline.com\/#organization\",\"name\":\"Congo Pub Online\",\"url\":\"https:\/\/congopubonline.com\/\",\"logo\":{\"@type\":\"ImageObject\",\"inLanguage\":\"fr-FR\",\"@id\":\"https:\/\/congopubonline.com\/#\/schema\/logo\/image\/\",\"url\":\"https:\/\/congopubonline.com\/wp-content\/uploads\/2022\/09\/LOGO_CONGO-PUB-Online_Version-2.jpg\",\"contentUrl\":\"https:\/\/congopubonline.com\/wp-content\/uploads\/2022\/09\/LOGO_CONGO-PUB-Online_Version-2.jpg\",\"width\":374,\"height\":223,\"caption\":\"Congo Pub Online\"},\"image\":{\"@id\":\"https:\/\/congopubonline.com\/#\/schema\/logo\/image\/\"},\"sameAs\":[\"https:\/\/web.facebook.com\/Congopubonline\",\"https:\/\/x.com\/CONGOPUBOnline\"]},{\"@type\":\"Person\",\"@id\":\"https:\/\/congopubonline.com\/#\/schema\/person\/d2f3a940be2e9c1a0e4f8831e203f3cc\",\"name\":\"admin9775\",\"sameAs\":[\"http:\/\/congopubonline.com\"],\"url\":\"https:\/\/congopubonline.com\/?author=1\"}]}<\/script>\n<!-- \/ Yoast SEO Premium plugin. -->","yoast_head_json":{"title":"La Premi\u00e8re ministre Judith Suminwa renforce le contr\u00f4le des march\u00e9s publics en RDC - Congo Pub Online","description":"La Premi\u00e8re ministre Judith Suminwa renforce le contr\u00f4le des march\u00e9s publics en RDC \u00c0 la Une","robots":{"index":"index","follow":"follow","max-snippet":"max-snippet:-1","max-image-preview":"max-image-preview:large","max-video-preview":"max-video-preview:-1"},"canonical":"https:\/\/congopubonline.com\/?p=85119","og_locale":"fr_FR","og_type":"article","og_title":"La Premi\u00e8re ministre Judith Suminwa renforce le contr\u00f4le des march\u00e9s publics en RDC","og_description":"La Premi\u00e8re ministre Judith Suminwa renforce le contr\u00f4le des march\u00e9s publics en RDC \u00c0 la Une","og_url":"https:\/\/congopubonline.com\/?p=85119","og_site_name":"Congo Pub Online","article_publisher":"https:\/\/web.facebook.com\/Congopubonline","article_published_time":"2025-05-28T10:13:01+00:00","article_modified_time":"2025-05-28T10:13:09+00:00","og_image":[{"width":1080,"height":1097,"url":"https:\/\/congopubonline.com\/wp-content\/uploads\/2025\/05\/GS3V69jXIAA2zpS.jpg","type":"image\/jpeg"}],"author":"admin9775","twitter_card":"summary_large_image","twitter_creator":"@CONGOPUBOnline","twitter_site":"@CONGOPUBOnline","twitter_misc":{"\u00c9crit par":"admin9775","Dur\u00e9e de lecture estim\u00e9e":"2 minutes"},"schema":{"@context":"https:\/\/schema.org","@graph":[{"@type":"Article","@id":"https:\/\/congopubonline.com\/?p=85119#article","isPartOf":{"@id":"https:\/\/congopubonline.com\/?p=85119"},"author":{"name":"admin9775","@id":"https:\/\/congopubonline.com\/#\/schema\/person\/d2f3a940be2e9c1a0e4f8831e203f3cc"},"headline":"La Premi\u00e8re ministre Judith Suminwa renforce le contr\u00f4le des march\u00e9s publics en RDC","datePublished":"2025-05-28T10:13:01+00:00","dateModified":"2025-05-28T10:13:09+00:00","mainEntityOfPage":{"@id":"https:\/\/congopubonline.com\/?p=85119"},"wordCount":407,"publisher":{"@id":"https:\/\/congopubonline.com\/#organization"},"image":{"@id":"https:\/\/congopubonline.com\/?p=85119#primaryimage"},"thumbnailUrl":"https:\/\/congopubonline.com\/wp-content\/uploads\/2025\/05\/GS3V69jXIAA2zpS.jpg","articleSection":["\u00c0 la Une","Politique"],"inLanguage":"fr-FR"},{"@type":"WebPage","@id":"https:\/\/congopubonline.com\/?p=85119","url":"https:\/\/congopubonline.com\/?p=85119","name":"La Premi\u00e8re ministre Judith Suminwa renforce le contr\u00f4le des march\u00e9s publics en RDC - Congo Pub Online","isPartOf":{"@id":"https:\/\/congopubonline.com\/#website"},"primaryImageOfPage":{"@id":"https:\/\/congopubonline.com\/?p=85119#primaryimage"},"image":{"@id":"https:\/\/congopubonline.com\/?p=85119#primaryimage"},"thumbnailUrl":"https:\/\/congopubonline.com\/wp-content\/uploads\/2025\/05\/GS3V69jXIAA2zpS.jpg","datePublished":"2025-05-28T10:13:01+00:00","dateModified":"2025-05-28T10:13:09+00:00","description":"La Premi\u00e8re ministre Judith Suminwa renforce le contr\u00f4le des march\u00e9s publics en RDC \u00c0 la Une","breadcrumb":{"@id":"https:\/\/congopubonline.com\/?p=85119#breadcrumb"},"inLanguage":"fr-FR","potentialAction":[{"@type":"ReadAction","target":["https:\/\/congopubonline.com\/?p=85119"]}]},{"@type":"ImageObject","inLanguage":"fr-FR","@id":"https:\/\/congopubonline.com\/?p=85119#primaryimage","url":"https:\/\/congopubonline.com\/wp-content\/uploads\/2025\/05\/GS3V69jXIAA2zpS.jpg","contentUrl":"https:\/\/congopubonline.com\/wp-content\/uploads\/2025\/05\/GS3V69jXIAA2zpS.jpg","width":1080,"height":1097},{"@type":"BreadcrumbList","@id":"https:\/\/congopubonline.com\/?p=85119#breadcrumb","itemListElement":[{"@type":"ListItem","position":1,"name":"Accueil","item":"https:\/\/congopubonline.com\/"},{"@type":"ListItem","position":2,"name":"La Premi\u00e8re ministre Judith Suminwa renforce le contr\u00f4le des march\u00e9s publics en RDC"}]},{"@type":"WebSite","@id":"https:\/\/congopubonline.com\/#website","url":"https:\/\/congopubonline.com\/","name":"Congo Pub Online","description":"Votre site d&#039;actualit\u00e9","publisher":{"@id":"https:\/\/congopubonline.com\/#organization"},"alternateName":"Marketing 3.0","potentialAction":[{"@type":"SearchAction","target":{"@type":"EntryPoint","urlTemplate":"https:\/\/congopubonline.com\/?s={search_term_string}"},"query-input":{"@type":"PropertyValueSpecification","valueRequired":true,"valueName":"search_term_string"}}],"inLanguage":"fr-FR"},{"@type":"Organization","@id":"https:\/\/congopubonline.com\/#organization","name":"Congo Pub Online","url":"https:\/\/congopubonline.com\/","logo":{"@type":"ImageObject","inLanguage":"fr-FR","@id":"https:\/\/congopubonline.com\/#\/schema\/logo\/image\/","url":"https:\/\/congopubonline.com\/wp-content\/uploads\/2022\/09\/LOGO_CONGO-PUB-Online_Version-2.jpg","contentUrl":"https:\/\/congopubonline.com\/wp-content\/uploads\/2022\/09\/LOGO_CONGO-PUB-Online_Version-2.jpg","width":374,"height":223,"caption":"Congo Pub Online"},"image":{"@id":"https:\/\/congopubonline.com\/#\/schema\/logo\/image\/"},"sameAs":["https:\/\/web.facebook.com\/Congopubonline","https:\/\/x.com\/CONGOPUBOnline"]},{"@type":"Person","@id":"https:\/\/congopubonline.com\/#\/schema\/person\/d2f3a940be2e9c1a0e4f8831e203f3cc","name":"admin9775","sameAs":["http:\/\/congopubonline.com"],"url":"https:\/\/congopubonline.com\/?author=1"}]}},"_links":{"self":[{"href":"https:\/\/congopubonline.com\/index.php?rest_route=\/wp\/v2\/posts\/85119","targetHints":{"allow":["GET"]}}],"collection":[{"href":"https:\/\/congopubonline.com\/index.php?rest_route=\/wp\/v2\/posts"}],"about":[{"href":"https:\/\/congopubonline.com\/index.php?rest_route=\/wp\/v2\/types\/post"}],"author":[{"embeddable":true,"href":"https:\/\/congopubonline.com\/index.php?rest_route=\/wp\/v2\/users\/1"}],"replies":[{"embeddable":true,"href":"https:\/\/congopubonline.com\/index.php?rest_route=%2Fwp%2Fv2%2Fcomments&post=85119"}],"version-history":[{"count":1,"href":"https:\/\/congopubonline.com\/index.php?rest_route=\/wp\/v2\/posts\/85119\/revisions"}],"predecessor-version":[{"id":85125,"href":"https:\/\/congopubonline.com\/index.php?rest_route=\/wp\/v2\/posts\/85119\/revisions\/85125"}],"wp:featuredmedia":[{"embeddable":true,"href":"https:\/\/congopubonline.com\/index.php?rest_route=\/wp\/v2\/media\/85124"}],"wp:attachment":[{"href":"https:\/\/congopubonline.com\/index.php?rest_route=%2Fwp%2Fv2%2Fmedia&parent=85119"}],"wp:term":[{"taxonomy":"category","embeddable":true,"href":"https:\/\/congopubonline.com\/index.php?rest_route=%2Fwp%2Fv2%2Fcategories&post=85119"},{"taxonomy":"post_tag","embeddable":true,"href":"https:\/\/congopubonline.com\/index.php?rest_route=%2Fwp%2Fv2%2Ftags&post=85119"}],"curies":[{"name":"wp","href":"https:\/\/api.w.org\/{rel}","templated":true}]}}