{"id":90730,"date":"2025-10-31T23:07:31","date_gmt":"2025-10-31T22:07:31","guid":{"rendered":"https:\/\/congopubonline.com\/?p=90730"},"modified":"2025-10-31T23:07:38","modified_gmt":"2025-10-31T22:07:38","slug":"sahara-occidental-le-conseil-de-securite-de-lonu-apporte-son-soutien-au-plan-marocain","status":"publish","type":"post","link":"https:\/\/congopubonline.com\/?p=90730","title":{"rendered":"Sahara occidental: le Conseil de s\u00e9curit\u00e9 de l&rsquo;ONU apporte son soutien au plan marocain"},"content":{"rendered":"\n<p>Le Conseil de s\u00e9curit\u00e9 de l&rsquo;ONU a apport\u00e9 vendredi son soutien au plan marocain d&rsquo;autonomie du Sahara occidental. Malgr\u00e9 l&rsquo;opposition de l&rsquo;Alg\u00e9rie \u2013 qui a refus\u00e9 de participer au vote \u2013, ce plan a \u00e9t\u00e9 estim\u00e9 comme la solution \u00ab\u00a0la plus r\u00e9alisable\u00a0\u00bb pour le territoire disput\u00e9.<\/p>\n\n\n\n<p>\u00c0 l&rsquo;initiative\u00a0des \u00c9tats-Unis de Donald Trump, le Conseil de s\u00e9curit\u00e9 de l&rsquo;ONU a apport\u00e9, vendredi 31 octobre, son soutien au plan marocain d&rsquo;autonomie du\u00a0Sahara occidental, qu&rsquo;il estime \u00eatre la solution \u00ab\u00a0la plus r\u00e9alisable\u00a0\u00bb pour le territoire disput\u00e9, malgr\u00e9 l&rsquo;hostilit\u00e9 de l&rsquo;Alg\u00e9rie\u00a0\u2013 une d\u00e9cision salu\u00e9e comme un \u00ab\u00a0changement historique\u00a0\u00bb par le roi\u00a0Mohammed VI.<\/p>\n\n\n\n<p>\u00ab\u00a0Nous ouvrons un nouveau chapitre victorieux dans le processus de cons\u00e9cration de la marocanit\u00e9 du Sahara, destin\u00e9 \u00e0 clore d\u00e9finitivement ce dossier\u00a0\u00bb, a affirm\u00e9 le souverain marocain dans un discours, lors duquel il a fait part de son \u00ab\u00a0immense fiert\u00e9\u00a0\u00bb.<\/p>\n\n\n\n<p>Le Sahara occidental, colonie espagnole jusqu&rsquo;en 1975, est contr\u00f4l\u00e9 en majeure partie par le\u00a0Maroc\u00a0mais consid\u00e9r\u00e9 comme un territoire non autonome par les Nations unies. Un conflit y oppose Rabat aux ind\u00e9pendantistes du\u00a0Front Polisario, soutenus par l&rsquo;Alg\u00e9rie.<\/p>\n\n\n\n<p>Jusqu&rsquo;alors, le Conseil de s\u00e9curit\u00e9 pressait le Maroc, le Polisario, l&rsquo;Alg\u00e9rie et la\u00a0Mauritanie\u00a0de reprendre des n\u00e9gociations \u2013 interrompues depuis 2019 \u2013 pour parvenir \u00e0 une \u00ab\u00a0solution politique r\u00e9alisable, durable et mutuellement acceptable\u00a0\u00bb.<\/p>\n\n\n\n<p>Mais \u00e0 l&rsquo;initiative des Am\u00e9ricains, en charge de ce dossier au Conseil, la r\u00e9solution adopt\u00e9e par 11&nbsp;voix pour, aucune contre et trois abstentions \u2013 l&rsquo;Alg\u00e9rie ayant refus\u00e9 de participer au vote \u2013 prend position pour le plan pr\u00e9sent\u00e9 par Rabat en 2007&nbsp;: une autonomie sous souverainet\u00e9 marocaine pour ce vaste territoire d\u00e9sertique, riche en phosphate et aux eaux poissonneuses.<\/p>\n\n\n\n<p>Le texte note le \u00ab\u00a0soutien exprim\u00e9 par de nombreux \u00c9tats membres\u00a0\u00bb au plan marocain et estime qu'\u00a0\u00bbune v\u00e9ritable autonomie sous souverainet\u00e9 marocaine pourrait repr\u00e9senter la solution la plus r\u00e9alisable\u00a0\u00bb.<\/p>\n\n\n\n<p>Dans ce contexte, il appelle le secr\u00e9taire g\u00e9n\u00e9ral de l&rsquo;ONU\u00a0Antonio Guterres\u00a0et son \u00e9missaire sur ce dossier, Staffan de Mistura, \u00e0 mener des n\u00e9gociations \u00ab\u00a0sur la base\u00a0\u00bb de ce plan pour parvenir \u00e0 un accord mutuellement acceptable.<\/p>\n\n\n\n<h2 class=\"wp-block-heading\" id=\"h-le-front-polisario-veut-un-referendum\">Le Front Polisario veut un r\u00e9f\u00e9rendum<\/h2>\n\n\n\n<p>\u00ab\u00a0Mon pays n&rsquo;a pas particip\u00e9 au vote sur ce projet de r\u00e9solution. Par cette absence et en toute responsabilit\u00e9, l&rsquo;Alg\u00e9rie a tenu \u00e0 illustrer sa prise de distance avec un texte qui ne refl\u00e8te pas fid\u00e8lement, qui ne refl\u00e8te pas suffisamment la doctrine onusienne en mati\u00e8re de d\u00e9colonisation\u00a0\u00bb, a r\u00e9agi l&rsquo;ambassadeur alg\u00e9rien Amar Bendjama.<\/p>\n\n\n\n<p>\u00ab\u00a0Le texte est en de\u00e7\u00e0 des attentes et des aspirations l\u00e9gitimes du peuple du Sahara occidental repr\u00e9sent\u00e9 par le Front Polisario\u00a0\u00bb, qui \u00ab\u00a0depuis plus de 50&nbsp;ans r\u00e9siste pour avoir, lui seul, son mot \u00e0 dire sur son propre destin\u00a0\u00bb, a-t-il ajout\u00e9.<\/p>\n\n\n\n<p>Le ministre des Affaires \u00e9trang\u00e8res du Polisario, Mohamed Yeslem Beissat, a r\u00e9cemment indiqu\u00e9 \u00e0 l&rsquo;AFP que le mouvement ind\u00e9pendantiste serait pr\u00eat \u00e0 accepter ce plan, mais uniquement si la population sahraouie le validait par r\u00e9f\u00e9rendum.<\/p>\n\n\n\n<p>L&rsquo;Alg\u00e9rie, en revanche, s&rsquo;est toujours oppos\u00e9e \u00e0 cette id\u00e9e.<\/p>\n\n\n\n<p>Alger a regrett\u00e9 en avril la r\u00e9affirmation par Washington de son soutien \u00e0 Rabat. Et ses relations avec Paris sont au plus bas depuis l&rsquo;\u00e9t\u00e9 2024 et la reconnaissance par la France du plan marocain.<\/p>\n\n\n\n<h2 class=\"wp-block-heading\" id=\"h-plus-de-details\">\u00ab\u00a0Plus de d\u00e9tails\u00a0\u00bb<\/h2>\n\n\n\n<p>Apr\u00e8s l&rsquo;annonce spectaculaire en 2020 par\u00a0<a href=\"https:\/\/www.france24.com\/fr\/tag\/donald-trump\/\">Donald Trump<\/a>\u00a0du soutien am\u00e9ricain \u00e0 cette proposition en \u00e9change d&rsquo;une normalisation de ses relations avec\u00a0<a href=\"https:\/\/www.france24.com\/fr\/tag\/isra%C3%ABl\/\">Isra\u00ebl<\/a>, le Maroc a obtenu successivement\u00a0l&rsquo;appui d&rsquo;une s\u00e9rie de pays, dont l&rsquo;Espagne, la\u00a0France, l&rsquo;Allemagne\u00a0et le\u00a0Royaume-Uni.<\/p>\n\n\n\n<p>Lors d&rsquo;une r\u00e9union \u00e0 huis clos du Conseil de s\u00e9curit\u00e9 d\u00e9but octobre, Staffan de Mistura, saluant les \u00ab\u00a0efforts diplomatiques\u00a0\u00bb am\u00e9ricains sur ce conflit, avait r\u00e9p\u00e9t\u00e9 ses inqui\u00e9tudes sur le \u00ab\u00a0flou\u00a0\u00bb du plan marocain, selon le texte de son discours vu par l&rsquo;AFP.<\/p>\n\n\n\n<p>\u00ab\u00a0Il est d\u00e9sormais crucial que le Maroc donne plus de d\u00e9tails et d\u00e9veloppe sa proposition\u00a0\u00bb, y compris concernant le \u00ab\u00a0principe d&rsquo;autod\u00e9termination\u00a0\u00bb du peuple sahraoui, avait-il insist\u00e9.<\/p>\n\n\n\n<p>La r\u00e9solution adopt\u00e9e vendredi prolonge d&rsquo;autre part d&rsquo;un an la mission de maintien de la paix de l&rsquo;ONU au Sahara occidental (Minurso).<\/p>\n\n\n\n<p>Une pr\u00e9c\u00e9dente version du texte vue par l&rsquo;AFP pr\u00e9voyait seulement six mois d&rsquo;extension mais la version vot\u00e9e prolonge finalement la mission pour un an, demandant toutefois au secr\u00e9taire g\u00e9n\u00e9ral d&rsquo;en r\u00e9aliser d&rsquo;ici six mois une \u00ab\u00a0\u00e9valuation strat\u00e9gique\u00a0\u00bb.<\/p>\n\n\n\n<p><strong><em>AFP<\/em><\/strong><\/p>\n<div class='epvc-post-count'><span class='epvc-eye'><\/span>  <span class=\"epvc-count\"> 198<\/span><span class='epvc-label'> Vues<\/span><\/div>","protected":false},"excerpt":{"rendered":"<p>Le Conseil de s\u00e9curit\u00e9 de l&rsquo;ONU a apport\u00e9 vendredi son soutien au plan marocain d&rsquo;autonomie du Sahara occidental. Malgr\u00e9 l&rsquo;opposition de l&rsquo;Alg\u00e9rie \u2013 qui a refus\u00e9 de participer au vote&hellip;<\/p>\n","protected":false},"author":1,"featured_media":90736,"comment_status":"closed","ping_status":"closed","sticky":false,"template":"","format":"standard","meta":{"content-type":"","_monsterinsights_skip_tracking":false,"_monsterinsights_sitenote_active":false,"_monsterinsights_sitenote_note":"","_monsterinsights_sitenote_category":0,"footnotes":""},"categories":[844,43],"tags":[],"class_list":["post-90730","post","type-post","status-publish","format-standard","has-post-thumbnail","hentry","category-a-la-une","category-afrique"],"yoast_head":"<!-- This site is optimized with the Yoast SEO Premium plugin v25.4 (Yoast SEO v25.4) - https:\/\/yoast.com\/wordpress\/plugins\/seo\/ -->\n<title>Sahara occidental: le Conseil de s\u00e9curit\u00e9 de l&#039;ONU apporte son soutien au plan marocain - Congo Pub Online<\/title>\n<meta name=\"description\" content=\"Sahara occidental: le Conseil de s\u00e9curit\u00e9 de l&#039;ONU apporte son soutien au plan marocain \u00c0 la Une\" \/>\n<meta name=\"robots\" content=\"index, follow, max-snippet:-1, max-image-preview:large, max-video-preview:-1\" \/>\n<link rel=\"canonical\" href=\"https:\/\/congopubonline.com\/?p=90730\" \/>\n<meta property=\"og:locale\" content=\"fr_FR\" \/>\n<meta property=\"og:type\" content=\"article\" \/>\n<meta property=\"og:title\" content=\"Sahara occidental: le Conseil de s\u00e9curit\u00e9 de l&#039;ONU apporte son soutien au plan marocain\" \/>\n<meta property=\"og:description\" content=\"Sahara occidental: le Conseil de s\u00e9curit\u00e9 de l&#039;ONU apporte son soutien au plan marocain \u00c0 la Une\" \/>\n<meta property=\"og:url\" content=\"https:\/\/congopubonline.com\/?p=90730\" \/>\n<meta property=\"og:site_name\" content=\"Congo Pub Online\" \/>\n<meta property=\"article:publisher\" content=\"https:\/\/web.facebook.com\/Congopubonline\" \/>\n<meta property=\"article:published_time\" content=\"2025-10-31T22:07:31+00:00\" \/>\n<meta property=\"article:modified_time\" content=\"2025-10-31T22:07:38+00:00\" \/>\n<meta property=\"og:image\" content=\"https:\/\/congopubonline.com\/wp-content\/uploads\/2025\/10\/sahara_occ.jpg\" \/>\n\t<meta property=\"og:image:width\" content=\"674\" \/>\n\t<meta property=\"og:image:height\" content=\"413\" \/>\n\t<meta property=\"og:image:type\" content=\"image\/jpeg\" \/>\n<meta name=\"author\" content=\"admin9775\" \/>\n<meta name=\"twitter:card\" content=\"summary_large_image\" \/>\n<meta name=\"twitter:creator\" content=\"@CONGOPUBOnline\" \/>\n<meta name=\"twitter:site\" content=\"@CONGOPUBOnline\" \/>\n<meta name=\"twitter:label1\" content=\"\u00c9crit par\" \/>\n\t<meta name=\"twitter:data1\" content=\"admin9775\" \/>\n\t<meta name=\"twitter:label2\" content=\"Dur\u00e9e de lecture estim\u00e9e\" \/>\n\t<meta name=\"twitter:data2\" content=\"4 minutes\" \/>\n<script type=\"application\/ld+json\" class=\"yoast-schema-graph\">{\"@context\":\"https:\/\/schema.org\",\"@graph\":[{\"@type\":\"Article\",\"@id\":\"https:\/\/congopubonline.com\/?p=90730#article\",\"isPartOf\":{\"@id\":\"https:\/\/congopubonline.com\/?p=90730\"},\"author\":{\"name\":\"admin9775\",\"@id\":\"https:\/\/congopubonline.com\/#\/schema\/person\/d2f3a940be2e9c1a0e4f8831e203f3cc\"},\"headline\":\"Sahara occidental: le Conseil de s\u00e9curit\u00e9 de l&rsquo;ONU apporte son soutien au plan marocain\",\"datePublished\":\"2025-10-31T22:07:31+00:00\",\"dateModified\":\"2025-10-31T22:07:38+00:00\",\"mainEntityOfPage\":{\"@id\":\"https:\/\/congopubonline.com\/?p=90730\"},\"wordCount\":808,\"publisher\":{\"@id\":\"https:\/\/congopubonline.com\/#organization\"},\"image\":{\"@id\":\"https:\/\/congopubonline.com\/?p=90730#primaryimage\"},\"thumbnailUrl\":\"https:\/\/congopubonline.com\/wp-content\/uploads\/2025\/10\/sahara_occ.jpg\",\"articleSection\":[\"\u00c0 la Une\",\"Afrique\"],\"inLanguage\":\"fr-FR\"},{\"@type\":\"WebPage\",\"@id\":\"https:\/\/congopubonline.com\/?p=90730\",\"url\":\"https:\/\/congopubonline.com\/?p=90730\",\"name\":\"Sahara occidental: le Conseil de s\u00e9curit\u00e9 de l'ONU apporte son soutien au plan marocain - Congo Pub Online\",\"isPartOf\":{\"@id\":\"https:\/\/congopubonline.com\/#website\"},\"primaryImageOfPage\":{\"@id\":\"https:\/\/congopubonline.com\/?p=90730#primaryimage\"},\"image\":{\"@id\":\"https:\/\/congopubonline.com\/?p=90730#primaryimage\"},\"thumbnailUrl\":\"https:\/\/congopubonline.com\/wp-content\/uploads\/2025\/10\/sahara_occ.jpg\",\"datePublished\":\"2025-10-31T22:07:31+00:00\",\"dateModified\":\"2025-10-31T22:07:38+00:00\",\"description\":\"Sahara occidental: le Conseil de s\u00e9curit\u00e9 de l'ONU apporte son soutien au plan marocain \u00c0 la Une\",\"breadcrumb\":{\"@id\":\"https:\/\/congopubonline.com\/?p=90730#breadcrumb\"},\"inLanguage\":\"fr-FR\",\"potentialAction\":[{\"@type\":\"ReadAction\",\"target\":[\"https:\/\/congopubonline.com\/?p=90730\"]}]},{\"@type\":\"ImageObject\",\"inLanguage\":\"fr-FR\",\"@id\":\"https:\/\/congopubonline.com\/?p=90730#primaryimage\",\"url\":\"https:\/\/congopubonline.com\/wp-content\/uploads\/2025\/10\/sahara_occ.jpg\",\"contentUrl\":\"https:\/\/congopubonline.com\/wp-content\/uploads\/2025\/10\/sahara_occ.jpg\",\"width\":674,\"height\":413},{\"@type\":\"BreadcrumbList\",\"@id\":\"https:\/\/congopubonline.com\/?p=90730#breadcrumb\",\"itemListElement\":[{\"@type\":\"ListItem\",\"position\":1,\"name\":\"Accueil\",\"item\":\"https:\/\/congopubonline.com\/\"},{\"@type\":\"ListItem\",\"position\":2,\"name\":\"Sahara occidental: le Conseil de s\u00e9curit\u00e9 de l&rsquo;ONU apporte son soutien au plan marocain\"}]},{\"@type\":\"WebSite\",\"@id\":\"https:\/\/congopubonline.com\/#website\",\"url\":\"https:\/\/congopubonline.com\/\",\"name\":\"Congo Pub Online\",\"description\":\"Votre site d&#039;actualit\u00e9\",\"publisher\":{\"@id\":\"https:\/\/congopubonline.com\/#organization\"},\"alternateName\":\"Marketing 3.0\",\"potentialAction\":[{\"@type\":\"SearchAction\",\"target\":{\"@type\":\"EntryPoint\",\"urlTemplate\":\"https:\/\/congopubonline.com\/?s={search_term_string}\"},\"query-input\":{\"@type\":\"PropertyValueSpecification\",\"valueRequired\":true,\"valueName\":\"search_term_string\"}}],\"inLanguage\":\"fr-FR\"},{\"@type\":\"Organization\",\"@id\":\"https:\/\/congopubonline.com\/#organization\",\"name\":\"Congo Pub Online\",\"url\":\"https:\/\/congopubonline.com\/\",\"logo\":{\"@type\":\"ImageObject\",\"inLanguage\":\"fr-FR\",\"@id\":\"https:\/\/congopubonline.com\/#\/schema\/logo\/image\/\",\"url\":\"https:\/\/congopubonline.com\/wp-content\/uploads\/2022\/09\/LOGO_CONGO-PUB-Online_Version-2.jpg\",\"contentUrl\":\"https:\/\/congopubonline.com\/wp-content\/uploads\/2022\/09\/LOGO_CONGO-PUB-Online_Version-2.jpg\",\"width\":374,\"height\":223,\"caption\":\"Congo Pub Online\"},\"image\":{\"@id\":\"https:\/\/congopubonline.com\/#\/schema\/logo\/image\/\"},\"sameAs\":[\"https:\/\/web.facebook.com\/Congopubonline\",\"https:\/\/x.com\/CONGOPUBOnline\"]},{\"@type\":\"Person\",\"@id\":\"https:\/\/congopubonline.com\/#\/schema\/person\/d2f3a940be2e9c1a0e4f8831e203f3cc\",\"name\":\"admin9775\",\"sameAs\":[\"http:\/\/congopubonline.com\"],\"url\":\"https:\/\/congopubonline.com\/?author=1\"}]}<\/script>\n<!-- \/ Yoast SEO Premium plugin. -->","yoast_head_json":{"title":"Sahara occidental: le Conseil de s\u00e9curit\u00e9 de l'ONU apporte son soutien au plan marocain - Congo Pub Online","description":"Sahara occidental: le Conseil de s\u00e9curit\u00e9 de l'ONU apporte son soutien au plan marocain \u00c0 la Une","robots":{"index":"index","follow":"follow","max-snippet":"max-snippet:-1","max-image-preview":"max-image-preview:large","max-video-preview":"max-video-preview:-1"},"canonical":"https:\/\/congopubonline.com\/?p=90730","og_locale":"fr_FR","og_type":"article","og_title":"Sahara occidental: le Conseil de s\u00e9curit\u00e9 de l'ONU apporte son soutien au plan marocain","og_description":"Sahara occidental: le Conseil de s\u00e9curit\u00e9 de l'ONU apporte son soutien au plan marocain \u00c0 la Une","og_url":"https:\/\/congopubonline.com\/?p=90730","og_site_name":"Congo Pub Online","article_publisher":"https:\/\/web.facebook.com\/Congopubonline","article_published_time":"2025-10-31T22:07:31+00:00","article_modified_time":"2025-10-31T22:07:38+00:00","og_image":[{"width":674,"height":413,"url":"https:\/\/congopubonline.com\/wp-content\/uploads\/2025\/10\/sahara_occ.jpg","type":"image\/jpeg"}],"author":"admin9775","twitter_card":"summary_large_image","twitter_creator":"@CONGOPUBOnline","twitter_site":"@CONGOPUBOnline","twitter_misc":{"\u00c9crit par":"admin9775","Dur\u00e9e de lecture estim\u00e9e":"4 minutes"},"schema":{"@context":"https:\/\/schema.org","@graph":[{"@type":"Article","@id":"https:\/\/congopubonline.com\/?p=90730#article","isPartOf":{"@id":"https:\/\/congopubonline.com\/?p=90730"},"author":{"name":"admin9775","@id":"https:\/\/congopubonline.com\/#\/schema\/person\/d2f3a940be2e9c1a0e4f8831e203f3cc"},"headline":"Sahara occidental: le Conseil de s\u00e9curit\u00e9 de l&rsquo;ONU apporte son soutien au plan marocain","datePublished":"2025-10-31T22:07:31+00:00","dateModified":"2025-10-31T22:07:38+00:00","mainEntityOfPage":{"@id":"https:\/\/congopubonline.com\/?p=90730"},"wordCount":808,"publisher":{"@id":"https:\/\/congopubonline.com\/#organization"},"image":{"@id":"https:\/\/congopubonline.com\/?p=90730#primaryimage"},"thumbnailUrl":"https:\/\/congopubonline.com\/wp-content\/uploads\/2025\/10\/sahara_occ.jpg","articleSection":["\u00c0 la Une","Afrique"],"inLanguage":"fr-FR"},{"@type":"WebPage","@id":"https:\/\/congopubonline.com\/?p=90730","url":"https:\/\/congopubonline.com\/?p=90730","name":"Sahara occidental: le Conseil de s\u00e9curit\u00e9 de l'ONU apporte son soutien au plan marocain - Congo Pub Online","isPartOf":{"@id":"https:\/\/congopubonline.com\/#website"},"primaryImageOfPage":{"@id":"https:\/\/congopubonline.com\/?p=90730#primaryimage"},"image":{"@id":"https:\/\/congopubonline.com\/?p=90730#primaryimage"},"thumbnailUrl":"https:\/\/congopubonline.com\/wp-content\/uploads\/2025\/10\/sahara_occ.jpg","datePublished":"2025-10-31T22:07:31+00:00","dateModified":"2025-10-31T22:07:38+00:00","description":"Sahara occidental: le Conseil de s\u00e9curit\u00e9 de l'ONU apporte son soutien au plan marocain \u00c0 la Une","breadcrumb":{"@id":"https:\/\/congopubonline.com\/?p=90730#breadcrumb"},"inLanguage":"fr-FR","potentialAction":[{"@type":"ReadAction","target":["https:\/\/congopubonline.com\/?p=90730"]}]},{"@type":"ImageObject","inLanguage":"fr-FR","@id":"https:\/\/congopubonline.com\/?p=90730#primaryimage","url":"https:\/\/congopubonline.com\/wp-content\/uploads\/2025\/10\/sahara_occ.jpg","contentUrl":"https:\/\/congopubonline.com\/wp-content\/uploads\/2025\/10\/sahara_occ.jpg","width":674,"height":413},{"@type":"BreadcrumbList","@id":"https:\/\/congopubonline.com\/?p=90730#breadcrumb","itemListElement":[{"@type":"ListItem","position":1,"name":"Accueil","item":"https:\/\/congopubonline.com\/"},{"@type":"ListItem","position":2,"name":"Sahara occidental: le Conseil de s\u00e9curit\u00e9 de l&rsquo;ONU apporte son soutien au plan marocain"}]},{"@type":"WebSite","@id":"https:\/\/congopubonline.com\/#website","url":"https:\/\/congopubonline.com\/","name":"Congo Pub Online","description":"Votre site d&#039;actualit\u00e9","publisher":{"@id":"https:\/\/congopubonline.com\/#organization"},"alternateName":"Marketing 3.0","potentialAction":[{"@type":"SearchAction","target":{"@type":"EntryPoint","urlTemplate":"https:\/\/congopubonline.com\/?s={search_term_string}"},"query-input":{"@type":"PropertyValueSpecification","valueRequired":true,"valueName":"search_term_string"}}],"inLanguage":"fr-FR"},{"@type":"Organization","@id":"https:\/\/congopubonline.com\/#organization","name":"Congo Pub Online","url":"https:\/\/congopubonline.com\/","logo":{"@type":"ImageObject","inLanguage":"fr-FR","@id":"https:\/\/congopubonline.com\/#\/schema\/logo\/image\/","url":"https:\/\/congopubonline.com\/wp-content\/uploads\/2022\/09\/LOGO_CONGO-PUB-Online_Version-2.jpg","contentUrl":"https:\/\/congopubonline.com\/wp-content\/uploads\/2022\/09\/LOGO_CONGO-PUB-Online_Version-2.jpg","width":374,"height":223,"caption":"Congo Pub Online"},"image":{"@id":"https:\/\/congopubonline.com\/#\/schema\/logo\/image\/"},"sameAs":["https:\/\/web.facebook.com\/Congopubonline","https:\/\/x.com\/CONGOPUBOnline"]},{"@type":"Person","@id":"https:\/\/congopubonline.com\/#\/schema\/person\/d2f3a940be2e9c1a0e4f8831e203f3cc","name":"admin9775","sameAs":["http:\/\/congopubonline.com"],"url":"https:\/\/congopubonline.com\/?author=1"}]}},"_links":{"self":[{"href":"https:\/\/congopubonline.com\/index.php?rest_route=\/wp\/v2\/posts\/90730","targetHints":{"allow":["GET"]}}],"collection":[{"href":"https:\/\/congopubonline.com\/index.php?rest_route=\/wp\/v2\/posts"}],"about":[{"href":"https:\/\/congopubonline.com\/index.php?rest_route=\/wp\/v2\/types\/post"}],"author":[{"embeddable":true,"href":"https:\/\/congopubonline.com\/index.php?rest_route=\/wp\/v2\/users\/1"}],"replies":[{"embeddable":true,"href":"https:\/\/congopubonline.com\/index.php?rest_route=%2Fwp%2Fv2%2Fcomments&post=90730"}],"version-history":[{"count":1,"href":"https:\/\/congopubonline.com\/index.php?rest_route=\/wp\/v2\/posts\/90730\/revisions"}],"predecessor-version":[{"id":90737,"href":"https:\/\/congopubonline.com\/index.php?rest_route=\/wp\/v2\/posts\/90730\/revisions\/90737"}],"wp:featuredmedia":[{"embeddable":true,"href":"https:\/\/congopubonline.com\/index.php?rest_route=\/wp\/v2\/media\/90736"}],"wp:attachment":[{"href":"https:\/\/congopubonline.com\/index.php?rest_route=%2Fwp%2Fv2%2Fmedia&parent=90730"}],"wp:term":[{"taxonomy":"category","embeddable":true,"href":"https:\/\/congopubonline.com\/index.php?rest_route=%2Fwp%2Fv2%2Fcategories&post=90730"},{"taxonomy":"post_tag","embeddable":true,"href":"https:\/\/congopubonline.com\/index.php?rest_route=%2Fwp%2Fv2%2Ftags&post=90730"}],"curies":[{"name":"wp","href":"https:\/\/api.w.org\/{rel}","templated":true}]}}