{"id":94772,"date":"2026-03-07T23:02:30","date_gmt":"2026-03-07T22:02:30","guid":{"rendered":"https:\/\/congopubonline.com\/?p=94772"},"modified":"2026-03-07T23:02:38","modified_gmt":"2026-03-07T22:02:38","slug":"le-canada-identifie-willy-manzi-comme-ressortissant-rwandais-de-nouvelles-revelations-qui-ravivent-les-tensions-autour-du-mouvement-du-23-mars","status":"publish","type":"post","link":"https:\/\/congopubonline.com\/?p=94772","title":{"rendered":"Le Canada identifie Willy Manzi comme ressortissant rwandais : de nouvelles r\u00e9v\u00e9lations qui ravivent les tensions autour du Mouvement du 23 mars"},"content":{"rendered":"\n<p>Des archives judiciaires canadiennes li\u00e9es \u00e0 l\u2019affaire <strong>MCI c. Williams Manzi<\/strong> devant la Cour f\u00e9d\u00e9rale d\u2019appel du Canada r\u00e9v\u00e8lent de nouveaux \u00e9l\u00e9ments sur l\u2019identit\u00e9 de Willy Manzi, figure influente du Mouvement du 23 mars (M23). Selon ces documents, il s\u2019appellerait en r\u00e9alit\u00e9 <strong>William Manzi Ngarambe<\/strong>.<\/p>\n\n\n\n<p>N\u00e9 en 1982 au Rwanda d\u2019un p\u00e8re rwandais et d\u2019une m\u00e8re ougandaise, il aurait sollicit\u00e9 l\u2019asile au Canada en 2002 en affirmant \u00eatre victime de pers\u00e9cutions dans son pays d\u2019origine. Les documents judiciaires indiquent \u00e9galement qu\u2019il aurait par la suite obtenu la citoyennet\u00e9 canadienne.<\/p>\n\n\n\n<p>Ces r\u00e9v\u00e9lations relancent aussi les sp\u00e9culations autour de ses liens familiaux pr\u00e9sum\u00e9s avec Bosco Ntaganda, ancien cadre du Front patriotique rwandais (FPR) et du Congr\u00e8s national pour la d\u00e9fense du peuple (CNDP), mouvement consid\u00e9r\u00e9 comme l\u2019un des pr\u00e9curseurs du M23. Bosco Ntaganda a \u00e9t\u00e9 condamn\u00e9 par la Cour p\u00e9nale internationale pour crimes contre l\u2019humanit\u00e9 et crimes de guerre.<\/p>\n\n\n\n<p>Aujourd\u2019hui citoyen canadien et cadre influent de l\u2019Alliance Fleuve Congo \/ M23, Willy Manzi administre la province du Nord-Kivu depuis pr\u00e8s d\u2019un an aux c\u00f4t\u00e9s de Erasto Bahati.<\/p>\n\n\n\n<p>L\u2019identification de Willy Manzi comme ressortissant rwandais par les autorit\u00e9s canadiennes intervient dans un contexte o\u00f9 la R\u00e9publique d\u00e9mocratique du Congo accuse r\u00e9guli\u00e8rement le Rwanda de soutenir le M23 \u2014 des accusations que Kigali a toujours rejet\u00e9es.<\/p>\n\n\n\n<p>L\u2019implication d\u2019un acteur occidental majeur comme le Canada dans cette identification pourrait renforcer la pression internationale autour du conflit dans l\u2019est de la RDC et relancer le d\u00e9bat diplomatique sur l\u2019origine, les soutiens et la composition du mouvement rebelle.<\/p>\n\n\n\n<p>Cette \u00e9volution pourrait \u00e9galement entra\u00eener de nouvelles dynamiques diplomatiques en Afrique centrale, avec la possibilit\u00e9 de sanctions suppl\u00e9mentaires ou d\u2019une r\u00e9\u00e9valuation des efforts de paix engag\u00e9s dans la r\u00e9gion des Grands Lacs.<\/p>\n\n\n\n<p><strong>Par Pascal Kabeya<br>CONGO PUB Online<\/strong><\/p>\n\n\n\n<p><\/p>\n<div class='epvc-post-count'><span class='epvc-eye'><\/span>  <span class=\"epvc-count\"> 172<\/span><span class='epvc-label'> Vues<\/span><\/div>","protected":false},"excerpt":{"rendered":"<p>Des archives judiciaires canadiennes li\u00e9es \u00e0 l\u2019affaire MCI c. Williams Manzi devant la Cour f\u00e9d\u00e9rale d\u2019appel du Canada r\u00e9v\u00e8lent de nouveaux \u00e9l\u00e9ments sur l\u2019identit\u00e9 de Willy Manzi, figure influente du&hellip;<\/p>\n","protected":false},"author":1,"featured_media":94773,"comment_status":"closed","ping_status":"closed","sticky":false,"template":"","format":"standard","meta":{"content-type":"","_monsterinsights_skip_tracking":false,"_monsterinsights_sitenote_active":false,"_monsterinsights_sitenote_note":"","_monsterinsights_sitenote_category":0,"footnotes":""},"categories":[844,62],"tags":[],"class_list":["post-94772","post","type-post","status-publish","format-standard","has-post-thumbnail","hentry","category-a-la-une","category-societe"],"yoast_head":"<!-- This site is optimized with the Yoast SEO Premium plugin v25.4 (Yoast SEO v25.4) - https:\/\/yoast.com\/wordpress\/plugins\/seo\/ -->\n<title>Le Canada identifie Willy Manzi comme ressortissant rwandais : de nouvelles r\u00e9v\u00e9lations qui ravivent les tensions autour du Mouvement du 23 mars - Congo Pub Online<\/title>\n<meta name=\"description\" content=\"Le Canada identifie Willy Manzi comme ressortissant rwandais : de nouvelles r\u00e9v\u00e9lations qui ravivent les tensions autour du Mouvement du 23 mars \u00c0 la Une\" \/>\n<meta name=\"robots\" content=\"index, follow, max-snippet:-1, max-image-preview:large, max-video-preview:-1\" \/>\n<link rel=\"canonical\" href=\"https:\/\/congopubonline.com\/?p=94772\" \/>\n<meta property=\"og:locale\" content=\"fr_FR\" \/>\n<meta property=\"og:type\" content=\"article\" \/>\n<meta property=\"og:title\" content=\"Le Canada identifie Willy Manzi comme ressortissant rwandais : de nouvelles r\u00e9v\u00e9lations qui ravivent les tensions autour du Mouvement du 23 mars\" \/>\n<meta property=\"og:description\" content=\"Le Canada identifie Willy Manzi comme ressortissant rwandais : de nouvelles r\u00e9v\u00e9lations qui ravivent les tensions autour du Mouvement du 23 mars \u00c0 la Une\" \/>\n<meta property=\"og:url\" content=\"https:\/\/congopubonline.com\/?p=94772\" \/>\n<meta property=\"og:site_name\" content=\"Congo Pub Online\" \/>\n<meta property=\"article:publisher\" content=\"https:\/\/web.facebook.com\/Congopubonline\" \/>\n<meta property=\"article:published_time\" content=\"2026-03-07T22:02:30+00:00\" \/>\n<meta property=\"article:modified_time\" content=\"2026-03-07T22:02:38+00:00\" \/>\n<meta property=\"og:image\" content=\"https:\/\/congopubonline.com\/wp-content\/uploads\/2026\/03\/HC0EIeHWwAAABjW.jpg\" \/>\n\t<meta property=\"og:image:width\" content=\"680\" \/>\n\t<meta property=\"og:image:height\" content=\"494\" \/>\n\t<meta property=\"og:image:type\" content=\"image\/jpeg\" \/>\n<meta name=\"author\" content=\"admin9775\" \/>\n<meta name=\"twitter:card\" content=\"summary_large_image\" \/>\n<meta name=\"twitter:creator\" content=\"@CONGOPUBOnline\" \/>\n<meta name=\"twitter:site\" content=\"@CONGOPUBOnline\" \/>\n<meta name=\"twitter:label1\" content=\"\u00c9crit par\" \/>\n\t<meta name=\"twitter:data1\" content=\"admin9775\" \/>\n\t<meta name=\"twitter:label2\" content=\"Dur\u00e9e de lecture estim\u00e9e\" \/>\n\t<meta name=\"twitter:data2\" content=\"2 minutes\" \/>\n<script type=\"application\/ld+json\" class=\"yoast-schema-graph\">{\"@context\":\"https:\/\/schema.org\",\"@graph\":[{\"@type\":\"Article\",\"@id\":\"https:\/\/congopubonline.com\/?p=94772#article\",\"isPartOf\":{\"@id\":\"https:\/\/congopubonline.com\/?p=94772\"},\"author\":{\"name\":\"admin9775\",\"@id\":\"https:\/\/congopubonline.com\/#\/schema\/person\/d2f3a940be2e9c1a0e4f8831e203f3cc\"},\"headline\":\"Le Canada identifie Willy Manzi comme ressortissant rwandais : de nouvelles r\u00e9v\u00e9lations qui ravivent les tensions autour du Mouvement du 23 mars\",\"datePublished\":\"2026-03-07T22:02:30+00:00\",\"dateModified\":\"2026-03-07T22:02:38+00:00\",\"mainEntityOfPage\":{\"@id\":\"https:\/\/congopubonline.com\/?p=94772\"},\"wordCount\":359,\"publisher\":{\"@id\":\"https:\/\/congopubonline.com\/#organization\"},\"image\":{\"@id\":\"https:\/\/congopubonline.com\/?p=94772#primaryimage\"},\"thumbnailUrl\":\"https:\/\/congopubonline.com\/wp-content\/uploads\/2026\/03\/HC0EIeHWwAAABjW.jpg\",\"articleSection\":[\"\u00c0 la Une\",\"Soci\u00e9t\u00e9\"],\"inLanguage\":\"fr-FR\"},{\"@type\":\"WebPage\",\"@id\":\"https:\/\/congopubonline.com\/?p=94772\",\"url\":\"https:\/\/congopubonline.com\/?p=94772\",\"name\":\"Le Canada identifie Willy Manzi comme ressortissant rwandais : de nouvelles r\u00e9v\u00e9lations qui ravivent les tensions autour du Mouvement du 23 mars - Congo Pub Online\",\"isPartOf\":{\"@id\":\"https:\/\/congopubonline.com\/#website\"},\"primaryImageOfPage\":{\"@id\":\"https:\/\/congopubonline.com\/?p=94772#primaryimage\"},\"image\":{\"@id\":\"https:\/\/congopubonline.com\/?p=94772#primaryimage\"},\"thumbnailUrl\":\"https:\/\/congopubonline.com\/wp-content\/uploads\/2026\/03\/HC0EIeHWwAAABjW.jpg\",\"datePublished\":\"2026-03-07T22:02:30+00:00\",\"dateModified\":\"2026-03-07T22:02:38+00:00\",\"description\":\"Le Canada identifie Willy Manzi comme ressortissant rwandais : de nouvelles r\u00e9v\u00e9lations qui ravivent les tensions autour du Mouvement du 23 mars \u00c0 la Une\",\"breadcrumb\":{\"@id\":\"https:\/\/congopubonline.com\/?p=94772#breadcrumb\"},\"inLanguage\":\"fr-FR\",\"potentialAction\":[{\"@type\":\"ReadAction\",\"target\":[\"https:\/\/congopubonline.com\/?p=94772\"]}]},{\"@type\":\"ImageObject\",\"inLanguage\":\"fr-FR\",\"@id\":\"https:\/\/congopubonline.com\/?p=94772#primaryimage\",\"url\":\"https:\/\/congopubonline.com\/wp-content\/uploads\/2026\/03\/HC0EIeHWwAAABjW.jpg\",\"contentUrl\":\"https:\/\/congopubonline.com\/wp-content\/uploads\/2026\/03\/HC0EIeHWwAAABjW.jpg\",\"width\":680,\"height\":494},{\"@type\":\"BreadcrumbList\",\"@id\":\"https:\/\/congopubonline.com\/?p=94772#breadcrumb\",\"itemListElement\":[{\"@type\":\"ListItem\",\"position\":1,\"name\":\"Accueil\",\"item\":\"https:\/\/congopubonline.com\/\"},{\"@type\":\"ListItem\",\"position\":2,\"name\":\"Le Canada identifie Willy Manzi comme ressortissant rwandais : de nouvelles r\u00e9v\u00e9lations qui ravivent les tensions autour du Mouvement du 23 mars\"}]},{\"@type\":\"WebSite\",\"@id\":\"https:\/\/congopubonline.com\/#website\",\"url\":\"https:\/\/congopubonline.com\/\",\"name\":\"Congo Pub Online\",\"description\":\"Votre site d&#039;actualit\u00e9\",\"publisher\":{\"@id\":\"https:\/\/congopubonline.com\/#organization\"},\"alternateName\":\"Marketing 3.0\",\"potentialAction\":[{\"@type\":\"SearchAction\",\"target\":{\"@type\":\"EntryPoint\",\"urlTemplate\":\"https:\/\/congopubonline.com\/?s={search_term_string}\"},\"query-input\":{\"@type\":\"PropertyValueSpecification\",\"valueRequired\":true,\"valueName\":\"search_term_string\"}}],\"inLanguage\":\"fr-FR\"},{\"@type\":\"Organization\",\"@id\":\"https:\/\/congopubonline.com\/#organization\",\"name\":\"Congo Pub Online\",\"url\":\"https:\/\/congopubonline.com\/\",\"logo\":{\"@type\":\"ImageObject\",\"inLanguage\":\"fr-FR\",\"@id\":\"https:\/\/congopubonline.com\/#\/schema\/logo\/image\/\",\"url\":\"https:\/\/congopubonline.com\/wp-content\/uploads\/2022\/09\/LOGO_CONGO-PUB-Online_Version-2.jpg\",\"contentUrl\":\"https:\/\/congopubonline.com\/wp-content\/uploads\/2022\/09\/LOGO_CONGO-PUB-Online_Version-2.jpg\",\"width\":374,\"height\":223,\"caption\":\"Congo Pub Online\"},\"image\":{\"@id\":\"https:\/\/congopubonline.com\/#\/schema\/logo\/image\/\"},\"sameAs\":[\"https:\/\/web.facebook.com\/Congopubonline\",\"https:\/\/x.com\/CONGOPUBOnline\"]},{\"@type\":\"Person\",\"@id\":\"https:\/\/congopubonline.com\/#\/schema\/person\/d2f3a940be2e9c1a0e4f8831e203f3cc\",\"name\":\"admin9775\",\"sameAs\":[\"http:\/\/congopubonline.com\"],\"url\":\"https:\/\/congopubonline.com\/?author=1\"}]}<\/script>\n<!-- \/ Yoast SEO Premium plugin. -->","yoast_head_json":{"title":"Le Canada identifie Willy Manzi comme ressortissant rwandais : de nouvelles r\u00e9v\u00e9lations qui ravivent les tensions autour du Mouvement du 23 mars - Congo Pub Online","description":"Le Canada identifie Willy Manzi comme ressortissant rwandais : de nouvelles r\u00e9v\u00e9lations qui ravivent les tensions autour du Mouvement du 23 mars \u00c0 la Une","robots":{"index":"index","follow":"follow","max-snippet":"max-snippet:-1","max-image-preview":"max-image-preview:large","max-video-preview":"max-video-preview:-1"},"canonical":"https:\/\/congopubonline.com\/?p=94772","og_locale":"fr_FR","og_type":"article","og_title":"Le Canada identifie Willy Manzi comme ressortissant rwandais : de nouvelles r\u00e9v\u00e9lations qui ravivent les tensions autour du Mouvement du 23 mars","og_description":"Le Canada identifie Willy Manzi comme ressortissant rwandais : de nouvelles r\u00e9v\u00e9lations qui ravivent les tensions autour du Mouvement du 23 mars \u00c0 la Une","og_url":"https:\/\/congopubonline.com\/?p=94772","og_site_name":"Congo Pub Online","article_publisher":"https:\/\/web.facebook.com\/Congopubonline","article_published_time":"2026-03-07T22:02:30+00:00","article_modified_time":"2026-03-07T22:02:38+00:00","og_image":[{"width":680,"height":494,"url":"https:\/\/congopubonline.com\/wp-content\/uploads\/2026\/03\/HC0EIeHWwAAABjW.jpg","type":"image\/jpeg"}],"author":"admin9775","twitter_card":"summary_large_image","twitter_creator":"@CONGOPUBOnline","twitter_site":"@CONGOPUBOnline","twitter_misc":{"\u00c9crit par":"admin9775","Dur\u00e9e de lecture estim\u00e9e":"2 minutes"},"schema":{"@context":"https:\/\/schema.org","@graph":[{"@type":"Article","@id":"https:\/\/congopubonline.com\/?p=94772#article","isPartOf":{"@id":"https:\/\/congopubonline.com\/?p=94772"},"author":{"name":"admin9775","@id":"https:\/\/congopubonline.com\/#\/schema\/person\/d2f3a940be2e9c1a0e4f8831e203f3cc"},"headline":"Le Canada identifie Willy Manzi comme ressortissant rwandais : de nouvelles r\u00e9v\u00e9lations qui ravivent les tensions autour du Mouvement du 23 mars","datePublished":"2026-03-07T22:02:30+00:00","dateModified":"2026-03-07T22:02:38+00:00","mainEntityOfPage":{"@id":"https:\/\/congopubonline.com\/?p=94772"},"wordCount":359,"publisher":{"@id":"https:\/\/congopubonline.com\/#organization"},"image":{"@id":"https:\/\/congopubonline.com\/?p=94772#primaryimage"},"thumbnailUrl":"https:\/\/congopubonline.com\/wp-content\/uploads\/2026\/03\/HC0EIeHWwAAABjW.jpg","articleSection":["\u00c0 la Une","Soci\u00e9t\u00e9"],"inLanguage":"fr-FR"},{"@type":"WebPage","@id":"https:\/\/congopubonline.com\/?p=94772","url":"https:\/\/congopubonline.com\/?p=94772","name":"Le Canada identifie Willy Manzi comme ressortissant rwandais : de nouvelles r\u00e9v\u00e9lations qui ravivent les tensions autour du Mouvement du 23 mars - Congo Pub Online","isPartOf":{"@id":"https:\/\/congopubonline.com\/#website"},"primaryImageOfPage":{"@id":"https:\/\/congopubonline.com\/?p=94772#primaryimage"},"image":{"@id":"https:\/\/congopubonline.com\/?p=94772#primaryimage"},"thumbnailUrl":"https:\/\/congopubonline.com\/wp-content\/uploads\/2026\/03\/HC0EIeHWwAAABjW.jpg","datePublished":"2026-03-07T22:02:30+00:00","dateModified":"2026-03-07T22:02:38+00:00","description":"Le Canada identifie Willy Manzi comme ressortissant rwandais : de nouvelles r\u00e9v\u00e9lations qui ravivent les tensions autour du Mouvement du 23 mars \u00c0 la Une","breadcrumb":{"@id":"https:\/\/congopubonline.com\/?p=94772#breadcrumb"},"inLanguage":"fr-FR","potentialAction":[{"@type":"ReadAction","target":["https:\/\/congopubonline.com\/?p=94772"]}]},{"@type":"ImageObject","inLanguage":"fr-FR","@id":"https:\/\/congopubonline.com\/?p=94772#primaryimage","url":"https:\/\/congopubonline.com\/wp-content\/uploads\/2026\/03\/HC0EIeHWwAAABjW.jpg","contentUrl":"https:\/\/congopubonline.com\/wp-content\/uploads\/2026\/03\/HC0EIeHWwAAABjW.jpg","width":680,"height":494},{"@type":"BreadcrumbList","@id":"https:\/\/congopubonline.com\/?p=94772#breadcrumb","itemListElement":[{"@type":"ListItem","position":1,"name":"Accueil","item":"https:\/\/congopubonline.com\/"},{"@type":"ListItem","position":2,"name":"Le Canada identifie Willy Manzi comme ressortissant rwandais : de nouvelles r\u00e9v\u00e9lations qui ravivent les tensions autour du Mouvement du 23 mars"}]},{"@type":"WebSite","@id":"https:\/\/congopubonline.com\/#website","url":"https:\/\/congopubonline.com\/","name":"Congo Pub Online","description":"Votre site d&#039;actualit\u00e9","publisher":{"@id":"https:\/\/congopubonline.com\/#organization"},"alternateName":"Marketing 3.0","potentialAction":[{"@type":"SearchAction","target":{"@type":"EntryPoint","urlTemplate":"https:\/\/congopubonline.com\/?s={search_term_string}"},"query-input":{"@type":"PropertyValueSpecification","valueRequired":true,"valueName":"search_term_string"}}],"inLanguage":"fr-FR"},{"@type":"Organization","@id":"https:\/\/congopubonline.com\/#organization","name":"Congo Pub Online","url":"https:\/\/congopubonline.com\/","logo":{"@type":"ImageObject","inLanguage":"fr-FR","@id":"https:\/\/congopubonline.com\/#\/schema\/logo\/image\/","url":"https:\/\/congopubonline.com\/wp-content\/uploads\/2022\/09\/LOGO_CONGO-PUB-Online_Version-2.jpg","contentUrl":"https:\/\/congopubonline.com\/wp-content\/uploads\/2022\/09\/LOGO_CONGO-PUB-Online_Version-2.jpg","width":374,"height":223,"caption":"Congo Pub Online"},"image":{"@id":"https:\/\/congopubonline.com\/#\/schema\/logo\/image\/"},"sameAs":["https:\/\/web.facebook.com\/Congopubonline","https:\/\/x.com\/CONGOPUBOnline"]},{"@type":"Person","@id":"https:\/\/congopubonline.com\/#\/schema\/person\/d2f3a940be2e9c1a0e4f8831e203f3cc","name":"admin9775","sameAs":["http:\/\/congopubonline.com"],"url":"https:\/\/congopubonline.com\/?author=1"}]}},"_links":{"self":[{"href":"https:\/\/congopubonline.com\/index.php?rest_route=\/wp\/v2\/posts\/94772","targetHints":{"allow":["GET"]}}],"collection":[{"href":"https:\/\/congopubonline.com\/index.php?rest_route=\/wp\/v2\/posts"}],"about":[{"href":"https:\/\/congopubonline.com\/index.php?rest_route=\/wp\/v2\/types\/post"}],"author":[{"embeddable":true,"href":"https:\/\/congopubonline.com\/index.php?rest_route=\/wp\/v2\/users\/1"}],"replies":[{"embeddable":true,"href":"https:\/\/congopubonline.com\/index.php?rest_route=%2Fwp%2Fv2%2Fcomments&post=94772"}],"version-history":[{"count":1,"href":"https:\/\/congopubonline.com\/index.php?rest_route=\/wp\/v2\/posts\/94772\/revisions"}],"predecessor-version":[{"id":94774,"href":"https:\/\/congopubonline.com\/index.php?rest_route=\/wp\/v2\/posts\/94772\/revisions\/94774"}],"wp:featuredmedia":[{"embeddable":true,"href":"https:\/\/congopubonline.com\/index.php?rest_route=\/wp\/v2\/media\/94773"}],"wp:attachment":[{"href":"https:\/\/congopubonline.com\/index.php?rest_route=%2Fwp%2Fv2%2Fmedia&parent=94772"}],"wp:term":[{"taxonomy":"category","embeddable":true,"href":"https:\/\/congopubonline.com\/index.php?rest_route=%2Fwp%2Fv2%2Fcategories&post=94772"},{"taxonomy":"post_tag","embeddable":true,"href":"https:\/\/congopubonline.com\/index.php?rest_route=%2Fwp%2Fv2%2Ftags&post=94772"}],"curies":[{"name":"wp","href":"https:\/\/api.w.org\/{rel}","templated":true}]}}