{"id":94879,"date":"2026-03-12T00:40:46","date_gmt":"2026-03-11T23:40:46","guid":{"rendered":"https:\/\/congopubonline.com\/?p=94879"},"modified":"2026-03-12T00:40:55","modified_gmt":"2026-03-11T23:40:55","slug":"liran-ne-participera-pas-au-mondial-2026-selon-son-ministre-des-sports","status":"publish","type":"post","link":"https:\/\/congopubonline.com\/?p=94879","title":{"rendered":"L\u2019Iran \u00ab ne participera pas \u00bb au Mondial 2026, selon son ministre des Sports"},"content":{"rendered":"\n<p>L\u2019Iran se dirige vers un forfait pour la Coupe du monde 2026. Le ministre des Sports, Ahmad Donyamali, a en effet assur\u00e9 que la s\u00e9lection nationale \u00ab ne participera pas \u00bb au tournoi organis\u00e9 aux \u00c9tats-Unis, au Mexique et au Canada, en raison de la situation de guerre et des tensions avec Washington. Une position tranch\u00e9e qui se heurte \u00e0 la volont\u00e9 affich\u00e9e de la Fifa \u2013 et du pr\u00e9sident am\u00e9ricain Donald Trump \u2013 de voir la \u00ab Team Melli \u00bb bien pr\u00e9sente au coup d\u2019envoi.<\/p>\n\n\n\n<p>\u00ab&nbsp;<em>\u00c9tant donn\u00e9 que ce r\u00e9gime corrompu (les \u00c9tats-Unis) a assassin\u00e9 notre guide, nous ne pouvons en aucun cas participer \u00e0 la Coupe du monde<\/em>&nbsp;\u00bb, a d\u00e9clar\u00e9 Ahmad Donyamali \u00e0 la t\u00e9l\u00e9vision iranienne, en r\u00e9f\u00e9rence \u00e0 la mort d\u2019Ali Khamenei lors d\u2019attaques a\u00e9riennes attribu\u00e9es aux \u00c9tats-Unis et \u00e0 Isra\u00ebl.&nbsp;<em>\u00ab Deux guerres nous ont \u00e9t\u00e9 impos\u00e9es en huit ou neuf mois et plusieurs milliers de personnes ont \u00e9t\u00e9 tu\u00e9es. Par cons\u00e9quent, nous n&rsquo;avons aucune possibilit\u00e9 de participer de cette mani\u00e8r<\/em>e \u00bb, a-t-il insist\u00e9, ent\u00e9rinant de facto la ligne dure d\u00e9j\u00e0 esquiss\u00e9e par la F\u00e9d\u00e9ration iranienne au lendemain des frappes.<\/p>\n\n\n\n<p>Car d\u00e8s le d\u00e9but de<a href=\"https:\/\/www.rfi.fr\/fr\/moyen-orient\/20260311-en-direct-guerre-au-moyen-orient-nouvelle-frappe-isra%C3%A9lienne-sur-le-centre-de-beyrouth\"><strong>&nbsp;l\u2019offensive am\u00e9ricano-isra\u00e9lienne<\/strong><\/a>, le pr\u00e9sident de la F\u00e9d\u00e9ration, Mehdi Taj, avait ouvert la porte \u00e0 un boycott, rappelant que la d\u00e9cision finale appartiendrait aux \u00ab&nbsp;<em>autorit\u00e9s sportives<\/em>&nbsp;\u00bb du pays. \u00ab&nbsp;<em>Ces \u00e9v\u00e9nements ne resteront pas sans r\u00e9ponse (&#8230;) Mais ce qui est s\u00fbr \u00e0 l&rsquo;heure actuelle c&rsquo;est qu&rsquo;avec cette attaque et cette cruaut\u00e9, on ne peut pas envisager avec espoir la Coupe du monde<\/em>&nbsp;\u00bb, expliquait-il alors, pr\u00e9parant les esprits \u00e0 un possible retrait de la s\u00e9lection, qualifi\u00e9e pour sa septi\u00e8me phase finale mondiale.<\/p>\n\n\n\n<h2 class=\"wp-block-heading\" id=\"h-les-manoeuvres-d-infantino\">Les man\u0153uvres d\u2019Infantino<\/h2>\n\n\n\n<p>Face \u00e0 cette mont\u00e9e des tensions, la Fifa s\u2019efforce de maintenir le lien. Gianni Infantino a r\u00e9v\u00e9l\u00e9 qu\u2019il s\u2019\u00e9tait entretenu mardi soir avec Donald Trump, qui lui aurait garanti que l\u2019Iran serait accueilli sans restriction sur le sol am\u00e9ricain.&nbsp;<em>\u00ab Au cours de nos \u00e9changes, le pr\u00e9sident Trump a r\u00e9affirm\u00e9 que l&rsquo;\u00e9quipe iranienne \u00e9tait bien entendu la bienvenue pour disputer le tournoi aux \u00c9tats-Unis<\/em>&nbsp;\u00bb, a \u00e9crit le pr\u00e9sident de la Fifa sur son compte Instagram. La Maison Blanche a confirm\u00e9 ces propos, \u00e9cartant ainsi l\u2019hypoth\u00e8se d\u2019un refus de visas pour raisons de s\u00e9curit\u00e9, un sc\u00e9nario \u00e9voqu\u00e9 par certains observateurs.<\/p>\n\n\n\n<p>Infantino, qui entretient depuis plusieurs ann\u00e9es&nbsp;<a href=\"https:\/\/www.rfi.fr\/fr\/podcasts\/la-fabrique-du-monde\/20251205-football-et-politique-donald-trump-et-gianni-infantino-une-bromance-pas-d%C3%A9sint%C3%A9ress%C3%A9e-en-mondovision\"><strong>une bromance avec Trump<\/strong><\/a>, n\u2019a pas manqu\u00e9 d\u2019en faire un symbole.&nbsp;<em>\u00ab Nous avons tous besoin, plus que jamais, d&rsquo;un \u00e9v\u00e9nement comme la Coupe du Monde de la Fifa pour rassembler les gens, et je remercie sinc\u00e8rement le pr\u00e9sident des \u00c9tats-Unis pour son soutien, car cela montre une fois de plus que le football unit le monde&nbsp;<\/em>\u00bb, a-t-il insist\u00e9. Le patron de la Fifa, seul dirigeant sportif pr\u00e9sent \u00e0 l\u2019investiture de Trump, a d\u00e9j\u00e0 multipli\u00e9 les gestes de proximit\u00e9, allant jusqu\u2019\u00e0 lui remettre un \u00ab Prix Fifa de la Paix \u00bb cr\u00e9\u00e9 pour l\u2019occasion, dont les crit\u00e8res n\u2019ont jamais \u00e9t\u00e9 clairement d\u00e9finis.<\/p>\n\n\n\n<h2 class=\"wp-block-heading\" id=\"h-l-irak-ou-les-emirats-comme-remplacant-nbsp\">L\u2019Irak ou les Emirats comme rempla\u00e7ant&nbsp;?<\/h2>\n\n\n\n<p>Le pr\u00e9sident am\u00e9ricain, lui, s\u2019est montr\u00e9 beaucoup moins conciliant dans le ton. Interrog\u00e9 d\u00e9but mars par le m\u00e9dia Politico sur un \u00e9ventuel boycott iranien, Trump avait l\u00e2ch\u00e9 : \u00ab&nbsp;<em>Je m&rsquo;en fiche compl\u00e8tement<\/em>. \u00bb Avant d\u2019ajouter : \u00ab&nbsp;<em>Je pense que l&rsquo;Iran est un pays tr\u00e8s durement vaincu. Ils sont \u00e0 bout de forces.<\/em>&nbsp;\u00bb Une indiff\u00e9rence affich\u00e9e qui contraste avec la volont\u00e9 de la Fifa de pr\u00e9server, au moins en apparence, la dimension universelle de son tournoi.<\/p>\n\n\n\n<p>En cas de forfait officiel de l\u2019Iran, c\u2019est l\u2019AFC, la conf\u00e9d\u00e9ration asiatique de football, qui proposerait un successeur. Deux noms se d\u00e9tachent : l\u2019Irak et les \u00c9mirats arabes unis.<\/p>\n\n\n\n<p>L\u2019Irak doit encore disputer un barrage intercontinental, le 31 mars \u00e0 Monterrey, face \u00e0 la Bolivie ou au Suriname. En cas de victoire, la s\u00e9lection irakienne serait vers\u00e9e dans le groupe I, celui de la France, du S\u00e9n\u00e9gal et de la Norv\u00e8ge. Ce sc\u00e9nario ouvrirait alors la voie aux \u00c9mirats arabes unis, finalistes malheureux des barrages asiatiques (1-1, 1-2 face \u00e0 l\u2019Irak), pour r\u00e9cup\u00e9rer la place laiss\u00e9e vacante par l\u2019Iran dans le groupe G. \u00c0 moins d\u2019un improbable revirement politique \u00e0 T\u00e9h\u00e9ran, la Coupe du monde 2026 pourrait donc s\u2019ouvrir sans la \u00ab Team Melli \u00bb, mais pas sans repr\u00e9sentant suppl\u00e9mentaire de l\u2019Asie.<\/p>\n\n\n\n<p><strong><em>RFI<\/em><\/strong><\/p>\n<div class='epvc-post-count'><span class='epvc-eye'><\/span>  <span class=\"epvc-count\"> 68<\/span><span class='epvc-label'> Vues<\/span><\/div>","protected":false},"excerpt":{"rendered":"<p>L\u2019Iran se dirige vers un forfait pour la Coupe du monde 2026. Le ministre des Sports, Ahmad Donyamali, a en effet assur\u00e9 que la s\u00e9lection nationale \u00ab ne participera pas&hellip;<\/p>\n","protected":false},"author":1,"featured_media":94880,"comment_status":"closed","ping_status":"closed","sticky":false,"template":"","format":"standard","meta":{"content-type":"","_monsterinsights_skip_tracking":false,"_monsterinsights_sitenote_active":false,"_monsterinsights_sitenote_note":"","_monsterinsights_sitenote_category":0,"footnotes":""},"categories":[844,63],"tags":[],"class_list":["post-94879","post","type-post","status-publish","format-standard","has-post-thumbnail","hentry","category-a-la-une","category-bimber-sport"],"yoast_head":"<!-- This site is optimized with the Yoast SEO Premium plugin v25.4 (Yoast SEO v25.4) - https:\/\/yoast.com\/wordpress\/plugins\/seo\/ -->\n<title>L\u2019Iran \u00ab ne participera pas \u00bb au Mondial 2026, selon son ministre des Sports - Congo Pub Online<\/title>\n<meta name=\"description\" content=\"L\u2019Iran \u00ab ne participera pas \u00bb au Mondial 2026, selon son ministre des Sports \u00c0 la Une\" \/>\n<meta name=\"robots\" content=\"index, follow, max-snippet:-1, max-image-preview:large, max-video-preview:-1\" \/>\n<link rel=\"canonical\" href=\"https:\/\/congopubonline.com\/?p=94879\" \/>\n<meta property=\"og:locale\" content=\"fr_FR\" \/>\n<meta property=\"og:type\" content=\"article\" \/>\n<meta property=\"og:title\" content=\"L\u2019Iran \u00ab ne participera pas \u00bb au Mondial 2026, selon son ministre des Sports\" \/>\n<meta property=\"og:description\" content=\"L\u2019Iran \u00ab ne participera pas \u00bb au Mondial 2026, selon son ministre des Sports \u00c0 la Une\" \/>\n<meta property=\"og:url\" content=\"https:\/\/congopubonline.com\/?p=94879\" \/>\n<meta property=\"og:site_name\" content=\"Congo Pub Online\" \/>\n<meta property=\"article:publisher\" content=\"https:\/\/web.facebook.com\/Congopubonline\" \/>\n<meta property=\"article:published_time\" content=\"2026-03-11T23:40:46+00:00\" \/>\n<meta property=\"article:modified_time\" content=\"2026-03-11T23:40:55+00:00\" \/>\n<meta property=\"og:image\" content=\"https:\/\/congopubonline.com\/wp-content\/uploads\/2026\/03\/iran_player.png\" \/>\n\t<meta property=\"og:image:width\" content=\"779\" \/>\n\t<meta property=\"og:image:height\" content=\"447\" \/>\n\t<meta property=\"og:image:type\" content=\"image\/png\" \/>\n<meta name=\"author\" content=\"admin9775\" \/>\n<meta name=\"twitter:card\" content=\"summary_large_image\" \/>\n<meta name=\"twitter:creator\" content=\"@CONGOPUBOnline\" \/>\n<meta name=\"twitter:site\" content=\"@CONGOPUBOnline\" \/>\n<meta name=\"twitter:label1\" content=\"\u00c9crit par\" \/>\n\t<meta name=\"twitter:data1\" content=\"admin9775\" \/>\n\t<meta name=\"twitter:label2\" content=\"Dur\u00e9e de lecture estim\u00e9e\" \/>\n\t<meta name=\"twitter:data2\" content=\"4 minutes\" \/>\n<script type=\"application\/ld+json\" class=\"yoast-schema-graph\">{\"@context\":\"https:\/\/schema.org\",\"@graph\":[{\"@type\":\"Article\",\"@id\":\"https:\/\/congopubonline.com\/?p=94879#article\",\"isPartOf\":{\"@id\":\"https:\/\/congopubonline.com\/?p=94879\"},\"author\":{\"name\":\"admin9775\",\"@id\":\"https:\/\/congopubonline.com\/#\/schema\/person\/d2f3a940be2e9c1a0e4f8831e203f3cc\"},\"headline\":\"L\u2019Iran \u00ab ne participera pas \u00bb au Mondial 2026, selon son ministre des Sports\",\"datePublished\":\"2026-03-11T23:40:46+00:00\",\"dateModified\":\"2026-03-11T23:40:55+00:00\",\"mainEntityOfPage\":{\"@id\":\"https:\/\/congopubonline.com\/?p=94879\"},\"wordCount\":808,\"publisher\":{\"@id\":\"https:\/\/congopubonline.com\/#organization\"},\"image\":{\"@id\":\"https:\/\/congopubonline.com\/?p=94879#primaryimage\"},\"thumbnailUrl\":\"https:\/\/congopubonline.com\/wp-content\/uploads\/2026\/03\/iran_player.png\",\"articleSection\":[\"\u00c0 la Une\",\"Sport\"],\"inLanguage\":\"fr-FR\"},{\"@type\":\"WebPage\",\"@id\":\"https:\/\/congopubonline.com\/?p=94879\",\"url\":\"https:\/\/congopubonline.com\/?p=94879\",\"name\":\"L\u2019Iran \u00ab ne participera pas \u00bb au Mondial 2026, selon son ministre des Sports - Congo Pub Online\",\"isPartOf\":{\"@id\":\"https:\/\/congopubonline.com\/#website\"},\"primaryImageOfPage\":{\"@id\":\"https:\/\/congopubonline.com\/?p=94879#primaryimage\"},\"image\":{\"@id\":\"https:\/\/congopubonline.com\/?p=94879#primaryimage\"},\"thumbnailUrl\":\"https:\/\/congopubonline.com\/wp-content\/uploads\/2026\/03\/iran_player.png\",\"datePublished\":\"2026-03-11T23:40:46+00:00\",\"dateModified\":\"2026-03-11T23:40:55+00:00\",\"description\":\"L\u2019Iran \u00ab ne participera pas \u00bb au Mondial 2026, selon son ministre des Sports \u00c0 la Une\",\"breadcrumb\":{\"@id\":\"https:\/\/congopubonline.com\/?p=94879#breadcrumb\"},\"inLanguage\":\"fr-FR\",\"potentialAction\":[{\"@type\":\"ReadAction\",\"target\":[\"https:\/\/congopubonline.com\/?p=94879\"]}]},{\"@type\":\"ImageObject\",\"inLanguage\":\"fr-FR\",\"@id\":\"https:\/\/congopubonline.com\/?p=94879#primaryimage\",\"url\":\"https:\/\/congopubonline.com\/wp-content\/uploads\/2026\/03\/iran_player.png\",\"contentUrl\":\"https:\/\/congopubonline.com\/wp-content\/uploads\/2026\/03\/iran_player.png\",\"width\":779,\"height\":447},{\"@type\":\"BreadcrumbList\",\"@id\":\"https:\/\/congopubonline.com\/?p=94879#breadcrumb\",\"itemListElement\":[{\"@type\":\"ListItem\",\"position\":1,\"name\":\"Accueil\",\"item\":\"https:\/\/congopubonline.com\/\"},{\"@type\":\"ListItem\",\"position\":2,\"name\":\"L\u2019Iran \u00ab ne participera pas \u00bb au Mondial 2026, selon son ministre des Sports\"}]},{\"@type\":\"WebSite\",\"@id\":\"https:\/\/congopubonline.com\/#website\",\"url\":\"https:\/\/congopubonline.com\/\",\"name\":\"Congo Pub Online\",\"description\":\"Votre site d&#039;actualit\u00e9\",\"publisher\":{\"@id\":\"https:\/\/congopubonline.com\/#organization\"},\"alternateName\":\"Marketing 3.0\",\"potentialAction\":[{\"@type\":\"SearchAction\",\"target\":{\"@type\":\"EntryPoint\",\"urlTemplate\":\"https:\/\/congopubonline.com\/?s={search_term_string}\"},\"query-input\":{\"@type\":\"PropertyValueSpecification\",\"valueRequired\":true,\"valueName\":\"search_term_string\"}}],\"inLanguage\":\"fr-FR\"},{\"@type\":\"Organization\",\"@id\":\"https:\/\/congopubonline.com\/#organization\",\"name\":\"Congo Pub Online\",\"url\":\"https:\/\/congopubonline.com\/\",\"logo\":{\"@type\":\"ImageObject\",\"inLanguage\":\"fr-FR\",\"@id\":\"https:\/\/congopubonline.com\/#\/schema\/logo\/image\/\",\"url\":\"https:\/\/congopubonline.com\/wp-content\/uploads\/2022\/09\/LOGO_CONGO-PUB-Online_Version-2.jpg\",\"contentUrl\":\"https:\/\/congopubonline.com\/wp-content\/uploads\/2022\/09\/LOGO_CONGO-PUB-Online_Version-2.jpg\",\"width\":374,\"height\":223,\"caption\":\"Congo Pub Online\"},\"image\":{\"@id\":\"https:\/\/congopubonline.com\/#\/schema\/logo\/image\/\"},\"sameAs\":[\"https:\/\/web.facebook.com\/Congopubonline\",\"https:\/\/x.com\/CONGOPUBOnline\"]},{\"@type\":\"Person\",\"@id\":\"https:\/\/congopubonline.com\/#\/schema\/person\/d2f3a940be2e9c1a0e4f8831e203f3cc\",\"name\":\"admin9775\",\"sameAs\":[\"http:\/\/congopubonline.com\"],\"url\":\"https:\/\/congopubonline.com\/?author=1\"}]}<\/script>\n<!-- \/ Yoast SEO Premium plugin. -->","yoast_head_json":{"title":"L\u2019Iran \u00ab ne participera pas \u00bb au Mondial 2026, selon son ministre des Sports - Congo Pub Online","description":"L\u2019Iran \u00ab ne participera pas \u00bb au Mondial 2026, selon son ministre des Sports \u00c0 la Une","robots":{"index":"index","follow":"follow","max-snippet":"max-snippet:-1","max-image-preview":"max-image-preview:large","max-video-preview":"max-video-preview:-1"},"canonical":"https:\/\/congopubonline.com\/?p=94879","og_locale":"fr_FR","og_type":"article","og_title":"L\u2019Iran \u00ab ne participera pas \u00bb au Mondial 2026, selon son ministre des Sports","og_description":"L\u2019Iran \u00ab ne participera pas \u00bb au Mondial 2026, selon son ministre des Sports \u00c0 la Une","og_url":"https:\/\/congopubonline.com\/?p=94879","og_site_name":"Congo Pub Online","article_publisher":"https:\/\/web.facebook.com\/Congopubonline","article_published_time":"2026-03-11T23:40:46+00:00","article_modified_time":"2026-03-11T23:40:55+00:00","og_image":[{"width":779,"height":447,"url":"https:\/\/congopubonline.com\/wp-content\/uploads\/2026\/03\/iran_player.png","type":"image\/png"}],"author":"admin9775","twitter_card":"summary_large_image","twitter_creator":"@CONGOPUBOnline","twitter_site":"@CONGOPUBOnline","twitter_misc":{"\u00c9crit par":"admin9775","Dur\u00e9e de lecture estim\u00e9e":"4 minutes"},"schema":{"@context":"https:\/\/schema.org","@graph":[{"@type":"Article","@id":"https:\/\/congopubonline.com\/?p=94879#article","isPartOf":{"@id":"https:\/\/congopubonline.com\/?p=94879"},"author":{"name":"admin9775","@id":"https:\/\/congopubonline.com\/#\/schema\/person\/d2f3a940be2e9c1a0e4f8831e203f3cc"},"headline":"L\u2019Iran \u00ab ne participera pas \u00bb au Mondial 2026, selon son ministre des Sports","datePublished":"2026-03-11T23:40:46+00:00","dateModified":"2026-03-11T23:40:55+00:00","mainEntityOfPage":{"@id":"https:\/\/congopubonline.com\/?p=94879"},"wordCount":808,"publisher":{"@id":"https:\/\/congopubonline.com\/#organization"},"image":{"@id":"https:\/\/congopubonline.com\/?p=94879#primaryimage"},"thumbnailUrl":"https:\/\/congopubonline.com\/wp-content\/uploads\/2026\/03\/iran_player.png","articleSection":["\u00c0 la Une","Sport"],"inLanguage":"fr-FR"},{"@type":"WebPage","@id":"https:\/\/congopubonline.com\/?p=94879","url":"https:\/\/congopubonline.com\/?p=94879","name":"L\u2019Iran \u00ab ne participera pas \u00bb au Mondial 2026, selon son ministre des Sports - Congo Pub Online","isPartOf":{"@id":"https:\/\/congopubonline.com\/#website"},"primaryImageOfPage":{"@id":"https:\/\/congopubonline.com\/?p=94879#primaryimage"},"image":{"@id":"https:\/\/congopubonline.com\/?p=94879#primaryimage"},"thumbnailUrl":"https:\/\/congopubonline.com\/wp-content\/uploads\/2026\/03\/iran_player.png","datePublished":"2026-03-11T23:40:46+00:00","dateModified":"2026-03-11T23:40:55+00:00","description":"L\u2019Iran \u00ab ne participera pas \u00bb au Mondial 2026, selon son ministre des Sports \u00c0 la Une","breadcrumb":{"@id":"https:\/\/congopubonline.com\/?p=94879#breadcrumb"},"inLanguage":"fr-FR","potentialAction":[{"@type":"ReadAction","target":["https:\/\/congopubonline.com\/?p=94879"]}]},{"@type":"ImageObject","inLanguage":"fr-FR","@id":"https:\/\/congopubonline.com\/?p=94879#primaryimage","url":"https:\/\/congopubonline.com\/wp-content\/uploads\/2026\/03\/iran_player.png","contentUrl":"https:\/\/congopubonline.com\/wp-content\/uploads\/2026\/03\/iran_player.png","width":779,"height":447},{"@type":"BreadcrumbList","@id":"https:\/\/congopubonline.com\/?p=94879#breadcrumb","itemListElement":[{"@type":"ListItem","position":1,"name":"Accueil","item":"https:\/\/congopubonline.com\/"},{"@type":"ListItem","position":2,"name":"L\u2019Iran \u00ab ne participera pas \u00bb au Mondial 2026, selon son ministre des Sports"}]},{"@type":"WebSite","@id":"https:\/\/congopubonline.com\/#website","url":"https:\/\/congopubonline.com\/","name":"Congo Pub Online","description":"Votre site d&#039;actualit\u00e9","publisher":{"@id":"https:\/\/congopubonline.com\/#organization"},"alternateName":"Marketing 3.0","potentialAction":[{"@type":"SearchAction","target":{"@type":"EntryPoint","urlTemplate":"https:\/\/congopubonline.com\/?s={search_term_string}"},"query-input":{"@type":"PropertyValueSpecification","valueRequired":true,"valueName":"search_term_string"}}],"inLanguage":"fr-FR"},{"@type":"Organization","@id":"https:\/\/congopubonline.com\/#organization","name":"Congo Pub Online","url":"https:\/\/congopubonline.com\/","logo":{"@type":"ImageObject","inLanguage":"fr-FR","@id":"https:\/\/congopubonline.com\/#\/schema\/logo\/image\/","url":"https:\/\/congopubonline.com\/wp-content\/uploads\/2022\/09\/LOGO_CONGO-PUB-Online_Version-2.jpg","contentUrl":"https:\/\/congopubonline.com\/wp-content\/uploads\/2022\/09\/LOGO_CONGO-PUB-Online_Version-2.jpg","width":374,"height":223,"caption":"Congo Pub Online"},"image":{"@id":"https:\/\/congopubonline.com\/#\/schema\/logo\/image\/"},"sameAs":["https:\/\/web.facebook.com\/Congopubonline","https:\/\/x.com\/CONGOPUBOnline"]},{"@type":"Person","@id":"https:\/\/congopubonline.com\/#\/schema\/person\/d2f3a940be2e9c1a0e4f8831e203f3cc","name":"admin9775","sameAs":["http:\/\/congopubonline.com"],"url":"https:\/\/congopubonline.com\/?author=1"}]}},"_links":{"self":[{"href":"https:\/\/congopubonline.com\/index.php?rest_route=\/wp\/v2\/posts\/94879","targetHints":{"allow":["GET"]}}],"collection":[{"href":"https:\/\/congopubonline.com\/index.php?rest_route=\/wp\/v2\/posts"}],"about":[{"href":"https:\/\/congopubonline.com\/index.php?rest_route=\/wp\/v2\/types\/post"}],"author":[{"embeddable":true,"href":"https:\/\/congopubonline.com\/index.php?rest_route=\/wp\/v2\/users\/1"}],"replies":[{"embeddable":true,"href":"https:\/\/congopubonline.com\/index.php?rest_route=%2Fwp%2Fv2%2Fcomments&post=94879"}],"version-history":[{"count":1,"href":"https:\/\/congopubonline.com\/index.php?rest_route=\/wp\/v2\/posts\/94879\/revisions"}],"predecessor-version":[{"id":94881,"href":"https:\/\/congopubonline.com\/index.php?rest_route=\/wp\/v2\/posts\/94879\/revisions\/94881"}],"wp:featuredmedia":[{"embeddable":true,"href":"https:\/\/congopubonline.com\/index.php?rest_route=\/wp\/v2\/media\/94880"}],"wp:attachment":[{"href":"https:\/\/congopubonline.com\/index.php?rest_route=%2Fwp%2Fv2%2Fmedia&parent=94879"}],"wp:term":[{"taxonomy":"category","embeddable":true,"href":"https:\/\/congopubonline.com\/index.php?rest_route=%2Fwp%2Fv2%2Fcategories&post=94879"},{"taxonomy":"post_tag","embeddable":true,"href":"https:\/\/congopubonline.com\/index.php?rest_route=%2Fwp%2Fv2%2Ftags&post=94879"}],"curies":[{"name":"wp","href":"https:\/\/api.w.org\/{rel}","templated":true}]}}