{"id":94882,"date":"2026-03-12T03:46:24","date_gmt":"2026-03-12T02:46:24","guid":{"rendered":"https:\/\/congopubonline.com\/?p=94882"},"modified":"2026-03-12T03:46:32","modified_gmt":"2026-03-12T02:46:32","slug":"frappes-de-drones-a-goma-une-humanitaire-de-lunicef-tuee-tensions-accrues-dans-lest-de-la-republique-democratique-du-congo","status":"publish","type":"post","link":"https:\/\/congopubonline.com\/?p=94882","title":{"rendered":"Frappes de drones \u00e0 Goma : une humanitaire de l\u2019UNICEF tu\u00e9e, tensions accrues dans l\u2019est de la R\u00e9publique d\u00e9mocratique du Congo"},"content":{"rendered":"\n<p>La ville de Goma, chef-lieu de la province du Nord-Kivu, a \u00e9t\u00e9 secou\u00e9e dans la nuit du <strong>10 au 11 mars 2026<\/strong> par au moins deux explosions attribu\u00e9es \u00e0 des frappes de drones. L\u2019attaque a provoqu\u00e9 des d\u00e9g\u00e2ts mat\u00e9riels et fait plusieurs victimes, dont une employ\u00e9e fran\u00e7aise de l\u2019UNICEF.<\/p>\n\n\n\n<p>Selon plusieurs sources, les explosions se sont produites vers quatre heures du matin. Un premier drone aurait termin\u00e9 sa course dans le lac Kivu, tandis qu\u2019un second aurait frapp\u00e9 une habitation dans un quartier r\u00e9sidentiel o\u00f9 logeaient des travailleurs humanitaires et du personnel de l\u2019Union europ\u00e9enne.<\/p>\n\n\n\n<p>La commissaire europ\u00e9enne charg\u00e9e de l\u2019aide humanitaire, Hadja Lahbib, a confirm\u00e9 qu\u2019\u00ab une frappe de drone a touch\u00e9 un immeuble r\u00e9sidentiel \u00e0 Goma o\u00f9 vivent des travailleurs humanitaires et du personnel de l\u2019Union europ\u00e9enne \u00bb. La r\u00e9sidence abritait notamment des agents d\u2019<strong>ECHO<\/strong>, le service humanitaire de la Commission europ\u00e9enne.<\/p>\n\n\n\n<h3 class=\"wp-block-heading\" id=\"h-une-humanitaire-francaise-parmi-les-victimes\">Une humanitaire fran\u00e7aise parmi les victimes<\/h3>\n\n\n\n<figure class=\"wp-block-image size-full is-resized\"><img fetchpriority=\"high\" decoding=\"async\" width=\"562\" height=\"576\" src=\"https:\/\/congopubonline.com\/wp-content\/uploads\/2026\/03\/image-16.png\" alt=\"\" class=\"wp-image-94883\" style=\"width:500px;height:auto\" srcset=\"https:\/\/congopubonline.com\/wp-content\/uploads\/2026\/03\/image-16.png 562w, https:\/\/congopubonline.com\/wp-content\/uploads\/2026\/03\/image-16-293x300.png 293w\" sizes=\"(max-width: 562px) 100vw, 562px\" \/><\/figure>\n\n\n\n<p>Le gouvernement congolais a annonc\u00e9 l\u2019ouverture d\u2019enqu\u00eates afin d\u2019\u00e9tablir les circonstances exactes de ces explosions. Dans un communiqu\u00e9, les autorit\u00e9s ont fait part de leur profonde tristesse apr\u00e8s les pertes en vies humaines.<\/p>\n\n\n\n<p>Parmi les victimes figure Karine Buisset, ressortissante fran\u00e7aise et employ\u00e9e de l\u2019UNICEF en RDC. Sa mort a \u00e9t\u00e9 confirm\u00e9e par le pr\u00e9sident fran\u00e7ais Emmanuel Macron.<\/p>\n\n\n\n<p>Kinshasa affirme que les incidents se sont produits <strong>dans des zones sous occupation<\/strong>, pr\u00e9cisant que les services comp\u00e9tents poursuivent les investigations pour d\u00e9terminer l\u2019origine des explosions. Les autorit\u00e9s congolaises ont \u00e9galement pr\u00e9sent\u00e9 leurs condol\u00e9ances \u00e0 la famille de la victime ainsi qu\u2019\u00e0 la communaut\u00e9 humanitaire.<\/p>\n\n\n\n<h3 class=\"wp-block-heading\" id=\"h-l-afc-m23-accuse-les-forces-armees-de-la-republique-democratique-du-congo\">L\u2019AFC\/M23 accuse les Forces arm\u00e9es de la R\u00e9publique d\u00e9mocratique du Congo<\/h3>\n\n\n\n<figure class=\"wp-block-image size-large is-resized\"><img decoding=\"async\" width=\"1024\" height=\"683\" src=\"https:\/\/congopubonline.com\/wp-content\/uploads\/2026\/03\/image-17-1024x683.png\" alt=\"\" class=\"wp-image-94885\" style=\"aspect-ratio:1.4992791926958193;width:615px;height:auto\" srcset=\"https:\/\/congopubonline.com\/wp-content\/uploads\/2026\/03\/image-17-1024x683.png 1024w, https:\/\/congopubonline.com\/wp-content\/uploads\/2026\/03\/image-17-300x200.png 300w, https:\/\/congopubonline.com\/wp-content\/uploads\/2026\/03\/image-17-768x512.png 768w, https:\/\/congopubonline.com\/wp-content\/uploads\/2026\/03\/image-17-585x390.png 585w, https:\/\/congopubonline.com\/wp-content\/uploads\/2026\/03\/image-17-263x175.png 263w, https:\/\/congopubonline.com\/wp-content\/uploads\/2026\/03\/image-17.png 1080w\" sizes=\"(max-width: 1024px) 100vw, 1024px\" \/><\/figure>\n\n\n\n<p>Le mouvement rebelle Alliance Fleuve Congo \u2013 Mouvement du 23 mars (AFC\/M23), qui contr\u00f4le actuellement la ville de Goma et qui est accus\u00e9 par les Nations unies d\u2019\u00eatre soutenu par le Rwanda, attribue ces frappes aux Forces arm\u00e9es de la R\u00e9publique d\u00e9mocratique du Congo (FARDC).<\/p>\n\n\n\n<p>Lors d\u2019une conf\u00e9rence de presse tenue \u00e0 Goma, le coordonnateur politique du mouvement, Corneille Nangaa, a accus\u00e9 le gouvernement du pr\u00e9sident F\u00e9lix Tshisekedi de violer le cessez-le-feu \u00e0 travers des frappes a\u00e9riennes.<\/p>\n\n\n\n<p>Selon lui, \u00ab la trag\u00e9die de cette nuit rappelle qu\u2019un pouvoir qui bombarde des quartiers r\u00e9sidentiels expose indistinctement civils et \u00e9trangers \u00bb. Le mouvement rebelle affirme que trois personnes ont \u00e9t\u00e9 tu\u00e9es dans ces attaques.<\/p>\n\n\n\n<h3 class=\"wp-block-heading\" id=\"h-inquietude-internationale\">Inqui\u00e9tude internationale<\/h3>\n\n\n\n<p>Les Nations unies ont condamn\u00e9 l\u2019escalade de la violence dans la ville. Le chef par int\u00e9rim de la mission onusienne en RDC, Bruno Lemarquis, a d\u00e9nonc\u00e9 l\u2019utilisation de drones d\u2019attaque ayant caus\u00e9 la mort d\u2019un membre du personnel de l\u2019ONU et de deux civils.<\/p>\n\n\n\n<p>Ces incidents interviennent dans un contexte de combats persistants dans l\u2019est de la RDC, malgr\u00e9 les engagements de cessez-le-feu pris dans le cadre des Accords de Washington de 2025 et du processus de paix lanc\u00e9 \u00e0 <strong>Doha<\/strong> en juillet 2025.<\/p>\n\n\n\n<p>Dans une d\u00e9claration conjointe publi\u00e9e le <strong>5 mars<\/strong>, plusieurs \u00c9tats \u2014 dont la France, l\u2019Union europ\u00e9enne, les \u00c9tats-Unis et le Royaume-Uni \u2014 ont exprim\u00e9 leur profonde inqui\u00e9tude face aux violations r\u00e9p\u00e9t\u00e9es du cessez-le-feu, notamment l\u2019usage de drones lors d\u2019op\u00e9rations militaires mettant en danger les populations civiles.<\/p>\n\n\n\n<p>Selon le Bureau de la coordination des affaires humanitaires des Nations unies (OCHA), 37 incidents affectant des acteurs humanitaires ont \u00e9t\u00e9 recens\u00e9s dans l\u2019est de la RDC en janvier 2026, contre 48 en d\u00e9cembre 2025.<\/p>\n\n\n\n<p>La frappe ayant touch\u00e9 un b\u00e2timent h\u00e9bergeant des travailleurs humanitaires \u00e0 Goma relance ainsi les pr\u00e9occupations concernant la s\u00e9curit\u00e9 du personnel humanitaire dans l\u2019un des conflits les plus complexes de la r\u00e9gion des Grands Lacs.<\/p>\n\n\n\n<p><strong>Par Basengezi Ntomo, correspondant \u00e0 Goma<br>CONGO PUB Online<\/strong><\/p>\n\n\n\n<p><\/p>\n<div class='epvc-post-count'><span class='epvc-eye'><\/span>  <span class=\"epvc-count\"> 57<\/span><span class='epvc-label'> Vues<\/span><\/div>","protected":false},"excerpt":{"rendered":"<p>La ville de Goma, chef-lieu de la province du Nord-Kivu, a \u00e9t\u00e9 secou\u00e9e dans la nuit du 10 au 11 mars 2026 par au moins deux explosions attribu\u00e9es \u00e0 des&hellip;<\/p>\n","protected":false},"author":1,"featured_media":94886,"comment_status":"closed","ping_status":"closed","sticky":false,"template":"","format":"standard","meta":{"content-type":"","_monsterinsights_skip_tracking":false,"_monsterinsights_sitenote_active":false,"_monsterinsights_sitenote_note":"","_monsterinsights_sitenote_category":0,"footnotes":""},"categories":[844,59],"tags":[],"class_list":["post-94882","post","type-post","status-publish","format-standard","has-post-thumbnail","hentry","category-a-la-une","category-province"],"yoast_head":"<!-- This site is optimized with the Yoast SEO Premium plugin v25.4 (Yoast SEO v25.4) - https:\/\/yoast.com\/wordpress\/plugins\/seo\/ -->\n<title>Frappes de drones \u00e0 Goma : une humanitaire de l\u2019UNICEF tu\u00e9e, tensions accrues dans l\u2019est de la R\u00e9publique d\u00e9mocratique du Congo - Congo Pub Online<\/title>\n<meta name=\"description\" content=\"Frappes de drones \u00e0 Goma : une humanitaire de l\u2019UNICEF tu\u00e9e, tensions accrues dans l\u2019est de la R\u00e9publique d\u00e9mocratique du Congo \u00c0 la Une\" \/>\n<meta name=\"robots\" content=\"index, follow, max-snippet:-1, max-image-preview:large, max-video-preview:-1\" \/>\n<link rel=\"canonical\" href=\"https:\/\/congopubonline.com\/?p=94882\" \/>\n<meta property=\"og:locale\" content=\"fr_FR\" \/>\n<meta property=\"og:type\" content=\"article\" \/>\n<meta property=\"og:title\" content=\"Frappes de drones \u00e0 Goma : une humanitaire de l\u2019UNICEF tu\u00e9e, tensions accrues dans l\u2019est de la R\u00e9publique d\u00e9mocratique du Congo\" \/>\n<meta property=\"og:description\" content=\"Frappes de drones \u00e0 Goma : une humanitaire de l\u2019UNICEF tu\u00e9e, tensions accrues dans l\u2019est de la R\u00e9publique d\u00e9mocratique du Congo \u00c0 la Une\" \/>\n<meta property=\"og:url\" content=\"https:\/\/congopubonline.com\/?p=94882\" \/>\n<meta property=\"og:site_name\" content=\"Congo Pub Online\" \/>\n<meta property=\"article:publisher\" content=\"https:\/\/web.facebook.com\/Congopubonline\" \/>\n<meta property=\"article:published_time\" content=\"2026-03-12T02:46:24+00:00\" \/>\n<meta property=\"article:modified_time\" content=\"2026-03-12T02:46:32+00:00\" \/>\n<meta property=\"og:image\" content=\"https:\/\/congopubonline.com\/wp-content\/uploads\/2026\/03\/HDJDRBgacAAYnQ5.jpg\" \/>\n\t<meta property=\"og:image:width\" content=\"1280\" \/>\n\t<meta property=\"og:image:height\" content=\"720\" \/>\n\t<meta property=\"og:image:type\" content=\"image\/jpeg\" \/>\n<meta name=\"author\" content=\"admin9775\" \/>\n<meta name=\"twitter:card\" content=\"summary_large_image\" \/>\n<meta name=\"twitter:creator\" content=\"@CONGOPUBOnline\" \/>\n<meta name=\"twitter:site\" content=\"@CONGOPUBOnline\" \/>\n<meta name=\"twitter:label1\" content=\"\u00c9crit par\" \/>\n\t<meta name=\"twitter:data1\" content=\"admin9775\" \/>\n\t<meta name=\"twitter:label2\" content=\"Dur\u00e9e de lecture estim\u00e9e\" \/>\n\t<meta name=\"twitter:data2\" content=\"4 minutes\" \/>\n<script type=\"application\/ld+json\" class=\"yoast-schema-graph\">{\"@context\":\"https:\/\/schema.org\",\"@graph\":[{\"@type\":\"Article\",\"@id\":\"https:\/\/congopubonline.com\/?p=94882#article\",\"isPartOf\":{\"@id\":\"https:\/\/congopubonline.com\/?p=94882\"},\"author\":{\"name\":\"admin9775\",\"@id\":\"https:\/\/congopubonline.com\/#\/schema\/person\/d2f3a940be2e9c1a0e4f8831e203f3cc\"},\"headline\":\"Frappes de drones \u00e0 Goma : une humanitaire de l\u2019UNICEF tu\u00e9e, tensions accrues dans l\u2019est de la R\u00e9publique d\u00e9mocratique du Congo\",\"datePublished\":\"2026-03-12T02:46:24+00:00\",\"dateModified\":\"2026-03-12T02:46:32+00:00\",\"mainEntityOfPage\":{\"@id\":\"https:\/\/congopubonline.com\/?p=94882\"},\"wordCount\":676,\"publisher\":{\"@id\":\"https:\/\/congopubonline.com\/#organization\"},\"image\":{\"@id\":\"https:\/\/congopubonline.com\/?p=94882#primaryimage\"},\"thumbnailUrl\":\"https:\/\/congopubonline.com\/wp-content\/uploads\/2026\/03\/HDJDRBgacAAYnQ5.jpg\",\"articleSection\":[\"\u00c0 la Une\",\"Province\"],\"inLanguage\":\"fr-FR\"},{\"@type\":\"WebPage\",\"@id\":\"https:\/\/congopubonline.com\/?p=94882\",\"url\":\"https:\/\/congopubonline.com\/?p=94882\",\"name\":\"Frappes de drones \u00e0 Goma : une humanitaire de l\u2019UNICEF tu\u00e9e, tensions accrues dans l\u2019est de la R\u00e9publique d\u00e9mocratique du Congo - Congo Pub Online\",\"isPartOf\":{\"@id\":\"https:\/\/congopubonline.com\/#website\"},\"primaryImageOfPage\":{\"@id\":\"https:\/\/congopubonline.com\/?p=94882#primaryimage\"},\"image\":{\"@id\":\"https:\/\/congopubonline.com\/?p=94882#primaryimage\"},\"thumbnailUrl\":\"https:\/\/congopubonline.com\/wp-content\/uploads\/2026\/03\/HDJDRBgacAAYnQ5.jpg\",\"datePublished\":\"2026-03-12T02:46:24+00:00\",\"dateModified\":\"2026-03-12T02:46:32+00:00\",\"description\":\"Frappes de drones \u00e0 Goma : une humanitaire de l\u2019UNICEF tu\u00e9e, tensions accrues dans l\u2019est de la R\u00e9publique d\u00e9mocratique du Congo \u00c0 la Une\",\"breadcrumb\":{\"@id\":\"https:\/\/congopubonline.com\/?p=94882#breadcrumb\"},\"inLanguage\":\"fr-FR\",\"potentialAction\":[{\"@type\":\"ReadAction\",\"target\":[\"https:\/\/congopubonline.com\/?p=94882\"]}]},{\"@type\":\"ImageObject\",\"inLanguage\":\"fr-FR\",\"@id\":\"https:\/\/congopubonline.com\/?p=94882#primaryimage\",\"url\":\"https:\/\/congopubonline.com\/wp-content\/uploads\/2026\/03\/HDJDRBgacAAYnQ5.jpg\",\"contentUrl\":\"https:\/\/congopubonline.com\/wp-content\/uploads\/2026\/03\/HDJDRBgacAAYnQ5.jpg\",\"width\":1280,\"height\":720},{\"@type\":\"BreadcrumbList\",\"@id\":\"https:\/\/congopubonline.com\/?p=94882#breadcrumb\",\"itemListElement\":[{\"@type\":\"ListItem\",\"position\":1,\"name\":\"Accueil\",\"item\":\"https:\/\/congopubonline.com\/\"},{\"@type\":\"ListItem\",\"position\":2,\"name\":\"Frappes de drones \u00e0 Goma : une humanitaire de l\u2019UNICEF tu\u00e9e, tensions accrues dans l\u2019est de la R\u00e9publique d\u00e9mocratique du Congo\"}]},{\"@type\":\"WebSite\",\"@id\":\"https:\/\/congopubonline.com\/#website\",\"url\":\"https:\/\/congopubonline.com\/\",\"name\":\"Congo Pub Online\",\"description\":\"Votre site d&#039;actualit\u00e9\",\"publisher\":{\"@id\":\"https:\/\/congopubonline.com\/#organization\"},\"alternateName\":\"Marketing 3.0\",\"potentialAction\":[{\"@type\":\"SearchAction\",\"target\":{\"@type\":\"EntryPoint\",\"urlTemplate\":\"https:\/\/congopubonline.com\/?s={search_term_string}\"},\"query-input\":{\"@type\":\"PropertyValueSpecification\",\"valueRequired\":true,\"valueName\":\"search_term_string\"}}],\"inLanguage\":\"fr-FR\"},{\"@type\":\"Organization\",\"@id\":\"https:\/\/congopubonline.com\/#organization\",\"name\":\"Congo Pub Online\",\"url\":\"https:\/\/congopubonline.com\/\",\"logo\":{\"@type\":\"ImageObject\",\"inLanguage\":\"fr-FR\",\"@id\":\"https:\/\/congopubonline.com\/#\/schema\/logo\/image\/\",\"url\":\"https:\/\/congopubonline.com\/wp-content\/uploads\/2022\/09\/LOGO_CONGO-PUB-Online_Version-2.jpg\",\"contentUrl\":\"https:\/\/congopubonline.com\/wp-content\/uploads\/2022\/09\/LOGO_CONGO-PUB-Online_Version-2.jpg\",\"width\":374,\"height\":223,\"caption\":\"Congo Pub Online\"},\"image\":{\"@id\":\"https:\/\/congopubonline.com\/#\/schema\/logo\/image\/\"},\"sameAs\":[\"https:\/\/web.facebook.com\/Congopubonline\",\"https:\/\/x.com\/CONGOPUBOnline\"]},{\"@type\":\"Person\",\"@id\":\"https:\/\/congopubonline.com\/#\/schema\/person\/d2f3a940be2e9c1a0e4f8831e203f3cc\",\"name\":\"admin9775\",\"sameAs\":[\"http:\/\/congopubonline.com\"],\"url\":\"https:\/\/congopubonline.com\/?author=1\"}]}<\/script>\n<!-- \/ Yoast SEO Premium plugin. -->","yoast_head_json":{"title":"Frappes de drones \u00e0 Goma : une humanitaire de l\u2019UNICEF tu\u00e9e, tensions accrues dans l\u2019est de la R\u00e9publique d\u00e9mocratique du Congo - Congo Pub Online","description":"Frappes de drones \u00e0 Goma : une humanitaire de l\u2019UNICEF tu\u00e9e, tensions accrues dans l\u2019est de la R\u00e9publique d\u00e9mocratique du Congo \u00c0 la Une","robots":{"index":"index","follow":"follow","max-snippet":"max-snippet:-1","max-image-preview":"max-image-preview:large","max-video-preview":"max-video-preview:-1"},"canonical":"https:\/\/congopubonline.com\/?p=94882","og_locale":"fr_FR","og_type":"article","og_title":"Frappes de drones \u00e0 Goma : une humanitaire de l\u2019UNICEF tu\u00e9e, tensions accrues dans l\u2019est de la R\u00e9publique d\u00e9mocratique du Congo","og_description":"Frappes de drones \u00e0 Goma : une humanitaire de l\u2019UNICEF tu\u00e9e, tensions accrues dans l\u2019est de la R\u00e9publique d\u00e9mocratique du Congo \u00c0 la Une","og_url":"https:\/\/congopubonline.com\/?p=94882","og_site_name":"Congo Pub Online","article_publisher":"https:\/\/web.facebook.com\/Congopubonline","article_published_time":"2026-03-12T02:46:24+00:00","article_modified_time":"2026-03-12T02:46:32+00:00","og_image":[{"width":1280,"height":720,"url":"https:\/\/congopubonline.com\/wp-content\/uploads\/2026\/03\/HDJDRBgacAAYnQ5.jpg","type":"image\/jpeg"}],"author":"admin9775","twitter_card":"summary_large_image","twitter_creator":"@CONGOPUBOnline","twitter_site":"@CONGOPUBOnline","twitter_misc":{"\u00c9crit par":"admin9775","Dur\u00e9e de lecture estim\u00e9e":"4 minutes"},"schema":{"@context":"https:\/\/schema.org","@graph":[{"@type":"Article","@id":"https:\/\/congopubonline.com\/?p=94882#article","isPartOf":{"@id":"https:\/\/congopubonline.com\/?p=94882"},"author":{"name":"admin9775","@id":"https:\/\/congopubonline.com\/#\/schema\/person\/d2f3a940be2e9c1a0e4f8831e203f3cc"},"headline":"Frappes de drones \u00e0 Goma : une humanitaire de l\u2019UNICEF tu\u00e9e, tensions accrues dans l\u2019est de la R\u00e9publique d\u00e9mocratique du Congo","datePublished":"2026-03-12T02:46:24+00:00","dateModified":"2026-03-12T02:46:32+00:00","mainEntityOfPage":{"@id":"https:\/\/congopubonline.com\/?p=94882"},"wordCount":676,"publisher":{"@id":"https:\/\/congopubonline.com\/#organization"},"image":{"@id":"https:\/\/congopubonline.com\/?p=94882#primaryimage"},"thumbnailUrl":"https:\/\/congopubonline.com\/wp-content\/uploads\/2026\/03\/HDJDRBgacAAYnQ5.jpg","articleSection":["\u00c0 la Une","Province"],"inLanguage":"fr-FR"},{"@type":"WebPage","@id":"https:\/\/congopubonline.com\/?p=94882","url":"https:\/\/congopubonline.com\/?p=94882","name":"Frappes de drones \u00e0 Goma : une humanitaire de l\u2019UNICEF tu\u00e9e, tensions accrues dans l\u2019est de la R\u00e9publique d\u00e9mocratique du Congo - Congo Pub Online","isPartOf":{"@id":"https:\/\/congopubonline.com\/#website"},"primaryImageOfPage":{"@id":"https:\/\/congopubonline.com\/?p=94882#primaryimage"},"image":{"@id":"https:\/\/congopubonline.com\/?p=94882#primaryimage"},"thumbnailUrl":"https:\/\/congopubonline.com\/wp-content\/uploads\/2026\/03\/HDJDRBgacAAYnQ5.jpg","datePublished":"2026-03-12T02:46:24+00:00","dateModified":"2026-03-12T02:46:32+00:00","description":"Frappes de drones \u00e0 Goma : une humanitaire de l\u2019UNICEF tu\u00e9e, tensions accrues dans l\u2019est de la R\u00e9publique d\u00e9mocratique du Congo \u00c0 la Une","breadcrumb":{"@id":"https:\/\/congopubonline.com\/?p=94882#breadcrumb"},"inLanguage":"fr-FR","potentialAction":[{"@type":"ReadAction","target":["https:\/\/congopubonline.com\/?p=94882"]}]},{"@type":"ImageObject","inLanguage":"fr-FR","@id":"https:\/\/congopubonline.com\/?p=94882#primaryimage","url":"https:\/\/congopubonline.com\/wp-content\/uploads\/2026\/03\/HDJDRBgacAAYnQ5.jpg","contentUrl":"https:\/\/congopubonline.com\/wp-content\/uploads\/2026\/03\/HDJDRBgacAAYnQ5.jpg","width":1280,"height":720},{"@type":"BreadcrumbList","@id":"https:\/\/congopubonline.com\/?p=94882#breadcrumb","itemListElement":[{"@type":"ListItem","position":1,"name":"Accueil","item":"https:\/\/congopubonline.com\/"},{"@type":"ListItem","position":2,"name":"Frappes de drones \u00e0 Goma : une humanitaire de l\u2019UNICEF tu\u00e9e, tensions accrues dans l\u2019est de la R\u00e9publique d\u00e9mocratique du Congo"}]},{"@type":"WebSite","@id":"https:\/\/congopubonline.com\/#website","url":"https:\/\/congopubonline.com\/","name":"Congo Pub Online","description":"Votre site d&#039;actualit\u00e9","publisher":{"@id":"https:\/\/congopubonline.com\/#organization"},"alternateName":"Marketing 3.0","potentialAction":[{"@type":"SearchAction","target":{"@type":"EntryPoint","urlTemplate":"https:\/\/congopubonline.com\/?s={search_term_string}"},"query-input":{"@type":"PropertyValueSpecification","valueRequired":true,"valueName":"search_term_string"}}],"inLanguage":"fr-FR"},{"@type":"Organization","@id":"https:\/\/congopubonline.com\/#organization","name":"Congo Pub Online","url":"https:\/\/congopubonline.com\/","logo":{"@type":"ImageObject","inLanguage":"fr-FR","@id":"https:\/\/congopubonline.com\/#\/schema\/logo\/image\/","url":"https:\/\/congopubonline.com\/wp-content\/uploads\/2022\/09\/LOGO_CONGO-PUB-Online_Version-2.jpg","contentUrl":"https:\/\/congopubonline.com\/wp-content\/uploads\/2022\/09\/LOGO_CONGO-PUB-Online_Version-2.jpg","width":374,"height":223,"caption":"Congo Pub Online"},"image":{"@id":"https:\/\/congopubonline.com\/#\/schema\/logo\/image\/"},"sameAs":["https:\/\/web.facebook.com\/Congopubonline","https:\/\/x.com\/CONGOPUBOnline"]},{"@type":"Person","@id":"https:\/\/congopubonline.com\/#\/schema\/person\/d2f3a940be2e9c1a0e4f8831e203f3cc","name":"admin9775","sameAs":["http:\/\/congopubonline.com"],"url":"https:\/\/congopubonline.com\/?author=1"}]}},"_links":{"self":[{"href":"https:\/\/congopubonline.com\/index.php?rest_route=\/wp\/v2\/posts\/94882","targetHints":{"allow":["GET"]}}],"collection":[{"href":"https:\/\/congopubonline.com\/index.php?rest_route=\/wp\/v2\/posts"}],"about":[{"href":"https:\/\/congopubonline.com\/index.php?rest_route=\/wp\/v2\/types\/post"}],"author":[{"embeddable":true,"href":"https:\/\/congopubonline.com\/index.php?rest_route=\/wp\/v2\/users\/1"}],"replies":[{"embeddable":true,"href":"https:\/\/congopubonline.com\/index.php?rest_route=%2Fwp%2Fv2%2Fcomments&post=94882"}],"version-history":[{"count":1,"href":"https:\/\/congopubonline.com\/index.php?rest_route=\/wp\/v2\/posts\/94882\/revisions"}],"predecessor-version":[{"id":94887,"href":"https:\/\/congopubonline.com\/index.php?rest_route=\/wp\/v2\/posts\/94882\/revisions\/94887"}],"wp:featuredmedia":[{"embeddable":true,"href":"https:\/\/congopubonline.com\/index.php?rest_route=\/wp\/v2\/media\/94886"}],"wp:attachment":[{"href":"https:\/\/congopubonline.com\/index.php?rest_route=%2Fwp%2Fv2%2Fmedia&parent=94882"}],"wp:term":[{"taxonomy":"category","embeddable":true,"href":"https:\/\/congopubonline.com\/index.php?rest_route=%2Fwp%2Fv2%2Fcategories&post=94882"},{"taxonomy":"post_tag","embeddable":true,"href":"https:\/\/congopubonline.com\/index.php?rest_route=%2Fwp%2Fv2%2Ftags&post=94882"}],"curies":[{"name":"wp","href":"https:\/\/api.w.org\/{rel}","templated":true}]}}