{"id":95945,"date":"2026-04-25T06:24:03","date_gmt":"2026-04-25T04:24:03","guid":{"rendered":"https:\/\/congopubonline.com\/?p=95945"},"modified":"2026-04-25T06:24:13","modified_gmt":"2026-04-25T04:24:13","slug":"le-chef-de-la-diplomatie-iranienne-est-arrive-a-islamabad-pour-des-negociations-avec-les-etats-unis","status":"publish","type":"post","link":"https:\/\/congopubonline.com\/?p=95945","title":{"rendered":"Le chef de la diplomatie iranienne est arriv\u00e9 \u00e0 Islamabad pour des n\u00e9gociations avec les \u00c9tats-Unis"},"content":{"rendered":"\n<p>Abbas Araghchi, le chef de la diplomatie iranienne, est arriv\u00e9 vendredi \u00e0 Islamabad, au Pakistan, avant une deuxi\u00e8me session de pourparlers entre l&rsquo;Iran et les \u00c9tats-Unis. Le ministre iranien des Affaires \u00e9trang\u00e8res va \u00e9changer avec des hauts dirigeants pakistanais, mais il ne devrait pas rencontrer directement les \u00e9missaires am\u00e9ricains.<\/p>\n\n\n\n<p>Le ministre iranien des Affaires \u00e9trang\u00e8res est arriv\u00e9 vendredi 24 avril\u00a0\u00e0 Islamabad, au Pakistan, pays m\u00e9diateur dans la guerre au Moyen-Orient.\u00a0Abbas Araghchi\u00a0\u00ab\u00a0aura des r\u00e9unions avec les plus hauts dirigeants pakistanais\u00a0\u00bb, afin de discuter des efforts \u00ab\u00a0en faveur de la paix et de la stabilit\u00e9 r\u00e9gionales\u00a0\u00bb, selon le minist\u00e8re pakistanais des Affaires \u00e9trang\u00e8res.<\/p>\n\n\n\n<p>Mais aucune rencontre n&rsquo;est organis\u00e9e avec les \u00e9missaires am\u00e9ricains Steve Witkoff et Jared Kushner. Ces n\u00e9gociations entre l&rsquo;Iran et les \u00c9tats-Unis sont destin\u00e9es \u00e0 mettre un terme \u00e0 la guerre au Moyen-Orient.\u00a0<\/p>\n\n\n\n<p>Etats-Unis &#8211; Iran : un bras de fer sans issue ?<\/p>\n\n\n\n<p>Un responsable gouvernemental am\u00e9ricain a d\u00e9clar\u00e9 que Donald Trump avait d\u00e9cid\u00e9 de d\u00e9p\u00eacher dans la capitale pakistanaise son \u00e9missaire Steve Witkoff et son gendre Jared Kushner en vue de discussions avec le chef de la diplomatie iranienne.<\/p>\n\n\n\n<p>Islamabad avait accueilli le 11 avril une premi\u00e8re s\u00e9ance de pourparlers entre Am\u00e9ricains et Iraniens. D&rsquo;apr\u00e8s une source pakistanaise, une d\u00e9l\u00e9gation am\u00e9ricaine charg\u00e9e de la logistique et de la s\u00e9curit\u00e9 s&rsquo;y trouve \u200bd\u00e9j\u00e0.<\/p>\n\n\n\n<h2 class=\"wp-block-heading\" id=\"h-une-visite-breve\">Une visite br\u00e8ve<\/h2>\n\n\n\n<p>Sur le r\u00e9seau social X, Abbas Araghchi&nbsp;a dit se rendre \u00e0 Islamabad, Mascate et <a href=\"https:\/\/www.france24.com\/fr\/tag\/moscou\/\">Moscou<\/a> dans le cadre d&rsquo;une tourn\u00e9e destin\u00e9e \u00e0 coordonner les efforts de l&rsquo;Iran avec ses partenaires sur les questions bilat\u00e9rales et \u00e0 \u00ab\u00a0faire le point sur l&rsquo;\u00e9volution de la situation r\u00e9gionale\u00a0\u00bb.<\/p>\n\n\n\n<figure class=\"wp-block-image\"><img decoding=\"async\" src=\"https:\/\/s.france24.com\/media\/display\/6bf1191c-401c-11f1-84e1-005056a97e36\/w:980\/Capture-d-%C3%A9cran-2026-04-24-222940.png\" alt=\"Une publication X d'Abbas Araghchi le 24 avril 2026\"\/><figcaption class=\"wp-element-caption\">Une publication X d&rsquo;Abbas Araghchi le 24 avril 2026. \u00a9 X<\/figcaption><\/figure>\n\n\n\n<p>Selon deux sources gouvernementales pakistanaises, la visite du chef de la diplomatie iranienne \u00e0 Islamabad devrait \u00eatre br\u00e8ve. Il est attendu qu&rsquo;il pr\u00e9sente les propositions iraniennes en vue de n\u00e9gociations avec les \u00c9tats-Unis, qui seraient ensuite transmises par le Pakistan \u00e0 Washington, ont dit ces sources.<\/p>\n\n\n\n<p>Washington n&rsquo;a pas r\u00e9agi pour l&rsquo;heure au d\u00e9placement d&rsquo;Abbas Araghchi.<\/p>\n\n\n\n<p>Lors d&rsquo;un point presse vendredi, le secr\u00e9taire am\u00e9ricain \u00e0 la D\u00e9fense, <a href=\"https:\/\/www.france24.com\/fr\/tag\/pete-hegseth\/\">Pete Hegseth<\/a>, a d\u00e9clar\u00e9 que l&rsquo;Iran avait une chance de conclure un \u00ab\u00a0bon accord\u00a0\u00bb avec les \u00c9tats-Unis.<\/p>\n\n\n\n<p>\u00ab\u00a0L&rsquo;Iran sait qu&rsquo;il a encore la possibilit\u00e9 de faire un choix avis\u00e9 (&#8230;) \u00e0 la table des \u200bn\u00e9gociations. Il lui suffit d\u2019abandonner l&rsquo;arme nucl\u00e9aire de mani\u00e8re concr\u00e8te \u200cet v\u00e9rifiable\u00a0\u00bb, a-t-il d\u00e9clar\u00e9.<\/p>\n\n\n\n<h2 class=\"wp-block-heading\" id=\"h-cessez-le-feu-prolonge-entre-le-liban-et-israel\">Cessez-le-feu prolong\u00e9 entre le Liban et Isra\u00ebl<\/h2>\n\n\n\n<p>Parall\u00e8lement, le Liban et <a href=\"https:\/\/www.france24.com\/fr\/tag\/isra\u00ebl\/\">Isra\u00ebl<\/a> ont prolong\u00e9 jeudi de trois semaines leur cessez-le-feu qui devait expirer dimanche, a annonc\u00e9 <a href=\"https:\/\/www.france24.com\/fr\/tag\/donald-trump\/\">Donald Trump<\/a> \u00e0 l&rsquo;issue d&rsquo;une r\u00e9union \u00e0 Washington, le pr\u00e9sident am\u00e9ricain voyant m\u00eame une \u00ab\u00a0bonne chance\u00a0\u00bb d&rsquo;accord de paix d&rsquo;ici la fin de l&rsquo;ann\u00e9e entre les deux pays.<\/p>\n\n\n\n<p>La tr\u00eave restait n\u00e9anmoins fragile vendredi \u2060alors que les autorit\u00e9s libanaises ont fait \u00e9tat de deux morts \u00e0 la suite d&rsquo;une frappe isra\u00e9lienne. L&rsquo;arm\u00e9e isra\u00e9lienne a dit avoir tu\u00e9 six combattants du <a href=\"https:\/\/www.france24.com\/fr\/tag\/hezbollah\/\">Hezbollah<\/a> au Sud-Liban. Le mouvement pro-iranien a pour sa part abattu un drone isra\u00e9lien.<\/p>\n\n\n\n<p><em><strong>Reuters<\/strong><\/em><\/p>\n\n\n\n<p><\/p>\n<div class='epvc-post-count'><span class='epvc-eye'><\/span>  <span class=\"epvc-count\"> 19<\/span><span class='epvc-label'> Vues<\/span><\/div>","protected":false},"excerpt":{"rendered":"<p>Abbas Araghchi, le chef de la diplomatie iranienne, est arriv\u00e9 vendredi \u00e0 Islamabad, au Pakistan, avant une deuxi\u00e8me session de pourparlers entre l&rsquo;Iran et les \u00c9tats-Unis. Le ministre iranien des&hellip;<\/p>\n","protected":false},"author":1,"featured_media":95946,"comment_status":"closed","ping_status":"closed","sticky":false,"template":"","format":"standard","meta":{"content-type":"","_monsterinsights_skip_tracking":false,"_monsterinsights_sitenote_active":false,"_monsterinsights_sitenote_note":"","_monsterinsights_sitenote_category":0,"footnotes":""},"categories":[844],"tags":[],"class_list":["post-95945","post","type-post","status-publish","format-standard","has-post-thumbnail","hentry","category-a-la-une"],"yoast_head":"<!-- This site is optimized with the Yoast SEO Premium plugin v25.4 (Yoast SEO v25.4) - https:\/\/yoast.com\/wordpress\/plugins\/seo\/ -->\n<title>Le chef de la diplomatie iranienne est arriv\u00e9 \u00e0 Islamabad pour des n\u00e9gociations avec les \u00c9tats-Unis - Congo Pub Online<\/title>\n<meta name=\"description\" content=\"Le chef de la diplomatie iranienne est arriv\u00e9 \u00e0 Islamabad pour des n\u00e9gociations avec les \u00c9tats-Unis\" \/>\n<meta name=\"robots\" content=\"index, follow, max-snippet:-1, max-image-preview:large, max-video-preview:-1\" \/>\n<link rel=\"canonical\" href=\"https:\/\/congopubonline.com\/?p=95945\" \/>\n<meta property=\"og:locale\" content=\"fr_FR\" \/>\n<meta property=\"og:type\" content=\"article\" \/>\n<meta property=\"og:title\" content=\"Le chef de la diplomatie iranienne est arriv\u00e9 \u00e0 Islamabad pour des n\u00e9gociations avec les \u00c9tats-Unis\" \/>\n<meta property=\"og:description\" content=\"Le chef de la diplomatie iranienne est arriv\u00e9 \u00e0 Islamabad pour des n\u00e9gociations avec les \u00c9tats-Unis\" \/>\n<meta property=\"og:url\" content=\"https:\/\/congopubonline.com\/?p=95945\" \/>\n<meta property=\"og:site_name\" content=\"Congo Pub Online\" \/>\n<meta property=\"article:publisher\" content=\"https:\/\/web.facebook.com\/Congopubonline\" \/>\n<meta property=\"article:published_time\" content=\"2026-04-25T04:24:03+00:00\" \/>\n<meta property=\"article:modified_time\" content=\"2026-04-25T04:24:13+00:00\" \/>\n<meta property=\"og:image\" content=\"https:\/\/congopubonline.com\/wp-content\/uploads\/2026\/04\/islamabad_deleg.png\" \/>\n\t<meta property=\"og:image:width\" content=\"777\" \/>\n\t<meta property=\"og:image:height\" content=\"447\" \/>\n\t<meta property=\"og:image:type\" content=\"image\/png\" \/>\n<meta name=\"author\" content=\"admin9775\" \/>\n<meta name=\"twitter:card\" content=\"summary_large_image\" \/>\n<meta name=\"twitter:creator\" content=\"@CONGOPUBOnline\" \/>\n<meta name=\"twitter:site\" content=\"@CONGOPUBOnline\" \/>\n<meta name=\"twitter:label1\" content=\"\u00c9crit par\" \/>\n\t<meta name=\"twitter:data1\" content=\"admin9775\" \/>\n\t<meta name=\"twitter:label2\" content=\"Dur\u00e9e de lecture estim\u00e9e\" \/>\n\t<meta name=\"twitter:data2\" content=\"3 minutes\" \/>\n<script type=\"application\/ld+json\" class=\"yoast-schema-graph\">{\"@context\":\"https:\/\/schema.org\",\"@graph\":[{\"@type\":\"Article\",\"@id\":\"https:\/\/congopubonline.com\/?p=95945#article\",\"isPartOf\":{\"@id\":\"https:\/\/congopubonline.com\/?p=95945\"},\"author\":{\"name\":\"admin9775\",\"@id\":\"https:\/\/congopubonline.com\/#\/schema\/person\/d2f3a940be2e9c1a0e4f8831e203f3cc\"},\"headline\":\"Le chef de la diplomatie iranienne est arriv\u00e9 \u00e0 Islamabad pour des n\u00e9gociations avec les \u00c9tats-Unis\",\"datePublished\":\"2026-04-25T04:24:03+00:00\",\"dateModified\":\"2026-04-25T04:24:13+00:00\",\"mainEntityOfPage\":{\"@id\":\"https:\/\/congopubonline.com\/?p=95945\"},\"wordCount\":578,\"publisher\":{\"@id\":\"https:\/\/congopubonline.com\/#organization\"},\"image\":{\"@id\":\"https:\/\/congopubonline.com\/?p=95945#primaryimage\"},\"thumbnailUrl\":\"https:\/\/congopubonline.com\/wp-content\/uploads\/2026\/04\/islamabad_deleg.png\",\"articleSection\":[\"\u00c0 la Une\"],\"inLanguage\":\"fr-FR\"},{\"@type\":\"WebPage\",\"@id\":\"https:\/\/congopubonline.com\/?p=95945\",\"url\":\"https:\/\/congopubonline.com\/?p=95945\",\"name\":\"Le chef de la diplomatie iranienne est arriv\u00e9 \u00e0 Islamabad pour des n\u00e9gociations avec les \u00c9tats-Unis - Congo Pub Online\",\"isPartOf\":{\"@id\":\"https:\/\/congopubonline.com\/#website\"},\"primaryImageOfPage\":{\"@id\":\"https:\/\/congopubonline.com\/?p=95945#primaryimage\"},\"image\":{\"@id\":\"https:\/\/congopubonline.com\/?p=95945#primaryimage\"},\"thumbnailUrl\":\"https:\/\/congopubonline.com\/wp-content\/uploads\/2026\/04\/islamabad_deleg.png\",\"datePublished\":\"2026-04-25T04:24:03+00:00\",\"dateModified\":\"2026-04-25T04:24:13+00:00\",\"description\":\"Le chef de la diplomatie iranienne est arriv\u00e9 \u00e0 Islamabad pour des n\u00e9gociations avec les \u00c9tats-Unis\",\"breadcrumb\":{\"@id\":\"https:\/\/congopubonline.com\/?p=95945#breadcrumb\"},\"inLanguage\":\"fr-FR\",\"potentialAction\":[{\"@type\":\"ReadAction\",\"target\":[\"https:\/\/congopubonline.com\/?p=95945\"]}]},{\"@type\":\"ImageObject\",\"inLanguage\":\"fr-FR\",\"@id\":\"https:\/\/congopubonline.com\/?p=95945#primaryimage\",\"url\":\"https:\/\/congopubonline.com\/wp-content\/uploads\/2026\/04\/islamabad_deleg.png\",\"contentUrl\":\"https:\/\/congopubonline.com\/wp-content\/uploads\/2026\/04\/islamabad_deleg.png\",\"width\":777,\"height\":447},{\"@type\":\"BreadcrumbList\",\"@id\":\"https:\/\/congopubonline.com\/?p=95945#breadcrumb\",\"itemListElement\":[{\"@type\":\"ListItem\",\"position\":1,\"name\":\"Accueil\",\"item\":\"https:\/\/congopubonline.com\/\"},{\"@type\":\"ListItem\",\"position\":2,\"name\":\"Le chef de la diplomatie iranienne est arriv\u00e9 \u00e0 Islamabad pour des n\u00e9gociations avec les \u00c9tats-Unis\"}]},{\"@type\":\"WebSite\",\"@id\":\"https:\/\/congopubonline.com\/#website\",\"url\":\"https:\/\/congopubonline.com\/\",\"name\":\"Congo Pub Online\",\"description\":\"Votre site d&#039;actualit\u00e9\",\"publisher\":{\"@id\":\"https:\/\/congopubonline.com\/#organization\"},\"alternateName\":\"Marketing 3.0\",\"potentialAction\":[{\"@type\":\"SearchAction\",\"target\":{\"@type\":\"EntryPoint\",\"urlTemplate\":\"https:\/\/congopubonline.com\/?s={search_term_string}\"},\"query-input\":{\"@type\":\"PropertyValueSpecification\",\"valueRequired\":true,\"valueName\":\"search_term_string\"}}],\"inLanguage\":\"fr-FR\"},{\"@type\":\"Organization\",\"@id\":\"https:\/\/congopubonline.com\/#organization\",\"name\":\"Congo Pub Online\",\"url\":\"https:\/\/congopubonline.com\/\",\"logo\":{\"@type\":\"ImageObject\",\"inLanguage\":\"fr-FR\",\"@id\":\"https:\/\/congopubonline.com\/#\/schema\/logo\/image\/\",\"url\":\"https:\/\/congopubonline.com\/wp-content\/uploads\/2022\/09\/LOGO_CONGO-PUB-Online_Version-2.jpg\",\"contentUrl\":\"https:\/\/congopubonline.com\/wp-content\/uploads\/2022\/09\/LOGO_CONGO-PUB-Online_Version-2.jpg\",\"width\":374,\"height\":223,\"caption\":\"Congo Pub Online\"},\"image\":{\"@id\":\"https:\/\/congopubonline.com\/#\/schema\/logo\/image\/\"},\"sameAs\":[\"https:\/\/web.facebook.com\/Congopubonline\",\"https:\/\/x.com\/CONGOPUBOnline\"]},{\"@type\":\"Person\",\"@id\":\"https:\/\/congopubonline.com\/#\/schema\/person\/d2f3a940be2e9c1a0e4f8831e203f3cc\",\"name\":\"admin9775\",\"sameAs\":[\"http:\/\/congopubonline.com\"],\"url\":\"https:\/\/congopubonline.com\/?author=1\"}]}<\/script>\n<!-- \/ Yoast SEO Premium plugin. -->","yoast_head_json":{"title":"Le chef de la diplomatie iranienne est arriv\u00e9 \u00e0 Islamabad pour des n\u00e9gociations avec les \u00c9tats-Unis - Congo Pub Online","description":"Le chef de la diplomatie iranienne est arriv\u00e9 \u00e0 Islamabad pour des n\u00e9gociations avec les \u00c9tats-Unis","robots":{"index":"index","follow":"follow","max-snippet":"max-snippet:-1","max-image-preview":"max-image-preview:large","max-video-preview":"max-video-preview:-1"},"canonical":"https:\/\/congopubonline.com\/?p=95945","og_locale":"fr_FR","og_type":"article","og_title":"Le chef de la diplomatie iranienne est arriv\u00e9 \u00e0 Islamabad pour des n\u00e9gociations avec les \u00c9tats-Unis","og_description":"Le chef de la diplomatie iranienne est arriv\u00e9 \u00e0 Islamabad pour des n\u00e9gociations avec les \u00c9tats-Unis","og_url":"https:\/\/congopubonline.com\/?p=95945","og_site_name":"Congo Pub Online","article_publisher":"https:\/\/web.facebook.com\/Congopubonline","article_published_time":"2026-04-25T04:24:03+00:00","article_modified_time":"2026-04-25T04:24:13+00:00","og_image":[{"width":777,"height":447,"url":"https:\/\/congopubonline.com\/wp-content\/uploads\/2026\/04\/islamabad_deleg.png","type":"image\/png"}],"author":"admin9775","twitter_card":"summary_large_image","twitter_creator":"@CONGOPUBOnline","twitter_site":"@CONGOPUBOnline","twitter_misc":{"\u00c9crit par":"admin9775","Dur\u00e9e de lecture estim\u00e9e":"3 minutes"},"schema":{"@context":"https:\/\/schema.org","@graph":[{"@type":"Article","@id":"https:\/\/congopubonline.com\/?p=95945#article","isPartOf":{"@id":"https:\/\/congopubonline.com\/?p=95945"},"author":{"name":"admin9775","@id":"https:\/\/congopubonline.com\/#\/schema\/person\/d2f3a940be2e9c1a0e4f8831e203f3cc"},"headline":"Le chef de la diplomatie iranienne est arriv\u00e9 \u00e0 Islamabad pour des n\u00e9gociations avec les \u00c9tats-Unis","datePublished":"2026-04-25T04:24:03+00:00","dateModified":"2026-04-25T04:24:13+00:00","mainEntityOfPage":{"@id":"https:\/\/congopubonline.com\/?p=95945"},"wordCount":578,"publisher":{"@id":"https:\/\/congopubonline.com\/#organization"},"image":{"@id":"https:\/\/congopubonline.com\/?p=95945#primaryimage"},"thumbnailUrl":"https:\/\/congopubonline.com\/wp-content\/uploads\/2026\/04\/islamabad_deleg.png","articleSection":["\u00c0 la Une"],"inLanguage":"fr-FR"},{"@type":"WebPage","@id":"https:\/\/congopubonline.com\/?p=95945","url":"https:\/\/congopubonline.com\/?p=95945","name":"Le chef de la diplomatie iranienne est arriv\u00e9 \u00e0 Islamabad pour des n\u00e9gociations avec les \u00c9tats-Unis - Congo Pub Online","isPartOf":{"@id":"https:\/\/congopubonline.com\/#website"},"primaryImageOfPage":{"@id":"https:\/\/congopubonline.com\/?p=95945#primaryimage"},"image":{"@id":"https:\/\/congopubonline.com\/?p=95945#primaryimage"},"thumbnailUrl":"https:\/\/congopubonline.com\/wp-content\/uploads\/2026\/04\/islamabad_deleg.png","datePublished":"2026-04-25T04:24:03+00:00","dateModified":"2026-04-25T04:24:13+00:00","description":"Le chef de la diplomatie iranienne est arriv\u00e9 \u00e0 Islamabad pour des n\u00e9gociations avec les \u00c9tats-Unis","breadcrumb":{"@id":"https:\/\/congopubonline.com\/?p=95945#breadcrumb"},"inLanguage":"fr-FR","potentialAction":[{"@type":"ReadAction","target":["https:\/\/congopubonline.com\/?p=95945"]}]},{"@type":"ImageObject","inLanguage":"fr-FR","@id":"https:\/\/congopubonline.com\/?p=95945#primaryimage","url":"https:\/\/congopubonline.com\/wp-content\/uploads\/2026\/04\/islamabad_deleg.png","contentUrl":"https:\/\/congopubonline.com\/wp-content\/uploads\/2026\/04\/islamabad_deleg.png","width":777,"height":447},{"@type":"BreadcrumbList","@id":"https:\/\/congopubonline.com\/?p=95945#breadcrumb","itemListElement":[{"@type":"ListItem","position":1,"name":"Accueil","item":"https:\/\/congopubonline.com\/"},{"@type":"ListItem","position":2,"name":"Le chef de la diplomatie iranienne est arriv\u00e9 \u00e0 Islamabad pour des n\u00e9gociations avec les \u00c9tats-Unis"}]},{"@type":"WebSite","@id":"https:\/\/congopubonline.com\/#website","url":"https:\/\/congopubonline.com\/","name":"Congo Pub Online","description":"Votre site d&#039;actualit\u00e9","publisher":{"@id":"https:\/\/congopubonline.com\/#organization"},"alternateName":"Marketing 3.0","potentialAction":[{"@type":"SearchAction","target":{"@type":"EntryPoint","urlTemplate":"https:\/\/congopubonline.com\/?s={search_term_string}"},"query-input":{"@type":"PropertyValueSpecification","valueRequired":true,"valueName":"search_term_string"}}],"inLanguage":"fr-FR"},{"@type":"Organization","@id":"https:\/\/congopubonline.com\/#organization","name":"Congo Pub Online","url":"https:\/\/congopubonline.com\/","logo":{"@type":"ImageObject","inLanguage":"fr-FR","@id":"https:\/\/congopubonline.com\/#\/schema\/logo\/image\/","url":"https:\/\/congopubonline.com\/wp-content\/uploads\/2022\/09\/LOGO_CONGO-PUB-Online_Version-2.jpg","contentUrl":"https:\/\/congopubonline.com\/wp-content\/uploads\/2022\/09\/LOGO_CONGO-PUB-Online_Version-2.jpg","width":374,"height":223,"caption":"Congo Pub Online"},"image":{"@id":"https:\/\/congopubonline.com\/#\/schema\/logo\/image\/"},"sameAs":["https:\/\/web.facebook.com\/Congopubonline","https:\/\/x.com\/CONGOPUBOnline"]},{"@type":"Person","@id":"https:\/\/congopubonline.com\/#\/schema\/person\/d2f3a940be2e9c1a0e4f8831e203f3cc","name":"admin9775","sameAs":["http:\/\/congopubonline.com"],"url":"https:\/\/congopubonline.com\/?author=1"}]}},"_links":{"self":[{"href":"https:\/\/congopubonline.com\/index.php?rest_route=\/wp\/v2\/posts\/95945","targetHints":{"allow":["GET"]}}],"collection":[{"href":"https:\/\/congopubonline.com\/index.php?rest_route=\/wp\/v2\/posts"}],"about":[{"href":"https:\/\/congopubonline.com\/index.php?rest_route=\/wp\/v2\/types\/post"}],"author":[{"embeddable":true,"href":"https:\/\/congopubonline.com\/index.php?rest_route=\/wp\/v2\/users\/1"}],"replies":[{"embeddable":true,"href":"https:\/\/congopubonline.com\/index.php?rest_route=%2Fwp%2Fv2%2Fcomments&post=95945"}],"version-history":[{"count":1,"href":"https:\/\/congopubonline.com\/index.php?rest_route=\/wp\/v2\/posts\/95945\/revisions"}],"predecessor-version":[{"id":95947,"href":"https:\/\/congopubonline.com\/index.php?rest_route=\/wp\/v2\/posts\/95945\/revisions\/95947"}],"wp:featuredmedia":[{"embeddable":true,"href":"https:\/\/congopubonline.com\/index.php?rest_route=\/wp\/v2\/media\/95946"}],"wp:attachment":[{"href":"https:\/\/congopubonline.com\/index.php?rest_route=%2Fwp%2Fv2%2Fmedia&parent=95945"}],"wp:term":[{"taxonomy":"category","embeddable":true,"href":"https:\/\/congopubonline.com\/index.php?rest_route=%2Fwp%2Fv2%2Fcategories&post=95945"},{"taxonomy":"post_tag","embeddable":true,"href":"https:\/\/congopubonline.com\/index.php?rest_route=%2Fwp%2Fv2%2Ftags&post=95945"}],"curies":[{"name":"wp","href":"https:\/\/api.w.org\/{rel}","templated":true}]}}