{"id":96036,"date":"2026-04-29T07:42:31","date_gmt":"2026-04-29T05:42:31","guid":{"rendered":"https:\/\/congopubonline.com\/?p=96036"},"modified":"2026-04-29T07:42:39","modified_gmt":"2026-04-29T05:42:39","slug":"mali-apres-les-attaques-assimi-goita-affirme-que-la-situation-dune-extreme-gravite-est-maitrisee","status":"publish","type":"post","link":"https:\/\/congopubonline.com\/?p=96036","title":{"rendered":"Mali: apr\u00e8s les attaques, Assimi Go\u00efta affirme que la situation d&rsquo;une \u00abextr\u00eame gravit\u00e9\u00bb est \u00abma\u00eetris\u00e9e\u00bb"},"content":{"rendered":"\n<p>Invisible depuis samedi 25 avril, jour des premi\u00e8res attaques contre plusieurs localit\u00e9s du Mali, le chef de la junte, le g\u00e9n\u00e9ral Assimi Go\u00efta, est donc r\u00e9apparu ce mardi 28 avril.&nbsp;La situation reste tendue au Mali, apr\u00e8s les attaques coordonn\u00e9es, les 25 et 26 avril, des jihadistes du Groupe de soutien \u00e0 l&rsquo;islam et aux musulmans (Jnim) et du Front de lib\u00e9ration de l&rsquo;Azawad (FLA), contre plusieurs villes. Lors de ces attaques, le ministre de la D\u00e9fense Sadio Camara a \u00e9t\u00e9 tu\u00e9 et les forces rebelles ont pris le contr\u00f4le de Kidal.<\/p>\n\n\n\n<p>Le g\u00e9n\u00e9ral Assimi Go\u00efta tente de reprendre la main, assure\u00a0notre correspondant r\u00e9gional, Serge Daniel. Il a probablement manqu\u00e9 \u00e0 ses troupes pendant les quatre derniers jours. Invisible ou jouant \u00e0 l&rsquo;invisible, son absence a suscit\u00e9 de nombreux commentaires, g\u00e9n\u00e9ralement n\u00e9gatifs. Et ce mardi, il a effectivement rencontr\u00e9 \u00e0 Bamako l&rsquo;ambassadeur russe dans la capitale malienne. La Russie, partenaire strat\u00e9gique du <strong><a href=\"https:\/\/www.rfi.fr\/fr\/tag\/mali\/\">Mali<\/a><\/strong>, dont les forces ont abandonn\u00e9 l&rsquo;arm\u00e9e malienne sur le terrain face \u00e0 l&rsquo;avanc\u00e9e des rebelles.<\/p>\n\n\n\n<p>Assimi Go\u00efta s&rsquo;est \u00e9galement rendu dans un h\u00f4pital de la capitale pour r\u00e9conforter les militaires bless\u00e9s au combat. Il n&rsquo;a pas parl\u00e9, pas un seul mot.<\/p>\n\n\n\n<h2 class=\"wp-block-heading\" id=\"h-la-situation-est-maitrisee-assure-assimi-goita\">\u00ab <em>La situation est ma\u00eetris\u00e9e <\/em>\u00bb, assure Assimi Go\u00efta<\/h2>\n\n\n\n<p>Durant la soir\u00e9e, le chef de l&rsquo;\u00c9tat malien a d\u00e9cid\u00e9 de s&rsquo;adresser \u00e0 la nation. Durant pr\u00e8s d&rsquo;une dizaine de minutes, Assimi Go\u00efta est revenu sur les \u00e9v\u00e9nements du week-end qu&rsquo;il qualifie \u00ab<em>&nbsp;d&rsquo;attaques coordonn\u00e9es d&rsquo;une extr\u00eame gravit\u00e9<\/em>&nbsp;\u00bb stopp\u00e9es par les forces arm\u00e9es maliennes. \u00ab<em>&nbsp;Un violent coup d&rsquo;arr\u00eat a \u00e9t\u00e9 donn\u00e9 aux assaillants qui ont voulu installer un climat de violence<\/em>&nbsp;\u00bb, compl\u00e8te-t-il.<\/p>\n\n\n\n<blockquote class=\"wp-block-quote is-layout-flow wp-block-quote-is-layout-flow\">\n<p>Gr\u00e2ce \u00e0 la promptitude et au professionnalisme des forces arm\u00e9es et de s\u00e9curit\u00e9, un violent coup d&rsquo;arr\u00eat a \u00e9t\u00e9 donn\u00e9 aux assaillants dont l&rsquo;objectif \u00e9tait d&rsquo;installer un climat de violence g\u00e9n\u00e9ralis\u00e9e dans les localit\u00e9s concern\u00e9es. Gr\u00e2ce au sang-froid des hommes engag\u00e9s et au maintien de la coh\u00e9rence de la chaine de commandement, le plan funeste de l&rsquo;ennemi a \u00e9t\u00e9 d\u00e9jou\u00e9 avec la neutralisation d&rsquo;un nombre important d&rsquo;assaillants. \u00c0 l&rsquo;heure o\u00f9 je vous parle, le dispositif est renforc\u00e9. la situation est ma\u00eetris\u00e9e et les op\u00e9rations de ratissage, de recherche, d&rsquo;exploitation du renseignement et de s\u00e9curisation se poursuivent.<\/p>\n<\/blockquote>\n\n\n\n<p>Assimi Go\u00efta: \u00abUn violent coup d&rsquo;arr\u00eat a \u00e9t\u00e9 donn\u00e9 aux assaillants\u00bb<\/p>\n\n\n\n<p>Le chef d&rsquo;\u00c9tat malien s&rsquo;est voulu rassurant durant son allocution : \u00ab<em>&nbsp;le dispositif est renforc\u00e9, la situation est ma\u00eetris\u00e9e, et les op\u00e9rations de recherche et de renseignements se poursuivent<\/em>&nbsp;\u00bb. Assimi Go\u00efta a ensuite pris le temps d&rsquo;\u00e9voquer&nbsp;: \u00ab<em> Notre peuple a fait un choix, celui de la souverainet\u00e9 et de la dignit\u00e9. Ce choix est l&rsquo;expression d&rsquo;une volont\u00e9 nationale assum\u00e9e et affirm\u00e9e. Il a un prix et nous en sommes conscients. Ce choix est le seul chemin qui vaille, si nous voulons offrir \u00e0 nos enfants un avenir libre, juste et prosp\u00e8re <\/em>\u00bb.<\/p>\n\n\n\n<p>Le sursaut national est indispensable selon le pr\u00e9sident de la transition du Mali pour poursuivre la lutte contre le terrorisme qui promet que les forces arm\u00e9es continueront d&rsquo;agir jusqu&rsquo;au r\u00e9tablissement durable de la s\u00e9curit\u00e9 sur l&rsquo;ensemble du territoire national. \u00ab<em> Nous devons garder \u00e0 l&rsquo;esprit que c&rsquo;est dans l&rsquo;\u00e9preuve qu&rsquo;une nation doit conforter sa coh\u00e9sion. Nous devons tous nous \u00e9riger contre la division et la fracture sociale.&nbsp;<\/em>\u00bb<\/p>\n\n\n\n<p>Durant sa prise de parole, Assimi Go\u00efta a \u00e9galement mis en garde la population contre la propagation de rumeurs. \u00ab<em>&nbsp;Le Mali a besoin de lucidit\u00e9 et non de panique&nbsp;<\/em>\u00bb, a-t-il expliqu\u00e9.<\/p>\n\n\n\n<p>Assimi Go\u00efta conclut sa prise de parole en louant la qualit\u00e9 de la coop\u00e9ration avec les partenaires strat\u00e9giques du Mali, notamment la f\u00e9d\u00e9ration de Russie.<\/p>\n\n\n\n<h2 class=\"wp-block-heading\" id=\"h-nouveau-blocus-autour-de-bamako-nbsp\">Nouveau blocus autour de Bamako&nbsp;<\/h2>\n\n\n\n<p>Cette r\u00e9apparition du g\u00e9n\u00e9ral Assimi Go\u00efta intervient au moment o\u00f9 les jihadistes annoncent un nouveau blocus autour de Bamako. Le premier blocus avait fait tr\u00e8s mal, celui-ci se veut encore plus dur. Les jihadistes affili\u00e9s \u00e0 al-Qa\u00efda veulent contr\u00f4ler les entr\u00e9es et les sorties de la capitale, entr\u00e9es et sorties des biens et des personnes.<\/p>\n\n\n\n<p>Premi\u00e8re cons\u00e9quence : un d\u00e9ploiement important des troupes r\u00e9guli\u00e8res qui devaient se rendre sur d&rsquo;autres terrains. Un d\u00e9ploiement donc \u00e0 la p\u00e9riph\u00e9rie pour faire face \u00e0 la situation. Combattre les jihadistes au sud et les rebelles au nord serait probablement laborieux.&nbsp;<\/p>\n\n\n\n<p>\u00abIl ne faut pas prendre \u00e0 la l\u00e9g\u00e8re l&rsquo;annonce de ce blocus\u00bb s&rsquo;inqui\u00e8te un Bamakois<\/p>\n\n\n\n<p><strong><em>RFI<\/em><\/strong><\/p>\n<div class='epvc-post-count'><span class='epvc-eye'><\/span>  <span class=\"epvc-count\"> 14<\/span><span class='epvc-label'> Vues<\/span><\/div>","protected":false},"excerpt":{"rendered":"<p>Invisible depuis samedi 25 avril, jour des premi\u00e8res attaques contre plusieurs localit\u00e9s du Mali, le chef de la junte, le g\u00e9n\u00e9ral Assimi Go\u00efta, est donc r\u00e9apparu ce mardi 28 avril.&nbsp;La&hellip;<\/p>\n","protected":false},"author":1,"featured_media":96037,"comment_status":"closed","ping_status":"closed","sticky":false,"template":"","format":"standard","meta":{"content-type":"","_monsterinsights_skip_tracking":false,"_monsterinsights_sitenote_active":false,"_monsterinsights_sitenote_note":"","_monsterinsights_sitenote_category":0,"footnotes":""},"categories":[844,43],"tags":[],"class_list":["post-96036","post","type-post","status-publish","format-standard","has-post-thumbnail","hentry","category-a-la-une","category-afrique"],"yoast_head":"<!-- This site is optimized with the Yoast SEO Premium plugin v25.4 (Yoast SEO v25.4) - https:\/\/yoast.com\/wordpress\/plugins\/seo\/ -->\n<title>Mali: apr\u00e8s les attaques, Assimi Go\u00efta affirme que la situation d&#039;une \u00abextr\u00eame gravit\u00e9\u00bb est \u00abma\u00eetris\u00e9e\u00bb - Congo Pub Online<\/title>\n<meta name=\"description\" content=\"Mali: apr\u00e8s les attaques, Assimi Go\u00efta affirme que la situation d&#039;une \u00abextr\u00eame gravit\u00e9\u00bb est \u00abma\u00eetris\u00e9e\u00bb \u00c0 la Une\" \/>\n<meta name=\"robots\" content=\"index, follow, max-snippet:-1, max-image-preview:large, max-video-preview:-1\" \/>\n<link rel=\"canonical\" href=\"https:\/\/congopubonline.com\/?p=96036\" \/>\n<meta property=\"og:locale\" content=\"fr_FR\" \/>\n<meta property=\"og:type\" content=\"article\" \/>\n<meta property=\"og:title\" content=\"Mali: apr\u00e8s les attaques, Assimi Go\u00efta affirme que la situation d&#039;une \u00abextr\u00eame gravit\u00e9\u00bb est \u00abma\u00eetris\u00e9e\u00bb\" \/>\n<meta property=\"og:description\" content=\"Mali: apr\u00e8s les attaques, Assimi Go\u00efta affirme que la situation d&#039;une \u00abextr\u00eame gravit\u00e9\u00bb est \u00abma\u00eetris\u00e9e\u00bb \u00c0 la Une\" \/>\n<meta property=\"og:url\" content=\"https:\/\/congopubonline.com\/?p=96036\" \/>\n<meta property=\"og:site_name\" content=\"Congo Pub Online\" \/>\n<meta property=\"article:publisher\" content=\"https:\/\/web.facebook.com\/Congopubonline\" \/>\n<meta property=\"article:published_time\" content=\"2026-04-29T05:42:31+00:00\" \/>\n<meta property=\"article:modified_time\" content=\"2026-04-29T05:42:39+00:00\" \/>\n<meta property=\"og:image\" content=\"https:\/\/congopubonline.com\/wp-content\/uploads\/2026\/04\/goita_assani.png\" \/>\n\t<meta property=\"og:image:width\" content=\"771\" \/>\n\t<meta property=\"og:image:height\" content=\"443\" \/>\n\t<meta property=\"og:image:type\" content=\"image\/png\" \/>\n<meta name=\"author\" content=\"admin9775\" \/>\n<meta name=\"twitter:card\" content=\"summary_large_image\" \/>\n<meta name=\"twitter:creator\" content=\"@CONGOPUBOnline\" \/>\n<meta name=\"twitter:site\" content=\"@CONGOPUBOnline\" \/>\n<meta name=\"twitter:label1\" content=\"\u00c9crit par\" \/>\n\t<meta name=\"twitter:data1\" content=\"admin9775\" \/>\n\t<meta name=\"twitter:label2\" content=\"Dur\u00e9e de lecture estim\u00e9e\" \/>\n\t<meta name=\"twitter:data2\" content=\"4 minutes\" \/>\n<script type=\"application\/ld+json\" class=\"yoast-schema-graph\">{\"@context\":\"https:\/\/schema.org\",\"@graph\":[{\"@type\":\"Article\",\"@id\":\"https:\/\/congopubonline.com\/?p=96036#article\",\"isPartOf\":{\"@id\":\"https:\/\/congopubonline.com\/?p=96036\"},\"author\":{\"name\":\"admin9775\",\"@id\":\"https:\/\/congopubonline.com\/#\/schema\/person\/d2f3a940be2e9c1a0e4f8831e203f3cc\"},\"headline\":\"Mali: apr\u00e8s les attaques, Assimi Go\u00efta affirme que la situation d&rsquo;une \u00abextr\u00eame gravit\u00e9\u00bb est \u00abma\u00eetris\u00e9e\u00bb\",\"datePublished\":\"2026-04-29T05:42:31+00:00\",\"dateModified\":\"2026-04-29T05:42:39+00:00\",\"mainEntityOfPage\":{\"@id\":\"https:\/\/congopubonline.com\/?p=96036\"},\"wordCount\":850,\"publisher\":{\"@id\":\"https:\/\/congopubonline.com\/#organization\"},\"image\":{\"@id\":\"https:\/\/congopubonline.com\/?p=96036#primaryimage\"},\"thumbnailUrl\":\"https:\/\/congopubonline.com\/wp-content\/uploads\/2026\/04\/goita_assani.png\",\"articleSection\":[\"\u00c0 la Une\",\"Afrique\"],\"inLanguage\":\"fr-FR\"},{\"@type\":\"WebPage\",\"@id\":\"https:\/\/congopubonline.com\/?p=96036\",\"url\":\"https:\/\/congopubonline.com\/?p=96036\",\"name\":\"Mali: apr\u00e8s les attaques, Assimi Go\u00efta affirme que la situation d'une \u00abextr\u00eame gravit\u00e9\u00bb est \u00abma\u00eetris\u00e9e\u00bb - Congo Pub Online\",\"isPartOf\":{\"@id\":\"https:\/\/congopubonline.com\/#website\"},\"primaryImageOfPage\":{\"@id\":\"https:\/\/congopubonline.com\/?p=96036#primaryimage\"},\"image\":{\"@id\":\"https:\/\/congopubonline.com\/?p=96036#primaryimage\"},\"thumbnailUrl\":\"https:\/\/congopubonline.com\/wp-content\/uploads\/2026\/04\/goita_assani.png\",\"datePublished\":\"2026-04-29T05:42:31+00:00\",\"dateModified\":\"2026-04-29T05:42:39+00:00\",\"description\":\"Mali: apr\u00e8s les attaques, Assimi Go\u00efta affirme que la situation d'une \u00abextr\u00eame gravit\u00e9\u00bb est \u00abma\u00eetris\u00e9e\u00bb \u00c0 la Une\",\"breadcrumb\":{\"@id\":\"https:\/\/congopubonline.com\/?p=96036#breadcrumb\"},\"inLanguage\":\"fr-FR\",\"potentialAction\":[{\"@type\":\"ReadAction\",\"target\":[\"https:\/\/congopubonline.com\/?p=96036\"]}]},{\"@type\":\"ImageObject\",\"inLanguage\":\"fr-FR\",\"@id\":\"https:\/\/congopubonline.com\/?p=96036#primaryimage\",\"url\":\"https:\/\/congopubonline.com\/wp-content\/uploads\/2026\/04\/goita_assani.png\",\"contentUrl\":\"https:\/\/congopubonline.com\/wp-content\/uploads\/2026\/04\/goita_assani.png\",\"width\":771,\"height\":443},{\"@type\":\"BreadcrumbList\",\"@id\":\"https:\/\/congopubonline.com\/?p=96036#breadcrumb\",\"itemListElement\":[{\"@type\":\"ListItem\",\"position\":1,\"name\":\"Accueil\",\"item\":\"https:\/\/congopubonline.com\/\"},{\"@type\":\"ListItem\",\"position\":2,\"name\":\"Mali: apr\u00e8s les attaques, Assimi Go\u00efta affirme que la situation d&rsquo;une \u00abextr\u00eame gravit\u00e9\u00bb est \u00abma\u00eetris\u00e9e\u00bb\"}]},{\"@type\":\"WebSite\",\"@id\":\"https:\/\/congopubonline.com\/#website\",\"url\":\"https:\/\/congopubonline.com\/\",\"name\":\"Congo Pub Online\",\"description\":\"Votre site d&#039;actualit\u00e9\",\"publisher\":{\"@id\":\"https:\/\/congopubonline.com\/#organization\"},\"alternateName\":\"Marketing 3.0\",\"potentialAction\":[{\"@type\":\"SearchAction\",\"target\":{\"@type\":\"EntryPoint\",\"urlTemplate\":\"https:\/\/congopubonline.com\/?s={search_term_string}\"},\"query-input\":{\"@type\":\"PropertyValueSpecification\",\"valueRequired\":true,\"valueName\":\"search_term_string\"}}],\"inLanguage\":\"fr-FR\"},{\"@type\":\"Organization\",\"@id\":\"https:\/\/congopubonline.com\/#organization\",\"name\":\"Congo Pub Online\",\"url\":\"https:\/\/congopubonline.com\/\",\"logo\":{\"@type\":\"ImageObject\",\"inLanguage\":\"fr-FR\",\"@id\":\"https:\/\/congopubonline.com\/#\/schema\/logo\/image\/\",\"url\":\"https:\/\/congopubonline.com\/wp-content\/uploads\/2022\/09\/LOGO_CONGO-PUB-Online_Version-2.jpg\",\"contentUrl\":\"https:\/\/congopubonline.com\/wp-content\/uploads\/2022\/09\/LOGO_CONGO-PUB-Online_Version-2.jpg\",\"width\":374,\"height\":223,\"caption\":\"Congo Pub Online\"},\"image\":{\"@id\":\"https:\/\/congopubonline.com\/#\/schema\/logo\/image\/\"},\"sameAs\":[\"https:\/\/web.facebook.com\/Congopubonline\",\"https:\/\/x.com\/CONGOPUBOnline\"]},{\"@type\":\"Person\",\"@id\":\"https:\/\/congopubonline.com\/#\/schema\/person\/d2f3a940be2e9c1a0e4f8831e203f3cc\",\"name\":\"admin9775\",\"sameAs\":[\"http:\/\/congopubonline.com\"],\"url\":\"https:\/\/congopubonline.com\/?author=1\"}]}<\/script>\n<!-- \/ Yoast SEO Premium plugin. -->","yoast_head_json":{"title":"Mali: apr\u00e8s les attaques, Assimi Go\u00efta affirme que la situation d'une \u00abextr\u00eame gravit\u00e9\u00bb est \u00abma\u00eetris\u00e9e\u00bb - Congo Pub Online","description":"Mali: apr\u00e8s les attaques, Assimi Go\u00efta affirme que la situation d'une \u00abextr\u00eame gravit\u00e9\u00bb est \u00abma\u00eetris\u00e9e\u00bb \u00c0 la Une","robots":{"index":"index","follow":"follow","max-snippet":"max-snippet:-1","max-image-preview":"max-image-preview:large","max-video-preview":"max-video-preview:-1"},"canonical":"https:\/\/congopubonline.com\/?p=96036","og_locale":"fr_FR","og_type":"article","og_title":"Mali: apr\u00e8s les attaques, Assimi Go\u00efta affirme que la situation d'une \u00abextr\u00eame gravit\u00e9\u00bb est \u00abma\u00eetris\u00e9e\u00bb","og_description":"Mali: apr\u00e8s les attaques, Assimi Go\u00efta affirme que la situation d'une \u00abextr\u00eame gravit\u00e9\u00bb est \u00abma\u00eetris\u00e9e\u00bb \u00c0 la Une","og_url":"https:\/\/congopubonline.com\/?p=96036","og_site_name":"Congo Pub Online","article_publisher":"https:\/\/web.facebook.com\/Congopubonline","article_published_time":"2026-04-29T05:42:31+00:00","article_modified_time":"2026-04-29T05:42:39+00:00","og_image":[{"width":771,"height":443,"url":"https:\/\/congopubonline.com\/wp-content\/uploads\/2026\/04\/goita_assani.png","type":"image\/png"}],"author":"admin9775","twitter_card":"summary_large_image","twitter_creator":"@CONGOPUBOnline","twitter_site":"@CONGOPUBOnline","twitter_misc":{"\u00c9crit par":"admin9775","Dur\u00e9e de lecture estim\u00e9e":"4 minutes"},"schema":{"@context":"https:\/\/schema.org","@graph":[{"@type":"Article","@id":"https:\/\/congopubonline.com\/?p=96036#article","isPartOf":{"@id":"https:\/\/congopubonline.com\/?p=96036"},"author":{"name":"admin9775","@id":"https:\/\/congopubonline.com\/#\/schema\/person\/d2f3a940be2e9c1a0e4f8831e203f3cc"},"headline":"Mali: apr\u00e8s les attaques, Assimi Go\u00efta affirme que la situation d&rsquo;une \u00abextr\u00eame gravit\u00e9\u00bb est \u00abma\u00eetris\u00e9e\u00bb","datePublished":"2026-04-29T05:42:31+00:00","dateModified":"2026-04-29T05:42:39+00:00","mainEntityOfPage":{"@id":"https:\/\/congopubonline.com\/?p=96036"},"wordCount":850,"publisher":{"@id":"https:\/\/congopubonline.com\/#organization"},"image":{"@id":"https:\/\/congopubonline.com\/?p=96036#primaryimage"},"thumbnailUrl":"https:\/\/congopubonline.com\/wp-content\/uploads\/2026\/04\/goita_assani.png","articleSection":["\u00c0 la Une","Afrique"],"inLanguage":"fr-FR"},{"@type":"WebPage","@id":"https:\/\/congopubonline.com\/?p=96036","url":"https:\/\/congopubonline.com\/?p=96036","name":"Mali: apr\u00e8s les attaques, Assimi Go\u00efta affirme que la situation d'une \u00abextr\u00eame gravit\u00e9\u00bb est \u00abma\u00eetris\u00e9e\u00bb - Congo Pub Online","isPartOf":{"@id":"https:\/\/congopubonline.com\/#website"},"primaryImageOfPage":{"@id":"https:\/\/congopubonline.com\/?p=96036#primaryimage"},"image":{"@id":"https:\/\/congopubonline.com\/?p=96036#primaryimage"},"thumbnailUrl":"https:\/\/congopubonline.com\/wp-content\/uploads\/2026\/04\/goita_assani.png","datePublished":"2026-04-29T05:42:31+00:00","dateModified":"2026-04-29T05:42:39+00:00","description":"Mali: apr\u00e8s les attaques, Assimi Go\u00efta affirme que la situation d'une \u00abextr\u00eame gravit\u00e9\u00bb est \u00abma\u00eetris\u00e9e\u00bb \u00c0 la Une","breadcrumb":{"@id":"https:\/\/congopubonline.com\/?p=96036#breadcrumb"},"inLanguage":"fr-FR","potentialAction":[{"@type":"ReadAction","target":["https:\/\/congopubonline.com\/?p=96036"]}]},{"@type":"ImageObject","inLanguage":"fr-FR","@id":"https:\/\/congopubonline.com\/?p=96036#primaryimage","url":"https:\/\/congopubonline.com\/wp-content\/uploads\/2026\/04\/goita_assani.png","contentUrl":"https:\/\/congopubonline.com\/wp-content\/uploads\/2026\/04\/goita_assani.png","width":771,"height":443},{"@type":"BreadcrumbList","@id":"https:\/\/congopubonline.com\/?p=96036#breadcrumb","itemListElement":[{"@type":"ListItem","position":1,"name":"Accueil","item":"https:\/\/congopubonline.com\/"},{"@type":"ListItem","position":2,"name":"Mali: apr\u00e8s les attaques, Assimi Go\u00efta affirme que la situation d&rsquo;une \u00abextr\u00eame gravit\u00e9\u00bb est \u00abma\u00eetris\u00e9e\u00bb"}]},{"@type":"WebSite","@id":"https:\/\/congopubonline.com\/#website","url":"https:\/\/congopubonline.com\/","name":"Congo Pub Online","description":"Votre site d&#039;actualit\u00e9","publisher":{"@id":"https:\/\/congopubonline.com\/#organization"},"alternateName":"Marketing 3.0","potentialAction":[{"@type":"SearchAction","target":{"@type":"EntryPoint","urlTemplate":"https:\/\/congopubonline.com\/?s={search_term_string}"},"query-input":{"@type":"PropertyValueSpecification","valueRequired":true,"valueName":"search_term_string"}}],"inLanguage":"fr-FR"},{"@type":"Organization","@id":"https:\/\/congopubonline.com\/#organization","name":"Congo Pub Online","url":"https:\/\/congopubonline.com\/","logo":{"@type":"ImageObject","inLanguage":"fr-FR","@id":"https:\/\/congopubonline.com\/#\/schema\/logo\/image\/","url":"https:\/\/congopubonline.com\/wp-content\/uploads\/2022\/09\/LOGO_CONGO-PUB-Online_Version-2.jpg","contentUrl":"https:\/\/congopubonline.com\/wp-content\/uploads\/2022\/09\/LOGO_CONGO-PUB-Online_Version-2.jpg","width":374,"height":223,"caption":"Congo Pub Online"},"image":{"@id":"https:\/\/congopubonline.com\/#\/schema\/logo\/image\/"},"sameAs":["https:\/\/web.facebook.com\/Congopubonline","https:\/\/x.com\/CONGOPUBOnline"]},{"@type":"Person","@id":"https:\/\/congopubonline.com\/#\/schema\/person\/d2f3a940be2e9c1a0e4f8831e203f3cc","name":"admin9775","sameAs":["http:\/\/congopubonline.com"],"url":"https:\/\/congopubonline.com\/?author=1"}]}},"_links":{"self":[{"href":"https:\/\/congopubonline.com\/index.php?rest_route=\/wp\/v2\/posts\/96036","targetHints":{"allow":["GET"]}}],"collection":[{"href":"https:\/\/congopubonline.com\/index.php?rest_route=\/wp\/v2\/posts"}],"about":[{"href":"https:\/\/congopubonline.com\/index.php?rest_route=\/wp\/v2\/types\/post"}],"author":[{"embeddable":true,"href":"https:\/\/congopubonline.com\/index.php?rest_route=\/wp\/v2\/users\/1"}],"replies":[{"embeddable":true,"href":"https:\/\/congopubonline.com\/index.php?rest_route=%2Fwp%2Fv2%2Fcomments&post=96036"}],"version-history":[{"count":1,"href":"https:\/\/congopubonline.com\/index.php?rest_route=\/wp\/v2\/posts\/96036\/revisions"}],"predecessor-version":[{"id":96038,"href":"https:\/\/congopubonline.com\/index.php?rest_route=\/wp\/v2\/posts\/96036\/revisions\/96038"}],"wp:featuredmedia":[{"embeddable":true,"href":"https:\/\/congopubonline.com\/index.php?rest_route=\/wp\/v2\/media\/96037"}],"wp:attachment":[{"href":"https:\/\/congopubonline.com\/index.php?rest_route=%2Fwp%2Fv2%2Fmedia&parent=96036"}],"wp:term":[{"taxonomy":"category","embeddable":true,"href":"https:\/\/congopubonline.com\/index.php?rest_route=%2Fwp%2Fv2%2Fcategories&post=96036"},{"taxonomy":"post_tag","embeddable":true,"href":"https:\/\/congopubonline.com\/index.php?rest_route=%2Fwp%2Fv2%2Ftags&post=96036"}],"curies":[{"name":"wp","href":"https:\/\/api.w.org\/{rel}","templated":true}]}}