{"id":96039,"date":"2026-04-29T09:23:09","date_gmt":"2026-04-29T07:23:09","guid":{"rendered":"https:\/\/congopubonline.com\/?p=96039"},"modified":"2026-04-29T09:23:19","modified_gmt":"2026-04-29T07:23:19","slug":"est-de-la-rdc-james-swan-acheve-sa-premiere-mission-de-terrain-sur-fond-de-pressions-pour-consolider-le-cessez-le-feu","status":"publish","type":"post","link":"https:\/\/congopubonline.com\/?p=96039","title":{"rendered":"Est de la RDC : James Swan ach\u00e8ve sa premi\u00e8re mission de terrain sur fond de pressions pour consolider le cessez-le-feu"},"content":{"rendered":"\n<p>Le repr\u00e9sentant sp\u00e9cial du secr\u00e9taire g\u00e9n\u00e9ral des Nations unies en R\u00e9publique d\u00e9mocratique du Congo et chef de la MONUSCO, James Swan, a achev\u00e9 sa premi\u00e8re mission officielle dans l\u2019est du pays apr\u00e8s une tourn\u00e9e \u00e0 <strong>Beni, Bunia et Goma<\/strong>, marqu\u00e9e par une s\u00e9rie de consultations s\u00e9curitaires et politiques avec les autorit\u00e9s locales, les acteurs s\u00e9curitaires et les communaut\u00e9s affect\u00e9es par les violences.<\/p>\n\n\n\n<p>Au terme de cette mission, le responsable onusien a dress\u00e9 un constat prudent sur la situation s\u00e9curitaire dans la r\u00e9gion, tout en r\u00e9affirmant l\u2019engagement de la MONUSCO \u00e0 accompagner les efforts de stabilisation en cours.<\/p>\n\n\n\n<h3 class=\"wp-block-heading\" id=\"h-la-protection-des-civils-erigee-en-priorite-absolue\">La protection des civils \u00e9rig\u00e9e en priorit\u00e9 absolue<\/h3>\n\n\n\n<p>Au cours de ses diff\u00e9rentes rencontres, James Swan a insist\u00e9 sur la n\u00e9cessit\u00e9 de renforcer la protection des populations civiles dans les provinces orientales, o\u00f9 l\u2019activisme persistant des groupes arm\u00e9s continue de provoquer d\u00e9placements massifs, violences communautaires et violations graves des droits humains.<\/p>\n\n\n\n<p>Le chef de la MONUSCO a indiqu\u00e9 avoir pris acte des pr\u00e9occupations exprim\u00e9es par les communaut\u00e9s locales, qui continuent de d\u00e9noncer la persistance de l\u2019ins\u00e9curit\u00e9 malgr\u00e9 les multiples initiatives militaires et diplomatiques engag\u00e9es.<\/p>\n\n\n\n<h3 class=\"wp-block-heading\" id=\"h-le-cessez-le-feu-au-coeur-des-efforts-onusiens\">Le cessez-le-feu au c\u0153ur des efforts onusiens<\/h3>\n\n\n\n<p>L\u2019un des axes majeurs de la mission a port\u00e9 sur la consolidation du cessez-le-feu dans l\u2019est de la RDC, alors que les violations signal\u00e9es sur le terrain continuent de fragiliser les m\u00e9canismes de paix en cours.<\/p>\n\n\n\n<p>James Swan a particuli\u00e8rement mis en avant le r\u00f4le du <strong>M\u00e9canisme conjoint de v\u00e9rification \u00e9largi (MCVE+)<\/strong> et du <strong>Joint Intelligence Fusion Center (JIFC)<\/strong>, pr\u00e9sent\u00e9s comme des instruments cl\u00e9s pour documenter les violations, surveiller les mouvements arm\u00e9s et renforcer le suivi des engagements s\u00e9curitaires pris par les parties.<\/p>\n\n\n\n<h3 class=\"wp-block-heading\" id=\"h-les-resolutions-du-conseil-de-securite-au-centre-des-echanges-a-goma\">Les r\u00e9solutions du Conseil de s\u00e9curit\u00e9 au centre des \u00e9changes \u00e0 Goma<\/h3>\n\n\n\n<p>\u00c0 Goma, les discussions ont port\u00e9 sur la mise en \u0153uvre des r\u00e9solutions <strong>2773<\/strong> et <strong>2808<\/strong> du Conseil de s\u00e9curit\u00e9 des Nations unies, textes par lesquels la communaut\u00e9 internationale r\u00e9affirme son attachement \u00e0 la souverainet\u00e9, \u00e0 l\u2019ind\u00e9pendance et \u00e0 l\u2019int\u00e9grit\u00e9 territoriale de la RDC.<\/p>\n\n\n\n<p>Les \u00e9changes ont \u00e9galement abord\u00e9 :<\/p>\n\n\n\n<ul class=\"wp-block-list\">\n<li>l\u2019op\u00e9rationnalisation des m\u00e9canismes de suivi du cessez-le-feu ;<\/li>\n\n\n\n<li>l\u2019articulation entre les initiatives r\u00e9gionales et internationales de paix ;<\/li>\n\n\n\n<li>les moyens de renforcer la coordination entre les acteurs s\u00e9curitaires sur le terrain.<\/li>\n<\/ul>\n\n\n\n<h3 class=\"wp-block-heading\" id=\"h-une-monusco-en-repositionnement-strategique\">Une MONUSCO en repositionnement strat\u00e9gique<\/h3>\n\n\n\n<p>Cette premi\u00e8re tourn\u00e9e de James Swan dans l\u2019est congolais intervient \u00e0 un moment charni\u00e8re pour la MONUSCO, confront\u00e9e \u00e0 une double exigence : r\u00e9pondre aux attentes de protection des populations tout en red\u00e9finissant son r\u00f4le dans un environnement s\u00e9curitaire de plus en plus r\u00e9gionalis\u00e9.<\/p>\n\n\n\n<p>Le chef de mission semble vouloir repositionner la pr\u00e9sence onusienne autour de trois axes :<\/p>\n\n\n\n<ul class=\"wp-block-list\">\n<li>l\u2019appui au respect du cessez-le-feu ;<\/li>\n\n\n\n<li>le soutien au renforcement de l\u2019autorit\u00e9 de l\u2019\u00c9tat ;<\/li>\n\n\n\n<li>l\u2019accompagnement des processus diplomatiques et s\u00e9curitaires r\u00e9gionaux.<\/li>\n<\/ul>\n\n\n\n<h3 class=\"wp-block-heading\" id=\"h-un-appel-a-la-responsabilite-des-parties-prenantes\">Un appel \u00e0 la responsabilit\u00e9 des parties prenantes<\/h3>\n\n\n\n<p>En conclusion de sa mission, James Swan a exhort\u00e9 l\u2019ensemble des acteurs impliqu\u00e9s dans le conflit \u00e0 respecter leurs engagements et \u00e0 privil\u00e9gier les solutions politiques au recours \u00e0 la force.<\/p>\n\n\n\n<blockquote class=\"wp-block-quote is-layout-flow wp-block-quote-is-layout-flow\">\n<p>Le chef de la MONUSCO a r\u00e9affirm\u00e9 la disponibilit\u00e9 de la mission \u00e0 accompagner les autorit\u00e9s congolaises et les populations dans la recherche d\u2019une paix durable.<\/p>\n<\/blockquote>\n\n\n\n<h3 class=\"wp-block-heading\" id=\"h-une-visite-a-forte-portee-symbolique-et-politique\">Une visite \u00e0 forte port\u00e9e symbolique et politique<\/h3>\n\n\n\n<p>Au-del\u00e0 de son caract\u00e8re op\u00e9rationnel, cette premi\u00e8re mission de terrain constitue un signal politique important du nouveau leadership de la MONUSCO, qui cherche \u00e0 d\u00e9montrer sa pr\u00e9sence active sur le terrain dans une phase critique de la crise s\u00e9curitaire \u00e0 l\u2019est.<\/p>\n\n\n\n<p>Elle intervient alors que la cr\u00e9dibilit\u00e9 de la mission reste fortement scrut\u00e9e par l\u2019opinion congolaise, les autorit\u00e9s nationales et les partenaires r\u00e9gionaux, dans un contexte o\u00f9 les attentes en mati\u00e8re de r\u00e9sultats concrets demeurent \u00e9lev\u00e9es.<\/p>\n\n\n\n<p><strong>Par Marius Bopenga<br>CONGO PUB Online<\/strong><\/p>\n<div class='epvc-post-count'><span class='epvc-eye'><\/span>  <span class=\"epvc-count\"> 13<\/span><span class='epvc-label'> Vues<\/span><\/div>","protected":false},"excerpt":{"rendered":"<p>Le repr\u00e9sentant sp\u00e9cial du secr\u00e9taire g\u00e9n\u00e9ral des Nations unies en R\u00e9publique d\u00e9mocratique du Congo et chef de la MONUSCO, James Swan, a achev\u00e9 sa premi\u00e8re mission officielle dans l\u2019est du&hellip;<\/p>\n","protected":false},"author":1,"featured_media":96040,"comment_status":"closed","ping_status":"closed","sticky":false,"template":"","format":"standard","meta":{"content-type":"","_monsterinsights_skip_tracking":false,"_monsterinsights_sitenote_active":false,"_monsterinsights_sitenote_note":"","_monsterinsights_sitenote_category":0,"footnotes":""},"categories":[844,59],"tags":[],"class_list":["post-96039","post","type-post","status-publish","format-standard","has-post-thumbnail","hentry","category-a-la-une","category-province"],"yoast_head":"<!-- This site is optimized with the Yoast SEO Premium plugin v25.4 (Yoast SEO v25.4) - https:\/\/yoast.com\/wordpress\/plugins\/seo\/ -->\n<title>Est de la RDC : James Swan ach\u00e8ve sa premi\u00e8re mission de terrain sur fond de pressions pour consolider le cessez-le-feu - Congo Pub Online<\/title>\n<meta name=\"description\" content=\"Est de la RDC : James Swan ach\u00e8ve sa premi\u00e8re mission de terrain sur fond de pressions pour consolider le cessez-le-feu \u00c0 la Une\" \/>\n<meta name=\"robots\" content=\"index, follow, max-snippet:-1, max-image-preview:large, max-video-preview:-1\" \/>\n<link rel=\"canonical\" href=\"https:\/\/congopubonline.com\/?p=96039\" \/>\n<meta property=\"og:locale\" content=\"fr_FR\" \/>\n<meta property=\"og:type\" content=\"article\" \/>\n<meta property=\"og:title\" content=\"Est de la RDC : James Swan ach\u00e8ve sa premi\u00e8re mission de terrain sur fond de pressions pour consolider le cessez-le-feu\" \/>\n<meta property=\"og:description\" content=\"Est de la RDC : James Swan ach\u00e8ve sa premi\u00e8re mission de terrain sur fond de pressions pour consolider le cessez-le-feu \u00c0 la Une\" \/>\n<meta property=\"og:url\" content=\"https:\/\/congopubonline.com\/?p=96039\" \/>\n<meta property=\"og:site_name\" content=\"Congo Pub Online\" \/>\n<meta property=\"article:publisher\" content=\"https:\/\/web.facebook.com\/Congopubonline\" \/>\n<meta property=\"article:published_time\" content=\"2026-04-29T07:23:09+00:00\" \/>\n<meta property=\"article:modified_time\" content=\"2026-04-29T07:23:19+00:00\" \/>\n<meta property=\"og:image\" content=\"https:\/\/congopubonline.com\/wp-content\/uploads\/2026\/04\/HG6oob_aIAAbXPD.jpg\" \/>\n\t<meta property=\"og:image:width\" content=\"680\" \/>\n\t<meta property=\"og:image:height\" content=\"510\" \/>\n\t<meta property=\"og:image:type\" content=\"image\/jpeg\" \/>\n<meta name=\"author\" content=\"admin9775\" \/>\n<meta name=\"twitter:card\" content=\"summary_large_image\" \/>\n<meta name=\"twitter:creator\" content=\"@CONGOPUBOnline\" \/>\n<meta name=\"twitter:site\" content=\"@CONGOPUBOnline\" \/>\n<meta name=\"twitter:label1\" content=\"\u00c9crit par\" \/>\n\t<meta name=\"twitter:data1\" content=\"admin9775\" \/>\n\t<meta name=\"twitter:label2\" content=\"Dur\u00e9e de lecture estim\u00e9e\" \/>\n\t<meta name=\"twitter:data2\" content=\"4 minutes\" \/>\n<script type=\"application\/ld+json\" class=\"yoast-schema-graph\">{\"@context\":\"https:\/\/schema.org\",\"@graph\":[{\"@type\":\"Article\",\"@id\":\"https:\/\/congopubonline.com\/?p=96039#article\",\"isPartOf\":{\"@id\":\"https:\/\/congopubonline.com\/?p=96039\"},\"author\":{\"name\":\"admin9775\",\"@id\":\"https:\/\/congopubonline.com\/#\/schema\/person\/d2f3a940be2e9c1a0e4f8831e203f3cc\"},\"headline\":\"Est de la RDC : James Swan ach\u00e8ve sa premi\u00e8re mission de terrain sur fond de pressions pour consolider le cessez-le-feu\",\"datePublished\":\"2026-04-29T07:23:09+00:00\",\"dateModified\":\"2026-04-29T07:23:19+00:00\",\"mainEntityOfPage\":{\"@id\":\"https:\/\/congopubonline.com\/?p=96039\"},\"wordCount\":704,\"publisher\":{\"@id\":\"https:\/\/congopubonline.com\/#organization\"},\"image\":{\"@id\":\"https:\/\/congopubonline.com\/?p=96039#primaryimage\"},\"thumbnailUrl\":\"https:\/\/congopubonline.com\/wp-content\/uploads\/2026\/04\/HG6oob_aIAAbXPD.jpg\",\"articleSection\":[\"\u00c0 la Une\",\"Province\"],\"inLanguage\":\"fr-FR\"},{\"@type\":\"WebPage\",\"@id\":\"https:\/\/congopubonline.com\/?p=96039\",\"url\":\"https:\/\/congopubonline.com\/?p=96039\",\"name\":\"Est de la RDC : James Swan ach\u00e8ve sa premi\u00e8re mission de terrain sur fond de pressions pour consolider le cessez-le-feu - Congo Pub Online\",\"isPartOf\":{\"@id\":\"https:\/\/congopubonline.com\/#website\"},\"primaryImageOfPage\":{\"@id\":\"https:\/\/congopubonline.com\/?p=96039#primaryimage\"},\"image\":{\"@id\":\"https:\/\/congopubonline.com\/?p=96039#primaryimage\"},\"thumbnailUrl\":\"https:\/\/congopubonline.com\/wp-content\/uploads\/2026\/04\/HG6oob_aIAAbXPD.jpg\",\"datePublished\":\"2026-04-29T07:23:09+00:00\",\"dateModified\":\"2026-04-29T07:23:19+00:00\",\"description\":\"Est de la RDC : James Swan ach\u00e8ve sa premi\u00e8re mission de terrain sur fond de pressions pour consolider le cessez-le-feu \u00c0 la Une\",\"breadcrumb\":{\"@id\":\"https:\/\/congopubonline.com\/?p=96039#breadcrumb\"},\"inLanguage\":\"fr-FR\",\"potentialAction\":[{\"@type\":\"ReadAction\",\"target\":[\"https:\/\/congopubonline.com\/?p=96039\"]}]},{\"@type\":\"ImageObject\",\"inLanguage\":\"fr-FR\",\"@id\":\"https:\/\/congopubonline.com\/?p=96039#primaryimage\",\"url\":\"https:\/\/congopubonline.com\/wp-content\/uploads\/2026\/04\/HG6oob_aIAAbXPD.jpg\",\"contentUrl\":\"https:\/\/congopubonline.com\/wp-content\/uploads\/2026\/04\/HG6oob_aIAAbXPD.jpg\",\"width\":680,\"height\":510},{\"@type\":\"BreadcrumbList\",\"@id\":\"https:\/\/congopubonline.com\/?p=96039#breadcrumb\",\"itemListElement\":[{\"@type\":\"ListItem\",\"position\":1,\"name\":\"Accueil\",\"item\":\"https:\/\/congopubonline.com\/\"},{\"@type\":\"ListItem\",\"position\":2,\"name\":\"Est de la RDC : James Swan ach\u00e8ve sa premi\u00e8re mission de terrain sur fond de pressions pour consolider le cessez-le-feu\"}]},{\"@type\":\"WebSite\",\"@id\":\"https:\/\/congopubonline.com\/#website\",\"url\":\"https:\/\/congopubonline.com\/\",\"name\":\"Congo Pub Online\",\"description\":\"Votre site d&#039;actualit\u00e9\",\"publisher\":{\"@id\":\"https:\/\/congopubonline.com\/#organization\"},\"alternateName\":\"Marketing 3.0\",\"potentialAction\":[{\"@type\":\"SearchAction\",\"target\":{\"@type\":\"EntryPoint\",\"urlTemplate\":\"https:\/\/congopubonline.com\/?s={search_term_string}\"},\"query-input\":{\"@type\":\"PropertyValueSpecification\",\"valueRequired\":true,\"valueName\":\"search_term_string\"}}],\"inLanguage\":\"fr-FR\"},{\"@type\":\"Organization\",\"@id\":\"https:\/\/congopubonline.com\/#organization\",\"name\":\"Congo Pub Online\",\"url\":\"https:\/\/congopubonline.com\/\",\"logo\":{\"@type\":\"ImageObject\",\"inLanguage\":\"fr-FR\",\"@id\":\"https:\/\/congopubonline.com\/#\/schema\/logo\/image\/\",\"url\":\"https:\/\/congopubonline.com\/wp-content\/uploads\/2022\/09\/LOGO_CONGO-PUB-Online_Version-2.jpg\",\"contentUrl\":\"https:\/\/congopubonline.com\/wp-content\/uploads\/2022\/09\/LOGO_CONGO-PUB-Online_Version-2.jpg\",\"width\":374,\"height\":223,\"caption\":\"Congo Pub Online\"},\"image\":{\"@id\":\"https:\/\/congopubonline.com\/#\/schema\/logo\/image\/\"},\"sameAs\":[\"https:\/\/web.facebook.com\/Congopubonline\",\"https:\/\/x.com\/CONGOPUBOnline\"]},{\"@type\":\"Person\",\"@id\":\"https:\/\/congopubonline.com\/#\/schema\/person\/d2f3a940be2e9c1a0e4f8831e203f3cc\",\"name\":\"admin9775\",\"sameAs\":[\"http:\/\/congopubonline.com\"],\"url\":\"https:\/\/congopubonline.com\/?author=1\"}]}<\/script>\n<!-- \/ Yoast SEO Premium plugin. -->","yoast_head_json":{"title":"Est de la RDC : James Swan ach\u00e8ve sa premi\u00e8re mission de terrain sur fond de pressions pour consolider le cessez-le-feu - Congo Pub Online","description":"Est de la RDC : James Swan ach\u00e8ve sa premi\u00e8re mission de terrain sur fond de pressions pour consolider le cessez-le-feu \u00c0 la Une","robots":{"index":"index","follow":"follow","max-snippet":"max-snippet:-1","max-image-preview":"max-image-preview:large","max-video-preview":"max-video-preview:-1"},"canonical":"https:\/\/congopubonline.com\/?p=96039","og_locale":"fr_FR","og_type":"article","og_title":"Est de la RDC : James Swan ach\u00e8ve sa premi\u00e8re mission de terrain sur fond de pressions pour consolider le cessez-le-feu","og_description":"Est de la RDC : James Swan ach\u00e8ve sa premi\u00e8re mission de terrain sur fond de pressions pour consolider le cessez-le-feu \u00c0 la Une","og_url":"https:\/\/congopubonline.com\/?p=96039","og_site_name":"Congo Pub Online","article_publisher":"https:\/\/web.facebook.com\/Congopubonline","article_published_time":"2026-04-29T07:23:09+00:00","article_modified_time":"2026-04-29T07:23:19+00:00","og_image":[{"width":680,"height":510,"url":"https:\/\/congopubonline.com\/wp-content\/uploads\/2026\/04\/HG6oob_aIAAbXPD.jpg","type":"image\/jpeg"}],"author":"admin9775","twitter_card":"summary_large_image","twitter_creator":"@CONGOPUBOnline","twitter_site":"@CONGOPUBOnline","twitter_misc":{"\u00c9crit par":"admin9775","Dur\u00e9e de lecture estim\u00e9e":"4 minutes"},"schema":{"@context":"https:\/\/schema.org","@graph":[{"@type":"Article","@id":"https:\/\/congopubonline.com\/?p=96039#article","isPartOf":{"@id":"https:\/\/congopubonline.com\/?p=96039"},"author":{"name":"admin9775","@id":"https:\/\/congopubonline.com\/#\/schema\/person\/d2f3a940be2e9c1a0e4f8831e203f3cc"},"headline":"Est de la RDC : James Swan ach\u00e8ve sa premi\u00e8re mission de terrain sur fond de pressions pour consolider le cessez-le-feu","datePublished":"2026-04-29T07:23:09+00:00","dateModified":"2026-04-29T07:23:19+00:00","mainEntityOfPage":{"@id":"https:\/\/congopubonline.com\/?p=96039"},"wordCount":704,"publisher":{"@id":"https:\/\/congopubonline.com\/#organization"},"image":{"@id":"https:\/\/congopubonline.com\/?p=96039#primaryimage"},"thumbnailUrl":"https:\/\/congopubonline.com\/wp-content\/uploads\/2026\/04\/HG6oob_aIAAbXPD.jpg","articleSection":["\u00c0 la Une","Province"],"inLanguage":"fr-FR"},{"@type":"WebPage","@id":"https:\/\/congopubonline.com\/?p=96039","url":"https:\/\/congopubonline.com\/?p=96039","name":"Est de la RDC : James Swan ach\u00e8ve sa premi\u00e8re mission de terrain sur fond de pressions pour consolider le cessez-le-feu - Congo Pub Online","isPartOf":{"@id":"https:\/\/congopubonline.com\/#website"},"primaryImageOfPage":{"@id":"https:\/\/congopubonline.com\/?p=96039#primaryimage"},"image":{"@id":"https:\/\/congopubonline.com\/?p=96039#primaryimage"},"thumbnailUrl":"https:\/\/congopubonline.com\/wp-content\/uploads\/2026\/04\/HG6oob_aIAAbXPD.jpg","datePublished":"2026-04-29T07:23:09+00:00","dateModified":"2026-04-29T07:23:19+00:00","description":"Est de la RDC : James Swan ach\u00e8ve sa premi\u00e8re mission de terrain sur fond de pressions pour consolider le cessez-le-feu \u00c0 la Une","breadcrumb":{"@id":"https:\/\/congopubonline.com\/?p=96039#breadcrumb"},"inLanguage":"fr-FR","potentialAction":[{"@type":"ReadAction","target":["https:\/\/congopubonline.com\/?p=96039"]}]},{"@type":"ImageObject","inLanguage":"fr-FR","@id":"https:\/\/congopubonline.com\/?p=96039#primaryimage","url":"https:\/\/congopubonline.com\/wp-content\/uploads\/2026\/04\/HG6oob_aIAAbXPD.jpg","contentUrl":"https:\/\/congopubonline.com\/wp-content\/uploads\/2026\/04\/HG6oob_aIAAbXPD.jpg","width":680,"height":510},{"@type":"BreadcrumbList","@id":"https:\/\/congopubonline.com\/?p=96039#breadcrumb","itemListElement":[{"@type":"ListItem","position":1,"name":"Accueil","item":"https:\/\/congopubonline.com\/"},{"@type":"ListItem","position":2,"name":"Est de la RDC : James Swan ach\u00e8ve sa premi\u00e8re mission de terrain sur fond de pressions pour consolider le cessez-le-feu"}]},{"@type":"WebSite","@id":"https:\/\/congopubonline.com\/#website","url":"https:\/\/congopubonline.com\/","name":"Congo Pub Online","description":"Votre site d&#039;actualit\u00e9","publisher":{"@id":"https:\/\/congopubonline.com\/#organization"},"alternateName":"Marketing 3.0","potentialAction":[{"@type":"SearchAction","target":{"@type":"EntryPoint","urlTemplate":"https:\/\/congopubonline.com\/?s={search_term_string}"},"query-input":{"@type":"PropertyValueSpecification","valueRequired":true,"valueName":"search_term_string"}}],"inLanguage":"fr-FR"},{"@type":"Organization","@id":"https:\/\/congopubonline.com\/#organization","name":"Congo Pub Online","url":"https:\/\/congopubonline.com\/","logo":{"@type":"ImageObject","inLanguage":"fr-FR","@id":"https:\/\/congopubonline.com\/#\/schema\/logo\/image\/","url":"https:\/\/congopubonline.com\/wp-content\/uploads\/2022\/09\/LOGO_CONGO-PUB-Online_Version-2.jpg","contentUrl":"https:\/\/congopubonline.com\/wp-content\/uploads\/2022\/09\/LOGO_CONGO-PUB-Online_Version-2.jpg","width":374,"height":223,"caption":"Congo Pub Online"},"image":{"@id":"https:\/\/congopubonline.com\/#\/schema\/logo\/image\/"},"sameAs":["https:\/\/web.facebook.com\/Congopubonline","https:\/\/x.com\/CONGOPUBOnline"]},{"@type":"Person","@id":"https:\/\/congopubonline.com\/#\/schema\/person\/d2f3a940be2e9c1a0e4f8831e203f3cc","name":"admin9775","sameAs":["http:\/\/congopubonline.com"],"url":"https:\/\/congopubonline.com\/?author=1"}]}},"_links":{"self":[{"href":"https:\/\/congopubonline.com\/index.php?rest_route=\/wp\/v2\/posts\/96039","targetHints":{"allow":["GET"]}}],"collection":[{"href":"https:\/\/congopubonline.com\/index.php?rest_route=\/wp\/v2\/posts"}],"about":[{"href":"https:\/\/congopubonline.com\/index.php?rest_route=\/wp\/v2\/types\/post"}],"author":[{"embeddable":true,"href":"https:\/\/congopubonline.com\/index.php?rest_route=\/wp\/v2\/users\/1"}],"replies":[{"embeddable":true,"href":"https:\/\/congopubonline.com\/index.php?rest_route=%2Fwp%2Fv2%2Fcomments&post=96039"}],"version-history":[{"count":1,"href":"https:\/\/congopubonline.com\/index.php?rest_route=\/wp\/v2\/posts\/96039\/revisions"}],"predecessor-version":[{"id":96041,"href":"https:\/\/congopubonline.com\/index.php?rest_route=\/wp\/v2\/posts\/96039\/revisions\/96041"}],"wp:featuredmedia":[{"embeddable":true,"href":"https:\/\/congopubonline.com\/index.php?rest_route=\/wp\/v2\/media\/96040"}],"wp:attachment":[{"href":"https:\/\/congopubonline.com\/index.php?rest_route=%2Fwp%2Fv2%2Fmedia&parent=96039"}],"wp:term":[{"taxonomy":"category","embeddable":true,"href":"https:\/\/congopubonline.com\/index.php?rest_route=%2Fwp%2Fv2%2Fcategories&post=96039"},{"taxonomy":"post_tag","embeddable":true,"href":"https:\/\/congopubonline.com\/index.php?rest_route=%2Fwp%2Fv2%2Ftags&post=96039"}],"curies":[{"name":"wp","href":"https:\/\/api.w.org\/{rel}","templated":true}]}}