{"id":9831,"date":"2022-08-22T23:58:00","date_gmt":"2022-08-22T21:58:00","guid":{"rendered":"https:\/\/congopubonline.com\/?p=9831"},"modified":"2022-08-23T03:50:19","modified_gmt":"2022-08-23T01:50:19","slug":"senegal-la-greve-des-controleurs-aeriens-aura-t-elle-lieu","status":"publish","type":"post","link":"https:\/\/congopubonline.com\/?p=9831","title":{"rendered":"S\u00e9n\u00e9gal: la gr\u00e8ve des contr\u00f4leurs a\u00e9riens aura-t-elle lieu?"},"content":{"rendered":"\n<p><strong>Une gr\u00e8ve des contr\u00f4leurs a\u00e9riens de l\u2019Agence pour la s\u00e9curit\u00e9 de la navigation en Afrique et \u00e0 Madagascar (Asecna)&nbsp;est pr\u00e9vue jeudi 25 ao\u00fbt pouvant bloquer une grande majorit\u00e9 du ciel africain. Mais les cartes pourraient \u00eatre rebattues alors que l\u2019Union des syndicats des contr\u00f4leurs a\u00e9riens de l\u2019Asecna a rencontr\u00e9, lundi 22 ao\u00fbt au soir,&nbsp;le pr\u00e9sident s\u00e9n\u00e9galais Macky Sall, qui est aussi le pr\u00e9sident en exercice de l\u2019Union africaine.<\/strong><\/p>\n\n\n\n<p>L\u2019enjeu est grand : une large partie du ciel africain pourrait \u00eatre bloqu\u00e9 pendant 48 heures \u00e0 partir de jeudi prochain. La cause\u00a0? Un pr\u00e9avis de gr\u00e8ve d\u00e9pos\u00e9 par l\u2019Union des syndicats des contr\u00f4leurs a\u00e9riens de l\u2019Asecna dont Fran\u00e7ois Paul Gomis, le secr\u00e9taire g\u00e9n\u00e9ral ex\u00e9cutif. Il \u00e9voque deux des dix-neuf\u00a0points de revendications : \u00ab\u00a0<em>Nos revendications tournent autour de la revalorisation de la prime de contr\u00f4le qu\u2019on per\u00e7oit depuis 2011 et qui n\u2019a pas \u00e9volu\u00e9. Il y a aussi la formation continue des contr\u00f4leurs.<\/em>\u00a0\u00bb<\/p>\n\n\n\n<p>Alors que le bureau l\u2019Union des syndicats des contr\u00f4leurs a\u00e9riens \u00e9tait en r\u00e9union jusque tr\u00e8s tard dans la soir\u00e9e, aucune d\u00e9cision n\u2019a encore \u00e9t\u00e9 prise. Mais Fran\u00e7ois Paul Gomis se f\u00e9licite de l\u2019initiative du pr\u00e9sident s\u00e9n\u00e9galais Macky Sall qui les a re\u00e7us et qui leur a demand\u00e9 de lever le pr\u00e9avis de gr\u00e8ve.<\/p>\n\n\n\n<p>\u00ab<em>&nbsp;Maintenant, si une autorit\u00e9 comme le pr\u00e9sident Macky Sall qui est en m\u00eame temps le pr\u00e9sident de l\u2019Union africaine, s\u2019il prend son b\u00e2ton de p\u00e8lerin et discute pour sauver la situation, on appr\u00e9cie, on n\u2019est pas des jusqu\u2019au-boutistes, on connait le risque, le danger que peut pr\u00e9senter une gr\u00e8ve au niveau de l\u2019Asecna mais on a aussi en vue nos revendications.&nbsp;<\/em>\u00bb<\/p>\n\n\n\n<p>Une d\u00e9cision sur le maintien ou non de la gr\u00e8ve pourrait \u00eatre prise dans la journ\u00e9e.<\/p>\n\n\n\n<p><strong>Th\u00e9a Ollivier&nbsp;<\/strong><\/p>\n\n\n\n<p><em>RFI via CONGO PUB Online<\/em><\/p>\n<div class='epvc-post-count'><span class='epvc-eye'><\/span>  <span class=\"epvc-count\"> 433<\/span><span class='epvc-label'> Vues<\/span><\/div>","protected":false},"excerpt":{"rendered":"<p>Une gr\u00e8ve des contr\u00f4leurs a\u00e9riens de l\u2019Agence pour la s\u00e9curit\u00e9 de la navigation en Afrique et \u00e0 Madagascar (Asecna)&nbsp;est pr\u00e9vue jeudi 25 ao\u00fbt pouvant bloquer une grande majorit\u00e9 du ciel&hellip;<\/p>\n","protected":false},"author":1,"featured_media":9790,"comment_status":"open","ping_status":"closed","sticky":false,"template":"","format":"standard","meta":{"content-type":"","_monsterinsights_skip_tracking":false,"_monsterinsights_sitenote_active":false,"_monsterinsights_sitenote_note":"","_monsterinsights_sitenote_category":0,"footnotes":""},"categories":[43],"tags":[341,255],"class_list":["post-9831","post","type-post","status-publish","format-standard","has-post-thumbnail","hentry","category-afrique","tag-greve","tag-senegal"],"yoast_head":"<!-- This site is optimized with the Yoast SEO Premium plugin v25.4 (Yoast SEO v25.4) - https:\/\/yoast.com\/wordpress\/plugins\/seo\/ -->\n<title>S\u00e9n\u00e9gal: la gr\u00e8ve des contr\u00f4leurs a\u00e9riens aura-t-elle lieu? - Congo Pub Online<\/title>\n<meta name=\"description\" content=\"S\u00e9n\u00e9gal: la gr\u00e8ve des contr\u00f4leurs a\u00e9riens aura-t-elle lieu? Afrique\" \/>\n<meta name=\"robots\" content=\"index, follow, max-snippet:-1, max-image-preview:large, max-video-preview:-1\" \/>\n<link rel=\"canonical\" href=\"https:\/\/congopubonline.com\/?p=9831\" \/>\n<meta property=\"og:locale\" content=\"fr_FR\" \/>\n<meta property=\"og:type\" content=\"article\" \/>\n<meta property=\"og:title\" content=\"S\u00e9n\u00e9gal: la gr\u00e8ve des contr\u00f4leurs a\u00e9riens aura-t-elle lieu?\" \/>\n<meta property=\"og:description\" content=\"S\u00e9n\u00e9gal: la gr\u00e8ve des contr\u00f4leurs a\u00e9riens aura-t-elle lieu? Afrique\" \/>\n<meta property=\"og:url\" content=\"https:\/\/congopubonline.com\/?p=9831\" \/>\n<meta property=\"og:site_name\" content=\"Congo Pub Online\" \/>\n<meta property=\"article:publisher\" content=\"https:\/\/web.facebook.com\/Congopubonline\" \/>\n<meta property=\"article:published_time\" content=\"2022-08-22T21:58:00+00:00\" \/>\n<meta property=\"article:modified_time\" content=\"2022-08-23T01:50:19+00:00\" \/>\n<meta property=\"og:image\" content=\"https:\/\/congopubonline.com\/wp-content\/uploads\/2022\/08\/Aeroport_Blaise_Diagne-22-2022.jpg\" \/>\n\t<meta property=\"og:image:width\" content=\"640\" \/>\n\t<meta property=\"og:image:height\" content=\"360\" \/>\n\t<meta property=\"og:image:type\" content=\"image\/jpeg\" \/>\n<meta name=\"author\" content=\"admin9775\" \/>\n<meta name=\"twitter:card\" content=\"summary_large_image\" \/>\n<meta name=\"twitter:creator\" content=\"@CONGOPUBOnline\" \/>\n<meta name=\"twitter:site\" content=\"@CONGOPUBOnline\" \/>\n<meta name=\"twitter:label1\" content=\"\u00c9crit par\" \/>\n\t<meta name=\"twitter:data1\" content=\"admin9775\" \/>\n\t<meta name=\"twitter:label2\" content=\"Dur\u00e9e de lecture estim\u00e9e\" \/>\n\t<meta name=\"twitter:data2\" content=\"2 minutes\" \/>\n<script type=\"application\/ld+json\" class=\"yoast-schema-graph\">{\"@context\":\"https:\/\/schema.org\",\"@graph\":[{\"@type\":\"Article\",\"@id\":\"https:\/\/congopubonline.com\/?p=9831#article\",\"isPartOf\":{\"@id\":\"https:\/\/congopubonline.com\/?p=9831\"},\"author\":{\"name\":\"admin9775\",\"@id\":\"https:\/\/congopubonline.com\/#\/schema\/person\/d2f3a940be2e9c1a0e4f8831e203f3cc\"},\"headline\":\"S\u00e9n\u00e9gal: la gr\u00e8ve des contr\u00f4leurs a\u00e9riens aura-t-elle lieu?\",\"datePublished\":\"2022-08-22T21:58:00+00:00\",\"dateModified\":\"2022-08-23T01:50:19+00:00\",\"mainEntityOfPage\":{\"@id\":\"https:\/\/congopubonline.com\/?p=9831\"},\"wordCount\":370,\"commentCount\":0,\"publisher\":{\"@id\":\"https:\/\/congopubonline.com\/#organization\"},\"image\":{\"@id\":\"https:\/\/congopubonline.com\/?p=9831#primaryimage\"},\"thumbnailUrl\":\"https:\/\/congopubonline.com\/wp-content\/uploads\/2022\/08\/Aeroport_Blaise_Diagne-22-2022.jpg\",\"keywords\":[\"Gr\u00e8ve\",\"senegal\"],\"articleSection\":[\"Afrique\"],\"inLanguage\":\"fr-FR\",\"potentialAction\":[{\"@type\":\"CommentAction\",\"name\":\"Comment\",\"target\":[\"https:\/\/congopubonline.com\/?p=9831#respond\"]}]},{\"@type\":\"WebPage\",\"@id\":\"https:\/\/congopubonline.com\/?p=9831\",\"url\":\"https:\/\/congopubonline.com\/?p=9831\",\"name\":\"S\u00e9n\u00e9gal: la gr\u00e8ve des contr\u00f4leurs a\u00e9riens aura-t-elle lieu? - Congo Pub Online\",\"isPartOf\":{\"@id\":\"https:\/\/congopubonline.com\/#website\"},\"primaryImageOfPage\":{\"@id\":\"https:\/\/congopubonline.com\/?p=9831#primaryimage\"},\"image\":{\"@id\":\"https:\/\/congopubonline.com\/?p=9831#primaryimage\"},\"thumbnailUrl\":\"https:\/\/congopubonline.com\/wp-content\/uploads\/2022\/08\/Aeroport_Blaise_Diagne-22-2022.jpg\",\"datePublished\":\"2022-08-22T21:58:00+00:00\",\"dateModified\":\"2022-08-23T01:50:19+00:00\",\"description\":\"S\u00e9n\u00e9gal: la gr\u00e8ve des contr\u00f4leurs a\u00e9riens aura-t-elle lieu? Afrique\",\"breadcrumb\":{\"@id\":\"https:\/\/congopubonline.com\/?p=9831#breadcrumb\"},\"inLanguage\":\"fr-FR\",\"potentialAction\":[{\"@type\":\"ReadAction\",\"target\":[\"https:\/\/congopubonline.com\/?p=9831\"]}]},{\"@type\":\"ImageObject\",\"inLanguage\":\"fr-FR\",\"@id\":\"https:\/\/congopubonline.com\/?p=9831#primaryimage\",\"url\":\"https:\/\/congopubonline.com\/wp-content\/uploads\/2022\/08\/Aeroport_Blaise_Diagne-22-2022.jpg\",\"contentUrl\":\"https:\/\/congopubonline.com\/wp-content\/uploads\/2022\/08\/Aeroport_Blaise_Diagne-22-2022.jpg\",\"width\":640,\"height\":360},{\"@type\":\"BreadcrumbList\",\"@id\":\"https:\/\/congopubonline.com\/?p=9831#breadcrumb\",\"itemListElement\":[{\"@type\":\"ListItem\",\"position\":1,\"name\":\"Accueil\",\"item\":\"https:\/\/congopubonline.com\/\"},{\"@type\":\"ListItem\",\"position\":2,\"name\":\"S\u00e9n\u00e9gal: la gr\u00e8ve des contr\u00f4leurs a\u00e9riens aura-t-elle lieu?\"}]},{\"@type\":\"WebSite\",\"@id\":\"https:\/\/congopubonline.com\/#website\",\"url\":\"https:\/\/congopubonline.com\/\",\"name\":\"Congo Pub Online\",\"description\":\"Votre site d&#039;actualit\u00e9\",\"publisher\":{\"@id\":\"https:\/\/congopubonline.com\/#organization\"},\"alternateName\":\"Marketing 3.0\",\"potentialAction\":[{\"@type\":\"SearchAction\",\"target\":{\"@type\":\"EntryPoint\",\"urlTemplate\":\"https:\/\/congopubonline.com\/?s={search_term_string}\"},\"query-input\":{\"@type\":\"PropertyValueSpecification\",\"valueRequired\":true,\"valueName\":\"search_term_string\"}}],\"inLanguage\":\"fr-FR\"},{\"@type\":\"Organization\",\"@id\":\"https:\/\/congopubonline.com\/#organization\",\"name\":\"Congo Pub Online\",\"url\":\"https:\/\/congopubonline.com\/\",\"logo\":{\"@type\":\"ImageObject\",\"inLanguage\":\"fr-FR\",\"@id\":\"https:\/\/congopubonline.com\/#\/schema\/logo\/image\/\",\"url\":\"https:\/\/congopubonline.com\/wp-content\/uploads\/2022\/09\/LOGO_CONGO-PUB-Online_Version-2.jpg\",\"contentUrl\":\"https:\/\/congopubonline.com\/wp-content\/uploads\/2022\/09\/LOGO_CONGO-PUB-Online_Version-2.jpg\",\"width\":374,\"height\":223,\"caption\":\"Congo Pub Online\"},\"image\":{\"@id\":\"https:\/\/congopubonline.com\/#\/schema\/logo\/image\/\"},\"sameAs\":[\"https:\/\/web.facebook.com\/Congopubonline\",\"https:\/\/x.com\/CONGOPUBOnline\"]},{\"@type\":\"Person\",\"@id\":\"https:\/\/congopubonline.com\/#\/schema\/person\/d2f3a940be2e9c1a0e4f8831e203f3cc\",\"name\":\"admin9775\",\"sameAs\":[\"http:\/\/congopubonline.com\"],\"url\":\"https:\/\/congopubonline.com\/?author=1\"}]}<\/script>\n<!-- \/ Yoast SEO Premium plugin. -->","yoast_head_json":{"title":"S\u00e9n\u00e9gal: la gr\u00e8ve des contr\u00f4leurs a\u00e9riens aura-t-elle lieu? - Congo Pub Online","description":"S\u00e9n\u00e9gal: la gr\u00e8ve des contr\u00f4leurs a\u00e9riens aura-t-elle lieu? Afrique","robots":{"index":"index","follow":"follow","max-snippet":"max-snippet:-1","max-image-preview":"max-image-preview:large","max-video-preview":"max-video-preview:-1"},"canonical":"https:\/\/congopubonline.com\/?p=9831","og_locale":"fr_FR","og_type":"article","og_title":"S\u00e9n\u00e9gal: la gr\u00e8ve des contr\u00f4leurs a\u00e9riens aura-t-elle lieu?","og_description":"S\u00e9n\u00e9gal: la gr\u00e8ve des contr\u00f4leurs a\u00e9riens aura-t-elle lieu? Afrique","og_url":"https:\/\/congopubonline.com\/?p=9831","og_site_name":"Congo Pub Online","article_publisher":"https:\/\/web.facebook.com\/Congopubonline","article_published_time":"2022-08-22T21:58:00+00:00","article_modified_time":"2022-08-23T01:50:19+00:00","og_image":[{"width":640,"height":360,"url":"https:\/\/congopubonline.com\/wp-content\/uploads\/2022\/08\/Aeroport_Blaise_Diagne-22-2022.jpg","type":"image\/jpeg"}],"author":"admin9775","twitter_card":"summary_large_image","twitter_creator":"@CONGOPUBOnline","twitter_site":"@CONGOPUBOnline","twitter_misc":{"\u00c9crit par":"admin9775","Dur\u00e9e de lecture estim\u00e9e":"2 minutes"},"schema":{"@context":"https:\/\/schema.org","@graph":[{"@type":"Article","@id":"https:\/\/congopubonline.com\/?p=9831#article","isPartOf":{"@id":"https:\/\/congopubonline.com\/?p=9831"},"author":{"name":"admin9775","@id":"https:\/\/congopubonline.com\/#\/schema\/person\/d2f3a940be2e9c1a0e4f8831e203f3cc"},"headline":"S\u00e9n\u00e9gal: la gr\u00e8ve des contr\u00f4leurs a\u00e9riens aura-t-elle lieu?","datePublished":"2022-08-22T21:58:00+00:00","dateModified":"2022-08-23T01:50:19+00:00","mainEntityOfPage":{"@id":"https:\/\/congopubonline.com\/?p=9831"},"wordCount":370,"commentCount":0,"publisher":{"@id":"https:\/\/congopubonline.com\/#organization"},"image":{"@id":"https:\/\/congopubonline.com\/?p=9831#primaryimage"},"thumbnailUrl":"https:\/\/congopubonline.com\/wp-content\/uploads\/2022\/08\/Aeroport_Blaise_Diagne-22-2022.jpg","keywords":["Gr\u00e8ve","senegal"],"articleSection":["Afrique"],"inLanguage":"fr-FR","potentialAction":[{"@type":"CommentAction","name":"Comment","target":["https:\/\/congopubonline.com\/?p=9831#respond"]}]},{"@type":"WebPage","@id":"https:\/\/congopubonline.com\/?p=9831","url":"https:\/\/congopubonline.com\/?p=9831","name":"S\u00e9n\u00e9gal: la gr\u00e8ve des contr\u00f4leurs a\u00e9riens aura-t-elle lieu? - Congo Pub Online","isPartOf":{"@id":"https:\/\/congopubonline.com\/#website"},"primaryImageOfPage":{"@id":"https:\/\/congopubonline.com\/?p=9831#primaryimage"},"image":{"@id":"https:\/\/congopubonline.com\/?p=9831#primaryimage"},"thumbnailUrl":"https:\/\/congopubonline.com\/wp-content\/uploads\/2022\/08\/Aeroport_Blaise_Diagne-22-2022.jpg","datePublished":"2022-08-22T21:58:00+00:00","dateModified":"2022-08-23T01:50:19+00:00","description":"S\u00e9n\u00e9gal: la gr\u00e8ve des contr\u00f4leurs a\u00e9riens aura-t-elle lieu? Afrique","breadcrumb":{"@id":"https:\/\/congopubonline.com\/?p=9831#breadcrumb"},"inLanguage":"fr-FR","potentialAction":[{"@type":"ReadAction","target":["https:\/\/congopubonline.com\/?p=9831"]}]},{"@type":"ImageObject","inLanguage":"fr-FR","@id":"https:\/\/congopubonline.com\/?p=9831#primaryimage","url":"https:\/\/congopubonline.com\/wp-content\/uploads\/2022\/08\/Aeroport_Blaise_Diagne-22-2022.jpg","contentUrl":"https:\/\/congopubonline.com\/wp-content\/uploads\/2022\/08\/Aeroport_Blaise_Diagne-22-2022.jpg","width":640,"height":360},{"@type":"BreadcrumbList","@id":"https:\/\/congopubonline.com\/?p=9831#breadcrumb","itemListElement":[{"@type":"ListItem","position":1,"name":"Accueil","item":"https:\/\/congopubonline.com\/"},{"@type":"ListItem","position":2,"name":"S\u00e9n\u00e9gal: la gr\u00e8ve des contr\u00f4leurs a\u00e9riens aura-t-elle lieu?"}]},{"@type":"WebSite","@id":"https:\/\/congopubonline.com\/#website","url":"https:\/\/congopubonline.com\/","name":"Congo Pub Online","description":"Votre site d&#039;actualit\u00e9","publisher":{"@id":"https:\/\/congopubonline.com\/#organization"},"alternateName":"Marketing 3.0","potentialAction":[{"@type":"SearchAction","target":{"@type":"EntryPoint","urlTemplate":"https:\/\/congopubonline.com\/?s={search_term_string}"},"query-input":{"@type":"PropertyValueSpecification","valueRequired":true,"valueName":"search_term_string"}}],"inLanguage":"fr-FR"},{"@type":"Organization","@id":"https:\/\/congopubonline.com\/#organization","name":"Congo Pub Online","url":"https:\/\/congopubonline.com\/","logo":{"@type":"ImageObject","inLanguage":"fr-FR","@id":"https:\/\/congopubonline.com\/#\/schema\/logo\/image\/","url":"https:\/\/congopubonline.com\/wp-content\/uploads\/2022\/09\/LOGO_CONGO-PUB-Online_Version-2.jpg","contentUrl":"https:\/\/congopubonline.com\/wp-content\/uploads\/2022\/09\/LOGO_CONGO-PUB-Online_Version-2.jpg","width":374,"height":223,"caption":"Congo Pub Online"},"image":{"@id":"https:\/\/congopubonline.com\/#\/schema\/logo\/image\/"},"sameAs":["https:\/\/web.facebook.com\/Congopubonline","https:\/\/x.com\/CONGOPUBOnline"]},{"@type":"Person","@id":"https:\/\/congopubonline.com\/#\/schema\/person\/d2f3a940be2e9c1a0e4f8831e203f3cc","name":"admin9775","sameAs":["http:\/\/congopubonline.com"],"url":"https:\/\/congopubonline.com\/?author=1"}]}},"_links":{"self":[{"href":"https:\/\/congopubonline.com\/index.php?rest_route=\/wp\/v2\/posts\/9831","targetHints":{"allow":["GET"]}}],"collection":[{"href":"https:\/\/congopubonline.com\/index.php?rest_route=\/wp\/v2\/posts"}],"about":[{"href":"https:\/\/congopubonline.com\/index.php?rest_route=\/wp\/v2\/types\/post"}],"author":[{"embeddable":true,"href":"https:\/\/congopubonline.com\/index.php?rest_route=\/wp\/v2\/users\/1"}],"replies":[{"embeddable":true,"href":"https:\/\/congopubonline.com\/index.php?rest_route=%2Fwp%2Fv2%2Fcomments&post=9831"}],"version-history":[{"count":0,"href":"https:\/\/congopubonline.com\/index.php?rest_route=\/wp\/v2\/posts\/9831\/revisions"}],"wp:featuredmedia":[{"embeddable":true,"href":"https:\/\/congopubonline.com\/index.php?rest_route=\/wp\/v2\/media\/9790"}],"wp:attachment":[{"href":"https:\/\/congopubonline.com\/index.php?rest_route=%2Fwp%2Fv2%2Fmedia&parent=9831"}],"wp:term":[{"taxonomy":"category","embeddable":true,"href":"https:\/\/congopubonline.com\/index.php?rest_route=%2Fwp%2Fv2%2Fcategories&post=9831"},{"taxonomy":"post_tag","embeddable":true,"href":"https:\/\/congopubonline.com\/index.php?rest_route=%2Fwp%2Fv2%2Ftags&post=9831"}],"curies":[{"name":"wp","href":"https:\/\/api.w.org\/{rel}","templated":true}]}}